{"id":41769,"date":"2013-11-27T08:20:00","date_gmt":"2013-11-27T08:20:00","guid":{"rendered":"http:\/\/desarrollo.mcvicious.com\/aero2020\/2013\/11\/27\/cocktail-de-cierre-de-campana-de-julian-palacin-fernandez-al-decanato-del-colegio-de-abogados-de-lima\/"},"modified":"2020-09-11T16:05:25","modified_gmt":"2020-09-11T16:05:25","slug":"cocktail-de-cierre-de-campana-de-julian-palacin-fernandez-al-decanato-del-colegio-de-abogados-de-lima","status":"publish","type":"post","link":"https:\/\/aeronoticias.com.pe\/noticiero\/institucionales\/cocktail-de-cierre-de-campana-de-julian-palacin-fernandez-al-decanato-del-colegio-de-abogados-de-lima\/","title":{"rendered":"Cocktail de Cierre de Campa\u00f1a de Jul\u00edan Palac\u00edn al CAL se llevar\u00e1 a cabo en el Club Cusco"},"content":{"rendered":"<p style=\"text-align: left;\"><strong style=\"text-align: justify; line-height: 1.3em;\">(Aeronoticias)<\/strong><span style=\"text-align: justify; line-height: 1.3em;\">.- Juli\u00e1n Palac\u00edn Fern\u00e1ndez, candidato al Decanato del Ilustre Colegio de Abogados de Lima y su Junta Directiva inform\u00f3 que el cocktail de cierre de campa\u00f1a al Decanato del Colegio de Abogados de Lima en el que est\u00e1n invitados los abogados(a) agremiados al Ilustre Colegio de Abogados de Lima se llevar\u00e1 a cabo el jueves 28 de noviembre de 2013, a las 18:00 horas en el Club Cusco, sito en Jr. Almirante Guisse Nro 934-Jes\u00fas Mar\u00eda.<\/span><\/p>\n<p style=\"text-align: left;\">Los abogados y abogadas del gremio que deseen asistir deber\u00e1n confirmar asistencia a los siguientes correos o al <a href=\"index.php?option=com_content&amp;view=article&amp;id=43577%3Acocktail-de-cierre-de-campana-de-julian-palacin-fernandez-al-decanato-del-colegio-de-abogados-de-lima&amp;catid=78%3Amoda\" target=\"_blank\" rel=\"noopener noreferrer\">Evento en Facebook<\/a>:<\/p>\n<p style=\"text-align: left;\"><a href=\"mailto:ejp@terra.com.pe\">ejp@terra.com.pe<\/a><\/p>\n<p style=\"text-align: justify;\"><strong>DIA: JUEVES 28\/11\/2013<br \/><span style=\"line-height: 1.3em;\">HORA: 18:00<br \/><\/span><span style=\"line-height: 1.3em;\">LUGAR: Club Cusco (Jr. Almirante Guisse N\u00b0 934 -Jes\u00fas Mar\u00eda)<\/span><\/strong><\/p>\n<p style=\"text-align: justify;\"><img decoding=\"async\" src=\"images\/stories\/13\/11\/271113\/invitaciondehonor.jpg\" border=\"0\" \/><\/p>\n","protected":false},"excerpt":{"rendered":"<p>(Aeronoticias).- Juli\u00e1n Palac\u00edn Fern\u00e1ndez, candidato al Decanato del Ilustre Colegio de Abogados de Lima y su Junta Directiva inform\u00f3 que el cocktail de cierre de campa\u00f1a al Decanato del Colegio de Abogados de Lima en el que est\u00e1n invitados los abogados(a) agremiados al Ilustre Colegio de Abogados de Lima se llevar\u00e1 a cabo el jueves [&hellip;]<\/p>\n","protected":false},"author":1,"featured_media":0,"comment_status":"open","ping_status":"open","sticky":false,"template":"","format":"standard","meta":{"tdm_status":"","tdm_grid_status":"","footnotes":""},"categories":[45,18],"tags":[],"class_list":{"0":"post-41769","1":"post","2":"type-post","3":"status-publish","4":"format-standard","6":"category-eventos","7":"category-institucionales"},"yoast_head":"<!-- This site is optimized with the Yoast SEO plugin v25.1 - https:\/\/yoast.com\/wordpress\/plugins\/seo\/ -->\n<title>Cocktail de Cierre de Campa\u00f1a de Jul\u00edan Palac\u00edn al CAL se llevar\u00e1 a cabo en el Club Cusco<\/title>\n<meta name=\"description\" content=\"Portal de noticias del Per\u00fa sobre el transporte a\u00e9reo, aviaci\u00f3n, turismo, hoteleria, actualidad.\" \/>\n<meta name=\"robots\" content=\"index, follow, max-snippet:-1, max-image-preview:large, max-video-preview:-1\" \/>\n<link rel=\"canonical\" href=\"https:\/\/aeronoticias.com.pe\/noticiero\/institucionales\/cocktail-de-cierre-de-campana-de-julian-palacin-fernandez-al-decanato-del-colegio-de-abogados-de-lima\/\" \/>\n<meta property=\"og:locale\" content=\"es_ES\" \/>\n<meta property=\"og:type\" content=\"article\" \/>\n<meta property=\"og:title\" content=\"Cocktail de Cierre de Campa\u00f1a de Jul\u00edan Palac\u00edn al CAL se llevar\u00e1 a cabo en el Club Cusco\" \/>\n<meta property=\"og:description\" content=\"Portal de noticias del Per\u00fa sobre el transporte a\u00e9reo, aviaci\u00f3n, turismo, hoteleria, actualidad.\" \/>\n<meta property=\"og:url\" content=\"https:\/\/aeronoticias.com.pe\/noticiero\/institucionales\/cocktail-de-cierre-de-campana-de-julian-palacin-fernandez-al-decanato-del-colegio-de-abogados-de-lima\/\" \/>\n<meta property=\"og:site_name\" content=\"Aeronoticias.com.pe\" \/>\n<meta property=\"article:publisher\" content=\"https:\/\/www.facebook.com\/Aeronoticias.com.pe\/\" \/>\n<meta property=\"article:published_time\" content=\"2013-11-27T08:20:00+00:00\" \/>\n<meta property=\"article:modified_time\" content=\"2020-09-11T16:05:25+00:00\" \/>\n<meta name=\"author\" content=\"Redacci\u00f3n Aeronoticias\" \/>\n<meta name=\"twitter:card\" content=\"summary_large_image\" \/>\n<meta name=\"twitter:creator\" content=\"@aeronoticias\" \/>\n<meta name=\"twitter:site\" content=\"@aeronoticias\" \/>\n<meta name=\"twitter:label1\" content=\"Escrito por\" \/>\n\t<meta name=\"twitter:data1\" content=\"Redacci\u00f3n Aeronoticias\" \/>\n\t<meta name=\"twitter:label2\" content=\"Tiempo de lectura\" \/>\n\t<meta name=\"twitter:data2\" content=\"1 minuto\" \/>\n<script type=\"application\/ld+json\" class=\"yoast-schema-graph\">{\"@context\":\"https:\/\/schema.org\",\"@graph\":[{\"@type\":\"WebPage\",\"@id\":\"https:\/\/aeronoticias.com.pe\/noticiero\/institucionales\/cocktail-de-cierre-de-campana-de-julian-palacin-fernandez-al-decanato-del-colegio-de-abogados-de-lima\/\",\"url\":\"https:\/\/aeronoticias.com.pe\/noticiero\/institucionales\/cocktail-de-cierre-de-campana-de-julian-palacin-fernandez-al-decanato-del-colegio-de-abogados-de-lima\/\",\"name\":\"Cocktail de Cierre de Campa\u00f1a de Jul\u00edan Palac\u00edn al CAL se llevar\u00e1 a cabo en el Club Cusco\",\"isPartOf\":{\"@id\":\"https:\/\/aeronoticias.com.pe\/noticiero\/#website\"},\"datePublished\":\"2013-11-27T08:20:00+00:00\",\"dateModified\":\"2020-09-11T16:05:25+00:00\",\"author\":{\"@id\":\"https:\/\/aeronoticias.com.pe\/noticiero\/#\/schema\/person\/fc1e5d578f4b62ba1cf7ac2bba1170a0\"},\"description\":\"Portal de noticias del Per\u00fa sobre el transporte a\u00e9reo, aviaci\u00f3n, turismo, hoteleria, actualidad.\",\"breadcrumb\":{\"@id\":\"https:\/\/aeronoticias.com.pe\/noticiero\/institucionales\/cocktail-de-cierre-de-campana-de-julian-palacin-fernandez-al-decanato-del-colegio-de-abogados-de-lima\/#breadcrumb\"},\"inLanguage\":\"es\",\"potentialAction\":[{\"@type\":\"ReadAction\",\"target\":[\"https:\/\/aeronoticias.com.pe\/noticiero\/institucionales\/cocktail-de-cierre-de-campana-de-julian-palacin-fernandez-al-decanato-del-colegio-de-abogados-de-lima\/\"]}]},{\"@type\":\"BreadcrumbList\",\"@id\":\"https:\/\/aeronoticias.com.pe\/noticiero\/institucionales\/cocktail-de-cierre-de-campana-de-julian-palacin-fernandez-al-decanato-del-colegio-de-abogados-de-lima\/#breadcrumb\",\"itemListElement\":[{\"@type\":\"ListItem\",\"position\":1,\"name\":\"Portada\",\"item\":\"https:\/\/aeronoticias.com.pe\/noticiero\/\"},{\"@type\":\"ListItem\",\"position\":2,\"name\":\"Cocktail de Cierre de Campa\u00f1a de Jul\u00edan Palac\u00edn al CAL se llevar\u00e1 a cabo en el Club Cusco\"}]},{\"@type\":\"WebSite\",\"@id\":\"https:\/\/aeronoticias.com.pe\/noticiero\/#website\",\"url\":\"https:\/\/aeronoticias.com.pe\/noticiero\/\",\"name\":\"Aeronoticias.com.pe\",\"description\":\"Noticias de tranporte aereo, turismo, hoteles, gastronomia, actualidad, internacional\",\"potentialAction\":[{\"@type\":\"SearchAction\",\"target\":{\"@type\":\"EntryPoint\",\"urlTemplate\":\"https:\/\/aeronoticias.com.pe\/noticiero\/?s={search_term_string}\"},\"query-input\":{\"@type\":\"PropertyValueSpecification\",\"valueRequired\":true,\"valueName\":\"search_term_string\"}}],\"inLanguage\":\"es\"},{\"@type\":\"Person\",\"@id\":\"https:\/\/aeronoticias.com.pe\/noticiero\/#\/schema\/person\/fc1e5d578f4b62ba1cf7ac2bba1170a0\",\"name\":\"Redacci\u00f3n Aeronoticias\",\"url\":\"https:\/\/aeronoticias.com.pe\/noticiero\/author\/piloto\/\"}]}<\/script>\n<!-- \/ Yoast SEO plugin. -->","yoast_head_json":{"title":"Cocktail de Cierre de Campa\u00f1a de Jul\u00edan Palac\u00edn al CAL se llevar\u00e1 a cabo en el Club Cusco","description":"Portal de noticias del Per\u00fa sobre el transporte a\u00e9reo, aviaci\u00f3n, turismo, hoteleria, actualidad.","robots":{"index":"index","follow":"follow","max-snippet":"max-snippet:-1","max-image-preview":"max-image-preview:large","max-video-preview":"max-video-preview:-1"},"canonical":"https:\/\/aeronoticias.com.pe\/noticiero\/institucionales\/cocktail-de-cierre-de-campana-de-julian-palacin-fernandez-al-decanato-del-colegio-de-abogados-de-lima\/","og_locale":"es_ES","og_type":"article","og_title":"Cocktail de Cierre de Campa\u00f1a de Jul\u00edan Palac\u00edn al CAL se llevar\u00e1 a cabo en el Club Cusco","og_description":"Portal de noticias del Per\u00fa sobre el transporte a\u00e9reo, aviaci\u00f3n, turismo, hoteleria, actualidad.","og_url":"https:\/\/aeronoticias.com.pe\/noticiero\/institucionales\/cocktail-de-cierre-de-campana-de-julian-palacin-fernandez-al-decanato-del-colegio-de-abogados-de-lima\/","og_site_name":"Aeronoticias.com.pe","article_publisher":"https:\/\/www.facebook.com\/Aeronoticias.com.pe\/","article_published_time":"2013-11-27T08:20:00+00:00","article_modified_time":"2020-09-11T16:05:25+00:00","author":"Redacci\u00f3n Aeronoticias","twitter_card":"summary_large_image","twitter_creator":"@aeronoticias","twitter_site":"@aeronoticias","twitter_misc":{"Escrito por":"Redacci\u00f3n Aeronoticias","Tiempo de lectura":"1 minuto"},"schema":{"@context":"https:\/\/schema.org","@graph":[{"@type":"WebPage","@id":"https:\/\/aeronoticias.com.pe\/noticiero\/institucionales\/cocktail-de-cierre-de-campana-de-julian-palacin-fernandez-al-decanato-del-colegio-de-abogados-de-lima\/","url":"https:\/\/aeronoticias.com.pe\/noticiero\/institucionales\/cocktail-de-cierre-de-campana-de-julian-palacin-fernandez-al-decanato-del-colegio-de-abogados-de-lima\/","name":"Cocktail de Cierre de Campa\u00f1a de Jul\u00edan Palac\u00edn al CAL se llevar\u00e1 a cabo en el Club Cusco","isPartOf":{"@id":"https:\/\/aeronoticias.com.pe\/noticiero\/#website"},"datePublished":"2013-11-27T08:20:00+00:00","dateModified":"2020-09-11T16:05:25+00:00","author":{"@id":"https:\/\/aeronoticias.com.pe\/noticiero\/#\/schema\/person\/fc1e5d578f4b62ba1cf7ac2bba1170a0"},"description":"Portal de noticias del Per\u00fa sobre el transporte a\u00e9reo, aviaci\u00f3n, turismo, hoteleria, actualidad.","breadcrumb":{"@id":"https:\/\/aeronoticias.com.pe\/noticiero\/institucionales\/cocktail-de-cierre-de-campana-de-julian-palacin-fernandez-al-decanato-del-colegio-de-abogados-de-lima\/#breadcrumb"},"inLanguage":"es","potentialAction":[{"@type":"ReadAction","target":["https:\/\/aeronoticias.com.pe\/noticiero\/institucionales\/cocktail-de-cierre-de-campana-de-julian-palacin-fernandez-al-decanato-del-colegio-de-abogados-de-lima\/"]}]},{"@type":"BreadcrumbList","@id":"https:\/\/aeronoticias.com.pe\/noticiero\/institucionales\/cocktail-de-cierre-de-campana-de-julian-palacin-fernandez-al-decanato-del-colegio-de-abogados-de-lima\/#breadcrumb","itemListElement":[{"@type":"ListItem","position":1,"name":"Portada","item":"https:\/\/aeronoticias.com.pe\/noticiero\/"},{"@type":"ListItem","position":2,"name":"Cocktail de Cierre de Campa\u00f1a de Jul\u00edan Palac\u00edn al CAL se llevar\u00e1 a cabo en el Club Cusco"}]},{"@type":"WebSite","@id":"https:\/\/aeronoticias.com.pe\/noticiero\/#website","url":"https:\/\/aeronoticias.com.pe\/noticiero\/","name":"Aeronoticias.com.pe","description":"Noticias de tranporte aereo, turismo, hoteles, gastronomia, actualidad, internacional","potentialAction":[{"@type":"SearchAction","target":{"@type":"EntryPoint","urlTemplate":"https:\/\/aeronoticias.com.pe\/noticiero\/?s={search_term_string}"},"query-input":{"@type":"PropertyValueSpecification","valueRequired":true,"valueName":"search_term_string"}}],"inLanguage":"es"},{"@type":"Person","@id":"https:\/\/aeronoticias.com.pe\/noticiero\/#\/schema\/person\/fc1e5d578f4b62ba1cf7ac2bba1170a0","name":"Redacci\u00f3n Aeronoticias","url":"https:\/\/aeronoticias.com.pe\/noticiero\/author\/piloto\/"}]}},"_links":{"self":[{"href":"https:\/\/aeronoticias.com.pe\/noticiero\/wp-json\/wp\/v2\/posts\/41769","targetHints":{"allow":["GET"]}}],"collection":[{"href":"https:\/\/aeronoticias.com.pe\/noticiero\/wp-json\/wp\/v2\/posts"}],"about":[{"href":"https:\/\/aeronoticias.com.pe\/noticiero\/wp-json\/wp\/v2\/types\/post"}],"author":[{"embeddable":true,"href":"https:\/\/aeronoticias.com.pe\/noticiero\/wp-json\/wp\/v2\/users\/1"}],"replies":[{"embeddable":true,"href":"https:\/\/aeronoticias.com.pe\/noticiero\/wp-json\/wp\/v2\/comments?post=41769"}],"version-history":[{"count":0,"href":"https:\/\/aeronoticias.com.pe\/noticiero\/wp-json\/wp\/v2\/posts\/41769\/revisions"}],"wp:attachment":[{"href":"https:\/\/aeronoticias.com.pe\/noticiero\/wp-json\/wp\/v2\/media?parent=41769"}],"wp:term":[{"taxonomy":"category","embeddable":true,"href":"https:\/\/aeronoticias.com.pe\/noticiero\/wp-json\/wp\/v2\/categories?post=41769"},{"taxonomy":"post_tag","embeddable":true,"href":"https:\/\/aeronoticias.com.pe\/noticiero\/wp-json\/wp\/v2\/tags?post=41769"}],"curies":[{"name":"wp","href":"https:\/\/api.w.org\/{rel}","templated":true}]}}