{"id":418,"date":"2008-09-05T11:57:42","date_gmt":"2008-09-05T11:57:42","guid":{"rendered":"http:\/\/desarrollo.mcvicious.com\/aero2020\/2008\/09\/05\/mtc-suspende-operaciones-de-las-empresas-super-latino-y-san-cristobal\/"},"modified":"2008-09-05T11:57:42","modified_gmt":"2008-09-05T11:57:42","slug":"mtc-suspende-operaciones-de-las-empresas-super-latino-y-san-cristobal","status":"publish","type":"post","link":"https:\/\/aeronoticias.com.pe\/noticiero\/nacionales\/mtc-suspende-operaciones-de-las-empresas-super-latino-y-san-cristobal\/","title":{"rendered":"MTC SUSPENDE OPERACIONES DE LAS EMPRESAS SUPER LATINO Y SAN CRISTOBAL"},"content":{"rendered":"<p>\u00a0<\/p>\n<div align=\"justify\" style=\"font-size: 12px; color: #003a75; font-family: Arial,Helvetica,sans-serif\">El Ministerio de Transportes y Comunicaciones (MTC), a partir de las 00:00 horas de hoy, dispuso la suspensi\u00f3n precautoria de las operaciones de las empresas Corporaci\u00f3n S\u00faper Latino S.A. y San Crist\u00f3bal L\u00ednea Huaral S.A., tras detectarse irregularidades que representan infracciones contra el Reglamento Nacional de Administraci\u00f3n de Transportes (RENAT).<br \/>\u00a0<br \/>La suspensi\u00f3n precautoria de las operaciones de la empresa S\u00faper Latino, se debe a que esta empresa no contaba con el n\u00famero de conductores necesarios para circular en recorridos mayores a 400 km; y comprende sus rutas Lima \u2013 Huacho \u2013 Barranca \u2013 Caraz y viceversa y Lima \u2013 Motupe \u2013 Olmos y viceversa.<\/div>\n<div align=\"justify\">\u00a0 <\/p>\n<div style=\"text-align: center\"><img loading=\"lazy\" decoding=\"async\" src=\"http:\/\/aeronoticias.com.pe\/fotonoticias\/setiembre\/mtc5sep.JPG\" border=\"0\" alt=\" \" title=\"MTC SUSPENDE OPERACIONES DE LAS EMPRESAS SUPER LATINO Y SAN CRISTOBAL.\" hspace=\"5\" vspace=\"5\" width=\"400\" height=\"116\" \/><\/div>\n<\/div>\n<p> <!--more--> <\/p>\n<div align=\"center\"><strong>Empresa no cumpl\u00eda con dos conductores en viaje nocturno<\/strong><\/div>\n<div align=\"justify\">De acuerdo con el RENAT, toda empresa que realice viajes diurnos por encima de las 5 horas u 4 horas en viajes nocturnos debe tener dos conductores, lo cual no cumpl\u00eda la mencionada empresa. <br \/>\u00a0<br \/>Asimismo, el MTC suspendi\u00f3 a la empresa San Crist\u00f3bal L\u00ednea Huaral S.A. en su ruta Lima \u2013 Chancay \u2013 Huaral y viceversa, debido a la utilizaci\u00f3n de veh\u00edculos de transporte que no han aprobado la revisi\u00f3n e inspecci\u00f3n t\u00e9cnica.<\/div>\n<p align=\"center\">\u00a0<strong> Suspensi\u00f3n no comprende a rutas Lima-Huaraz ni Lima-Chimbote<\/strong><\/p>\n<p>&nbsp;<\/p>\n<div align=\"justify\">Cabe destacar que la suspensi\u00f3n a esta empresa no comprende las rutas directas Lima \u2013 Huaraz y Lima \u2013 Chimbote \u2013 Trujillo \u2013 San Miguel.<br \/>\u00a0<br \/>El Reglamento Nacional de Administraci\u00f3n de Transportes contempla que \u201csin perjuicio del procedimiento sancionador que corresponda, la suspensi\u00f3n precautoria del servicio se aplicar\u00e1 de modo inmediato cuando la autoridad competente advierta una o m\u00e1s causales\u201d.<br \/>\u00a0<br \/>Adem\u00e1s, el MTC ha dado instrucciones para que a partir de la entrada en vigencia de la suspensi\u00f3n precautoria, los inspectores de \u201cTolerancia Cero\u201d ubicados en las salidas del norte de Lima, no permitan el paso a los \u00f3mnibus registrados ante el MTC de dichas empresas<\/div>\n<p>&nbsp;<\/p>\n","protected":false},"excerpt":{"rendered":"<p>\u00a0 El Ministerio de Transportes y Comunicaciones (MTC), a partir de las 00:00 horas de hoy, dispuso la suspensi\u00f3n precautoria de las operaciones de las empresas Corporaci\u00f3n S\u00faper Latino S.A. y San Crist\u00f3bal L\u00ednea Huaral S.A., tras detectarse irregularidades que representan infracciones contra el Reglamento Nacional de Administraci\u00f3n de Transportes (RENAT).\u00a0La suspensi\u00f3n precautoria de las [&hellip;]<\/p>\n","protected":false},"author":1,"featured_media":0,"comment_status":"open","ping_status":"open","sticky":false,"template":"","format":"standard","meta":{"tdm_status":"","tdm_grid_status":"","footnotes":""},"categories":[38],"tags":[],"class_list":{"0":"post-418","1":"post","2":"type-post","3":"status-publish","4":"format-standard","6":"category-nacionales"},"yoast_head":"<!-- This site is optimized with the Yoast SEO plugin v25.1 - https:\/\/yoast.com\/wordpress\/plugins\/seo\/ -->\n<title>MTC SUSPENDE OPERACIONES DE LAS EMPRESAS SUPER LATINO Y SAN CRISTOBAL<\/title>\n<meta name=\"description\" content=\"Portal de noticias del Per\u00fa sobre el transporte a\u00e9reo, aviaci\u00f3n, turismo, hoteleria, actualidad.\" \/>\n<meta name=\"robots\" content=\"index, follow, max-snippet:-1, max-image-preview:large, max-video-preview:-1\" \/>\n<link rel=\"canonical\" href=\"https:\/\/aeronoticias.com.pe\/noticiero\/nacionales\/mtc-suspende-operaciones-de-las-empresas-super-latino-y-san-cristobal\/\" \/>\n<meta property=\"og:locale\" content=\"es_ES\" \/>\n<meta property=\"og:type\" content=\"article\" \/>\n<meta property=\"og:title\" content=\"MTC SUSPENDE OPERACIONES DE LAS EMPRESAS SUPER LATINO Y SAN CRISTOBAL\" \/>\n<meta property=\"og:description\" content=\"Portal de noticias del Per\u00fa sobre el transporte a\u00e9reo, aviaci\u00f3n, turismo, hoteleria, actualidad.\" \/>\n<meta property=\"og:url\" content=\"https:\/\/aeronoticias.com.pe\/noticiero\/nacionales\/mtc-suspende-operaciones-de-las-empresas-super-latino-y-san-cristobal\/\" \/>\n<meta property=\"og:site_name\" content=\"Aeronoticias.com.pe\" \/>\n<meta property=\"article:publisher\" content=\"https:\/\/www.facebook.com\/Aeronoticias.com.pe\/\" \/>\n<meta property=\"article:published_time\" content=\"2008-09-05T11:57:42+00:00\" \/>\n<meta property=\"og:image\" content=\"http:\/\/aeronoticias.com.pe\/fotonoticias\/setiembre\/mtc5sep.JPG\" \/>\n<meta name=\"author\" content=\"Redacci\u00f3n Aeronoticias\" \/>\n<meta name=\"twitter:card\" content=\"summary_large_image\" \/>\n<meta name=\"twitter:creator\" content=\"@aeronoticias\" \/>\n<meta name=\"twitter:site\" content=\"@aeronoticias\" \/>\n<meta name=\"twitter:label1\" content=\"Escrito por\" \/>\n\t<meta name=\"twitter:data1\" content=\"Redacci\u00f3n Aeronoticias\" \/>\n\t<meta name=\"twitter:label2\" content=\"Tiempo de lectura\" \/>\n\t<meta name=\"twitter:data2\" content=\"2 minutos\" \/>\n<script type=\"application\/ld+json\" class=\"yoast-schema-graph\">{\"@context\":\"https:\/\/schema.org\",\"@graph\":[{\"@type\":\"WebPage\",\"@id\":\"https:\/\/aeronoticias.com.pe\/noticiero\/nacionales\/mtc-suspende-operaciones-de-las-empresas-super-latino-y-san-cristobal\/\",\"url\":\"https:\/\/aeronoticias.com.pe\/noticiero\/nacionales\/mtc-suspende-operaciones-de-las-empresas-super-latino-y-san-cristobal\/\",\"name\":\"MTC SUSPENDE OPERACIONES DE LAS EMPRESAS SUPER LATINO Y SAN CRISTOBAL\",\"isPartOf\":{\"@id\":\"https:\/\/aeronoticias.com.pe\/noticiero\/#website\"},\"primaryImageOfPage\":{\"@id\":\"https:\/\/aeronoticias.com.pe\/noticiero\/nacionales\/mtc-suspende-operaciones-de-las-empresas-super-latino-y-san-cristobal\/#primaryimage\"},\"image\":{\"@id\":\"https:\/\/aeronoticias.com.pe\/noticiero\/nacionales\/mtc-suspende-operaciones-de-las-empresas-super-latino-y-san-cristobal\/#primaryimage\"},\"thumbnailUrl\":\"http:\/\/aeronoticias.com.pe\/fotonoticias\/setiembre\/mtc5sep.JPG\",\"datePublished\":\"2008-09-05T11:57:42+00:00\",\"author\":{\"@id\":\"https:\/\/aeronoticias.com.pe\/noticiero\/#\/schema\/person\/fc1e5d578f4b62ba1cf7ac2bba1170a0\"},\"description\":\"Portal de noticias del Per\u00fa sobre el transporte a\u00e9reo, aviaci\u00f3n, turismo, hoteleria, actualidad.\",\"breadcrumb\":{\"@id\":\"https:\/\/aeronoticias.com.pe\/noticiero\/nacionales\/mtc-suspende-operaciones-de-las-empresas-super-latino-y-san-cristobal\/#breadcrumb\"},\"inLanguage\":\"es\",\"potentialAction\":[{\"@type\":\"ReadAction\",\"target\":[\"https:\/\/aeronoticias.com.pe\/noticiero\/nacionales\/mtc-suspende-operaciones-de-las-empresas-super-latino-y-san-cristobal\/\"]}]},{\"@type\":\"ImageObject\",\"inLanguage\":\"es\",\"@id\":\"https:\/\/aeronoticias.com.pe\/noticiero\/nacionales\/mtc-suspende-operaciones-de-las-empresas-super-latino-y-san-cristobal\/#primaryimage\",\"url\":\"http:\/\/aeronoticias.com.pe\/fotonoticias\/setiembre\/mtc5sep.JPG\",\"contentUrl\":\"http:\/\/aeronoticias.com.pe\/fotonoticias\/setiembre\/mtc5sep.JPG\"},{\"@type\":\"BreadcrumbList\",\"@id\":\"https:\/\/aeronoticias.com.pe\/noticiero\/nacionales\/mtc-suspende-operaciones-de-las-empresas-super-latino-y-san-cristobal\/#breadcrumb\",\"itemListElement\":[{\"@type\":\"ListItem\",\"position\":1,\"name\":\"Portada\",\"item\":\"https:\/\/aeronoticias.com.pe\/noticiero\/\"},{\"@type\":\"ListItem\",\"position\":2,\"name\":\"MTC SUSPENDE OPERACIONES DE LAS EMPRESAS SUPER LATINO Y SAN CRISTOBAL\"}]},{\"@type\":\"WebSite\",\"@id\":\"https:\/\/aeronoticias.com.pe\/noticiero\/#website\",\"url\":\"https:\/\/aeronoticias.com.pe\/noticiero\/\",\"name\":\"Aeronoticias.com.pe\",\"description\":\"Noticias de tranporte aereo, turismo, hoteles, gastronomia, actualidad, internacional\",\"potentialAction\":[{\"@type\":\"SearchAction\",\"target\":{\"@type\":\"EntryPoint\",\"urlTemplate\":\"https:\/\/aeronoticias.com.pe\/noticiero\/?s={search_term_string}\"},\"query-input\":{\"@type\":\"PropertyValueSpecification\",\"valueRequired\":true,\"valueName\":\"search_term_string\"}}],\"inLanguage\":\"es\"},{\"@type\":\"Person\",\"@id\":\"https:\/\/aeronoticias.com.pe\/noticiero\/#\/schema\/person\/fc1e5d578f4b62ba1cf7ac2bba1170a0\",\"name\":\"Redacci\u00f3n Aeronoticias\",\"url\":\"https:\/\/aeronoticias.com.pe\/noticiero\/author\/piloto\/\"}]}<\/script>\n<!-- \/ Yoast SEO plugin. -->","yoast_head_json":{"title":"MTC SUSPENDE OPERACIONES DE LAS EMPRESAS SUPER LATINO Y SAN CRISTOBAL","description":"Portal de noticias del Per\u00fa sobre el transporte a\u00e9reo, aviaci\u00f3n, turismo, hoteleria, actualidad.","robots":{"index":"index","follow":"follow","max-snippet":"max-snippet:-1","max-image-preview":"max-image-preview:large","max-video-preview":"max-video-preview:-1"},"canonical":"https:\/\/aeronoticias.com.pe\/noticiero\/nacionales\/mtc-suspende-operaciones-de-las-empresas-super-latino-y-san-cristobal\/","og_locale":"es_ES","og_type":"article","og_title":"MTC SUSPENDE OPERACIONES DE LAS EMPRESAS SUPER LATINO Y SAN CRISTOBAL","og_description":"Portal de noticias del Per\u00fa sobre el transporte a\u00e9reo, aviaci\u00f3n, turismo, hoteleria, actualidad.","og_url":"https:\/\/aeronoticias.com.pe\/noticiero\/nacionales\/mtc-suspende-operaciones-de-las-empresas-super-latino-y-san-cristobal\/","og_site_name":"Aeronoticias.com.pe","article_publisher":"https:\/\/www.facebook.com\/Aeronoticias.com.pe\/","article_published_time":"2008-09-05T11:57:42+00:00","og_image":[{"url":"http:\/\/aeronoticias.com.pe\/fotonoticias\/setiembre\/mtc5sep.JPG","type":"","width":"","height":""}],"author":"Redacci\u00f3n Aeronoticias","twitter_card":"summary_large_image","twitter_creator":"@aeronoticias","twitter_site":"@aeronoticias","twitter_misc":{"Escrito por":"Redacci\u00f3n Aeronoticias","Tiempo de lectura":"2 minutos"},"schema":{"@context":"https:\/\/schema.org","@graph":[{"@type":"WebPage","@id":"https:\/\/aeronoticias.com.pe\/noticiero\/nacionales\/mtc-suspende-operaciones-de-las-empresas-super-latino-y-san-cristobal\/","url":"https:\/\/aeronoticias.com.pe\/noticiero\/nacionales\/mtc-suspende-operaciones-de-las-empresas-super-latino-y-san-cristobal\/","name":"MTC SUSPENDE OPERACIONES DE LAS EMPRESAS SUPER LATINO Y SAN CRISTOBAL","isPartOf":{"@id":"https:\/\/aeronoticias.com.pe\/noticiero\/#website"},"primaryImageOfPage":{"@id":"https:\/\/aeronoticias.com.pe\/noticiero\/nacionales\/mtc-suspende-operaciones-de-las-empresas-super-latino-y-san-cristobal\/#primaryimage"},"image":{"@id":"https:\/\/aeronoticias.com.pe\/noticiero\/nacionales\/mtc-suspende-operaciones-de-las-empresas-super-latino-y-san-cristobal\/#primaryimage"},"thumbnailUrl":"http:\/\/aeronoticias.com.pe\/fotonoticias\/setiembre\/mtc5sep.JPG","datePublished":"2008-09-05T11:57:42+00:00","author":{"@id":"https:\/\/aeronoticias.com.pe\/noticiero\/#\/schema\/person\/fc1e5d578f4b62ba1cf7ac2bba1170a0"},"description":"Portal de noticias del Per\u00fa sobre el transporte a\u00e9reo, aviaci\u00f3n, turismo, hoteleria, actualidad.","breadcrumb":{"@id":"https:\/\/aeronoticias.com.pe\/noticiero\/nacionales\/mtc-suspende-operaciones-de-las-empresas-super-latino-y-san-cristobal\/#breadcrumb"},"inLanguage":"es","potentialAction":[{"@type":"ReadAction","target":["https:\/\/aeronoticias.com.pe\/noticiero\/nacionales\/mtc-suspende-operaciones-de-las-empresas-super-latino-y-san-cristobal\/"]}]},{"@type":"ImageObject","inLanguage":"es","@id":"https:\/\/aeronoticias.com.pe\/noticiero\/nacionales\/mtc-suspende-operaciones-de-las-empresas-super-latino-y-san-cristobal\/#primaryimage","url":"http:\/\/aeronoticias.com.pe\/fotonoticias\/setiembre\/mtc5sep.JPG","contentUrl":"http:\/\/aeronoticias.com.pe\/fotonoticias\/setiembre\/mtc5sep.JPG"},{"@type":"BreadcrumbList","@id":"https:\/\/aeronoticias.com.pe\/noticiero\/nacionales\/mtc-suspende-operaciones-de-las-empresas-super-latino-y-san-cristobal\/#breadcrumb","itemListElement":[{"@type":"ListItem","position":1,"name":"Portada","item":"https:\/\/aeronoticias.com.pe\/noticiero\/"},{"@type":"ListItem","position":2,"name":"MTC SUSPENDE OPERACIONES DE LAS EMPRESAS SUPER LATINO Y SAN CRISTOBAL"}]},{"@type":"WebSite","@id":"https:\/\/aeronoticias.com.pe\/noticiero\/#website","url":"https:\/\/aeronoticias.com.pe\/noticiero\/","name":"Aeronoticias.com.pe","description":"Noticias de tranporte aereo, turismo, hoteles, gastronomia, actualidad, internacional","potentialAction":[{"@type":"SearchAction","target":{"@type":"EntryPoint","urlTemplate":"https:\/\/aeronoticias.com.pe\/noticiero\/?s={search_term_string}"},"query-input":{"@type":"PropertyValueSpecification","valueRequired":true,"valueName":"search_term_string"}}],"inLanguage":"es"},{"@type":"Person","@id":"https:\/\/aeronoticias.com.pe\/noticiero\/#\/schema\/person\/fc1e5d578f4b62ba1cf7ac2bba1170a0","name":"Redacci\u00f3n Aeronoticias","url":"https:\/\/aeronoticias.com.pe\/noticiero\/author\/piloto\/"}]}},"_links":{"self":[{"href":"https:\/\/aeronoticias.com.pe\/noticiero\/wp-json\/wp\/v2\/posts\/418","targetHints":{"allow":["GET"]}}],"collection":[{"href":"https:\/\/aeronoticias.com.pe\/noticiero\/wp-json\/wp\/v2\/posts"}],"about":[{"href":"https:\/\/aeronoticias.com.pe\/noticiero\/wp-json\/wp\/v2\/types\/post"}],"author":[{"embeddable":true,"href":"https:\/\/aeronoticias.com.pe\/noticiero\/wp-json\/wp\/v2\/users\/1"}],"replies":[{"embeddable":true,"href":"https:\/\/aeronoticias.com.pe\/noticiero\/wp-json\/wp\/v2\/comments?post=418"}],"version-history":[{"count":0,"href":"https:\/\/aeronoticias.com.pe\/noticiero\/wp-json\/wp\/v2\/posts\/418\/revisions"}],"wp:attachment":[{"href":"https:\/\/aeronoticias.com.pe\/noticiero\/wp-json\/wp\/v2\/media?parent=418"}],"wp:term":[{"taxonomy":"category","embeddable":true,"href":"https:\/\/aeronoticias.com.pe\/noticiero\/wp-json\/wp\/v2\/categories?post=418"},{"taxonomy":"post_tag","embeddable":true,"href":"https:\/\/aeronoticias.com.pe\/noticiero\/wp-json\/wp\/v2\/tags?post=418"}],"curies":[{"name":"wp","href":"https:\/\/api.w.org\/{rel}","templated":true}]}}