{"id":41812,"date":"2013-11-29T04:51:49","date_gmt":"2013-11-29T04:51:49","guid":{"rendered":"http:\/\/desarrollo.mcvicious.com\/aero2020\/2013\/11\/29\/garcia-toma-y-amoretti-no-quisieron-debatir-con-palacin-en-la-exposicion-de-los-planes-de-desarrollo-institucional-del-cal\/"},"modified":"2013-11-29T04:51:49","modified_gmt":"2013-11-29T04:51:49","slug":"garcia-toma-y-amoretti-no-quisieron-debatir-con-palacin-en-la-exposicion-de-los-planes-de-desarrollo-institucional-del-cal","status":"publish","type":"post","link":"https:\/\/aeronoticias.com.pe\/noticiero\/economia\/garcia-toma-y-amoretti-no-quisieron-debatir-con-palacin-en-la-exposicion-de-los-planes-de-desarrollo-institucional-del-cal\/","title":{"rendered":"Garcia Toma  y Amoretti no quisieron debatir con Palacin en la exposici\u00f3n de los planes de  desarrollo institucional del CAL"},"content":{"rendered":"<p style=\"text-align: justify;\"><span style=\"line-height: 1.3em;\"><strong>(Aeronoticias).-<\/strong> El d\u00eda \u00a0jueves 21 de noviembre de 2013 a las 5.30 de la tarde en el auditorio Jos\u00e9 Le\u00f3n Barandiar\u00e1n del Ilustre Colegio de Abogados del Lima de conformidad al Reglamento de Elecciones del Comit\u00e9 Electoral que preside el Dr. Oscar Mendoza Toro e integran los doctores Maria Teresa Risco Hurtado, Secretaria del Comit\u00e9 Electoral y Jes\u00fas Augusto Laura Ant\u00f3n, Vocal del Comit\u00e9 Electora, convocaron oficialmente a los candidatos al Decanato del CAL para que cumplan con exponer y debatir su plan de desarrollo institucional del Colegio de Abogados de Lima que registraron en el Comit\u00e9 Electoral para cumplir con el Reglamento de Elecciones.<\/span><\/p>\n<p style=\"text-align: justify;\">Los candidatos al Decanato del CAL ten\u00edan la obligaci\u00f3n de exponer y debatir su propuesta electoral, sin embargo dentro de los tres candidatos que tienen posibilidades en las pr\u00f3ximas elecciones fue Juli\u00e1n Palacin Fern\u00e1ndez quien ingres\u00f3 al auditorio a las 5.20 de la tarde y fue ovacionado, lo que habr\u00eda originado que el Dr. Mario Amoretti quien no tiene dotes de orador, se sintiera perdido y decidi\u00f3 retirarse del auditorio mientras allegados al dirigente del partido Aprista Peruano, V\u00edctor Garc\u00eda Toma le informaron telef\u00f3nicamente, los acontecimientos y este ex ministro Aprista de Alan Garcia P\u00e9rez ( que cuando asumi\u00f3 la cartera de Justicia no quiso denunciar penalmente a Facundo Chinguel \u2013 narcoindultos -) tir\u00f3 la toalla y no se present\u00f3 frente los 500 abogados que quer\u00edan escuchar el mensaje de Garc\u00eda Toma, Amoretti y de Palacin.<\/p>\n<p style=\"text-align: justify;\"><span style=\"line-height: 1.3em;\">Solo escucharon el discurso magistral de Juli\u00e1n Palacin Fern\u00e1ndez (Ver discurso), quien fue interrumpido con aplausos 8 veces en los 14 minutos que dur\u00f3 su exposici\u00f3n.<\/span><\/p>\n<p style=\"text-align: justify;\"><span style=\"line-height: 1.3em;\">Quedar\u00e1 escrito en la historia del Colegio de Abogados de Lima que el Vicedecano de la actual Junta Directiva de Ra\u00fal Chanam\u00e9 don Mario Amoretti y el ministro de Justicia de Alan <\/span>Garc\u00eda<span style=\"line-height: 1.3em;\"> P\u00e9rez don V\u00edctor Garc\u00eda Toma no quisieron debatir porque seguramente, sus condiciones oratorias son inexistentes frente al liderazgo gremial de un abogado humilde que representa a los sectores mas necesitados de su vida y que con su verbo <\/span>estremeci\u00f3<span style=\"line-height: 1.3em;\"> el auditorio Jos\u00e9 Le\u00f3n Barandiar\u00e1n.<\/span><\/p>\n<p style=\"text-align: justify;\"><span style=\"line-height: 1.3em;\"><a href=\"https:\/\/www.youtube.com\/watch?v=cULhhmnlEss\" target=\"_blank\" rel=\"noopener noreferrer\"><strong>VER VIDEO DEL DEBATE DONDE AMORETTI SE RETIRO Y GARCIA TOMA NO ASISTIO<\/strong><\/a><br \/><\/span><\/p>\n<p style=\"text-align: justify;\"><span style=\"line-height: 1.3em;\"><img decoding=\"async\" src=\"images\/stories\/13\/11\/211113\/discursopalacin.jpg\" border=\"0\" \/><\/span><\/p>\n<p style=\"text-align: justify;\"><span style=\"line-height: 1.3em;\"><img decoding=\"async\" src=\"images\/stories\/13\/11\/211113\/equipopalacin.jpg\" border=\"0\" \/><\/span><\/p>\n<p style=\"text-align: justify;\"><span style=\"line-height: 1.3em;\"><br \/><\/span><\/p>\n<p style=\"text-align: justify;\"><span style=\"line-height: 1.3em;\"><br \/><\/span><\/p>\n<p> <object width=\"610\" height=\"409\" type=\"application\/x-shockwave-flash\" data=\"http:\/\/www.youtube.com\/v\/cULhhmnlEss=1&amp;hl=en_US&amp;autoplay=0&amp;showinfo=0&amp;rel=0\"><param name=\"movie\" value=\"http:\/\/www.youtube.com\/v\/cULhhmnlEss=1&amp;hl=en_US&amp;autoplay=0&amp;showinfo=0&amp;rel=0\" \/><param name=\"wmode\" value=\"transparent\" \/><\/object> <\/p>\n","protected":false},"excerpt":{"rendered":"<p>(Aeronoticias).- El d\u00eda \u00a0jueves 21 de noviembre de 2013 a las 5.30 de la tarde en el auditorio Jos\u00e9 Le\u00f3n Barandiar\u00e1n del Ilustre Colegio de Abogados del Lima de conformidad al Reglamento de Elecciones del Comit\u00e9 Electoral que preside el Dr. Oscar Mendoza Toro e integran los doctores Maria Teresa Risco Hurtado, Secretaria del Comit\u00e9 [&hellip;]<\/p>\n","protected":false},"author":1,"featured_media":0,"comment_status":"open","ping_status":"open","sticky":false,"template":"","format":"standard","meta":{"tdm_status":"","tdm_grid_status":"","footnotes":""},"categories":[33],"tags":[],"class_list":{"0":"post-41812","1":"post","2":"type-post","3":"status-publish","4":"format-standard","6":"category-economia"},"yoast_head":"<!-- This site is optimized with the Yoast SEO plugin v25.1 - https:\/\/yoast.com\/wordpress\/plugins\/seo\/ -->\n<title>Garcia Toma y Amoretti no quisieron debatir con Palacin en la exposici\u00f3n de los planes de desarrollo institucional del CAL<\/title>\n<meta name=\"description\" content=\"Portal de noticias del Per\u00fa sobre el transporte a\u00e9reo, aviaci\u00f3n, turismo, hoteleria, actualidad.\" \/>\n<meta name=\"robots\" content=\"index, follow, max-snippet:-1, max-image-preview:large, max-video-preview:-1\" \/>\n<link rel=\"canonical\" href=\"https:\/\/aeronoticias.com.pe\/noticiero\/economia\/garcia-toma-y-amoretti-no-quisieron-debatir-con-palacin-en-la-exposicion-de-los-planes-de-desarrollo-institucional-del-cal\/\" \/>\n<meta property=\"og:locale\" content=\"es_ES\" \/>\n<meta property=\"og:type\" content=\"article\" \/>\n<meta property=\"og:title\" content=\"Garcia Toma y Amoretti no quisieron debatir con Palacin en la exposici\u00f3n de los planes de desarrollo institucional del CAL\" \/>\n<meta property=\"og:description\" content=\"Portal de noticias del Per\u00fa sobre el transporte a\u00e9reo, aviaci\u00f3n, turismo, hoteleria, actualidad.\" \/>\n<meta property=\"og:url\" content=\"https:\/\/aeronoticias.com.pe\/noticiero\/economia\/garcia-toma-y-amoretti-no-quisieron-debatir-con-palacin-en-la-exposicion-de-los-planes-de-desarrollo-institucional-del-cal\/\" \/>\n<meta property=\"og:site_name\" content=\"Aeronoticias.com.pe\" \/>\n<meta property=\"article:publisher\" content=\"https:\/\/www.facebook.com\/Aeronoticias.com.pe\/\" \/>\n<meta property=\"article:published_time\" content=\"2013-11-29T04:51:49+00:00\" \/>\n<meta name=\"author\" content=\"Redacci\u00f3n Aeronoticias\" \/>\n<meta name=\"twitter:card\" content=\"summary_large_image\" \/>\n<meta name=\"twitter:creator\" content=\"@aeronoticias\" \/>\n<meta name=\"twitter:site\" content=\"@aeronoticias\" \/>\n<meta name=\"twitter:label1\" content=\"Escrito por\" \/>\n\t<meta name=\"twitter:data1\" content=\"Redacci\u00f3n Aeronoticias\" \/>\n\t<meta name=\"twitter:label2\" content=\"Tiempo de lectura\" \/>\n\t<meta name=\"twitter:data2\" content=\"2 minutos\" \/>\n<script type=\"application\/ld+json\" class=\"yoast-schema-graph\">{\"@context\":\"https:\/\/schema.org\",\"@graph\":[{\"@type\":\"WebPage\",\"@id\":\"https:\/\/aeronoticias.com.pe\/noticiero\/economia\/garcia-toma-y-amoretti-no-quisieron-debatir-con-palacin-en-la-exposicion-de-los-planes-de-desarrollo-institucional-del-cal\/\",\"url\":\"https:\/\/aeronoticias.com.pe\/noticiero\/economia\/garcia-toma-y-amoretti-no-quisieron-debatir-con-palacin-en-la-exposicion-de-los-planes-de-desarrollo-institucional-del-cal\/\",\"name\":\"Garcia Toma y Amoretti no quisieron debatir con Palacin en la exposici\u00f3n de los planes de desarrollo institucional del CAL\",\"isPartOf\":{\"@id\":\"https:\/\/aeronoticias.com.pe\/noticiero\/#website\"},\"datePublished\":\"2013-11-29T04:51:49+00:00\",\"author\":{\"@id\":\"https:\/\/aeronoticias.com.pe\/noticiero\/#\/schema\/person\/fc1e5d578f4b62ba1cf7ac2bba1170a0\"},\"description\":\"Portal de noticias del Per\u00fa sobre el transporte a\u00e9reo, aviaci\u00f3n, turismo, hoteleria, actualidad.\",\"breadcrumb\":{\"@id\":\"https:\/\/aeronoticias.com.pe\/noticiero\/economia\/garcia-toma-y-amoretti-no-quisieron-debatir-con-palacin-en-la-exposicion-de-los-planes-de-desarrollo-institucional-del-cal\/#breadcrumb\"},\"inLanguage\":\"es\",\"potentialAction\":[{\"@type\":\"ReadAction\",\"target\":[\"https:\/\/aeronoticias.com.pe\/noticiero\/economia\/garcia-toma-y-amoretti-no-quisieron-debatir-con-palacin-en-la-exposicion-de-los-planes-de-desarrollo-institucional-del-cal\/\"]}]},{\"@type\":\"BreadcrumbList\",\"@id\":\"https:\/\/aeronoticias.com.pe\/noticiero\/economia\/garcia-toma-y-amoretti-no-quisieron-debatir-con-palacin-en-la-exposicion-de-los-planes-de-desarrollo-institucional-del-cal\/#breadcrumb\",\"itemListElement\":[{\"@type\":\"ListItem\",\"position\":1,\"name\":\"Portada\",\"item\":\"https:\/\/aeronoticias.com.pe\/noticiero\/\"},{\"@type\":\"ListItem\",\"position\":2,\"name\":\"Garcia Toma y Amoretti no quisieron debatir con Palacin en la exposici\u00f3n de los planes de desarrollo institucional del CAL\"}]},{\"@type\":\"WebSite\",\"@id\":\"https:\/\/aeronoticias.com.pe\/noticiero\/#website\",\"url\":\"https:\/\/aeronoticias.com.pe\/noticiero\/\",\"name\":\"Aeronoticias.com.pe\",\"description\":\"Noticias de tranporte aereo, turismo, hoteles, gastronomia, actualidad, internacional\",\"potentialAction\":[{\"@type\":\"SearchAction\",\"target\":{\"@type\":\"EntryPoint\",\"urlTemplate\":\"https:\/\/aeronoticias.com.pe\/noticiero\/?s={search_term_string}\"},\"query-input\":{\"@type\":\"PropertyValueSpecification\",\"valueRequired\":true,\"valueName\":\"search_term_string\"}}],\"inLanguage\":\"es\"},{\"@type\":\"Person\",\"@id\":\"https:\/\/aeronoticias.com.pe\/noticiero\/#\/schema\/person\/fc1e5d578f4b62ba1cf7ac2bba1170a0\",\"name\":\"Redacci\u00f3n Aeronoticias\",\"url\":\"https:\/\/aeronoticias.com.pe\/noticiero\/author\/piloto\/\"}]}<\/script>\n<!-- \/ Yoast SEO plugin. -->","yoast_head_json":{"title":"Garcia Toma y Amoretti no quisieron debatir con Palacin en la exposici\u00f3n de los planes de desarrollo institucional del CAL","description":"Portal de noticias del Per\u00fa sobre el transporte a\u00e9reo, aviaci\u00f3n, turismo, hoteleria, actualidad.","robots":{"index":"index","follow":"follow","max-snippet":"max-snippet:-1","max-image-preview":"max-image-preview:large","max-video-preview":"max-video-preview:-1"},"canonical":"https:\/\/aeronoticias.com.pe\/noticiero\/economia\/garcia-toma-y-amoretti-no-quisieron-debatir-con-palacin-en-la-exposicion-de-los-planes-de-desarrollo-institucional-del-cal\/","og_locale":"es_ES","og_type":"article","og_title":"Garcia Toma y Amoretti no quisieron debatir con Palacin en la exposici\u00f3n de los planes de desarrollo institucional del CAL","og_description":"Portal de noticias del Per\u00fa sobre el transporte a\u00e9reo, aviaci\u00f3n, turismo, hoteleria, actualidad.","og_url":"https:\/\/aeronoticias.com.pe\/noticiero\/economia\/garcia-toma-y-amoretti-no-quisieron-debatir-con-palacin-en-la-exposicion-de-los-planes-de-desarrollo-institucional-del-cal\/","og_site_name":"Aeronoticias.com.pe","article_publisher":"https:\/\/www.facebook.com\/Aeronoticias.com.pe\/","article_published_time":"2013-11-29T04:51:49+00:00","author":"Redacci\u00f3n Aeronoticias","twitter_card":"summary_large_image","twitter_creator":"@aeronoticias","twitter_site":"@aeronoticias","twitter_misc":{"Escrito por":"Redacci\u00f3n Aeronoticias","Tiempo de lectura":"2 minutos"},"schema":{"@context":"https:\/\/schema.org","@graph":[{"@type":"WebPage","@id":"https:\/\/aeronoticias.com.pe\/noticiero\/economia\/garcia-toma-y-amoretti-no-quisieron-debatir-con-palacin-en-la-exposicion-de-los-planes-de-desarrollo-institucional-del-cal\/","url":"https:\/\/aeronoticias.com.pe\/noticiero\/economia\/garcia-toma-y-amoretti-no-quisieron-debatir-con-palacin-en-la-exposicion-de-los-planes-de-desarrollo-institucional-del-cal\/","name":"Garcia Toma y Amoretti no quisieron debatir con Palacin en la exposici\u00f3n de los planes de desarrollo institucional del CAL","isPartOf":{"@id":"https:\/\/aeronoticias.com.pe\/noticiero\/#website"},"datePublished":"2013-11-29T04:51:49+00:00","author":{"@id":"https:\/\/aeronoticias.com.pe\/noticiero\/#\/schema\/person\/fc1e5d578f4b62ba1cf7ac2bba1170a0"},"description":"Portal de noticias del Per\u00fa sobre el transporte a\u00e9reo, aviaci\u00f3n, turismo, hoteleria, actualidad.","breadcrumb":{"@id":"https:\/\/aeronoticias.com.pe\/noticiero\/economia\/garcia-toma-y-amoretti-no-quisieron-debatir-con-palacin-en-la-exposicion-de-los-planes-de-desarrollo-institucional-del-cal\/#breadcrumb"},"inLanguage":"es","potentialAction":[{"@type":"ReadAction","target":["https:\/\/aeronoticias.com.pe\/noticiero\/economia\/garcia-toma-y-amoretti-no-quisieron-debatir-con-palacin-en-la-exposicion-de-los-planes-de-desarrollo-institucional-del-cal\/"]}]},{"@type":"BreadcrumbList","@id":"https:\/\/aeronoticias.com.pe\/noticiero\/economia\/garcia-toma-y-amoretti-no-quisieron-debatir-con-palacin-en-la-exposicion-de-los-planes-de-desarrollo-institucional-del-cal\/#breadcrumb","itemListElement":[{"@type":"ListItem","position":1,"name":"Portada","item":"https:\/\/aeronoticias.com.pe\/noticiero\/"},{"@type":"ListItem","position":2,"name":"Garcia Toma y Amoretti no quisieron debatir con Palacin en la exposici\u00f3n de los planes de desarrollo institucional del CAL"}]},{"@type":"WebSite","@id":"https:\/\/aeronoticias.com.pe\/noticiero\/#website","url":"https:\/\/aeronoticias.com.pe\/noticiero\/","name":"Aeronoticias.com.pe","description":"Noticias de tranporte aereo, turismo, hoteles, gastronomia, actualidad, internacional","potentialAction":[{"@type":"SearchAction","target":{"@type":"EntryPoint","urlTemplate":"https:\/\/aeronoticias.com.pe\/noticiero\/?s={search_term_string}"},"query-input":{"@type":"PropertyValueSpecification","valueRequired":true,"valueName":"search_term_string"}}],"inLanguage":"es"},{"@type":"Person","@id":"https:\/\/aeronoticias.com.pe\/noticiero\/#\/schema\/person\/fc1e5d578f4b62ba1cf7ac2bba1170a0","name":"Redacci\u00f3n Aeronoticias","url":"https:\/\/aeronoticias.com.pe\/noticiero\/author\/piloto\/"}]}},"_links":{"self":[{"href":"https:\/\/aeronoticias.com.pe\/noticiero\/wp-json\/wp\/v2\/posts\/41812","targetHints":{"allow":["GET"]}}],"collection":[{"href":"https:\/\/aeronoticias.com.pe\/noticiero\/wp-json\/wp\/v2\/posts"}],"about":[{"href":"https:\/\/aeronoticias.com.pe\/noticiero\/wp-json\/wp\/v2\/types\/post"}],"author":[{"embeddable":true,"href":"https:\/\/aeronoticias.com.pe\/noticiero\/wp-json\/wp\/v2\/users\/1"}],"replies":[{"embeddable":true,"href":"https:\/\/aeronoticias.com.pe\/noticiero\/wp-json\/wp\/v2\/comments?post=41812"}],"version-history":[{"count":0,"href":"https:\/\/aeronoticias.com.pe\/noticiero\/wp-json\/wp\/v2\/posts\/41812\/revisions"}],"wp:attachment":[{"href":"https:\/\/aeronoticias.com.pe\/noticiero\/wp-json\/wp\/v2\/media?parent=41812"}],"wp:term":[{"taxonomy":"category","embeddable":true,"href":"https:\/\/aeronoticias.com.pe\/noticiero\/wp-json\/wp\/v2\/categories?post=41812"},{"taxonomy":"post_tag","embeddable":true,"href":"https:\/\/aeronoticias.com.pe\/noticiero\/wp-json\/wp\/v2\/tags?post=41812"}],"curies":[{"name":"wp","href":"https:\/\/api.w.org\/{rel}","templated":true}]}}