{"id":41844,"date":"2013-11-25T16:14:49","date_gmt":"2013-11-25T16:14:49","guid":{"rendered":"http:\/\/desarrollo.mcvicious.com\/aero2020\/2013\/11\/25\/se-llevaron-a-cabo-los-american-music-awards-2\/"},"modified":"2013-11-25T16:14:49","modified_gmt":"2013-11-25T16:14:49","slug":"se-llevaron-a-cabo-los-american-music-awards-2","status":"publish","type":"post","link":"https:\/\/aeronoticias.com.pe\/noticiero\/espectaculos\/se-llevaron-a-cabo-los-american-music-awards-2\/","title":{"rendered":"Se llevaron a cabo los American Music Awards"},"content":{"rendered":"<p style=\"text-align: justify;\"><strong>(Aeronoticias)<\/strong><span style=\"line-height: 1.3em;\"> Taylor Swift arras\u00f3 con cuatro premios en la ceremonia de los American Music Awards, incluyendo artista del a\u00f1o por tercera ocasi\u00f3n, con lo que impuso un r\u00e9cord en esa categor\u00eda. Marc Anthony gan\u00f3 artista latino favorito y Jennifer L\u00f3pez brill\u00f3 con un espectacular homenaje a la Reina de la Salsa, Celia Cruz.<\/span><\/p>\n<p style=\"text-align: justify;\"><span style=\"line-height: 1.3em;\">Swift obtuvo tambi\u00e9n los premios a \u00e1lbum country favorito por \u201cRed\u201d, artista country y artista pop\/rock favorita. Justin Timberlake le sigui\u00f3 de cerca con tres estatuillas, a artista pop\/rock, artista soul\/R&amp;B y \u00e1lbum de soul\/R&amp;B favorito.<\/span><\/p>\n<p style=\"text-align: justify;\"><span style=\"line-height: 1.3em;\">\u201cDicen que el que uno est\u00e9 vivo no significa que uno est\u00e9 viviendo\u201d, dijo Marc al aceptar su galard\u00f3n de manos del rapero cubano Pitbull, el primer anfitri\u00f3n de los AMA en a\u00f1os.<\/span><\/p>\n<p style=\"text-align: justify;\"><span style=\"line-height: 1.3em;\">Katy Perry inaugur\u00f3 la ceremonia en el Teatro Nokia de Los Angeles con su nuevo sencillo \u201cUnconditionally\u201d. El show contaba con actuaciones de Timberlake, Swift, Lady Gaga, Rihanna, Luke Bryan y Florida Georgia Line, Macklemore &amp; Ryan Lewis. La encargada de cerrar la velada ser\u00eda Miley Cyrus.<\/span><\/p>\n<p style=\"text-align: justify;\"><span style=\"line-height: 1.3em;\">Estos son los ganadores del American Music Awards:<\/span><\/p>\n<p><strong style=\"line-height: 1.3em;\">Artista del a\u00f1o: \u201cTaylor Swift\u201d<br \/><\/strong><strong style=\"line-height: 1.3em;\">Artista masculino favorito, pop\/rock: Justin Timberlake<br \/><\/strong><strong style=\"line-height: 1.3em;\">Artista femenina favorita, soul\/R&amp;B: Rihanna<br \/><\/strong><strong style=\"line-height: 1.3em;\">\u00c1lbum favorito, country: Taylor Swift, \u201cRed\u201d<br \/><\/strong><strong style=\"line-height: 1.3em;\">\u00c1lbum favorito, rap\/hip hop: Macklemore &amp; Ryan Lewis, \u201cThe Heist\u201d<br \/><\/strong><strong style=\"line-height: 1.3em;\">Artista favorito, rock alternativo: Imagine Dragons<br \/><\/strong><strong style=\"line-height: 1.3em;\">Artista latino favorito: Marc Anthony<br \/><\/strong><strong style=\"line-height: 1.3em;\">\u00c1lbum favorito, pop\/rock: One Direction, \u201cTake Me Home\u201d<br \/><\/strong><strong style=\"line-height: 1.3em;\">Artista nuevo del a\u00f1o: Ariana Grande<br \/><\/strong><strong style=\"line-height: 1.3em;\">Premio AMA Icono: Rihanna<br \/><\/strong><strong style=\"line-height: 1.3em;\">Artista favorito, soul\/R&amp;B: Justin Timberlake<br \/><\/strong><strong style=\"line-height: 1.3em;\">Artista femenina favorita, country: Taylor Swift<br \/><\/strong><strong style=\"line-height: 1.3em;\">Sencillo del a\u00f1o: \u201cCruise\u201d, Florida Georgia Line con Nelly<br \/><\/strong><strong style=\"line-height: 1.3em;\">\u00c1lbum favorito, soul\/R&amp;B: Justin Timberlake, \u201cThe 20\/20 Experience\u201d<br \/><\/strong><strong style=\"line-height: 1.3em;\">Artista favorito, m\u00fasica dance electr\u00f3nica: Avicii<br \/><\/strong><strong style=\"line-height: 1.3em;\">Artista favorito, rap\/hip hop: Macklemore &amp; Ryan Lewis<br \/><\/strong><strong style=\"line-height: 1.3em;\">Artista masculino favorito, country: Luke Bryan<br \/><\/strong><strong style=\"line-height: 1.3em;\">Banda, d\u00fao o grupo favorito, pop\/rock: One Direction<br \/><\/strong><strong style=\"line-height: 1.3em;\">Artista femenina favorite, pop\/rock: Taylor Swift<br \/><\/strong><strong style=\"line-height: 1.3em;\">Banda, d\u00fao o grupo favorito, country: Lady Antebellum<br \/><\/strong><strong style=\"line-height: 1.3em;\">Artista favorito, adulto contempor\u00e1neo: Maroon 5<br \/><\/strong><strong style=\"line-height: 1.3em;\">Artista favorito, inspiracional contempor\u00e1neo: Matthew West<br \/><\/strong><strong style=\"line-height: 1.3em;\">Mejor banda sonora: \u201cPitch Perfect\u201d<\/strong><\/p>\n<p>Fuente: AP<\/p>\n<p><img decoding=\"async\" src=\"images\/stories\/13\/11\/251113\/taylowswift.jpg\" border=\"0\" \/><\/p>\n","protected":false},"excerpt":{"rendered":"<p>(Aeronoticias) Taylor Swift arras\u00f3 con cuatro premios en la ceremonia de los American Music Awards, incluyendo artista del a\u00f1o por tercera ocasi\u00f3n, con lo que impuso un r\u00e9cord en esa categor\u00eda. Marc Anthony gan\u00f3 artista latino favorito y Jennifer L\u00f3pez brill\u00f3 con un espectacular homenaje a la Reina de la Salsa, Celia Cruz. Swift obtuvo [&hellip;]<\/p>\n","protected":false},"author":1,"featured_media":0,"comment_status":"open","ping_status":"open","sticky":false,"template":"","format":"standard","meta":{"tdm_status":"","tdm_grid_status":"","footnotes":""},"categories":[41],"tags":[],"class_list":{"0":"post-41844","1":"post","2":"type-post","3":"status-publish","4":"format-standard","6":"category-espectaculos"},"yoast_head":"<!-- This site is optimized with the Yoast SEO plugin v25.1 - https:\/\/yoast.com\/wordpress\/plugins\/seo\/ -->\n<title>Se llevaron a cabo los American Music Awards<\/title>\n<meta name=\"description\" content=\"Portal de noticias del Per\u00fa sobre el transporte a\u00e9reo, aviaci\u00f3n, turismo, hoteleria, actualidad.\" \/>\n<meta name=\"robots\" content=\"index, follow, max-snippet:-1, max-image-preview:large, max-video-preview:-1\" \/>\n<link rel=\"canonical\" href=\"https:\/\/aeronoticias.com.pe\/noticiero\/espectaculos\/se-llevaron-a-cabo-los-american-music-awards-2\/\" \/>\n<meta property=\"og:locale\" content=\"es_ES\" \/>\n<meta property=\"og:type\" content=\"article\" \/>\n<meta property=\"og:title\" content=\"Se llevaron a cabo los American Music Awards\" \/>\n<meta property=\"og:description\" content=\"Portal de noticias del Per\u00fa sobre el transporte a\u00e9reo, aviaci\u00f3n, turismo, hoteleria, actualidad.\" \/>\n<meta property=\"og:url\" content=\"https:\/\/aeronoticias.com.pe\/noticiero\/espectaculos\/se-llevaron-a-cabo-los-american-music-awards-2\/\" \/>\n<meta property=\"og:site_name\" content=\"Aeronoticias.com.pe\" \/>\n<meta property=\"article:publisher\" content=\"https:\/\/www.facebook.com\/Aeronoticias.com.pe\/\" \/>\n<meta property=\"article:published_time\" content=\"2013-11-25T16:14:49+00:00\" \/>\n<meta name=\"author\" content=\"Redacci\u00f3n Aeronoticias\" \/>\n<meta name=\"twitter:card\" content=\"summary_large_image\" \/>\n<meta name=\"twitter:creator\" content=\"@aeronoticias\" \/>\n<meta name=\"twitter:site\" content=\"@aeronoticias\" \/>\n<meta name=\"twitter:label1\" content=\"Escrito por\" \/>\n\t<meta name=\"twitter:data1\" content=\"Redacci\u00f3n Aeronoticias\" \/>\n\t<meta name=\"twitter:label2\" content=\"Tiempo de lectura\" \/>\n\t<meta name=\"twitter:data2\" content=\"2 minutos\" \/>\n<script type=\"application\/ld+json\" class=\"yoast-schema-graph\">{\"@context\":\"https:\/\/schema.org\",\"@graph\":[{\"@type\":\"WebPage\",\"@id\":\"https:\/\/aeronoticias.com.pe\/noticiero\/espectaculos\/se-llevaron-a-cabo-los-american-music-awards-2\/\",\"url\":\"https:\/\/aeronoticias.com.pe\/noticiero\/espectaculos\/se-llevaron-a-cabo-los-american-music-awards-2\/\",\"name\":\"Se llevaron a cabo los American Music Awards\",\"isPartOf\":{\"@id\":\"https:\/\/aeronoticias.com.pe\/noticiero\/#website\"},\"datePublished\":\"2013-11-25T16:14:49+00:00\",\"author\":{\"@id\":\"https:\/\/aeronoticias.com.pe\/noticiero\/#\/schema\/person\/fc1e5d578f4b62ba1cf7ac2bba1170a0\"},\"description\":\"Portal de noticias del Per\u00fa sobre el transporte a\u00e9reo, aviaci\u00f3n, turismo, hoteleria, actualidad.\",\"breadcrumb\":{\"@id\":\"https:\/\/aeronoticias.com.pe\/noticiero\/espectaculos\/se-llevaron-a-cabo-los-american-music-awards-2\/#breadcrumb\"},\"inLanguage\":\"es\",\"potentialAction\":[{\"@type\":\"ReadAction\",\"target\":[\"https:\/\/aeronoticias.com.pe\/noticiero\/espectaculos\/se-llevaron-a-cabo-los-american-music-awards-2\/\"]}]},{\"@type\":\"BreadcrumbList\",\"@id\":\"https:\/\/aeronoticias.com.pe\/noticiero\/espectaculos\/se-llevaron-a-cabo-los-american-music-awards-2\/#breadcrumb\",\"itemListElement\":[{\"@type\":\"ListItem\",\"position\":1,\"name\":\"Portada\",\"item\":\"https:\/\/aeronoticias.com.pe\/noticiero\/\"},{\"@type\":\"ListItem\",\"position\":2,\"name\":\"Se llevaron a cabo los American Music Awards\"}]},{\"@type\":\"WebSite\",\"@id\":\"https:\/\/aeronoticias.com.pe\/noticiero\/#website\",\"url\":\"https:\/\/aeronoticias.com.pe\/noticiero\/\",\"name\":\"Aeronoticias.com.pe\",\"description\":\"Noticias de tranporte aereo, turismo, hoteles, gastronomia, actualidad, internacional\",\"potentialAction\":[{\"@type\":\"SearchAction\",\"target\":{\"@type\":\"EntryPoint\",\"urlTemplate\":\"https:\/\/aeronoticias.com.pe\/noticiero\/?s={search_term_string}\"},\"query-input\":{\"@type\":\"PropertyValueSpecification\",\"valueRequired\":true,\"valueName\":\"search_term_string\"}}],\"inLanguage\":\"es\"},{\"@type\":\"Person\",\"@id\":\"https:\/\/aeronoticias.com.pe\/noticiero\/#\/schema\/person\/fc1e5d578f4b62ba1cf7ac2bba1170a0\",\"name\":\"Redacci\u00f3n Aeronoticias\",\"url\":\"https:\/\/aeronoticias.com.pe\/noticiero\/author\/piloto\/\"}]}<\/script>\n<!-- \/ Yoast SEO plugin. -->","yoast_head_json":{"title":"Se llevaron a cabo los American Music Awards","description":"Portal de noticias del Per\u00fa sobre el transporte a\u00e9reo, aviaci\u00f3n, turismo, hoteleria, actualidad.","robots":{"index":"index","follow":"follow","max-snippet":"max-snippet:-1","max-image-preview":"max-image-preview:large","max-video-preview":"max-video-preview:-1"},"canonical":"https:\/\/aeronoticias.com.pe\/noticiero\/espectaculos\/se-llevaron-a-cabo-los-american-music-awards-2\/","og_locale":"es_ES","og_type":"article","og_title":"Se llevaron a cabo los American Music Awards","og_description":"Portal de noticias del Per\u00fa sobre el transporte a\u00e9reo, aviaci\u00f3n, turismo, hoteleria, actualidad.","og_url":"https:\/\/aeronoticias.com.pe\/noticiero\/espectaculos\/se-llevaron-a-cabo-los-american-music-awards-2\/","og_site_name":"Aeronoticias.com.pe","article_publisher":"https:\/\/www.facebook.com\/Aeronoticias.com.pe\/","article_published_time":"2013-11-25T16:14:49+00:00","author":"Redacci\u00f3n Aeronoticias","twitter_card":"summary_large_image","twitter_creator":"@aeronoticias","twitter_site":"@aeronoticias","twitter_misc":{"Escrito por":"Redacci\u00f3n Aeronoticias","Tiempo de lectura":"2 minutos"},"schema":{"@context":"https:\/\/schema.org","@graph":[{"@type":"WebPage","@id":"https:\/\/aeronoticias.com.pe\/noticiero\/espectaculos\/se-llevaron-a-cabo-los-american-music-awards-2\/","url":"https:\/\/aeronoticias.com.pe\/noticiero\/espectaculos\/se-llevaron-a-cabo-los-american-music-awards-2\/","name":"Se llevaron a cabo los American Music Awards","isPartOf":{"@id":"https:\/\/aeronoticias.com.pe\/noticiero\/#website"},"datePublished":"2013-11-25T16:14:49+00:00","author":{"@id":"https:\/\/aeronoticias.com.pe\/noticiero\/#\/schema\/person\/fc1e5d578f4b62ba1cf7ac2bba1170a0"},"description":"Portal de noticias del Per\u00fa sobre el transporte a\u00e9reo, aviaci\u00f3n, turismo, hoteleria, actualidad.","breadcrumb":{"@id":"https:\/\/aeronoticias.com.pe\/noticiero\/espectaculos\/se-llevaron-a-cabo-los-american-music-awards-2\/#breadcrumb"},"inLanguage":"es","potentialAction":[{"@type":"ReadAction","target":["https:\/\/aeronoticias.com.pe\/noticiero\/espectaculos\/se-llevaron-a-cabo-los-american-music-awards-2\/"]}]},{"@type":"BreadcrumbList","@id":"https:\/\/aeronoticias.com.pe\/noticiero\/espectaculos\/se-llevaron-a-cabo-los-american-music-awards-2\/#breadcrumb","itemListElement":[{"@type":"ListItem","position":1,"name":"Portada","item":"https:\/\/aeronoticias.com.pe\/noticiero\/"},{"@type":"ListItem","position":2,"name":"Se llevaron a cabo los American Music Awards"}]},{"@type":"WebSite","@id":"https:\/\/aeronoticias.com.pe\/noticiero\/#website","url":"https:\/\/aeronoticias.com.pe\/noticiero\/","name":"Aeronoticias.com.pe","description":"Noticias de tranporte aereo, turismo, hoteles, gastronomia, actualidad, internacional","potentialAction":[{"@type":"SearchAction","target":{"@type":"EntryPoint","urlTemplate":"https:\/\/aeronoticias.com.pe\/noticiero\/?s={search_term_string}"},"query-input":{"@type":"PropertyValueSpecification","valueRequired":true,"valueName":"search_term_string"}}],"inLanguage":"es"},{"@type":"Person","@id":"https:\/\/aeronoticias.com.pe\/noticiero\/#\/schema\/person\/fc1e5d578f4b62ba1cf7ac2bba1170a0","name":"Redacci\u00f3n Aeronoticias","url":"https:\/\/aeronoticias.com.pe\/noticiero\/author\/piloto\/"}]}},"_links":{"self":[{"href":"https:\/\/aeronoticias.com.pe\/noticiero\/wp-json\/wp\/v2\/posts\/41844","targetHints":{"allow":["GET"]}}],"collection":[{"href":"https:\/\/aeronoticias.com.pe\/noticiero\/wp-json\/wp\/v2\/posts"}],"about":[{"href":"https:\/\/aeronoticias.com.pe\/noticiero\/wp-json\/wp\/v2\/types\/post"}],"author":[{"embeddable":true,"href":"https:\/\/aeronoticias.com.pe\/noticiero\/wp-json\/wp\/v2\/users\/1"}],"replies":[{"embeddable":true,"href":"https:\/\/aeronoticias.com.pe\/noticiero\/wp-json\/wp\/v2\/comments?post=41844"}],"version-history":[{"count":0,"href":"https:\/\/aeronoticias.com.pe\/noticiero\/wp-json\/wp\/v2\/posts\/41844\/revisions"}],"wp:attachment":[{"href":"https:\/\/aeronoticias.com.pe\/noticiero\/wp-json\/wp\/v2\/media?parent=41844"}],"wp:term":[{"taxonomy":"category","embeddable":true,"href":"https:\/\/aeronoticias.com.pe\/noticiero\/wp-json\/wp\/v2\/categories?post=41844"},{"taxonomy":"post_tag","embeddable":true,"href":"https:\/\/aeronoticias.com.pe\/noticiero\/wp-json\/wp\/v2\/tags?post=41844"}],"curies":[{"name":"wp","href":"https:\/\/api.w.org\/{rel}","templated":true}]}}