{"id":41883,"date":"2013-11-27T04:07:50","date_gmt":"2013-11-27T04:07:50","guid":{"rendered":"http:\/\/desarrollo.mcvicious.com\/aero2020\/2013\/11\/27\/francisco-llama-a-reformar-la-iglesia-y-fija-sus-prioridades\/"},"modified":"2013-11-27T04:07:50","modified_gmt":"2013-11-27T04:07:50","slug":"francisco-llama-a-reformar-la-iglesia-y-fija-sus-prioridades","status":"publish","type":"post","link":"https:\/\/aeronoticias.com.pe\/noticiero\/internacionales\/francisco-llama-a-reformar-la-iglesia-y-fija-sus-prioridades\/","title":{"rendered":"Francisco llama a reformar la Iglesia y fija sus prioridades"},"content":{"rendered":"<p style=\"text-align: justify;\"><span style=\"line-height: 1.3em;\"><strong>(Aeronoticias)<\/strong>.- Quiere un papado con actitud misionera y en defensa de los pobres. Descart\u00f3 el aborto y las mujeres en el sacerdocio, pero tendi\u00f3 una mano a los divorciados. Cr\u00edticas a la \u201cidolatr\u00eda del dinero\u201d.<\/span><\/p>\n<div style=\"text-align: justify;\">\n<div>En un documento de 142 p\u00e1ginas de excepcional importancia, la exhortaci\u00f3n apost\u00f3lica \u201cAlegr\u00eda del Evangelio\u201d, Francisco indic\u00f3 ayer cu\u00e1les son las metas y prioridades de su pontificado, que incluye reformas de la Iglesia y del mismo papado para lograr que sufra una conversi\u00f3n misionera y misericordiosa para asumir plenamente la defensa de los pobres y los indefensos de este mundo.<\/div>\n<div><\/div>\n<div>Aborto, mujeres y divorciados En los temas doctrinales, Jorge Bergoglio reitera la condena al aborto, pero lo plantea como un n\u00facleo no negociable en la defensa de la dignidad del ser humano. Tambi\u00e9n ratifica la negativa al sacerdocio de las mujeres, aunque proclama que deben tener una presencia mucho m\u00e1s importante en el gobierno de la Iglesia, del que han sido sistem\u00e1ticamente exclu\u00eddas.<\/div>\n<div><\/div>\n<div>Francisco entra tambi\u00e9n en la dif\u00edcil cuesti\u00f3n de los cat\u00f3licos divorciados y vueltos a casar por el civil, que agitar\u00e1 los S\u00ednodos Mundiales sobre la Familia convocados para 2014 y 2015.<\/div>\n<div><\/div>\n<div>Escribe que la Eucarist\u00eda \u201cno es un premio para prefectos\u201d sino un \u201cgeneroso remedio y un alimento para los d\u00e9biles\u201d que buscan a Jes\u00fas. Alude a la exclusi\u00f3n de algunos sacramentos, a partir de la comuni\u00f3n, que castiga a los cat\u00f3licos divorciados en situaci\u00f3n irregular para la Iglesia.<\/div>\n<div><\/div>\n<div>En muchos sectores se auspicia una apertura, especialmente en pa\u00edses como Alemania, lo que causa serias tensiones internas en las cumbres eclesi\u00e1sticas.<\/div>\n<div><\/div>\n<div>\u201cA menudo nos comportamos como controladores de la gracia y no como facilitadores. Pero la Iglesia no es una aduana. Es la casa donde hay lugar para cada uno con su vida a cuestas\u201d.<\/div>\n<div><\/div>\n<div>El Papa argentino se pronuncia abiertamente contra el uso de los sacramentos en sentido disciplinario, como denunci\u00f3 antes de morir, el a\u00f1o pasado, el cardenal Carlo Mar\u00eda Martini, ex arzobispo de Mil\u00e1n y padre del ala progresista de la Iglesia.<\/div>\n<div><\/div>\n<div style=\"text-align: justify;\">Con informaci\u00f3n de <span style=\"text-decoration: underline;\"><em><strong>Clar\u00edn<\/strong><\/em><\/span>.<\/div>\n<\/p><\/div>\n<div style=\"text-align: justify;\"><\/div>\n<div style=\"text-align: justify;\"><img decoding=\"async\" src=\"images\/stories\/13\/11\/261113\/papa.jpg\" border=\"0\" \/><\/div>\n","protected":false},"excerpt":{"rendered":"<p>(Aeronoticias).- Quiere un papado con actitud misionera y en defensa de los pobres. Descart\u00f3 el aborto y las mujeres en el sacerdocio, pero tendi\u00f3 una mano a los divorciados. Cr\u00edticas a la \u201cidolatr\u00eda del dinero\u201d. En un documento de 142 p\u00e1ginas de excepcional importancia, la exhortaci\u00f3n apost\u00f3lica \u201cAlegr\u00eda del Evangelio\u201d, Francisco indic\u00f3 ayer cu\u00e1les son [&hellip;]<\/p>\n","protected":false},"author":1,"featured_media":0,"comment_status":"open","ping_status":"open","sticky":false,"template":"","format":"standard","meta":{"tdm_status":"","tdm_grid_status":"","footnotes":""},"categories":[34],"tags":[],"class_list":{"0":"post-41883","1":"post","2":"type-post","3":"status-publish","4":"format-standard","6":"category-internacionales"},"yoast_head":"<!-- This site is optimized with the Yoast SEO plugin v25.1 - https:\/\/yoast.com\/wordpress\/plugins\/seo\/ -->\n<title>Francisco llama a reformar la Iglesia y fija sus prioridades<\/title>\n<meta name=\"description\" content=\"Portal de noticias del Per\u00fa sobre el transporte a\u00e9reo, aviaci\u00f3n, turismo, hoteleria, actualidad.\" \/>\n<meta name=\"robots\" content=\"index, follow, max-snippet:-1, max-image-preview:large, max-video-preview:-1\" \/>\n<link rel=\"canonical\" href=\"https:\/\/aeronoticias.com.pe\/noticiero\/internacionales\/francisco-llama-a-reformar-la-iglesia-y-fija-sus-prioridades\/\" \/>\n<meta property=\"og:locale\" content=\"es_ES\" \/>\n<meta property=\"og:type\" content=\"article\" \/>\n<meta property=\"og:title\" content=\"Francisco llama a reformar la Iglesia y fija sus prioridades\" \/>\n<meta property=\"og:description\" content=\"Portal de noticias del Per\u00fa sobre el transporte a\u00e9reo, aviaci\u00f3n, turismo, hoteleria, actualidad.\" \/>\n<meta property=\"og:url\" content=\"https:\/\/aeronoticias.com.pe\/noticiero\/internacionales\/francisco-llama-a-reformar-la-iglesia-y-fija-sus-prioridades\/\" \/>\n<meta property=\"og:site_name\" content=\"Aeronoticias.com.pe\" \/>\n<meta property=\"article:publisher\" content=\"https:\/\/www.facebook.com\/Aeronoticias.com.pe\/\" \/>\n<meta property=\"article:published_time\" content=\"2013-11-27T04:07:50+00:00\" \/>\n<meta name=\"author\" content=\"Redacci\u00f3n Aeronoticias\" \/>\n<meta name=\"twitter:card\" content=\"summary_large_image\" \/>\n<meta name=\"twitter:creator\" content=\"@aeronoticias\" \/>\n<meta name=\"twitter:site\" content=\"@aeronoticias\" \/>\n<meta name=\"twitter:label1\" content=\"Escrito por\" \/>\n\t<meta name=\"twitter:data1\" content=\"Redacci\u00f3n Aeronoticias\" \/>\n\t<meta name=\"twitter:label2\" content=\"Tiempo de lectura\" \/>\n\t<meta name=\"twitter:data2\" content=\"2 minutos\" \/>\n<script type=\"application\/ld+json\" class=\"yoast-schema-graph\">{\"@context\":\"https:\/\/schema.org\",\"@graph\":[{\"@type\":\"WebPage\",\"@id\":\"https:\/\/aeronoticias.com.pe\/noticiero\/internacionales\/francisco-llama-a-reformar-la-iglesia-y-fija-sus-prioridades\/\",\"url\":\"https:\/\/aeronoticias.com.pe\/noticiero\/internacionales\/francisco-llama-a-reformar-la-iglesia-y-fija-sus-prioridades\/\",\"name\":\"Francisco llama a reformar la Iglesia y fija sus prioridades\",\"isPartOf\":{\"@id\":\"https:\/\/aeronoticias.com.pe\/noticiero\/#website\"},\"datePublished\":\"2013-11-27T04:07:50+00:00\",\"author\":{\"@id\":\"https:\/\/aeronoticias.com.pe\/noticiero\/#\/schema\/person\/fc1e5d578f4b62ba1cf7ac2bba1170a0\"},\"description\":\"Portal de noticias del Per\u00fa sobre el transporte a\u00e9reo, aviaci\u00f3n, turismo, hoteleria, actualidad.\",\"breadcrumb\":{\"@id\":\"https:\/\/aeronoticias.com.pe\/noticiero\/internacionales\/francisco-llama-a-reformar-la-iglesia-y-fija-sus-prioridades\/#breadcrumb\"},\"inLanguage\":\"es\",\"potentialAction\":[{\"@type\":\"ReadAction\",\"target\":[\"https:\/\/aeronoticias.com.pe\/noticiero\/internacionales\/francisco-llama-a-reformar-la-iglesia-y-fija-sus-prioridades\/\"]}]},{\"@type\":\"BreadcrumbList\",\"@id\":\"https:\/\/aeronoticias.com.pe\/noticiero\/internacionales\/francisco-llama-a-reformar-la-iglesia-y-fija-sus-prioridades\/#breadcrumb\",\"itemListElement\":[{\"@type\":\"ListItem\",\"position\":1,\"name\":\"Portada\",\"item\":\"https:\/\/aeronoticias.com.pe\/noticiero\/\"},{\"@type\":\"ListItem\",\"position\":2,\"name\":\"Francisco llama a reformar la Iglesia y fija sus prioridades\"}]},{\"@type\":\"WebSite\",\"@id\":\"https:\/\/aeronoticias.com.pe\/noticiero\/#website\",\"url\":\"https:\/\/aeronoticias.com.pe\/noticiero\/\",\"name\":\"Aeronoticias.com.pe\",\"description\":\"Noticias de tranporte aereo, turismo, hoteles, gastronomia, actualidad, internacional\",\"potentialAction\":[{\"@type\":\"SearchAction\",\"target\":{\"@type\":\"EntryPoint\",\"urlTemplate\":\"https:\/\/aeronoticias.com.pe\/noticiero\/?s={search_term_string}\"},\"query-input\":{\"@type\":\"PropertyValueSpecification\",\"valueRequired\":true,\"valueName\":\"search_term_string\"}}],\"inLanguage\":\"es\"},{\"@type\":\"Person\",\"@id\":\"https:\/\/aeronoticias.com.pe\/noticiero\/#\/schema\/person\/fc1e5d578f4b62ba1cf7ac2bba1170a0\",\"name\":\"Redacci\u00f3n Aeronoticias\",\"url\":\"https:\/\/aeronoticias.com.pe\/noticiero\/author\/piloto\/\"}]}<\/script>\n<!-- \/ Yoast SEO plugin. -->","yoast_head_json":{"title":"Francisco llama a reformar la Iglesia y fija sus prioridades","description":"Portal de noticias del Per\u00fa sobre el transporte a\u00e9reo, aviaci\u00f3n, turismo, hoteleria, actualidad.","robots":{"index":"index","follow":"follow","max-snippet":"max-snippet:-1","max-image-preview":"max-image-preview:large","max-video-preview":"max-video-preview:-1"},"canonical":"https:\/\/aeronoticias.com.pe\/noticiero\/internacionales\/francisco-llama-a-reformar-la-iglesia-y-fija-sus-prioridades\/","og_locale":"es_ES","og_type":"article","og_title":"Francisco llama a reformar la Iglesia y fija sus prioridades","og_description":"Portal de noticias del Per\u00fa sobre el transporte a\u00e9reo, aviaci\u00f3n, turismo, hoteleria, actualidad.","og_url":"https:\/\/aeronoticias.com.pe\/noticiero\/internacionales\/francisco-llama-a-reformar-la-iglesia-y-fija-sus-prioridades\/","og_site_name":"Aeronoticias.com.pe","article_publisher":"https:\/\/www.facebook.com\/Aeronoticias.com.pe\/","article_published_time":"2013-11-27T04:07:50+00:00","author":"Redacci\u00f3n Aeronoticias","twitter_card":"summary_large_image","twitter_creator":"@aeronoticias","twitter_site":"@aeronoticias","twitter_misc":{"Escrito por":"Redacci\u00f3n Aeronoticias","Tiempo de lectura":"2 minutos"},"schema":{"@context":"https:\/\/schema.org","@graph":[{"@type":"WebPage","@id":"https:\/\/aeronoticias.com.pe\/noticiero\/internacionales\/francisco-llama-a-reformar-la-iglesia-y-fija-sus-prioridades\/","url":"https:\/\/aeronoticias.com.pe\/noticiero\/internacionales\/francisco-llama-a-reformar-la-iglesia-y-fija-sus-prioridades\/","name":"Francisco llama a reformar la Iglesia y fija sus prioridades","isPartOf":{"@id":"https:\/\/aeronoticias.com.pe\/noticiero\/#website"},"datePublished":"2013-11-27T04:07:50+00:00","author":{"@id":"https:\/\/aeronoticias.com.pe\/noticiero\/#\/schema\/person\/fc1e5d578f4b62ba1cf7ac2bba1170a0"},"description":"Portal de noticias del Per\u00fa sobre el transporte a\u00e9reo, aviaci\u00f3n, turismo, hoteleria, actualidad.","breadcrumb":{"@id":"https:\/\/aeronoticias.com.pe\/noticiero\/internacionales\/francisco-llama-a-reformar-la-iglesia-y-fija-sus-prioridades\/#breadcrumb"},"inLanguage":"es","potentialAction":[{"@type":"ReadAction","target":["https:\/\/aeronoticias.com.pe\/noticiero\/internacionales\/francisco-llama-a-reformar-la-iglesia-y-fija-sus-prioridades\/"]}]},{"@type":"BreadcrumbList","@id":"https:\/\/aeronoticias.com.pe\/noticiero\/internacionales\/francisco-llama-a-reformar-la-iglesia-y-fija-sus-prioridades\/#breadcrumb","itemListElement":[{"@type":"ListItem","position":1,"name":"Portada","item":"https:\/\/aeronoticias.com.pe\/noticiero\/"},{"@type":"ListItem","position":2,"name":"Francisco llama a reformar la Iglesia y fija sus prioridades"}]},{"@type":"WebSite","@id":"https:\/\/aeronoticias.com.pe\/noticiero\/#website","url":"https:\/\/aeronoticias.com.pe\/noticiero\/","name":"Aeronoticias.com.pe","description":"Noticias de tranporte aereo, turismo, hoteles, gastronomia, actualidad, internacional","potentialAction":[{"@type":"SearchAction","target":{"@type":"EntryPoint","urlTemplate":"https:\/\/aeronoticias.com.pe\/noticiero\/?s={search_term_string}"},"query-input":{"@type":"PropertyValueSpecification","valueRequired":true,"valueName":"search_term_string"}}],"inLanguage":"es"},{"@type":"Person","@id":"https:\/\/aeronoticias.com.pe\/noticiero\/#\/schema\/person\/fc1e5d578f4b62ba1cf7ac2bba1170a0","name":"Redacci\u00f3n Aeronoticias","url":"https:\/\/aeronoticias.com.pe\/noticiero\/author\/piloto\/"}]}},"_links":{"self":[{"href":"https:\/\/aeronoticias.com.pe\/noticiero\/wp-json\/wp\/v2\/posts\/41883","targetHints":{"allow":["GET"]}}],"collection":[{"href":"https:\/\/aeronoticias.com.pe\/noticiero\/wp-json\/wp\/v2\/posts"}],"about":[{"href":"https:\/\/aeronoticias.com.pe\/noticiero\/wp-json\/wp\/v2\/types\/post"}],"author":[{"embeddable":true,"href":"https:\/\/aeronoticias.com.pe\/noticiero\/wp-json\/wp\/v2\/users\/1"}],"replies":[{"embeddable":true,"href":"https:\/\/aeronoticias.com.pe\/noticiero\/wp-json\/wp\/v2\/comments?post=41883"}],"version-history":[{"count":0,"href":"https:\/\/aeronoticias.com.pe\/noticiero\/wp-json\/wp\/v2\/posts\/41883\/revisions"}],"wp:attachment":[{"href":"https:\/\/aeronoticias.com.pe\/noticiero\/wp-json\/wp\/v2\/media?parent=41883"}],"wp:term":[{"taxonomy":"category","embeddable":true,"href":"https:\/\/aeronoticias.com.pe\/noticiero\/wp-json\/wp\/v2\/categories?post=41883"},{"taxonomy":"post_tag","embeddable":true,"href":"https:\/\/aeronoticias.com.pe\/noticiero\/wp-json\/wp\/v2\/tags?post=41883"}],"curies":[{"name":"wp","href":"https:\/\/api.w.org\/{rel}","templated":true}]}}