{"id":41884,"date":"2013-11-27T04:35:12","date_gmt":"2013-11-27T04:35:12","guid":{"rendered":"http:\/\/desarrollo.mcvicious.com\/aero2020\/2013\/11\/27\/ninos-con-labio-leporino-seran-operados-sin-costo-alguno\/"},"modified":"2013-11-27T04:35:12","modified_gmt":"2013-11-27T04:35:12","slug":"ninos-con-labio-leporino-seran-operados-sin-costo-alguno","status":"publish","type":"post","link":"https:\/\/aeronoticias.com.pe\/noticiero\/salud\/ninos-con-labio-leporino-seran-operados-sin-costo-alguno\/","title":{"rendered":"Ni\u00f1os con labio leporino ser\u00e1n operados sin costo alguno"},"content":{"rendered":"<p style=\"text-align: justify;\"><strong>(Aeronoticias)<\/strong>.- M\u00e1s de 20 ni\u00f1os podr\u00e1n mejorar su calidad de vida e integrarse plenamente a las actividades propias de su edad, gracias a la IV Campa\u00f1a Quir\u00fargica Gratuita de Operaci\u00f3n de Labio Leporino y Paladar Hendido que realizar\u00e1 el Hospital de Emergencias Pedi\u00e1tricas del Ministerio de Salud (Minsa), entre el 2 y 6 de diciembre.<\/p>\n<p style=\"text-align: justify;\">La campa\u00f1a est\u00e1 dirigida a los menores de 18 a\u00f1os y atiende los casos que presentan fisura labial palatina, secuelas de quemaduras, as\u00ed como malformaciones en pies y manos, precis\u00f3 el jefe del servicio de cirug\u00eda y especialidades de ese nosocomio, Dr. Javier Pascual Zembo.<\/p>\n<p style=\"text-align: justify;\">Antes de las operaciones, el 30 de noviembre, de 8:00 a 12:00 horas, se efectuar\u00e1 la evaluaci\u00f3n m\u00e9dica que incluye ex\u00e1menes y an\u00e1lisis preoperatorios y evaluaci\u00f3n socioecon\u00f3mica, para la preselecci\u00f3n de los ni\u00f1os que ser\u00e1n intervenidos.<\/p>\n<p style=\"text-align: justify;\">Pascual Zembo detall\u00f3 que se apoyar\u00e1 con el seguimiento a cada paciente intervenido y se incluir\u00e1 la entrega de medicamentos. Los tratamientos ser\u00e1n financiados por el Seguro Integral de Salud (SIS) por tanto el d\u00eda de las evaluaciones las madres deben presentar el Documento Nacional de Identidad (DNI) del ni\u00f1o y su hoja de referencia de su centro de salud.<\/p>\n<p style=\"text-align: justify;\">El objetivo de la campa\u00f1a es mejorar la calidad de vida de los que padecen ese tipo de condici\u00f3n gen\u00e9tica y reinsertarlos completamente a la sociedad, debido a que la mayor\u00eda presenta baja autoestima que afecta su desarrollo personal.<\/p>\n<p style=\"text-align: justify;\">Con informaci\u00f3n de <span style=\"text-decoration: underline;\"><em><strong>Generaci\u00f3n<\/strong><\/em><\/span>.<\/p>\n<p style=\"text-align: justify;\"><img decoding=\"async\" src=\"images\/stories\/13\/11\/261113\/bebe.jpg\" border=\"0\" \/><\/p>\n","protected":false},"excerpt":{"rendered":"<p>(Aeronoticias).- M\u00e1s de 20 ni\u00f1os podr\u00e1n mejorar su calidad de vida e integrarse plenamente a las actividades propias de su edad, gracias a la IV Campa\u00f1a Quir\u00fargica Gratuita de Operaci\u00f3n de Labio Leporino y Paladar Hendido que realizar\u00e1 el Hospital de Emergencias Pedi\u00e1tricas del Ministerio de Salud (Minsa), entre el 2 y 6 de diciembre. [&hellip;]<\/p>\n","protected":false},"author":1,"featured_media":0,"comment_status":"open","ping_status":"open","sticky":false,"template":"","format":"standard","meta":{"tdm_status":"","tdm_grid_status":"","footnotes":""},"categories":[37],"tags":[],"class_list":{"0":"post-41884","1":"post","2":"type-post","3":"status-publish","4":"format-standard","6":"category-salud"},"yoast_head":"<!-- This site is optimized with the Yoast SEO plugin v25.1 - https:\/\/yoast.com\/wordpress\/plugins\/seo\/ -->\n<title>Ni\u00f1os con labio leporino ser\u00e1n operados sin costo alguno<\/title>\n<meta name=\"description\" content=\"Portal de noticias del Per\u00fa sobre el transporte a\u00e9reo, aviaci\u00f3n, turismo, hoteleria, actualidad.\" \/>\n<meta name=\"robots\" content=\"index, follow, max-snippet:-1, max-image-preview:large, max-video-preview:-1\" \/>\n<link rel=\"canonical\" href=\"https:\/\/aeronoticias.com.pe\/noticiero\/salud\/ninos-con-labio-leporino-seran-operados-sin-costo-alguno\/\" \/>\n<meta property=\"og:locale\" content=\"es_ES\" \/>\n<meta property=\"og:type\" content=\"article\" \/>\n<meta property=\"og:title\" content=\"Ni\u00f1os con labio leporino ser\u00e1n operados sin costo alguno\" \/>\n<meta property=\"og:description\" content=\"Portal de noticias del Per\u00fa sobre el transporte a\u00e9reo, aviaci\u00f3n, turismo, hoteleria, actualidad.\" \/>\n<meta property=\"og:url\" content=\"https:\/\/aeronoticias.com.pe\/noticiero\/salud\/ninos-con-labio-leporino-seran-operados-sin-costo-alguno\/\" \/>\n<meta property=\"og:site_name\" content=\"Aeronoticias.com.pe\" \/>\n<meta property=\"article:publisher\" content=\"https:\/\/www.facebook.com\/Aeronoticias.com.pe\/\" \/>\n<meta property=\"article:published_time\" content=\"2013-11-27T04:35:12+00:00\" \/>\n<meta name=\"author\" content=\"Redacci\u00f3n Aeronoticias\" \/>\n<meta name=\"twitter:card\" content=\"summary_large_image\" \/>\n<meta name=\"twitter:creator\" content=\"@aeronoticias\" \/>\n<meta name=\"twitter:site\" content=\"@aeronoticias\" \/>\n<meta name=\"twitter:label1\" content=\"Escrito por\" \/>\n\t<meta name=\"twitter:data1\" content=\"Redacci\u00f3n Aeronoticias\" \/>\n\t<meta name=\"twitter:label2\" content=\"Tiempo de lectura\" \/>\n\t<meta name=\"twitter:data2\" content=\"1 minuto\" \/>\n<script type=\"application\/ld+json\" class=\"yoast-schema-graph\">{\"@context\":\"https:\/\/schema.org\",\"@graph\":[{\"@type\":\"WebPage\",\"@id\":\"https:\/\/aeronoticias.com.pe\/noticiero\/salud\/ninos-con-labio-leporino-seran-operados-sin-costo-alguno\/\",\"url\":\"https:\/\/aeronoticias.com.pe\/noticiero\/salud\/ninos-con-labio-leporino-seran-operados-sin-costo-alguno\/\",\"name\":\"Ni\u00f1os con labio leporino ser\u00e1n operados sin costo alguno\",\"isPartOf\":{\"@id\":\"https:\/\/aeronoticias.com.pe\/noticiero\/#website\"},\"datePublished\":\"2013-11-27T04:35:12+00:00\",\"author\":{\"@id\":\"https:\/\/aeronoticias.com.pe\/noticiero\/#\/schema\/person\/fc1e5d578f4b62ba1cf7ac2bba1170a0\"},\"description\":\"Portal de noticias del Per\u00fa sobre el transporte a\u00e9reo, aviaci\u00f3n, turismo, hoteleria, actualidad.\",\"breadcrumb\":{\"@id\":\"https:\/\/aeronoticias.com.pe\/noticiero\/salud\/ninos-con-labio-leporino-seran-operados-sin-costo-alguno\/#breadcrumb\"},\"inLanguage\":\"es\",\"potentialAction\":[{\"@type\":\"ReadAction\",\"target\":[\"https:\/\/aeronoticias.com.pe\/noticiero\/salud\/ninos-con-labio-leporino-seran-operados-sin-costo-alguno\/\"]}]},{\"@type\":\"BreadcrumbList\",\"@id\":\"https:\/\/aeronoticias.com.pe\/noticiero\/salud\/ninos-con-labio-leporino-seran-operados-sin-costo-alguno\/#breadcrumb\",\"itemListElement\":[{\"@type\":\"ListItem\",\"position\":1,\"name\":\"Portada\",\"item\":\"https:\/\/aeronoticias.com.pe\/noticiero\/\"},{\"@type\":\"ListItem\",\"position\":2,\"name\":\"Ni\u00f1os con labio leporino ser\u00e1n operados sin costo alguno\"}]},{\"@type\":\"WebSite\",\"@id\":\"https:\/\/aeronoticias.com.pe\/noticiero\/#website\",\"url\":\"https:\/\/aeronoticias.com.pe\/noticiero\/\",\"name\":\"Aeronoticias.com.pe\",\"description\":\"Noticias de tranporte aereo, turismo, hoteles, gastronomia, actualidad, internacional\",\"potentialAction\":[{\"@type\":\"SearchAction\",\"target\":{\"@type\":\"EntryPoint\",\"urlTemplate\":\"https:\/\/aeronoticias.com.pe\/noticiero\/?s={search_term_string}\"},\"query-input\":{\"@type\":\"PropertyValueSpecification\",\"valueRequired\":true,\"valueName\":\"search_term_string\"}}],\"inLanguage\":\"es\"},{\"@type\":\"Person\",\"@id\":\"https:\/\/aeronoticias.com.pe\/noticiero\/#\/schema\/person\/fc1e5d578f4b62ba1cf7ac2bba1170a0\",\"name\":\"Redacci\u00f3n Aeronoticias\",\"url\":\"https:\/\/aeronoticias.com.pe\/noticiero\/author\/piloto\/\"}]}<\/script>\n<!-- \/ Yoast SEO plugin. -->","yoast_head_json":{"title":"Ni\u00f1os con labio leporino ser\u00e1n operados sin costo alguno","description":"Portal de noticias del Per\u00fa sobre el transporte a\u00e9reo, aviaci\u00f3n, turismo, hoteleria, actualidad.","robots":{"index":"index","follow":"follow","max-snippet":"max-snippet:-1","max-image-preview":"max-image-preview:large","max-video-preview":"max-video-preview:-1"},"canonical":"https:\/\/aeronoticias.com.pe\/noticiero\/salud\/ninos-con-labio-leporino-seran-operados-sin-costo-alguno\/","og_locale":"es_ES","og_type":"article","og_title":"Ni\u00f1os con labio leporino ser\u00e1n operados sin costo alguno","og_description":"Portal de noticias del Per\u00fa sobre el transporte a\u00e9reo, aviaci\u00f3n, turismo, hoteleria, actualidad.","og_url":"https:\/\/aeronoticias.com.pe\/noticiero\/salud\/ninos-con-labio-leporino-seran-operados-sin-costo-alguno\/","og_site_name":"Aeronoticias.com.pe","article_publisher":"https:\/\/www.facebook.com\/Aeronoticias.com.pe\/","article_published_time":"2013-11-27T04:35:12+00:00","author":"Redacci\u00f3n Aeronoticias","twitter_card":"summary_large_image","twitter_creator":"@aeronoticias","twitter_site":"@aeronoticias","twitter_misc":{"Escrito por":"Redacci\u00f3n Aeronoticias","Tiempo de lectura":"1 minuto"},"schema":{"@context":"https:\/\/schema.org","@graph":[{"@type":"WebPage","@id":"https:\/\/aeronoticias.com.pe\/noticiero\/salud\/ninos-con-labio-leporino-seran-operados-sin-costo-alguno\/","url":"https:\/\/aeronoticias.com.pe\/noticiero\/salud\/ninos-con-labio-leporino-seran-operados-sin-costo-alguno\/","name":"Ni\u00f1os con labio leporino ser\u00e1n operados sin costo alguno","isPartOf":{"@id":"https:\/\/aeronoticias.com.pe\/noticiero\/#website"},"datePublished":"2013-11-27T04:35:12+00:00","author":{"@id":"https:\/\/aeronoticias.com.pe\/noticiero\/#\/schema\/person\/fc1e5d578f4b62ba1cf7ac2bba1170a0"},"description":"Portal de noticias del Per\u00fa sobre el transporte a\u00e9reo, aviaci\u00f3n, turismo, hoteleria, actualidad.","breadcrumb":{"@id":"https:\/\/aeronoticias.com.pe\/noticiero\/salud\/ninos-con-labio-leporino-seran-operados-sin-costo-alguno\/#breadcrumb"},"inLanguage":"es","potentialAction":[{"@type":"ReadAction","target":["https:\/\/aeronoticias.com.pe\/noticiero\/salud\/ninos-con-labio-leporino-seran-operados-sin-costo-alguno\/"]}]},{"@type":"BreadcrumbList","@id":"https:\/\/aeronoticias.com.pe\/noticiero\/salud\/ninos-con-labio-leporino-seran-operados-sin-costo-alguno\/#breadcrumb","itemListElement":[{"@type":"ListItem","position":1,"name":"Portada","item":"https:\/\/aeronoticias.com.pe\/noticiero\/"},{"@type":"ListItem","position":2,"name":"Ni\u00f1os con labio leporino ser\u00e1n operados sin costo alguno"}]},{"@type":"WebSite","@id":"https:\/\/aeronoticias.com.pe\/noticiero\/#website","url":"https:\/\/aeronoticias.com.pe\/noticiero\/","name":"Aeronoticias.com.pe","description":"Noticias de tranporte aereo, turismo, hoteles, gastronomia, actualidad, internacional","potentialAction":[{"@type":"SearchAction","target":{"@type":"EntryPoint","urlTemplate":"https:\/\/aeronoticias.com.pe\/noticiero\/?s={search_term_string}"},"query-input":{"@type":"PropertyValueSpecification","valueRequired":true,"valueName":"search_term_string"}}],"inLanguage":"es"},{"@type":"Person","@id":"https:\/\/aeronoticias.com.pe\/noticiero\/#\/schema\/person\/fc1e5d578f4b62ba1cf7ac2bba1170a0","name":"Redacci\u00f3n Aeronoticias","url":"https:\/\/aeronoticias.com.pe\/noticiero\/author\/piloto\/"}]}},"_links":{"self":[{"href":"https:\/\/aeronoticias.com.pe\/noticiero\/wp-json\/wp\/v2\/posts\/41884","targetHints":{"allow":["GET"]}}],"collection":[{"href":"https:\/\/aeronoticias.com.pe\/noticiero\/wp-json\/wp\/v2\/posts"}],"about":[{"href":"https:\/\/aeronoticias.com.pe\/noticiero\/wp-json\/wp\/v2\/types\/post"}],"author":[{"embeddable":true,"href":"https:\/\/aeronoticias.com.pe\/noticiero\/wp-json\/wp\/v2\/users\/1"}],"replies":[{"embeddable":true,"href":"https:\/\/aeronoticias.com.pe\/noticiero\/wp-json\/wp\/v2\/comments?post=41884"}],"version-history":[{"count":0,"href":"https:\/\/aeronoticias.com.pe\/noticiero\/wp-json\/wp\/v2\/posts\/41884\/revisions"}],"wp:attachment":[{"href":"https:\/\/aeronoticias.com.pe\/noticiero\/wp-json\/wp\/v2\/media?parent=41884"}],"wp:term":[{"taxonomy":"category","embeddable":true,"href":"https:\/\/aeronoticias.com.pe\/noticiero\/wp-json\/wp\/v2\/categories?post=41884"},{"taxonomy":"post_tag","embeddable":true,"href":"https:\/\/aeronoticias.com.pe\/noticiero\/wp-json\/wp\/v2\/tags?post=41884"}],"curies":[{"name":"wp","href":"https:\/\/api.w.org\/{rel}","templated":true}]}}