{"id":41885,"date":"2013-11-27T04:51:48","date_gmt":"2013-11-27T04:51:48","guid":{"rendered":"http:\/\/desarrollo.mcvicious.com\/aero2020\/2013\/11\/27\/dos-millones-de-adolescentes-viven-con-el-vih-y-crece-la-mortalidad-entre-ellos\/"},"modified":"2013-11-27T04:51:48","modified_gmt":"2013-11-27T04:51:48","slug":"dos-millones-de-adolescentes-viven-con-el-vih-y-crece-la-mortalidad-entre-ellos","status":"publish","type":"post","link":"https:\/\/aeronoticias.com.pe\/noticiero\/salud\/dos-millones-de-adolescentes-viven-con-el-vih-y-crece-la-mortalidad-entre-ellos\/","title":{"rendered":"Dos millones de adolescentes viven con el VIH y crece la mortalidad entre ellos"},"content":{"rendered":"<p style=\"margin: 0px; border: 0px; padding: 0px 0px 1em; color: #000000; font-family: Arial, sans-serif; font-size: 13px; line-height: 18px; text-align: justify;\"><strong>(Aeronoticias)<\/strong>.- M\u00e1s de dos millones de adolescentes en todo el mundo viven con el virus del VIH y la mayor\u00eda de ellos no recibe un tratamiento adecuado, lo que ha motivado que la mortalidad en este grupo de poblaci\u00f3n aumente un 50 % entre 2005 y 2012.<\/p>\n<p style=\"margin: 0px; border: 0px; padding: 0px 0px 1em; color: #000000; font-family: Arial, sans-serif; font-size: 13px; line-height: 18px; text-align: justify;\">Este alarmante dato llama m\u00e1s la atenci\u00f3n si se compara con el descenso generalizado de la mortalidad por el Virus de Inmunodeficiencia Humana (VIH) en un 30 % en todos los grupos de edad desde 2005, seg\u00fan datos divulgados hoy por la Organizaci\u00f3n Mundial de la Salud (OMS).<\/p>\n<p style=\"margin: 0px; border: 0px; padding: 0px 0px 1em; color: #000000; font-family: Arial, sans-serif; font-size: 13px; line-height: 18px; text-align: justify;\">Ante la celebraci\u00f3n del D\u00eda Mundial contra el Sida, el pr\u00f3ximo 1 de diciembre, la OMS ha lanzado por primera vez una gu\u00eda con recomendaciones encaminadas a prevenir el VIH entre adolescentes y evitar as\u00ed nuevas transmisiones del virus, ya que millones de adolescentes corren el riesgo de infectarse.<\/p>\n<p style=\"margin: 0px; border: 0px; padding: 0px 0px 1em; color: #000000; font-family: Arial, sans-serif; font-size: 13px; line-height: 18px; text-align: justify;\">La cifra de adolescentes con VIH se increment\u00f3 en un 40 % de 2001 a 2012, periodo en el que se pas\u00f3 de 1,5 millones de infectados de entre 10 y 19 a\u00f1os a 2,1 millones, y el n\u00famero de muertes por VIH entre ellos casi se triplic\u00f3, al pasar de 38.000 en 2001 a 107.000 el pasado a\u00f1o.<\/p>\n<p style=\"margin: 0px; border: 0px; padding: 0px 0px 1em; color: #000000; font-family: Arial, sans-serif; font-size: 13px; line-height: 18px; text-align: justify;\">Sin embargo, en ese mismo periodo, el n\u00famero de seropositivos entre j\u00f3venes adultos (de 20 y 24 a\u00f1os) disminuy\u00f3 un 25 %, al pasar de los 4,4 millones de 2001 a 3,3 millones en 2012; mientras que la mortandad se redujo en un 34 %, desde las 73.000 muertes de 2001 a las 48.000 de 2012.<\/p>\n<p style=\"margin: 0px; border: 0px; padding: 0px 0px 1em; color: #000000; font-family: Arial, sans-serif; font-size: 13px; line-height: 18px; text-align: justify;\">Seg\u00fan la OMS, una s\u00e9ptima parte de las nuevas infecciones por VIH en todo el mundo se producen durante la adolescencia y, a menudo, las personas afectadas no conocen su problema.<\/p>\n<p style=\"margin: 0px; border: 0px; padding: 0px 0px 1em; color: #000000; font-family: Arial, sans-serif; font-size: 13px; line-height: 18px; text-align: justify;\">Por ejemplo, en el \u00c1frica Subsahariana, se estima que s\u00f3lo el 10 % de los chicos de entre 15 y 25 a\u00f1os y un 15 % entre las chicas de esa edad son conscientes su condici\u00f3n de seropositivos.<\/p>\n<p style=\"margin: 0px; border: 0px; padding: 0px 0px 1em; color: #000000; font-family: Arial, sans-serif; font-size: 13px; line-height: 18px; text-align: justify;\">En esta zona, una de las m\u00e1s afectadas del mundo por la epidemia de sida, muchos de los beb\u00e9s que nacieron la pasada d\u00e9cada infectados son ahora adolescentes, \u00abque viven los cambios asociados a esta etapa con el reto adicional de una enfermedad cr\u00f3nica\u00bb, seg\u00fan el director del departamento del Sida\/VIH del la OMS, Gottfried Hirnschall.<\/p>\n<p style=\"margin: 0px; border: 0px; padding: 0px 0px 1em; color: #000000; font-family: Arial, sans-serif; font-size: 13px; line-height: 18px; text-align: justify;\">\u00abLos adolescentes afrontan presiones sociales y emocionales dif\u00edciles, y a menudo confusas, mientras pasan de ni\u00f1os a adultos, por lo que precisan servicios m\u00e9dicos de prevenci\u00f3n de VIH adaptados a su situaci\u00f3n\u00bb, precis\u00f3.<\/p>\n<p style=\"margin: 0px; border: 0px; padding: 0px 0px 1em; color: #000000; font-family: Arial, sans-serif; font-size: 13px; line-height: 18px; text-align: justify;\">Seg\u00fan explic\u00f3, los adolescentes tienen menos posibilidades de ser sometidos a las pruebas del VIH que los adultos y necesitan m\u00e1s ayuda para vigilar su salud y seguir con compromiso un tratamiento antirretroviral.<\/p>\n<p style=\"margin: 0px; border: 0px; padding: 0px 0px 1em; color: #000000; font-family: Arial, sans-serif; font-size: 13px; line-height: 18px; text-align: justify;\">Entre los adolescentes, las chicas, los chicos que mantienen relaciones sexuales con otros hombres, los que se inyectan drogas o las personas v\u00edctimas de explotaci\u00f3n sexual son los colectivos con mayor riesgo de contagio por VIH.<\/p>\n<p style=\"margin: 0px; border: 0px; padding: 0px 0px 1em; color: #000000; font-family: Arial, sans-serif; font-size: 13px; line-height: 18px; text-align: justify;\">\u00ab\u00c9stos sufren muchas barreras, como leyes discriminatorias, desigualdad y estigmatizaci\u00f3n que les impiden acceder a los servicios m\u00e9dicos b\u00e1sicos para detectar, prevenir y tratar el VIH\u00bb, denunci\u00f3, por su parte, el jefe de los programas de VIH del Fondo de Naciones Unidas para la Infancia (UNICEF), Craig McClure.<\/p>\n<p style=\"margin: 0px; border: 0px; padding: 0px 0px 1em; color: #000000; font-family: Arial, sans-serif; font-size: 13px; line-height: 18px; text-align: justify;\">\u00abA menos que retiremos estas barreras, el sue\u00f1o de una generaci\u00f3n libre de sida ser\u00e1 inalcanzable\u00bb, subray\u00f3.<\/p>\n<p style=\"margin: 0px; border: 0px; padding: 0px 0px 1em; color: #000000; font-family: Arial, sans-serif; font-size: 13px; line-height: 18px; text-align: justify;\">Por ello, la OMS y otras agencias de Naciones Unidas han recomendado a los gobiernos que revisen sus leyes para facilitar a los adolescentes el acceso a las pruebas del VIH sin necesidad de consentimiento paterno, adem\u00e1s de sugerirles maneras para mejorar la calidad de estos servicios de prevenci\u00f3n y apoyo a este colectivo.<\/p>\n<p style=\"margin: 0px; border: 0px; padding: 0px 0px 1em; color: #000000; font-family: Arial, sans-serif; font-size: 13px; line-height: 18px; text-align: justify;\">Tambi\u00e9n proponen que se incluya a los adolescentes en la toma de decisiones al respecto, para lograr una nueva aproximaci\u00f3n a la prevenci\u00f3n del VIH que se adec\u00fae a las necesidades de las personas de esa edad; aspecto en el que destacaron el caso de Zimbabue como \u00abbuen ejemplo\u00bb.<\/p>\n<p style=\"margin: 0px; border: 0px; padding: 0px 0px 1em; color: #000000; font-family: Arial, sans-serif; font-size: 13px; line-height: 18px; text-align: justify;\">Con informaci\u00f3n de <span style=\"text-decoration: underline;\"><em><strong>EFE<\/strong><\/em><\/span>.<\/p>\n<p style=\"margin: 0px; border: 0px; padding: 0px 0px 1em; color: #000000; font-family: Arial, sans-serif; font-size: 13px; line-height: 18px; text-align: justify;\"><img decoding=\"async\" src=\"images\/stories\/13\/11\/261113\/sid.jpg\" border=\"0\" \/><\/p>\n","protected":false},"excerpt":{"rendered":"<p>(Aeronoticias).- M\u00e1s de dos millones de adolescentes en todo el mundo viven con el virus del VIH y la mayor\u00eda de ellos no recibe un tratamiento adecuado, lo que ha motivado que la mortalidad en este grupo de poblaci\u00f3n aumente un 50 % entre 2005 y 2012. Este alarmante dato llama m\u00e1s la atenci\u00f3n si [&hellip;]<\/p>\n","protected":false},"author":1,"featured_media":0,"comment_status":"open","ping_status":"open","sticky":false,"template":"","format":"standard","meta":{"tdm_status":"","tdm_grid_status":"","footnotes":""},"categories":[37],"tags":[],"class_list":{"0":"post-41885","1":"post","2":"type-post","3":"status-publish","4":"format-standard","6":"category-salud"},"yoast_head":"<!-- This site is optimized with the Yoast SEO plugin v25.1 - https:\/\/yoast.com\/wordpress\/plugins\/seo\/ -->\n<title>Dos millones de adolescentes viven con el VIH y crece la mortalidad entre ellos<\/title>\n<meta name=\"description\" content=\"Portal de noticias del Per\u00fa sobre el transporte a\u00e9reo, aviaci\u00f3n, turismo, hoteleria, actualidad.\" \/>\n<meta name=\"robots\" content=\"index, follow, max-snippet:-1, max-image-preview:large, max-video-preview:-1\" \/>\n<link rel=\"canonical\" href=\"https:\/\/aeronoticias.com.pe\/noticiero\/salud\/dos-millones-de-adolescentes-viven-con-el-vih-y-crece-la-mortalidad-entre-ellos\/\" \/>\n<meta property=\"og:locale\" content=\"es_ES\" \/>\n<meta property=\"og:type\" content=\"article\" \/>\n<meta property=\"og:title\" content=\"Dos millones de adolescentes viven con el VIH y crece la mortalidad entre ellos\" \/>\n<meta property=\"og:description\" content=\"Portal de noticias del Per\u00fa sobre el transporte a\u00e9reo, aviaci\u00f3n, turismo, hoteleria, actualidad.\" \/>\n<meta property=\"og:url\" content=\"https:\/\/aeronoticias.com.pe\/noticiero\/salud\/dos-millones-de-adolescentes-viven-con-el-vih-y-crece-la-mortalidad-entre-ellos\/\" \/>\n<meta property=\"og:site_name\" content=\"Aeronoticias.com.pe\" \/>\n<meta property=\"article:publisher\" content=\"https:\/\/www.facebook.com\/Aeronoticias.com.pe\/\" \/>\n<meta property=\"article:published_time\" content=\"2013-11-27T04:51:48+00:00\" \/>\n<meta name=\"author\" content=\"Redacci\u00f3n Aeronoticias\" \/>\n<meta name=\"twitter:card\" content=\"summary_large_image\" \/>\n<meta name=\"twitter:creator\" content=\"@aeronoticias\" \/>\n<meta name=\"twitter:site\" content=\"@aeronoticias\" \/>\n<meta name=\"twitter:label1\" content=\"Escrito por\" \/>\n\t<meta name=\"twitter:data1\" content=\"Redacci\u00f3n Aeronoticias\" \/>\n\t<meta name=\"twitter:label2\" content=\"Tiempo de lectura\" \/>\n\t<meta name=\"twitter:data2\" content=\"3 minutos\" \/>\n<script type=\"application\/ld+json\" class=\"yoast-schema-graph\">{\"@context\":\"https:\/\/schema.org\",\"@graph\":[{\"@type\":\"WebPage\",\"@id\":\"https:\/\/aeronoticias.com.pe\/noticiero\/salud\/dos-millones-de-adolescentes-viven-con-el-vih-y-crece-la-mortalidad-entre-ellos\/\",\"url\":\"https:\/\/aeronoticias.com.pe\/noticiero\/salud\/dos-millones-de-adolescentes-viven-con-el-vih-y-crece-la-mortalidad-entre-ellos\/\",\"name\":\"Dos millones de adolescentes viven con el VIH y crece la mortalidad entre ellos\",\"isPartOf\":{\"@id\":\"https:\/\/aeronoticias.com.pe\/noticiero\/#website\"},\"datePublished\":\"2013-11-27T04:51:48+00:00\",\"author\":{\"@id\":\"https:\/\/aeronoticias.com.pe\/noticiero\/#\/schema\/person\/fc1e5d578f4b62ba1cf7ac2bba1170a0\"},\"description\":\"Portal de noticias del Per\u00fa sobre el transporte a\u00e9reo, aviaci\u00f3n, turismo, hoteleria, actualidad.\",\"breadcrumb\":{\"@id\":\"https:\/\/aeronoticias.com.pe\/noticiero\/salud\/dos-millones-de-adolescentes-viven-con-el-vih-y-crece-la-mortalidad-entre-ellos\/#breadcrumb\"},\"inLanguage\":\"es\",\"potentialAction\":[{\"@type\":\"ReadAction\",\"target\":[\"https:\/\/aeronoticias.com.pe\/noticiero\/salud\/dos-millones-de-adolescentes-viven-con-el-vih-y-crece-la-mortalidad-entre-ellos\/\"]}]},{\"@type\":\"BreadcrumbList\",\"@id\":\"https:\/\/aeronoticias.com.pe\/noticiero\/salud\/dos-millones-de-adolescentes-viven-con-el-vih-y-crece-la-mortalidad-entre-ellos\/#breadcrumb\",\"itemListElement\":[{\"@type\":\"ListItem\",\"position\":1,\"name\":\"Portada\",\"item\":\"https:\/\/aeronoticias.com.pe\/noticiero\/\"},{\"@type\":\"ListItem\",\"position\":2,\"name\":\"Dos millones de adolescentes viven con el VIH y crece la mortalidad entre ellos\"}]},{\"@type\":\"WebSite\",\"@id\":\"https:\/\/aeronoticias.com.pe\/noticiero\/#website\",\"url\":\"https:\/\/aeronoticias.com.pe\/noticiero\/\",\"name\":\"Aeronoticias.com.pe\",\"description\":\"Noticias de tranporte aereo, turismo, hoteles, gastronomia, actualidad, internacional\",\"potentialAction\":[{\"@type\":\"SearchAction\",\"target\":{\"@type\":\"EntryPoint\",\"urlTemplate\":\"https:\/\/aeronoticias.com.pe\/noticiero\/?s={search_term_string}\"},\"query-input\":{\"@type\":\"PropertyValueSpecification\",\"valueRequired\":true,\"valueName\":\"search_term_string\"}}],\"inLanguage\":\"es\"},{\"@type\":\"Person\",\"@id\":\"https:\/\/aeronoticias.com.pe\/noticiero\/#\/schema\/person\/fc1e5d578f4b62ba1cf7ac2bba1170a0\",\"name\":\"Redacci\u00f3n Aeronoticias\",\"url\":\"https:\/\/aeronoticias.com.pe\/noticiero\/author\/piloto\/\"}]}<\/script>\n<!-- \/ Yoast SEO plugin. -->","yoast_head_json":{"title":"Dos millones de adolescentes viven con el VIH y crece la mortalidad entre ellos","description":"Portal de noticias del Per\u00fa sobre el transporte a\u00e9reo, aviaci\u00f3n, turismo, hoteleria, actualidad.","robots":{"index":"index","follow":"follow","max-snippet":"max-snippet:-1","max-image-preview":"max-image-preview:large","max-video-preview":"max-video-preview:-1"},"canonical":"https:\/\/aeronoticias.com.pe\/noticiero\/salud\/dos-millones-de-adolescentes-viven-con-el-vih-y-crece-la-mortalidad-entre-ellos\/","og_locale":"es_ES","og_type":"article","og_title":"Dos millones de adolescentes viven con el VIH y crece la mortalidad entre ellos","og_description":"Portal de noticias del Per\u00fa sobre el transporte a\u00e9reo, aviaci\u00f3n, turismo, hoteleria, actualidad.","og_url":"https:\/\/aeronoticias.com.pe\/noticiero\/salud\/dos-millones-de-adolescentes-viven-con-el-vih-y-crece-la-mortalidad-entre-ellos\/","og_site_name":"Aeronoticias.com.pe","article_publisher":"https:\/\/www.facebook.com\/Aeronoticias.com.pe\/","article_published_time":"2013-11-27T04:51:48+00:00","author":"Redacci\u00f3n Aeronoticias","twitter_card":"summary_large_image","twitter_creator":"@aeronoticias","twitter_site":"@aeronoticias","twitter_misc":{"Escrito por":"Redacci\u00f3n Aeronoticias","Tiempo de lectura":"3 minutos"},"schema":{"@context":"https:\/\/schema.org","@graph":[{"@type":"WebPage","@id":"https:\/\/aeronoticias.com.pe\/noticiero\/salud\/dos-millones-de-adolescentes-viven-con-el-vih-y-crece-la-mortalidad-entre-ellos\/","url":"https:\/\/aeronoticias.com.pe\/noticiero\/salud\/dos-millones-de-adolescentes-viven-con-el-vih-y-crece-la-mortalidad-entre-ellos\/","name":"Dos millones de adolescentes viven con el VIH y crece la mortalidad entre ellos","isPartOf":{"@id":"https:\/\/aeronoticias.com.pe\/noticiero\/#website"},"datePublished":"2013-11-27T04:51:48+00:00","author":{"@id":"https:\/\/aeronoticias.com.pe\/noticiero\/#\/schema\/person\/fc1e5d578f4b62ba1cf7ac2bba1170a0"},"description":"Portal de noticias del Per\u00fa sobre el transporte a\u00e9reo, aviaci\u00f3n, turismo, hoteleria, actualidad.","breadcrumb":{"@id":"https:\/\/aeronoticias.com.pe\/noticiero\/salud\/dos-millones-de-adolescentes-viven-con-el-vih-y-crece-la-mortalidad-entre-ellos\/#breadcrumb"},"inLanguage":"es","potentialAction":[{"@type":"ReadAction","target":["https:\/\/aeronoticias.com.pe\/noticiero\/salud\/dos-millones-de-adolescentes-viven-con-el-vih-y-crece-la-mortalidad-entre-ellos\/"]}]},{"@type":"BreadcrumbList","@id":"https:\/\/aeronoticias.com.pe\/noticiero\/salud\/dos-millones-de-adolescentes-viven-con-el-vih-y-crece-la-mortalidad-entre-ellos\/#breadcrumb","itemListElement":[{"@type":"ListItem","position":1,"name":"Portada","item":"https:\/\/aeronoticias.com.pe\/noticiero\/"},{"@type":"ListItem","position":2,"name":"Dos millones de adolescentes viven con el VIH y crece la mortalidad entre ellos"}]},{"@type":"WebSite","@id":"https:\/\/aeronoticias.com.pe\/noticiero\/#website","url":"https:\/\/aeronoticias.com.pe\/noticiero\/","name":"Aeronoticias.com.pe","description":"Noticias de tranporte aereo, turismo, hoteles, gastronomia, actualidad, internacional","potentialAction":[{"@type":"SearchAction","target":{"@type":"EntryPoint","urlTemplate":"https:\/\/aeronoticias.com.pe\/noticiero\/?s={search_term_string}"},"query-input":{"@type":"PropertyValueSpecification","valueRequired":true,"valueName":"search_term_string"}}],"inLanguage":"es"},{"@type":"Person","@id":"https:\/\/aeronoticias.com.pe\/noticiero\/#\/schema\/person\/fc1e5d578f4b62ba1cf7ac2bba1170a0","name":"Redacci\u00f3n Aeronoticias","url":"https:\/\/aeronoticias.com.pe\/noticiero\/author\/piloto\/"}]}},"_links":{"self":[{"href":"https:\/\/aeronoticias.com.pe\/noticiero\/wp-json\/wp\/v2\/posts\/41885","targetHints":{"allow":["GET"]}}],"collection":[{"href":"https:\/\/aeronoticias.com.pe\/noticiero\/wp-json\/wp\/v2\/posts"}],"about":[{"href":"https:\/\/aeronoticias.com.pe\/noticiero\/wp-json\/wp\/v2\/types\/post"}],"author":[{"embeddable":true,"href":"https:\/\/aeronoticias.com.pe\/noticiero\/wp-json\/wp\/v2\/users\/1"}],"replies":[{"embeddable":true,"href":"https:\/\/aeronoticias.com.pe\/noticiero\/wp-json\/wp\/v2\/comments?post=41885"}],"version-history":[{"count":0,"href":"https:\/\/aeronoticias.com.pe\/noticiero\/wp-json\/wp\/v2\/posts\/41885\/revisions"}],"wp:attachment":[{"href":"https:\/\/aeronoticias.com.pe\/noticiero\/wp-json\/wp\/v2\/media?parent=41885"}],"wp:term":[{"taxonomy":"category","embeddable":true,"href":"https:\/\/aeronoticias.com.pe\/noticiero\/wp-json\/wp\/v2\/categories?post=41885"},{"taxonomy":"post_tag","embeddable":true,"href":"https:\/\/aeronoticias.com.pe\/noticiero\/wp-json\/wp\/v2\/tags?post=41885"}],"curies":[{"name":"wp","href":"https:\/\/api.w.org\/{rel}","templated":true}]}}