{"id":41887,"date":"2013-11-27T15:12:25","date_gmt":"2013-11-27T15:12:25","guid":{"rendered":"http:\/\/desarrollo.mcvicious.com\/aero2020\/2013\/11\/27\/vueling-la-mejor-aerolinea-de-europa-en-2013\/"},"modified":"2013-11-27T15:12:25","modified_gmt":"2013-11-27T15:12:25","slug":"vueling-la-mejor-aerolinea-de-europa-en-2013","status":"publish","type":"post","link":"https:\/\/aeronoticias.com.pe\/noticiero\/transporte-aereo\/internacional\/vueling-la-mejor-aerolinea-de-europa-en-2013\/","title":{"rendered":"Vueling, la mejor aerol\u00ednea de Europa en 2013"},"content":{"rendered":"<p><img decoding=\"async\" src=\"images\/stories\/aero220.jpg\" border=\"0\" \/><\/p>\n<p style=\"text-align: justify;\"><strong>(Aeronoticias)<\/strong>.- Vueling recibi\u00f3 ayer, en una ceremonia celebrada en \u00c1msterdam, el premio a la Excelencia como Regional Airline of the Year de 2013. El premio, que se concede a la aerol\u00ednea que ha tenido el impacto m\u00e1s significativo en el mercado en t\u00e9rminos de liderazgo estrat\u00e9gico e innovaci\u00f3n en la regi\u00f3n de Europa, ha sido otorgado por CAPA, proveedor l\u00edder en servicios de inteligencia, an\u00e1lisis y datos de mercado para la aviaci\u00f3n con base en Sydney.<\/p>\n<p style=\"text-align: justify;\">La compa\u00f1\u00eda ha sido premiada por ser un referente en el sector demostrando su capacidad de innovar en todas sus \u00e1reas y crecer de forma rentable. En los \u00faltimos a\u00f1os, Vueling ha marcado tendencia en el sector desarrollando nuevas l\u00edneas de negocio para una compa\u00f1\u00eda low cost.<\/p>\n<p style=\"text-align: justify;\">As\u00ed lo demuestra la integraci\u00f3n completa en GDS (el canal de ventas que utilizan las agencias de viaje), los acuerdos de c\u00f3digo compartido con otras aerol\u00edneas, la operaci\u00f3n de vuelos en conexi\u00f3n, as\u00ed como la creaci\u00f3n de la clase business denominada \u201cExcellence\u201d, cuya tarifa incluye todos los servicios m\u00e1s demandados por el pasajero de negocios, como el embarque preferente, el servicio de catering incluido, y el acceso por el carril r\u00e1pido del aeropuerto.<\/p>\n<p style=\"text-align: justify;\">La aerol\u00ednea tambi\u00e9n se ha diferenciado por su relaci\u00f3n cercana y participativa con sus clientes. Desde sus inicios, los pasajeros de Vueling son protagonistas en muchas de las campa\u00f1as de marketing y acciones especiales que organiza la compa\u00f1\u00eda. Actualmente, el cliente est\u00e1 cada vez m\u00e1s presente en la toma de decisiones y se interact\u00faa con \u00e9l de forma continua y monitorizada a trav\u00e9s de los canales 2.0. con el doble objetivo de ofrecer un mejor servicio y de incrementar el grado de identificaci\u00f3n con la empresa.<\/p>\n<p style=\"text-align: justify;\">Adem\u00e1s, Vueling ha logrado evolucionar con un modelo de negocio que ofrece una experiencia de vuelo basada en los m\u00e1s altos est\u00e1ndares de seguridad y calidad certificados por la Asociaci\u00f3n de Transporte Internacional IATA (IOSA). Todo ello, manteniendo una estructura de costes eficiente gracias a una cultura de control, que incluye iniciativas internas espec\u00edficas para todas las \u00e1reas de la compa\u00f1\u00eda.<\/p>\n<p style=\"text-align: justify;\">Seg\u00fan Alex Cruz, Presidente y CEO de Vueling \u201cLa clave del \u00e9xito del modelo de Vueling radica en tener la segunda estructura de costes m\u00e1s baja de Europa, ofrecer un producto similar al que tienen las aerol\u00edneas tradicionales a precios competitivos, y contar con un equipo s\u00f3lido y comprometido capaz de innovar y marcar nuevas tendencias en el sector\u201d.<\/p>\n<p style=\"text-align: justify;\">\u00a0<\/p>\n<p style=\"text-align: justify;\">Fuente: <strong>Aerotendencias<\/strong><\/p>\n<p style=\"text-align: justify;\">Foto: <strong>static.hosteltur<\/strong><\/p>\n<div><\/div>\n","protected":false},"excerpt":{"rendered":"<p>(Aeronoticias).- Vueling recibi\u00f3 ayer, en una ceremonia celebrada en \u00c1msterdam, el premio a la Excelencia como Regional Airline of the Year de 2013. El premio, que se concede a la aerol\u00ednea que ha tenido el impacto m\u00e1s significativo en el mercado en t\u00e9rminos de liderazgo estrat\u00e9gico e innovaci\u00f3n en la regi\u00f3n de Europa, ha sido [&hellip;]<\/p>\n","protected":false},"author":1,"featured_media":0,"comment_status":"open","ping_status":"open","sticky":false,"template":"","format":"standard","meta":{"tdm_status":"","tdm_grid_status":"","footnotes":""},"categories":[32],"tags":[],"class_list":{"0":"post-41887","1":"post","2":"type-post","3":"status-publish","4":"format-standard","6":"category-internacional"},"yoast_head":"<!-- This site is optimized with the Yoast SEO plugin v25.1 - https:\/\/yoast.com\/wordpress\/plugins\/seo\/ -->\n<title>Vueling, la mejor aerol\u00ednea de Europa en 2013<\/title>\n<meta name=\"description\" content=\"Portal de noticias del Per\u00fa sobre el transporte a\u00e9reo, aviaci\u00f3n, turismo, hoteleria, actualidad.\" \/>\n<meta name=\"robots\" content=\"index, follow, max-snippet:-1, max-image-preview:large, max-video-preview:-1\" \/>\n<link rel=\"canonical\" href=\"https:\/\/aeronoticias.com.pe\/noticiero\/transporte-aereo\/internacional\/vueling-la-mejor-aerolinea-de-europa-en-2013\/\" \/>\n<meta property=\"og:locale\" content=\"es_ES\" \/>\n<meta property=\"og:type\" content=\"article\" \/>\n<meta property=\"og:title\" content=\"Vueling, la mejor aerol\u00ednea de Europa en 2013\" \/>\n<meta property=\"og:description\" content=\"Portal de noticias del Per\u00fa sobre el transporte a\u00e9reo, aviaci\u00f3n, turismo, hoteleria, actualidad.\" \/>\n<meta property=\"og:url\" content=\"https:\/\/aeronoticias.com.pe\/noticiero\/transporte-aereo\/internacional\/vueling-la-mejor-aerolinea-de-europa-en-2013\/\" \/>\n<meta property=\"og:site_name\" content=\"Aeronoticias.com.pe\" \/>\n<meta property=\"article:publisher\" content=\"https:\/\/www.facebook.com\/Aeronoticias.com.pe\/\" \/>\n<meta property=\"article:published_time\" content=\"2013-11-27T15:12:25+00:00\" \/>\n<meta name=\"author\" content=\"Redacci\u00f3n Aeronoticias\" \/>\n<meta name=\"twitter:card\" content=\"summary_large_image\" \/>\n<meta name=\"twitter:creator\" content=\"@aeronoticias\" \/>\n<meta name=\"twitter:site\" content=\"@aeronoticias\" \/>\n<meta name=\"twitter:label1\" content=\"Escrito por\" \/>\n\t<meta name=\"twitter:data1\" content=\"Redacci\u00f3n Aeronoticias\" \/>\n\t<meta name=\"twitter:label2\" content=\"Tiempo de lectura\" \/>\n\t<meta name=\"twitter:data2\" content=\"2 minutos\" \/>\n<script type=\"application\/ld+json\" class=\"yoast-schema-graph\">{\"@context\":\"https:\/\/schema.org\",\"@graph\":[{\"@type\":\"WebPage\",\"@id\":\"https:\/\/aeronoticias.com.pe\/noticiero\/transporte-aereo\/internacional\/vueling-la-mejor-aerolinea-de-europa-en-2013\/\",\"url\":\"https:\/\/aeronoticias.com.pe\/noticiero\/transporte-aereo\/internacional\/vueling-la-mejor-aerolinea-de-europa-en-2013\/\",\"name\":\"Vueling, la mejor aerol\u00ednea de Europa en 2013\",\"isPartOf\":{\"@id\":\"https:\/\/aeronoticias.com.pe\/noticiero\/#website\"},\"datePublished\":\"2013-11-27T15:12:25+00:00\",\"author\":{\"@id\":\"https:\/\/aeronoticias.com.pe\/noticiero\/#\/schema\/person\/fc1e5d578f4b62ba1cf7ac2bba1170a0\"},\"description\":\"Portal de noticias del Per\u00fa sobre el transporte a\u00e9reo, aviaci\u00f3n, turismo, hoteleria, actualidad.\",\"breadcrumb\":{\"@id\":\"https:\/\/aeronoticias.com.pe\/noticiero\/transporte-aereo\/internacional\/vueling-la-mejor-aerolinea-de-europa-en-2013\/#breadcrumb\"},\"inLanguage\":\"es\",\"potentialAction\":[{\"@type\":\"ReadAction\",\"target\":[\"https:\/\/aeronoticias.com.pe\/noticiero\/transporte-aereo\/internacional\/vueling-la-mejor-aerolinea-de-europa-en-2013\/\"]}]},{\"@type\":\"BreadcrumbList\",\"@id\":\"https:\/\/aeronoticias.com.pe\/noticiero\/transporte-aereo\/internacional\/vueling-la-mejor-aerolinea-de-europa-en-2013\/#breadcrumb\",\"itemListElement\":[{\"@type\":\"ListItem\",\"position\":1,\"name\":\"Portada\",\"item\":\"https:\/\/aeronoticias.com.pe\/noticiero\/\"},{\"@type\":\"ListItem\",\"position\":2,\"name\":\"Vueling, la mejor aerol\u00ednea de Europa en 2013\"}]},{\"@type\":\"WebSite\",\"@id\":\"https:\/\/aeronoticias.com.pe\/noticiero\/#website\",\"url\":\"https:\/\/aeronoticias.com.pe\/noticiero\/\",\"name\":\"Aeronoticias.com.pe\",\"description\":\"Noticias de tranporte aereo, turismo, hoteles, gastronomia, actualidad, internacional\",\"potentialAction\":[{\"@type\":\"SearchAction\",\"target\":{\"@type\":\"EntryPoint\",\"urlTemplate\":\"https:\/\/aeronoticias.com.pe\/noticiero\/?s={search_term_string}\"},\"query-input\":{\"@type\":\"PropertyValueSpecification\",\"valueRequired\":true,\"valueName\":\"search_term_string\"}}],\"inLanguage\":\"es\"},{\"@type\":\"Person\",\"@id\":\"https:\/\/aeronoticias.com.pe\/noticiero\/#\/schema\/person\/fc1e5d578f4b62ba1cf7ac2bba1170a0\",\"name\":\"Redacci\u00f3n Aeronoticias\",\"url\":\"https:\/\/aeronoticias.com.pe\/noticiero\/author\/piloto\/\"}]}<\/script>\n<!-- \/ Yoast SEO plugin. -->","yoast_head_json":{"title":"Vueling, la mejor aerol\u00ednea de Europa en 2013","description":"Portal de noticias del Per\u00fa sobre el transporte a\u00e9reo, aviaci\u00f3n, turismo, hoteleria, actualidad.","robots":{"index":"index","follow":"follow","max-snippet":"max-snippet:-1","max-image-preview":"max-image-preview:large","max-video-preview":"max-video-preview:-1"},"canonical":"https:\/\/aeronoticias.com.pe\/noticiero\/transporte-aereo\/internacional\/vueling-la-mejor-aerolinea-de-europa-en-2013\/","og_locale":"es_ES","og_type":"article","og_title":"Vueling, la mejor aerol\u00ednea de Europa en 2013","og_description":"Portal de noticias del Per\u00fa sobre el transporte a\u00e9reo, aviaci\u00f3n, turismo, hoteleria, actualidad.","og_url":"https:\/\/aeronoticias.com.pe\/noticiero\/transporte-aereo\/internacional\/vueling-la-mejor-aerolinea-de-europa-en-2013\/","og_site_name":"Aeronoticias.com.pe","article_publisher":"https:\/\/www.facebook.com\/Aeronoticias.com.pe\/","article_published_time":"2013-11-27T15:12:25+00:00","author":"Redacci\u00f3n Aeronoticias","twitter_card":"summary_large_image","twitter_creator":"@aeronoticias","twitter_site":"@aeronoticias","twitter_misc":{"Escrito por":"Redacci\u00f3n Aeronoticias","Tiempo de lectura":"2 minutos"},"schema":{"@context":"https:\/\/schema.org","@graph":[{"@type":"WebPage","@id":"https:\/\/aeronoticias.com.pe\/noticiero\/transporte-aereo\/internacional\/vueling-la-mejor-aerolinea-de-europa-en-2013\/","url":"https:\/\/aeronoticias.com.pe\/noticiero\/transporte-aereo\/internacional\/vueling-la-mejor-aerolinea-de-europa-en-2013\/","name":"Vueling, la mejor aerol\u00ednea de Europa en 2013","isPartOf":{"@id":"https:\/\/aeronoticias.com.pe\/noticiero\/#website"},"datePublished":"2013-11-27T15:12:25+00:00","author":{"@id":"https:\/\/aeronoticias.com.pe\/noticiero\/#\/schema\/person\/fc1e5d578f4b62ba1cf7ac2bba1170a0"},"description":"Portal de noticias del Per\u00fa sobre el transporte a\u00e9reo, aviaci\u00f3n, turismo, hoteleria, actualidad.","breadcrumb":{"@id":"https:\/\/aeronoticias.com.pe\/noticiero\/transporte-aereo\/internacional\/vueling-la-mejor-aerolinea-de-europa-en-2013\/#breadcrumb"},"inLanguage":"es","potentialAction":[{"@type":"ReadAction","target":["https:\/\/aeronoticias.com.pe\/noticiero\/transporte-aereo\/internacional\/vueling-la-mejor-aerolinea-de-europa-en-2013\/"]}]},{"@type":"BreadcrumbList","@id":"https:\/\/aeronoticias.com.pe\/noticiero\/transporte-aereo\/internacional\/vueling-la-mejor-aerolinea-de-europa-en-2013\/#breadcrumb","itemListElement":[{"@type":"ListItem","position":1,"name":"Portada","item":"https:\/\/aeronoticias.com.pe\/noticiero\/"},{"@type":"ListItem","position":2,"name":"Vueling, la mejor aerol\u00ednea de Europa en 2013"}]},{"@type":"WebSite","@id":"https:\/\/aeronoticias.com.pe\/noticiero\/#website","url":"https:\/\/aeronoticias.com.pe\/noticiero\/","name":"Aeronoticias.com.pe","description":"Noticias de tranporte aereo, turismo, hoteles, gastronomia, actualidad, internacional","potentialAction":[{"@type":"SearchAction","target":{"@type":"EntryPoint","urlTemplate":"https:\/\/aeronoticias.com.pe\/noticiero\/?s={search_term_string}"},"query-input":{"@type":"PropertyValueSpecification","valueRequired":true,"valueName":"search_term_string"}}],"inLanguage":"es"},{"@type":"Person","@id":"https:\/\/aeronoticias.com.pe\/noticiero\/#\/schema\/person\/fc1e5d578f4b62ba1cf7ac2bba1170a0","name":"Redacci\u00f3n Aeronoticias","url":"https:\/\/aeronoticias.com.pe\/noticiero\/author\/piloto\/"}]}},"_links":{"self":[{"href":"https:\/\/aeronoticias.com.pe\/noticiero\/wp-json\/wp\/v2\/posts\/41887","targetHints":{"allow":["GET"]}}],"collection":[{"href":"https:\/\/aeronoticias.com.pe\/noticiero\/wp-json\/wp\/v2\/posts"}],"about":[{"href":"https:\/\/aeronoticias.com.pe\/noticiero\/wp-json\/wp\/v2\/types\/post"}],"author":[{"embeddable":true,"href":"https:\/\/aeronoticias.com.pe\/noticiero\/wp-json\/wp\/v2\/users\/1"}],"replies":[{"embeddable":true,"href":"https:\/\/aeronoticias.com.pe\/noticiero\/wp-json\/wp\/v2\/comments?post=41887"}],"version-history":[{"count":0,"href":"https:\/\/aeronoticias.com.pe\/noticiero\/wp-json\/wp\/v2\/posts\/41887\/revisions"}],"wp:attachment":[{"href":"https:\/\/aeronoticias.com.pe\/noticiero\/wp-json\/wp\/v2\/media?parent=41887"}],"wp:term":[{"taxonomy":"category","embeddable":true,"href":"https:\/\/aeronoticias.com.pe\/noticiero\/wp-json\/wp\/v2\/categories?post=41887"},{"taxonomy":"post_tag","embeddable":true,"href":"https:\/\/aeronoticias.com.pe\/noticiero\/wp-json\/wp\/v2\/tags?post=41887"}],"curies":[{"name":"wp","href":"https:\/\/api.w.org\/{rel}","templated":true}]}}