{"id":41888,"date":"2013-11-27T15:50:40","date_gmt":"2013-11-27T15:50:40","guid":{"rendered":"http:\/\/desarrollo.mcvicious.com\/aero2020\/2013\/11\/27\/grizzly-1-volo-por-ultima-vez-y-sera-expuesto-al-publico-a-partir-del-2014\/"},"modified":"2013-11-27T15:50:40","modified_gmt":"2013-11-27T15:50:40","slug":"grizzly-1-volo-por-ultima-vez-y-sera-expuesto-al-publico-a-partir-del-2014","status":"publish","type":"post","link":"https:\/\/aeronoticias.com.pe\/noticiero\/transporte-aereo\/internacional\/grizzly-1-volo-por-ultima-vez-y-sera-expuesto-al-publico-a-partir-del-2014\/","title":{"rendered":"Grizzly 1\u2032 volo por \u00faltima vez y sera expuesto al p\u00fablico a partir del 2014"},"content":{"rendered":"<p><img decoding=\"async\" src=\"images\/stories\/13\/11\/271113\/aero221.jpg\" border=\"0\" \/><\/p>\n<p style=\"text-align: justify;\"><strong>(Aeronoticias).<\/strong>&#8211; El primer Airbus A400M \u2018Grizzly 1\u2032 realiz\u00f3 ayer su \u00faltimo el pasado 4 de noviembre, tripulado por la mismo equipo que lo estren\u00f3 en Sevilla el 11 de diciembre de 2009.<\/p>\n<p style=\"text-align: justify;\">En sus cuatro a\u00f1os de vida operativa ha volado 1.148 horas y 25 minutos en 475 vuelos, en el marco del programa de certificaci\u00f3n.<\/p>\n<p style=\"text-align: justify;\">El avi\u00f3n se color\u00e1 en exposici\u00f3n p\u00fablica en un lugar que determinar\u00e1 el Departamento de Patrimonio de Airbus en 2014.<\/p>\n<p style=\"text-align: justify;\">Adem\u00e1s, el A400M MSN3 se ha colocaod en estacionamiento prolongado, en un lugar no procisado por Airbus Military. Muy posiblmente tampoco volver\u00e1 a volar, aunque no se ha cerrado la puerta a que en el futuro vuele, si es necesario<\/p>\n<p style=\"text-align: justify;\">Por tanto, de los tres primeros aviones que produjo Airbus Military para la certificaci\u00f3n del avi\u00f3n, solo el MSN2, que est\u00e1 completamente equipado, seguir\u00e1 operativo para vuelos de prueba. Adem\u00e1s , los aviones MSN4 y MSN6 (Grizzly 4 y 5, respectivamente) se seguir\u00e1n utilizando para vuelos de prueba, que a partir de ahora se vna a centrar en el desarrollo de las capacidades militares, con equipamiento espec\u00edfico para vuelos de prueba.<\/p>\n<p style=\"text-align: justify;\">Despu\u00e9s del vuelo, el jefe de pilotos de pruebas militares, Ed Strongman , que ha liderado el primer y \u00faltimo vuelo, dijo que el \u201cMSN1 ha tenido una vida relativamente corta pero muy ardua, y nos ha llevado a la partes extremas de la envolvente de vuelo\u201d.<\/p>\n<p style=\"text-align: justify;\">\u201cHa hecho un servicio extraordinario a Airbus Military y los clientes se beneficiar\u00e1n de todo lo que hemos aprendido. Ha sido un gran honor para esta tripulaci\u00f3n volar por primera vez aquel d\u00eda hist\u00f3rico de 2009 y que es l\u00f3gico que la misma tripulaci\u00f3n le d\u00e9 el adi\u00f3s a su veterano amigo Grizzly 1. Confiamos que a\u00fan tendr\u00e1 muchos m\u00e1s a\u00f1os de servicio productivo, educando al p\u00fablico de la aviaci\u00f3n e inspirando a una nueva generaci\u00f3n de personas que buscan su futuro en la industria aeroespacial\u201d.<\/p>\n<p style=\"text-align: justify;\">\u00a0<\/p>\n<p style=\"text-align: justify;\">Fuente:<strong> Aerotendencias<\/strong><\/p>\n<p style=\"text-align: justify;\">Foto:<strong> farm5.staticflickr \/ upload.wikimedia<\/strong><\/p>\n<div style=\"text-align: justify;\"><\/div>\n<p>\u00a0<\/p>\n","protected":false},"excerpt":{"rendered":"<p>(Aeronoticias).&#8211; El primer Airbus A400M \u2018Grizzly 1\u2032 realiz\u00f3 ayer su \u00faltimo el pasado 4 de noviembre, tripulado por la mismo equipo que lo estren\u00f3 en Sevilla el 11 de diciembre de 2009. En sus cuatro a\u00f1os de vida operativa ha volado 1.148 horas y 25 minutos en 475 vuelos, en el marco del programa de [&hellip;]<\/p>\n","protected":false},"author":1,"featured_media":0,"comment_status":"open","ping_status":"open","sticky":false,"template":"","format":"standard","meta":{"tdm_status":"","tdm_grid_status":"","footnotes":""},"categories":[32],"tags":[],"class_list":{"0":"post-41888","1":"post","2":"type-post","3":"status-publish","4":"format-standard","6":"category-internacional"},"yoast_head":"<!-- This site is optimized with the Yoast SEO plugin v25.1 - https:\/\/yoast.com\/wordpress\/plugins\/seo\/ -->\n<title>Grizzly 1\u2032 volo por \u00faltima vez y sera expuesto al p\u00fablico a partir del 2014<\/title>\n<meta name=\"description\" content=\"Portal de noticias del Per\u00fa sobre el transporte a\u00e9reo, aviaci\u00f3n, turismo, hoteleria, actualidad.\" \/>\n<meta name=\"robots\" content=\"index, follow, max-snippet:-1, max-image-preview:large, max-video-preview:-1\" \/>\n<link rel=\"canonical\" href=\"https:\/\/aeronoticias.com.pe\/noticiero\/transporte-aereo\/internacional\/grizzly-1-volo-por-ultima-vez-y-sera-expuesto-al-publico-a-partir-del-2014\/\" \/>\n<meta property=\"og:locale\" content=\"es_ES\" \/>\n<meta property=\"og:type\" content=\"article\" \/>\n<meta property=\"og:title\" content=\"Grizzly 1\u2032 volo por \u00faltima vez y sera expuesto al p\u00fablico a partir del 2014\" \/>\n<meta property=\"og:description\" content=\"Portal de noticias del Per\u00fa sobre el transporte a\u00e9reo, aviaci\u00f3n, turismo, hoteleria, actualidad.\" \/>\n<meta property=\"og:url\" content=\"https:\/\/aeronoticias.com.pe\/noticiero\/transporte-aereo\/internacional\/grizzly-1-volo-por-ultima-vez-y-sera-expuesto-al-publico-a-partir-del-2014\/\" \/>\n<meta property=\"og:site_name\" content=\"Aeronoticias.com.pe\" \/>\n<meta property=\"article:publisher\" content=\"https:\/\/www.facebook.com\/Aeronoticias.com.pe\/\" \/>\n<meta property=\"article:published_time\" content=\"2013-11-27T15:50:40+00:00\" \/>\n<meta name=\"author\" content=\"Redacci\u00f3n Aeronoticias\" \/>\n<meta name=\"twitter:card\" content=\"summary_large_image\" \/>\n<meta name=\"twitter:creator\" content=\"@aeronoticias\" \/>\n<meta name=\"twitter:site\" content=\"@aeronoticias\" \/>\n<meta name=\"twitter:label1\" content=\"Escrito por\" \/>\n\t<meta name=\"twitter:data1\" content=\"Redacci\u00f3n Aeronoticias\" \/>\n\t<meta name=\"twitter:label2\" content=\"Tiempo de lectura\" \/>\n\t<meta name=\"twitter:data2\" content=\"2 minutos\" \/>\n<script type=\"application\/ld+json\" class=\"yoast-schema-graph\">{\"@context\":\"https:\/\/schema.org\",\"@graph\":[{\"@type\":\"WebPage\",\"@id\":\"https:\/\/aeronoticias.com.pe\/noticiero\/transporte-aereo\/internacional\/grizzly-1-volo-por-ultima-vez-y-sera-expuesto-al-publico-a-partir-del-2014\/\",\"url\":\"https:\/\/aeronoticias.com.pe\/noticiero\/transporte-aereo\/internacional\/grizzly-1-volo-por-ultima-vez-y-sera-expuesto-al-publico-a-partir-del-2014\/\",\"name\":\"Grizzly 1\u2032 volo por \u00faltima vez y sera expuesto al p\u00fablico a partir del 2014\",\"isPartOf\":{\"@id\":\"https:\/\/aeronoticias.com.pe\/noticiero\/#website\"},\"datePublished\":\"2013-11-27T15:50:40+00:00\",\"author\":{\"@id\":\"https:\/\/aeronoticias.com.pe\/noticiero\/#\/schema\/person\/fc1e5d578f4b62ba1cf7ac2bba1170a0\"},\"description\":\"Portal de noticias del Per\u00fa sobre el transporte a\u00e9reo, aviaci\u00f3n, turismo, hoteleria, actualidad.\",\"breadcrumb\":{\"@id\":\"https:\/\/aeronoticias.com.pe\/noticiero\/transporte-aereo\/internacional\/grizzly-1-volo-por-ultima-vez-y-sera-expuesto-al-publico-a-partir-del-2014\/#breadcrumb\"},\"inLanguage\":\"es\",\"potentialAction\":[{\"@type\":\"ReadAction\",\"target\":[\"https:\/\/aeronoticias.com.pe\/noticiero\/transporte-aereo\/internacional\/grizzly-1-volo-por-ultima-vez-y-sera-expuesto-al-publico-a-partir-del-2014\/\"]}]},{\"@type\":\"BreadcrumbList\",\"@id\":\"https:\/\/aeronoticias.com.pe\/noticiero\/transporte-aereo\/internacional\/grizzly-1-volo-por-ultima-vez-y-sera-expuesto-al-publico-a-partir-del-2014\/#breadcrumb\",\"itemListElement\":[{\"@type\":\"ListItem\",\"position\":1,\"name\":\"Portada\",\"item\":\"https:\/\/aeronoticias.com.pe\/noticiero\/\"},{\"@type\":\"ListItem\",\"position\":2,\"name\":\"Grizzly 1\u2032 volo por \u00faltima vez y sera expuesto al p\u00fablico a partir del 2014\"}]},{\"@type\":\"WebSite\",\"@id\":\"https:\/\/aeronoticias.com.pe\/noticiero\/#website\",\"url\":\"https:\/\/aeronoticias.com.pe\/noticiero\/\",\"name\":\"Aeronoticias.com.pe\",\"description\":\"Noticias de tranporte aereo, turismo, hoteles, gastronomia, actualidad, internacional\",\"potentialAction\":[{\"@type\":\"SearchAction\",\"target\":{\"@type\":\"EntryPoint\",\"urlTemplate\":\"https:\/\/aeronoticias.com.pe\/noticiero\/?s={search_term_string}\"},\"query-input\":{\"@type\":\"PropertyValueSpecification\",\"valueRequired\":true,\"valueName\":\"search_term_string\"}}],\"inLanguage\":\"es\"},{\"@type\":\"Person\",\"@id\":\"https:\/\/aeronoticias.com.pe\/noticiero\/#\/schema\/person\/fc1e5d578f4b62ba1cf7ac2bba1170a0\",\"name\":\"Redacci\u00f3n Aeronoticias\",\"url\":\"https:\/\/aeronoticias.com.pe\/noticiero\/author\/piloto\/\"}]}<\/script>\n<!-- \/ Yoast SEO plugin. -->","yoast_head_json":{"title":"Grizzly 1\u2032 volo por \u00faltima vez y sera expuesto al p\u00fablico a partir del 2014","description":"Portal de noticias del Per\u00fa sobre el transporte a\u00e9reo, aviaci\u00f3n, turismo, hoteleria, actualidad.","robots":{"index":"index","follow":"follow","max-snippet":"max-snippet:-1","max-image-preview":"max-image-preview:large","max-video-preview":"max-video-preview:-1"},"canonical":"https:\/\/aeronoticias.com.pe\/noticiero\/transporte-aereo\/internacional\/grizzly-1-volo-por-ultima-vez-y-sera-expuesto-al-publico-a-partir-del-2014\/","og_locale":"es_ES","og_type":"article","og_title":"Grizzly 1\u2032 volo por \u00faltima vez y sera expuesto al p\u00fablico a partir del 2014","og_description":"Portal de noticias del Per\u00fa sobre el transporte a\u00e9reo, aviaci\u00f3n, turismo, hoteleria, actualidad.","og_url":"https:\/\/aeronoticias.com.pe\/noticiero\/transporte-aereo\/internacional\/grizzly-1-volo-por-ultima-vez-y-sera-expuesto-al-publico-a-partir-del-2014\/","og_site_name":"Aeronoticias.com.pe","article_publisher":"https:\/\/www.facebook.com\/Aeronoticias.com.pe\/","article_published_time":"2013-11-27T15:50:40+00:00","author":"Redacci\u00f3n Aeronoticias","twitter_card":"summary_large_image","twitter_creator":"@aeronoticias","twitter_site":"@aeronoticias","twitter_misc":{"Escrito por":"Redacci\u00f3n Aeronoticias","Tiempo de lectura":"2 minutos"},"schema":{"@context":"https:\/\/schema.org","@graph":[{"@type":"WebPage","@id":"https:\/\/aeronoticias.com.pe\/noticiero\/transporte-aereo\/internacional\/grizzly-1-volo-por-ultima-vez-y-sera-expuesto-al-publico-a-partir-del-2014\/","url":"https:\/\/aeronoticias.com.pe\/noticiero\/transporte-aereo\/internacional\/grizzly-1-volo-por-ultima-vez-y-sera-expuesto-al-publico-a-partir-del-2014\/","name":"Grizzly 1\u2032 volo por \u00faltima vez y sera expuesto al p\u00fablico a partir del 2014","isPartOf":{"@id":"https:\/\/aeronoticias.com.pe\/noticiero\/#website"},"datePublished":"2013-11-27T15:50:40+00:00","author":{"@id":"https:\/\/aeronoticias.com.pe\/noticiero\/#\/schema\/person\/fc1e5d578f4b62ba1cf7ac2bba1170a0"},"description":"Portal de noticias del Per\u00fa sobre el transporte a\u00e9reo, aviaci\u00f3n, turismo, hoteleria, actualidad.","breadcrumb":{"@id":"https:\/\/aeronoticias.com.pe\/noticiero\/transporte-aereo\/internacional\/grizzly-1-volo-por-ultima-vez-y-sera-expuesto-al-publico-a-partir-del-2014\/#breadcrumb"},"inLanguage":"es","potentialAction":[{"@type":"ReadAction","target":["https:\/\/aeronoticias.com.pe\/noticiero\/transporte-aereo\/internacional\/grizzly-1-volo-por-ultima-vez-y-sera-expuesto-al-publico-a-partir-del-2014\/"]}]},{"@type":"BreadcrumbList","@id":"https:\/\/aeronoticias.com.pe\/noticiero\/transporte-aereo\/internacional\/grizzly-1-volo-por-ultima-vez-y-sera-expuesto-al-publico-a-partir-del-2014\/#breadcrumb","itemListElement":[{"@type":"ListItem","position":1,"name":"Portada","item":"https:\/\/aeronoticias.com.pe\/noticiero\/"},{"@type":"ListItem","position":2,"name":"Grizzly 1\u2032 volo por \u00faltima vez y sera expuesto al p\u00fablico a partir del 2014"}]},{"@type":"WebSite","@id":"https:\/\/aeronoticias.com.pe\/noticiero\/#website","url":"https:\/\/aeronoticias.com.pe\/noticiero\/","name":"Aeronoticias.com.pe","description":"Noticias de tranporte aereo, turismo, hoteles, gastronomia, actualidad, internacional","potentialAction":[{"@type":"SearchAction","target":{"@type":"EntryPoint","urlTemplate":"https:\/\/aeronoticias.com.pe\/noticiero\/?s={search_term_string}"},"query-input":{"@type":"PropertyValueSpecification","valueRequired":true,"valueName":"search_term_string"}}],"inLanguage":"es"},{"@type":"Person","@id":"https:\/\/aeronoticias.com.pe\/noticiero\/#\/schema\/person\/fc1e5d578f4b62ba1cf7ac2bba1170a0","name":"Redacci\u00f3n Aeronoticias","url":"https:\/\/aeronoticias.com.pe\/noticiero\/author\/piloto\/"}]}},"_links":{"self":[{"href":"https:\/\/aeronoticias.com.pe\/noticiero\/wp-json\/wp\/v2\/posts\/41888","targetHints":{"allow":["GET"]}}],"collection":[{"href":"https:\/\/aeronoticias.com.pe\/noticiero\/wp-json\/wp\/v2\/posts"}],"about":[{"href":"https:\/\/aeronoticias.com.pe\/noticiero\/wp-json\/wp\/v2\/types\/post"}],"author":[{"embeddable":true,"href":"https:\/\/aeronoticias.com.pe\/noticiero\/wp-json\/wp\/v2\/users\/1"}],"replies":[{"embeddable":true,"href":"https:\/\/aeronoticias.com.pe\/noticiero\/wp-json\/wp\/v2\/comments?post=41888"}],"version-history":[{"count":0,"href":"https:\/\/aeronoticias.com.pe\/noticiero\/wp-json\/wp\/v2\/posts\/41888\/revisions"}],"wp:attachment":[{"href":"https:\/\/aeronoticias.com.pe\/noticiero\/wp-json\/wp\/v2\/media?parent=41888"}],"wp:term":[{"taxonomy":"category","embeddable":true,"href":"https:\/\/aeronoticias.com.pe\/noticiero\/wp-json\/wp\/v2\/categories?post=41888"},{"taxonomy":"post_tag","embeddable":true,"href":"https:\/\/aeronoticias.com.pe\/noticiero\/wp-json\/wp\/v2\/tags?post=41888"}],"curies":[{"name":"wp","href":"https:\/\/api.w.org\/{rel}","templated":true}]}}