{"id":41889,"date":"2013-11-27T15:58:24","date_gmt":"2013-11-27T15:58:24","guid":{"rendered":"http:\/\/desarrollo.mcvicious.com\/aero2020\/2013\/11\/27\/la-fuerza-aerea-uruguaya-repara-y-adquiere-repuestos-para-sus-aeronaves\/"},"modified":"2013-11-27T15:58:24","modified_gmt":"2013-11-27T15:58:24","slug":"la-fuerza-aerea-uruguaya-repara-y-adquiere-repuestos-para-sus-aeronaves","status":"publish","type":"post","link":"https:\/\/aeronoticias.com.pe\/noticiero\/transporte-aereo\/internacional\/la-fuerza-aerea-uruguaya-repara-y-adquiere-repuestos-para-sus-aeronaves\/","title":{"rendered":"La Fuerza A\u00e9rea Uruguaya repara y adquiere repuestos para sus aeronaves"},"content":{"rendered":"<p><img decoding=\"async\" src=\"images\/stories\/13\/11\/271113\/aero22.jpg\" border=\"0\" \/><\/p>\n<p style=\"text-align: justify;\"><strong>(Aeronoticias)<\/strong>.\u2013 \u00a0La Fuerza A\u00e9rea Uruguaya, mediante el mecanismo de compra directa por excepci\u00f3n, ha reparado aeronaves y adquirido repuestos, entre los meses de septiembre y noviembre de 2013, por un total de 1,45 millones de d\u00f3lares.<\/p>\n<p style=\"text-align: justify;\">Las adquisiciones son por 350.000 d\u00f3lares a la empresa Defense Technology Equipment, Inc por repuestos para los helic\u00f3pteros Bell 212 y Bell UH-1H y aviones de transporte C-130B Hercules. Una cifra exactamente igual, tambi\u00e9n por repuestos, aunque no se especifica para qu\u00e9 tipo de aeronaves, a la firma norteamericana IES Group, compa\u00f1\u00eda a la que poco menos de un mes antes tambi\u00e9n se le hab\u00edan adquirido repuestos por otros 113.350 d\u00f3lares; y 302.128 d\u00f3lares para componentes, partes y rotables para la flota de helic\u00f3pteros, aeronaves de trasporte y de enlace a la firma Masuma Internacional S.A; de Argentina.<\/p>\n<p style=\"text-align: justify;\">Asimismo, se abonaron 82.903,77 a Tap Maintenance &amp; Engineering de Brasil por la reparaci\u00f3n de h\u00e9lices de una aeronave Embraer C120 Brasilia; y 218.351,32 d\u00f3lares a la empresa norteamericana Euro Parts Corp. por la reparaci\u00f3n de un motor PT6A-25A de un avi\u00f3n de entrenamiento PC-7U Pilatus. Finalmente, se destinaron 329.153,30 d\u00f3lares para el mantenimiento general y reparaci\u00f3n de motores de un Embraer C95 Bandeirante a la empresa brasilera Algar Aviation.<\/p>\n<p style=\"text-align: justify;\">La mayor\u00eda de las adquisiciones fueron realizadas con cr\u00e9ditos contra fondos a ser otorgados en el 2014.<\/p>\n<p style=\"text-align: justify;\">Recientemente, la Armada Nacional del Uruguay tambi\u00e9n ha estado adquiriendo repuestos para todas sus aeronaves por un total de 245.000 d\u00f3lares.<\/p>\n<p style=\"text-align: justify;\">\u00a0<\/p>\n<p style=\"text-align: justify;\">Fuente:<strong> infodefensa<\/strong><\/p>\n<p style=\"text-align: justify;\">Foto: <strong>wikimedia<\/strong><\/p>\n<div><\/div>\n","protected":false},"excerpt":{"rendered":"<p>(Aeronoticias).\u2013 \u00a0La Fuerza A\u00e9rea Uruguaya, mediante el mecanismo de compra directa por excepci\u00f3n, ha reparado aeronaves y adquirido repuestos, entre los meses de septiembre y noviembre de 2013, por un total de 1,45 millones de d\u00f3lares. Las adquisiciones son por 350.000 d\u00f3lares a la empresa Defense Technology Equipment, Inc por repuestos para los helic\u00f3pteros Bell [&hellip;]<\/p>\n","protected":false},"author":1,"featured_media":0,"comment_status":"open","ping_status":"open","sticky":false,"template":"","format":"standard","meta":{"tdm_status":"","tdm_grid_status":"","footnotes":""},"categories":[32],"tags":[],"class_list":{"0":"post-41889","1":"post","2":"type-post","3":"status-publish","4":"format-standard","6":"category-internacional"},"yoast_head":"<!-- This site is optimized with the Yoast SEO plugin v25.1 - https:\/\/yoast.com\/wordpress\/plugins\/seo\/ -->\n<title>La Fuerza A\u00e9rea Uruguaya repara y adquiere repuestos para sus aeronaves<\/title>\n<meta name=\"description\" content=\"Portal de noticias del Per\u00fa sobre el transporte a\u00e9reo, aviaci\u00f3n, turismo, hoteleria, actualidad.\" \/>\n<meta name=\"robots\" content=\"index, follow, max-snippet:-1, max-image-preview:large, max-video-preview:-1\" \/>\n<link rel=\"canonical\" href=\"https:\/\/aeronoticias.com.pe\/noticiero\/transporte-aereo\/internacional\/la-fuerza-aerea-uruguaya-repara-y-adquiere-repuestos-para-sus-aeronaves\/\" \/>\n<meta property=\"og:locale\" content=\"es_ES\" \/>\n<meta property=\"og:type\" content=\"article\" \/>\n<meta property=\"og:title\" content=\"La Fuerza A\u00e9rea Uruguaya repara y adquiere repuestos para sus aeronaves\" \/>\n<meta property=\"og:description\" content=\"Portal de noticias del Per\u00fa sobre el transporte a\u00e9reo, aviaci\u00f3n, turismo, hoteleria, actualidad.\" \/>\n<meta property=\"og:url\" content=\"https:\/\/aeronoticias.com.pe\/noticiero\/transporte-aereo\/internacional\/la-fuerza-aerea-uruguaya-repara-y-adquiere-repuestos-para-sus-aeronaves\/\" \/>\n<meta property=\"og:site_name\" content=\"Aeronoticias.com.pe\" \/>\n<meta property=\"article:publisher\" content=\"https:\/\/www.facebook.com\/Aeronoticias.com.pe\/\" \/>\n<meta property=\"article:published_time\" content=\"2013-11-27T15:58:24+00:00\" \/>\n<meta name=\"author\" content=\"Redacci\u00f3n Aeronoticias\" \/>\n<meta name=\"twitter:card\" content=\"summary_large_image\" \/>\n<meta name=\"twitter:creator\" content=\"@aeronoticias\" \/>\n<meta name=\"twitter:site\" content=\"@aeronoticias\" \/>\n<meta name=\"twitter:label1\" content=\"Escrito por\" \/>\n\t<meta name=\"twitter:data1\" content=\"Redacci\u00f3n Aeronoticias\" \/>\n\t<meta name=\"twitter:label2\" content=\"Tiempo de lectura\" \/>\n\t<meta name=\"twitter:data2\" content=\"1 minuto\" \/>\n<script type=\"application\/ld+json\" class=\"yoast-schema-graph\">{\"@context\":\"https:\/\/schema.org\",\"@graph\":[{\"@type\":\"WebPage\",\"@id\":\"https:\/\/aeronoticias.com.pe\/noticiero\/transporte-aereo\/internacional\/la-fuerza-aerea-uruguaya-repara-y-adquiere-repuestos-para-sus-aeronaves\/\",\"url\":\"https:\/\/aeronoticias.com.pe\/noticiero\/transporte-aereo\/internacional\/la-fuerza-aerea-uruguaya-repara-y-adquiere-repuestos-para-sus-aeronaves\/\",\"name\":\"La Fuerza A\u00e9rea Uruguaya repara y adquiere repuestos para sus aeronaves\",\"isPartOf\":{\"@id\":\"https:\/\/aeronoticias.com.pe\/noticiero\/#website\"},\"datePublished\":\"2013-11-27T15:58:24+00:00\",\"author\":{\"@id\":\"https:\/\/aeronoticias.com.pe\/noticiero\/#\/schema\/person\/fc1e5d578f4b62ba1cf7ac2bba1170a0\"},\"description\":\"Portal de noticias del Per\u00fa sobre el transporte a\u00e9reo, aviaci\u00f3n, turismo, hoteleria, actualidad.\",\"breadcrumb\":{\"@id\":\"https:\/\/aeronoticias.com.pe\/noticiero\/transporte-aereo\/internacional\/la-fuerza-aerea-uruguaya-repara-y-adquiere-repuestos-para-sus-aeronaves\/#breadcrumb\"},\"inLanguage\":\"es\",\"potentialAction\":[{\"@type\":\"ReadAction\",\"target\":[\"https:\/\/aeronoticias.com.pe\/noticiero\/transporte-aereo\/internacional\/la-fuerza-aerea-uruguaya-repara-y-adquiere-repuestos-para-sus-aeronaves\/\"]}]},{\"@type\":\"BreadcrumbList\",\"@id\":\"https:\/\/aeronoticias.com.pe\/noticiero\/transporte-aereo\/internacional\/la-fuerza-aerea-uruguaya-repara-y-adquiere-repuestos-para-sus-aeronaves\/#breadcrumb\",\"itemListElement\":[{\"@type\":\"ListItem\",\"position\":1,\"name\":\"Portada\",\"item\":\"https:\/\/aeronoticias.com.pe\/noticiero\/\"},{\"@type\":\"ListItem\",\"position\":2,\"name\":\"La Fuerza A\u00e9rea Uruguaya repara y adquiere repuestos para sus aeronaves\"}]},{\"@type\":\"WebSite\",\"@id\":\"https:\/\/aeronoticias.com.pe\/noticiero\/#website\",\"url\":\"https:\/\/aeronoticias.com.pe\/noticiero\/\",\"name\":\"Aeronoticias.com.pe\",\"description\":\"Noticias de tranporte aereo, turismo, hoteles, gastronomia, actualidad, internacional\",\"potentialAction\":[{\"@type\":\"SearchAction\",\"target\":{\"@type\":\"EntryPoint\",\"urlTemplate\":\"https:\/\/aeronoticias.com.pe\/noticiero\/?s={search_term_string}\"},\"query-input\":{\"@type\":\"PropertyValueSpecification\",\"valueRequired\":true,\"valueName\":\"search_term_string\"}}],\"inLanguage\":\"es\"},{\"@type\":\"Person\",\"@id\":\"https:\/\/aeronoticias.com.pe\/noticiero\/#\/schema\/person\/fc1e5d578f4b62ba1cf7ac2bba1170a0\",\"name\":\"Redacci\u00f3n Aeronoticias\",\"url\":\"https:\/\/aeronoticias.com.pe\/noticiero\/author\/piloto\/\"}]}<\/script>\n<!-- \/ Yoast SEO plugin. -->","yoast_head_json":{"title":"La Fuerza A\u00e9rea Uruguaya repara y adquiere repuestos para sus aeronaves","description":"Portal de noticias del Per\u00fa sobre el transporte a\u00e9reo, aviaci\u00f3n, turismo, hoteleria, actualidad.","robots":{"index":"index","follow":"follow","max-snippet":"max-snippet:-1","max-image-preview":"max-image-preview:large","max-video-preview":"max-video-preview:-1"},"canonical":"https:\/\/aeronoticias.com.pe\/noticiero\/transporte-aereo\/internacional\/la-fuerza-aerea-uruguaya-repara-y-adquiere-repuestos-para-sus-aeronaves\/","og_locale":"es_ES","og_type":"article","og_title":"La Fuerza A\u00e9rea Uruguaya repara y adquiere repuestos para sus aeronaves","og_description":"Portal de noticias del Per\u00fa sobre el transporte a\u00e9reo, aviaci\u00f3n, turismo, hoteleria, actualidad.","og_url":"https:\/\/aeronoticias.com.pe\/noticiero\/transporte-aereo\/internacional\/la-fuerza-aerea-uruguaya-repara-y-adquiere-repuestos-para-sus-aeronaves\/","og_site_name":"Aeronoticias.com.pe","article_publisher":"https:\/\/www.facebook.com\/Aeronoticias.com.pe\/","article_published_time":"2013-11-27T15:58:24+00:00","author":"Redacci\u00f3n Aeronoticias","twitter_card":"summary_large_image","twitter_creator":"@aeronoticias","twitter_site":"@aeronoticias","twitter_misc":{"Escrito por":"Redacci\u00f3n Aeronoticias","Tiempo de lectura":"1 minuto"},"schema":{"@context":"https:\/\/schema.org","@graph":[{"@type":"WebPage","@id":"https:\/\/aeronoticias.com.pe\/noticiero\/transporte-aereo\/internacional\/la-fuerza-aerea-uruguaya-repara-y-adquiere-repuestos-para-sus-aeronaves\/","url":"https:\/\/aeronoticias.com.pe\/noticiero\/transporte-aereo\/internacional\/la-fuerza-aerea-uruguaya-repara-y-adquiere-repuestos-para-sus-aeronaves\/","name":"La Fuerza A\u00e9rea Uruguaya repara y adquiere repuestos para sus aeronaves","isPartOf":{"@id":"https:\/\/aeronoticias.com.pe\/noticiero\/#website"},"datePublished":"2013-11-27T15:58:24+00:00","author":{"@id":"https:\/\/aeronoticias.com.pe\/noticiero\/#\/schema\/person\/fc1e5d578f4b62ba1cf7ac2bba1170a0"},"description":"Portal de noticias del Per\u00fa sobre el transporte a\u00e9reo, aviaci\u00f3n, turismo, hoteleria, actualidad.","breadcrumb":{"@id":"https:\/\/aeronoticias.com.pe\/noticiero\/transporte-aereo\/internacional\/la-fuerza-aerea-uruguaya-repara-y-adquiere-repuestos-para-sus-aeronaves\/#breadcrumb"},"inLanguage":"es","potentialAction":[{"@type":"ReadAction","target":["https:\/\/aeronoticias.com.pe\/noticiero\/transporte-aereo\/internacional\/la-fuerza-aerea-uruguaya-repara-y-adquiere-repuestos-para-sus-aeronaves\/"]}]},{"@type":"BreadcrumbList","@id":"https:\/\/aeronoticias.com.pe\/noticiero\/transporte-aereo\/internacional\/la-fuerza-aerea-uruguaya-repara-y-adquiere-repuestos-para-sus-aeronaves\/#breadcrumb","itemListElement":[{"@type":"ListItem","position":1,"name":"Portada","item":"https:\/\/aeronoticias.com.pe\/noticiero\/"},{"@type":"ListItem","position":2,"name":"La Fuerza A\u00e9rea Uruguaya repara y adquiere repuestos para sus aeronaves"}]},{"@type":"WebSite","@id":"https:\/\/aeronoticias.com.pe\/noticiero\/#website","url":"https:\/\/aeronoticias.com.pe\/noticiero\/","name":"Aeronoticias.com.pe","description":"Noticias de tranporte aereo, turismo, hoteles, gastronomia, actualidad, internacional","potentialAction":[{"@type":"SearchAction","target":{"@type":"EntryPoint","urlTemplate":"https:\/\/aeronoticias.com.pe\/noticiero\/?s={search_term_string}"},"query-input":{"@type":"PropertyValueSpecification","valueRequired":true,"valueName":"search_term_string"}}],"inLanguage":"es"},{"@type":"Person","@id":"https:\/\/aeronoticias.com.pe\/noticiero\/#\/schema\/person\/fc1e5d578f4b62ba1cf7ac2bba1170a0","name":"Redacci\u00f3n Aeronoticias","url":"https:\/\/aeronoticias.com.pe\/noticiero\/author\/piloto\/"}]}},"_links":{"self":[{"href":"https:\/\/aeronoticias.com.pe\/noticiero\/wp-json\/wp\/v2\/posts\/41889","targetHints":{"allow":["GET"]}}],"collection":[{"href":"https:\/\/aeronoticias.com.pe\/noticiero\/wp-json\/wp\/v2\/posts"}],"about":[{"href":"https:\/\/aeronoticias.com.pe\/noticiero\/wp-json\/wp\/v2\/types\/post"}],"author":[{"embeddable":true,"href":"https:\/\/aeronoticias.com.pe\/noticiero\/wp-json\/wp\/v2\/users\/1"}],"replies":[{"embeddable":true,"href":"https:\/\/aeronoticias.com.pe\/noticiero\/wp-json\/wp\/v2\/comments?post=41889"}],"version-history":[{"count":0,"href":"https:\/\/aeronoticias.com.pe\/noticiero\/wp-json\/wp\/v2\/posts\/41889\/revisions"}],"wp:attachment":[{"href":"https:\/\/aeronoticias.com.pe\/noticiero\/wp-json\/wp\/v2\/media?parent=41889"}],"wp:term":[{"taxonomy":"category","embeddable":true,"href":"https:\/\/aeronoticias.com.pe\/noticiero\/wp-json\/wp\/v2\/categories?post=41889"},{"taxonomy":"post_tag","embeddable":true,"href":"https:\/\/aeronoticias.com.pe\/noticiero\/wp-json\/wp\/v2\/tags?post=41889"}],"curies":[{"name":"wp","href":"https:\/\/api.w.org\/{rel}","templated":true}]}}