{"id":41890,"date":"2013-11-27T16:17:59","date_gmt":"2013-11-27T16:17:59","guid":{"rendered":"http:\/\/desarrollo.mcvicious.com\/aero2020\/2013\/11\/27\/eeuu-profundamente-preocupado-por-defensa-aerea-china-contra-aeronaves\/"},"modified":"2013-11-27T16:17:59","modified_gmt":"2013-11-27T16:17:59","slug":"eeuu-profundamente-preocupado-por-defensa-aerea-china-contra-aeronaves","status":"publish","type":"post","link":"https:\/\/aeronoticias.com.pe\/noticiero\/transporte-aereo\/internacional\/eeuu-profundamente-preocupado-por-defensa-aerea-china-contra-aeronaves\/","title":{"rendered":"EE.UU profundamente preocupado por defensa a\u00e9rea China contra aeronaves"},"content":{"rendered":"<p><img decoding=\"async\" src=\"images\/stories\/13\/11\/271113\/aero223.jpg\" border=\"0\" \/><\/p>\n<p style=\"text-align: justify;\"><strong>(Aeronoticias)<\/strong>.- <em>John Kerry, dijo que Estados Unidos est\u00e1 profundamente preocupado.<\/em><\/p>\n<p style=\"text-align: justify;\"><em>Esta acci\u00f3n unilateral constituye un intento de cambiar el status quo en el Mar Oriental de China, se\u00f1al\u00f3 el secretario de Estado John Kerry.<\/em><\/p>\n<p style=\"text-align: justify;\">Luego de que China lanzar\u00e1 la amenaza de que mandar\u00eda aviones de guerra a un espacio a\u00e9reo de su jurisdicci\u00f3n y, en disputa con Jap\u00f3n, tras el sobre vuelo de dos aviones B-52 sin su autorizaci\u00f3n, el Secretario de Estado norteamericano, John Kerry, dijo que Estados Unidos est\u00e1 profundamente preocupado por el anuncio de China de que han establecido una \u00abDefensa a\u00e9rea en el Mar Oriental\u201d, considerada desde hace unas semanas como \u201czona de identificaci\u00f3n\u201d.<\/p>\n<p style=\"text-align: justify;\">\u00abEsta acci\u00f3n unilateral constituye un intento de cambiar el status quo en el Mar Oriental de China. Acci\u00f3n progresiva, de s\u00f3lo aumentar\u00e1 las tensiones en la regi\u00f3n y crear el riesgo de un incidente, dijo el funcionario estadounidense a trav\u00e9s de un comunicado.<\/p>\n<p style=\"text-align: justify;\">Kerry, a\u00f1adi\u00f3, que la libertad de los usos internacionalmente leg\u00edtimos de sobrevuelo y otros de mar, as\u00ed como el espacio a\u00e9reo, son esenciales para la prosperidad, la estabilidad y la seguridad en el Pac\u00edfico.<\/p>\n<p style=\"text-align: justify;\">En ese sentido \u201cno apoyamos los esfuerzos de todos los Estados de aplicar sus procedimientos ADIZ a las aeronaves extranjeras, m\u00e1s a\u00fan, sino se tiene la intenci\u00f3n de invadir en su espacio a\u00e9reo nacional\u201d, enfatiz\u00f3, John.<\/p>\n<p style=\"text-align: justify;\">Agreg\u00f3, que los Estados Unidos, no aplica sus procedimientos de Control e identificaci\u00f3n a las aeronaves extranjeras que no ingresan en el espacio a\u00e9reo nacional de EE.UU.<\/p>\n<p style=\"text-align: justify;\">\u201cPor eso, instamos a China a no poner en pr\u00e1ctica su amenaza de tomar medidas contra las aeronaves que no se identifican ni obedecen las \u00f3rdenes de Beijing. Hemos instado a China a actuar con cautela y moderaci\u00f3n, y estamos consultando con Jap\u00f3n y otras partes afectadas, en toda la regi\u00f3n. Seguimos firmemente comprometidos con nuestros aliados y socios, y esperamos ver un futuro m\u00e1s colaborativo y menos confrontacional en el Pac\u00edfico\u201d, enfatiz\u00f3, el secretario de Estado, John Kerry.<\/p>\n<p style=\"text-align: justify;\">Por su parte y de acuerdo con la cadena CNN, el portavoz del Ministerio de defensa de China, Yang Yujun, consider\u00f3 que la acci\u00f3n realizada por Estados Unidos fue, \u00abirresponsable\u00bb e \u00abinapropiado\u00bb, \u201ccompletamente irracional\u00bb, adem\u00e1s, pidi\u00f3 que no tomar\u00e1n partido o podr\u00edan dar a entender que es parte de un movimiento arriesgado de Jap\u00f3n.<\/p>\n<p style=\"text-align: justify;\">\u00a0<\/p>\n<p style=\"text-align: justify;\">Fuente: <strong>mimorelia<\/strong><\/p>\n<p style=\"text-align: justify;\">Foto: <strong>mimorelia<\/strong><\/p>\n<p>\u00a0<\/p>\n<p>\u00a0<\/p>\n<div><\/div>\n","protected":false},"excerpt":{"rendered":"<p>(Aeronoticias).- John Kerry, dijo que Estados Unidos est\u00e1 profundamente preocupado. Esta acci\u00f3n unilateral constituye un intento de cambiar el status quo en el Mar Oriental de China, se\u00f1al\u00f3 el secretario de Estado John Kerry. Luego de que China lanzar\u00e1 la amenaza de que mandar\u00eda aviones de guerra a un espacio a\u00e9reo de su jurisdicci\u00f3n y, [&hellip;]<\/p>\n","protected":false},"author":1,"featured_media":0,"comment_status":"open","ping_status":"open","sticky":false,"template":"","format":"standard","meta":{"tdm_status":"","tdm_grid_status":"","footnotes":""},"categories":[32],"tags":[],"class_list":{"0":"post-41890","1":"post","2":"type-post","3":"status-publish","4":"format-standard","6":"category-internacional"},"yoast_head":"<!-- This site is optimized with the Yoast SEO plugin v25.1 - https:\/\/yoast.com\/wordpress\/plugins\/seo\/ -->\n<title>EE.UU profundamente preocupado por defensa a\u00e9rea China contra aeronaves<\/title>\n<meta name=\"description\" content=\"Portal de noticias del Per\u00fa sobre el transporte a\u00e9reo, aviaci\u00f3n, turismo, hoteleria, actualidad.\" \/>\n<meta name=\"robots\" content=\"index, follow, max-snippet:-1, max-image-preview:large, max-video-preview:-1\" \/>\n<link rel=\"canonical\" href=\"https:\/\/aeronoticias.com.pe\/noticiero\/transporte-aereo\/internacional\/eeuu-profundamente-preocupado-por-defensa-aerea-china-contra-aeronaves\/\" \/>\n<meta property=\"og:locale\" content=\"es_ES\" \/>\n<meta property=\"og:type\" content=\"article\" \/>\n<meta property=\"og:title\" content=\"EE.UU profundamente preocupado por defensa a\u00e9rea China contra aeronaves\" \/>\n<meta property=\"og:description\" content=\"Portal de noticias del Per\u00fa sobre el transporte a\u00e9reo, aviaci\u00f3n, turismo, hoteleria, actualidad.\" \/>\n<meta property=\"og:url\" content=\"https:\/\/aeronoticias.com.pe\/noticiero\/transporte-aereo\/internacional\/eeuu-profundamente-preocupado-por-defensa-aerea-china-contra-aeronaves\/\" \/>\n<meta property=\"og:site_name\" content=\"Aeronoticias.com.pe\" \/>\n<meta property=\"article:publisher\" content=\"https:\/\/www.facebook.com\/Aeronoticias.com.pe\/\" \/>\n<meta property=\"article:published_time\" content=\"2013-11-27T16:17:59+00:00\" \/>\n<meta name=\"author\" content=\"Redacci\u00f3n Aeronoticias\" \/>\n<meta name=\"twitter:card\" content=\"summary_large_image\" \/>\n<meta name=\"twitter:creator\" content=\"@aeronoticias\" \/>\n<meta name=\"twitter:site\" content=\"@aeronoticias\" \/>\n<meta name=\"twitter:label1\" content=\"Escrito por\" \/>\n\t<meta name=\"twitter:data1\" content=\"Redacci\u00f3n Aeronoticias\" \/>\n\t<meta name=\"twitter:label2\" content=\"Tiempo de lectura\" \/>\n\t<meta name=\"twitter:data2\" content=\"2 minutos\" \/>\n<script type=\"application\/ld+json\" class=\"yoast-schema-graph\">{\"@context\":\"https:\/\/schema.org\",\"@graph\":[{\"@type\":\"WebPage\",\"@id\":\"https:\/\/aeronoticias.com.pe\/noticiero\/transporte-aereo\/internacional\/eeuu-profundamente-preocupado-por-defensa-aerea-china-contra-aeronaves\/\",\"url\":\"https:\/\/aeronoticias.com.pe\/noticiero\/transporte-aereo\/internacional\/eeuu-profundamente-preocupado-por-defensa-aerea-china-contra-aeronaves\/\",\"name\":\"EE.UU profundamente preocupado por defensa a\u00e9rea China contra aeronaves\",\"isPartOf\":{\"@id\":\"https:\/\/aeronoticias.com.pe\/noticiero\/#website\"},\"datePublished\":\"2013-11-27T16:17:59+00:00\",\"author\":{\"@id\":\"https:\/\/aeronoticias.com.pe\/noticiero\/#\/schema\/person\/fc1e5d578f4b62ba1cf7ac2bba1170a0\"},\"description\":\"Portal de noticias del Per\u00fa sobre el transporte a\u00e9reo, aviaci\u00f3n, turismo, hoteleria, actualidad.\",\"breadcrumb\":{\"@id\":\"https:\/\/aeronoticias.com.pe\/noticiero\/transporte-aereo\/internacional\/eeuu-profundamente-preocupado-por-defensa-aerea-china-contra-aeronaves\/#breadcrumb\"},\"inLanguage\":\"es\",\"potentialAction\":[{\"@type\":\"ReadAction\",\"target\":[\"https:\/\/aeronoticias.com.pe\/noticiero\/transporte-aereo\/internacional\/eeuu-profundamente-preocupado-por-defensa-aerea-china-contra-aeronaves\/\"]}]},{\"@type\":\"BreadcrumbList\",\"@id\":\"https:\/\/aeronoticias.com.pe\/noticiero\/transporte-aereo\/internacional\/eeuu-profundamente-preocupado-por-defensa-aerea-china-contra-aeronaves\/#breadcrumb\",\"itemListElement\":[{\"@type\":\"ListItem\",\"position\":1,\"name\":\"Portada\",\"item\":\"https:\/\/aeronoticias.com.pe\/noticiero\/\"},{\"@type\":\"ListItem\",\"position\":2,\"name\":\"EE.UU profundamente preocupado por defensa a\u00e9rea China contra aeronaves\"}]},{\"@type\":\"WebSite\",\"@id\":\"https:\/\/aeronoticias.com.pe\/noticiero\/#website\",\"url\":\"https:\/\/aeronoticias.com.pe\/noticiero\/\",\"name\":\"Aeronoticias.com.pe\",\"description\":\"Noticias de tranporte aereo, turismo, hoteles, gastronomia, actualidad, internacional\",\"potentialAction\":[{\"@type\":\"SearchAction\",\"target\":{\"@type\":\"EntryPoint\",\"urlTemplate\":\"https:\/\/aeronoticias.com.pe\/noticiero\/?s={search_term_string}\"},\"query-input\":{\"@type\":\"PropertyValueSpecification\",\"valueRequired\":true,\"valueName\":\"search_term_string\"}}],\"inLanguage\":\"es\"},{\"@type\":\"Person\",\"@id\":\"https:\/\/aeronoticias.com.pe\/noticiero\/#\/schema\/person\/fc1e5d578f4b62ba1cf7ac2bba1170a0\",\"name\":\"Redacci\u00f3n Aeronoticias\",\"url\":\"https:\/\/aeronoticias.com.pe\/noticiero\/author\/piloto\/\"}]}<\/script>\n<!-- \/ Yoast SEO plugin. -->","yoast_head_json":{"title":"EE.UU profundamente preocupado por defensa a\u00e9rea China contra aeronaves","description":"Portal de noticias del Per\u00fa sobre el transporte a\u00e9reo, aviaci\u00f3n, turismo, hoteleria, actualidad.","robots":{"index":"index","follow":"follow","max-snippet":"max-snippet:-1","max-image-preview":"max-image-preview:large","max-video-preview":"max-video-preview:-1"},"canonical":"https:\/\/aeronoticias.com.pe\/noticiero\/transporte-aereo\/internacional\/eeuu-profundamente-preocupado-por-defensa-aerea-china-contra-aeronaves\/","og_locale":"es_ES","og_type":"article","og_title":"EE.UU profundamente preocupado por defensa a\u00e9rea China contra aeronaves","og_description":"Portal de noticias del Per\u00fa sobre el transporte a\u00e9reo, aviaci\u00f3n, turismo, hoteleria, actualidad.","og_url":"https:\/\/aeronoticias.com.pe\/noticiero\/transporte-aereo\/internacional\/eeuu-profundamente-preocupado-por-defensa-aerea-china-contra-aeronaves\/","og_site_name":"Aeronoticias.com.pe","article_publisher":"https:\/\/www.facebook.com\/Aeronoticias.com.pe\/","article_published_time":"2013-11-27T16:17:59+00:00","author":"Redacci\u00f3n Aeronoticias","twitter_card":"summary_large_image","twitter_creator":"@aeronoticias","twitter_site":"@aeronoticias","twitter_misc":{"Escrito por":"Redacci\u00f3n Aeronoticias","Tiempo de lectura":"2 minutos"},"schema":{"@context":"https:\/\/schema.org","@graph":[{"@type":"WebPage","@id":"https:\/\/aeronoticias.com.pe\/noticiero\/transporte-aereo\/internacional\/eeuu-profundamente-preocupado-por-defensa-aerea-china-contra-aeronaves\/","url":"https:\/\/aeronoticias.com.pe\/noticiero\/transporte-aereo\/internacional\/eeuu-profundamente-preocupado-por-defensa-aerea-china-contra-aeronaves\/","name":"EE.UU profundamente preocupado por defensa a\u00e9rea China contra aeronaves","isPartOf":{"@id":"https:\/\/aeronoticias.com.pe\/noticiero\/#website"},"datePublished":"2013-11-27T16:17:59+00:00","author":{"@id":"https:\/\/aeronoticias.com.pe\/noticiero\/#\/schema\/person\/fc1e5d578f4b62ba1cf7ac2bba1170a0"},"description":"Portal de noticias del Per\u00fa sobre el transporte a\u00e9reo, aviaci\u00f3n, turismo, hoteleria, actualidad.","breadcrumb":{"@id":"https:\/\/aeronoticias.com.pe\/noticiero\/transporte-aereo\/internacional\/eeuu-profundamente-preocupado-por-defensa-aerea-china-contra-aeronaves\/#breadcrumb"},"inLanguage":"es","potentialAction":[{"@type":"ReadAction","target":["https:\/\/aeronoticias.com.pe\/noticiero\/transporte-aereo\/internacional\/eeuu-profundamente-preocupado-por-defensa-aerea-china-contra-aeronaves\/"]}]},{"@type":"BreadcrumbList","@id":"https:\/\/aeronoticias.com.pe\/noticiero\/transporte-aereo\/internacional\/eeuu-profundamente-preocupado-por-defensa-aerea-china-contra-aeronaves\/#breadcrumb","itemListElement":[{"@type":"ListItem","position":1,"name":"Portada","item":"https:\/\/aeronoticias.com.pe\/noticiero\/"},{"@type":"ListItem","position":2,"name":"EE.UU profundamente preocupado por defensa a\u00e9rea China contra aeronaves"}]},{"@type":"WebSite","@id":"https:\/\/aeronoticias.com.pe\/noticiero\/#website","url":"https:\/\/aeronoticias.com.pe\/noticiero\/","name":"Aeronoticias.com.pe","description":"Noticias de tranporte aereo, turismo, hoteles, gastronomia, actualidad, internacional","potentialAction":[{"@type":"SearchAction","target":{"@type":"EntryPoint","urlTemplate":"https:\/\/aeronoticias.com.pe\/noticiero\/?s={search_term_string}"},"query-input":{"@type":"PropertyValueSpecification","valueRequired":true,"valueName":"search_term_string"}}],"inLanguage":"es"},{"@type":"Person","@id":"https:\/\/aeronoticias.com.pe\/noticiero\/#\/schema\/person\/fc1e5d578f4b62ba1cf7ac2bba1170a0","name":"Redacci\u00f3n Aeronoticias","url":"https:\/\/aeronoticias.com.pe\/noticiero\/author\/piloto\/"}]}},"_links":{"self":[{"href":"https:\/\/aeronoticias.com.pe\/noticiero\/wp-json\/wp\/v2\/posts\/41890","targetHints":{"allow":["GET"]}}],"collection":[{"href":"https:\/\/aeronoticias.com.pe\/noticiero\/wp-json\/wp\/v2\/posts"}],"about":[{"href":"https:\/\/aeronoticias.com.pe\/noticiero\/wp-json\/wp\/v2\/types\/post"}],"author":[{"embeddable":true,"href":"https:\/\/aeronoticias.com.pe\/noticiero\/wp-json\/wp\/v2\/users\/1"}],"replies":[{"embeddable":true,"href":"https:\/\/aeronoticias.com.pe\/noticiero\/wp-json\/wp\/v2\/comments?post=41890"}],"version-history":[{"count":0,"href":"https:\/\/aeronoticias.com.pe\/noticiero\/wp-json\/wp\/v2\/posts\/41890\/revisions"}],"wp:attachment":[{"href":"https:\/\/aeronoticias.com.pe\/noticiero\/wp-json\/wp\/v2\/media?parent=41890"}],"wp:term":[{"taxonomy":"category","embeddable":true,"href":"https:\/\/aeronoticias.com.pe\/noticiero\/wp-json\/wp\/v2\/categories?post=41890"},{"taxonomy":"post_tag","embeddable":true,"href":"https:\/\/aeronoticias.com.pe\/noticiero\/wp-json\/wp\/v2\/tags?post=41890"}],"curies":[{"name":"wp","href":"https:\/\/api.w.org\/{rel}","templated":true}]}}