{"id":41905,"date":"2013-11-29T04:54:12","date_gmt":"2013-11-29T04:54:12","guid":{"rendered":"http:\/\/desarrollo.mcvicious.com\/aero2020\/2013\/11\/29\/decanos-del-cal-apristas-escondieron-durante-6-anos-denuncia-etica-de-margarita-del-campo-vegas-contra-victor-garcia-toma\/"},"modified":"2013-11-29T04:54:12","modified_gmt":"2013-11-29T04:54:12","slug":"decanos-del-cal-apristas-escondieron-durante-6-anos-denuncia-etica-de-margarita-del-campo-vegas-contra-victor-garcia-toma","status":"publish","type":"post","link":"https:\/\/aeronoticias.com.pe\/noticiero\/ultimas\/1\/decanos-del-cal-apristas-escondieron-durante-6-anos-denuncia-etica-de-margarita-del-campo-vegas-contra-victor-garcia-toma\/","title":{"rendered":"Decanos del CAL Apristas escondieron durante 6 a\u00f1os denuncia \u00e9tica de Margarita del Campo Vegas contra V\u00edctor Garc\u00eda Toma"},"content":{"rendered":"<p style=\"text-align: justify;\"><strong>(Aeronoticias)<\/strong> El d\u00eda de hoy jueves 28 de noviembre, a dos d\u00edas de las elecciones del Colegio de Abogados de Lima, recibimos una llamada del Dr. Jos\u00e9 Antonio Donayre, esposo de la Sra. Margarita del Campo Vegas, quien nos inform\u00f3 de un caso realmente indignante en materia de \u00e9tica profesional para la abogac\u00eda peruana, Exp. N\u00b0 249-2007, en la denuncia que le interpusieron en noviembre de 2007 a V\u00edctor Garc\u00eda Toma, candidato Aprista al Decanato del CAL por presunta violaci\u00f3n al C\u00f3digo de \u00c9tica Profesional de los Colegios de Abogados del Per\u00fa.<\/p>\n<p style=\"text-align: justify;\">En el procedimiento sali\u00f3 de abogado defensor de V\u00edctor Garc\u00eda Toma, un abogado que era secretario general del Tribunal Constitucional y particip\u00f3 una fiscal que no estaba al d\u00eda en sus pagos del Colegio de Abogados de Lima, nos relata.<\/p>\n<p style=\"text-align: justify;\">Lo cierto es, que Walter Guti\u00e9rrez que estuvo en el CAL hasta el 2010, fue un Decano Aprista y Ra\u00fal Chaname que est\u00e1 hasta la fecha tiene compromiso con el Apra y est\u00e1 apoyando abiertamente a V\u00edctor Garc\u00eda Toma y coincidencia o no este expediente estaba escondido, es decir inmovilizado e inclusive no lo habr\u00eda conocido el actual Director de \u00c9tica Profesional, Dr. Abelardo Encinas Silva.<\/p>\n<p style=\"text-align: justify;\">Lo grave es que los dirigentes Apristas en el Colegio de Abogados de Lima, uno de los cuales habr\u00eda ganado S\/. 5,000 por mes sin tener una oficina en el CAL, podr\u00edan ser responsables de que este expediente se haya encarpetado y de permitir que un funcionario p\u00fablico, secretario general del Tribunal Constitucional que gana dinero del Estado haga uso del derecho de defensa para otro funcionario p\u00fablico, en este caso V\u00edctor Garc\u00eda Toma.<\/p>\n<p style=\"text-align: justify;\">Lo que llama la atenci\u00f3n es que en la Direcci\u00f3n de \u00c9tica Profesional se haya tratado de modificar el reglamento, para que con efecto retroactivo este caso prescriba, lo cual es grave para el futuro de la \u00e9tica profesional en la abogac\u00eda peruana.<\/p>\n<p style=\"text-align: justify;\">Si con esta denuncia se hubiera sancionado al dirigente Aprista que postula al Decanato del CAL V\u00edctor Garc\u00eda Toma, no hubiera podido inscribir su candidatura al Decanato del CAL.<\/p>\n<p style=\"text-align: justify;\"><a href=\"http:\/\/es.scribd.com\/doc\/184305662\/Denuncia-Por-Violacion-a-La-Etica\" target=\"_blank\" rel=\"noopener noreferrer\"><strong>A continuaci\u00f3n publicamos la denuncia Exp. N\u00b0 249-2007 contra V\u00edctor Garc\u00eda Toma interpuesta por la Sra. Margarita del Campo Vegas.<\/strong><\/a><\/p>\n<p style=\"text-align: justify;\"><img decoding=\"async\" src=\"images\/stories\/13\/11\/281113\/margarita-del-campo-vegas.jpg\" border=\"0\" \/><\/p>\n","protected":false},"excerpt":{"rendered":"<p>(Aeronoticias) El d\u00eda de hoy jueves 28 de noviembre, a dos d\u00edas de las elecciones del Colegio de Abogados de Lima, recibimos una llamada del Dr. Jos\u00e9 Antonio Donayre, esposo de la Sra. Margarita del Campo Vegas, quien nos inform\u00f3 de un caso realmente indignante en materia de \u00e9tica profesional para la abogac\u00eda peruana, Exp. [&hellip;]<\/p>\n","protected":false},"author":1,"featured_media":0,"comment_status":"open","ping_status":"open","sticky":false,"template":"","format":"standard","meta":{"tdm_status":"","tdm_grid_status":"","footnotes":""},"categories":[30],"tags":[],"class_list":{"0":"post-41905","1":"post","2":"type-post","3":"status-publish","4":"format-standard","6":"category-30"},"yoast_head":"<!-- This site is optimized with the Yoast SEO plugin v25.1 - https:\/\/yoast.com\/wordpress\/plugins\/seo\/ -->\n<title>Decanos del CAL Apristas escondieron durante 6 a\u00f1os denuncia \u00e9tica de Margarita del Campo Vegas contra V\u00edctor Garc\u00eda Toma<\/title>\n<meta name=\"description\" content=\"Portal de noticias del Per\u00fa sobre el transporte a\u00e9reo, aviaci\u00f3n, turismo, hoteleria, actualidad.\" \/>\n<meta name=\"robots\" content=\"index, follow, max-snippet:-1, max-image-preview:large, max-video-preview:-1\" \/>\n<link rel=\"canonical\" href=\"https:\/\/aeronoticias.com.pe\/noticiero\/ultimas\/1\/decanos-del-cal-apristas-escondieron-durante-6-anos-denuncia-etica-de-margarita-del-campo-vegas-contra-victor-garcia-toma\/\" \/>\n<meta property=\"og:locale\" content=\"es_ES\" \/>\n<meta property=\"og:type\" content=\"article\" \/>\n<meta property=\"og:title\" content=\"Decanos del CAL Apristas escondieron durante 6 a\u00f1os denuncia \u00e9tica de Margarita del Campo Vegas contra V\u00edctor Garc\u00eda Toma\" \/>\n<meta property=\"og:description\" content=\"Portal de noticias del Per\u00fa sobre el transporte a\u00e9reo, aviaci\u00f3n, turismo, hoteleria, actualidad.\" \/>\n<meta property=\"og:url\" content=\"https:\/\/aeronoticias.com.pe\/noticiero\/ultimas\/1\/decanos-del-cal-apristas-escondieron-durante-6-anos-denuncia-etica-de-margarita-del-campo-vegas-contra-victor-garcia-toma\/\" \/>\n<meta property=\"og:site_name\" content=\"Aeronoticias.com.pe\" \/>\n<meta property=\"article:publisher\" content=\"https:\/\/www.facebook.com\/Aeronoticias.com.pe\/\" \/>\n<meta property=\"article:published_time\" content=\"2013-11-29T04:54:12+00:00\" \/>\n<meta name=\"author\" content=\"Redacci\u00f3n Aeronoticias\" \/>\n<meta name=\"twitter:card\" content=\"summary_large_image\" \/>\n<meta name=\"twitter:creator\" content=\"@aeronoticias\" \/>\n<meta name=\"twitter:site\" content=\"@aeronoticias\" \/>\n<meta name=\"twitter:label1\" content=\"Escrito por\" \/>\n\t<meta name=\"twitter:data1\" content=\"Redacci\u00f3n Aeronoticias\" \/>\n\t<meta name=\"twitter:label2\" content=\"Tiempo de lectura\" \/>\n\t<meta name=\"twitter:data2\" content=\"2 minutos\" \/>\n<script type=\"application\/ld+json\" class=\"yoast-schema-graph\">{\"@context\":\"https:\/\/schema.org\",\"@graph\":[{\"@type\":\"WebPage\",\"@id\":\"https:\/\/aeronoticias.com.pe\/noticiero\/ultimas\/1\/decanos-del-cal-apristas-escondieron-durante-6-anos-denuncia-etica-de-margarita-del-campo-vegas-contra-victor-garcia-toma\/\",\"url\":\"https:\/\/aeronoticias.com.pe\/noticiero\/ultimas\/1\/decanos-del-cal-apristas-escondieron-durante-6-anos-denuncia-etica-de-margarita-del-campo-vegas-contra-victor-garcia-toma\/\",\"name\":\"Decanos del CAL Apristas escondieron durante 6 a\u00f1os denuncia \u00e9tica de Margarita del Campo Vegas contra V\u00edctor Garc\u00eda Toma\",\"isPartOf\":{\"@id\":\"https:\/\/aeronoticias.com.pe\/noticiero\/#website\"},\"datePublished\":\"2013-11-29T04:54:12+00:00\",\"author\":{\"@id\":\"https:\/\/aeronoticias.com.pe\/noticiero\/#\/schema\/person\/fc1e5d578f4b62ba1cf7ac2bba1170a0\"},\"description\":\"Portal de noticias del Per\u00fa sobre el transporte a\u00e9reo, aviaci\u00f3n, turismo, hoteleria, actualidad.\",\"breadcrumb\":{\"@id\":\"https:\/\/aeronoticias.com.pe\/noticiero\/ultimas\/1\/decanos-del-cal-apristas-escondieron-durante-6-anos-denuncia-etica-de-margarita-del-campo-vegas-contra-victor-garcia-toma\/#breadcrumb\"},\"inLanguage\":\"es\",\"potentialAction\":[{\"@type\":\"ReadAction\",\"target\":[\"https:\/\/aeronoticias.com.pe\/noticiero\/ultimas\/1\/decanos-del-cal-apristas-escondieron-durante-6-anos-denuncia-etica-de-margarita-del-campo-vegas-contra-victor-garcia-toma\/\"]}]},{\"@type\":\"BreadcrumbList\",\"@id\":\"https:\/\/aeronoticias.com.pe\/noticiero\/ultimas\/1\/decanos-del-cal-apristas-escondieron-durante-6-anos-denuncia-etica-de-margarita-del-campo-vegas-contra-victor-garcia-toma\/#breadcrumb\",\"itemListElement\":[{\"@type\":\"ListItem\",\"position\":1,\"name\":\"Portada\",\"item\":\"https:\/\/aeronoticias.com.pe\/noticiero\/\"},{\"@type\":\"ListItem\",\"position\":2,\"name\":\"Decanos del CAL Apristas escondieron durante 6 a\u00f1os denuncia \u00e9tica de Margarita del Campo Vegas contra V\u00edctor Garc\u00eda Toma\"}]},{\"@type\":\"WebSite\",\"@id\":\"https:\/\/aeronoticias.com.pe\/noticiero\/#website\",\"url\":\"https:\/\/aeronoticias.com.pe\/noticiero\/\",\"name\":\"Aeronoticias.com.pe\",\"description\":\"Noticias de tranporte aereo, turismo, hoteles, gastronomia, actualidad, internacional\",\"potentialAction\":[{\"@type\":\"SearchAction\",\"target\":{\"@type\":\"EntryPoint\",\"urlTemplate\":\"https:\/\/aeronoticias.com.pe\/noticiero\/?s={search_term_string}\"},\"query-input\":{\"@type\":\"PropertyValueSpecification\",\"valueRequired\":true,\"valueName\":\"search_term_string\"}}],\"inLanguage\":\"es\"},{\"@type\":\"Person\",\"@id\":\"https:\/\/aeronoticias.com.pe\/noticiero\/#\/schema\/person\/fc1e5d578f4b62ba1cf7ac2bba1170a0\",\"name\":\"Redacci\u00f3n Aeronoticias\",\"url\":\"https:\/\/aeronoticias.com.pe\/noticiero\/author\/piloto\/\"}]}<\/script>\n<!-- \/ Yoast SEO plugin. -->","yoast_head_json":{"title":"Decanos del CAL Apristas escondieron durante 6 a\u00f1os denuncia \u00e9tica de Margarita del Campo Vegas contra V\u00edctor Garc\u00eda Toma","description":"Portal de noticias del Per\u00fa sobre el transporte a\u00e9reo, aviaci\u00f3n, turismo, hoteleria, actualidad.","robots":{"index":"index","follow":"follow","max-snippet":"max-snippet:-1","max-image-preview":"max-image-preview:large","max-video-preview":"max-video-preview:-1"},"canonical":"https:\/\/aeronoticias.com.pe\/noticiero\/ultimas\/1\/decanos-del-cal-apristas-escondieron-durante-6-anos-denuncia-etica-de-margarita-del-campo-vegas-contra-victor-garcia-toma\/","og_locale":"es_ES","og_type":"article","og_title":"Decanos del CAL Apristas escondieron durante 6 a\u00f1os denuncia \u00e9tica de Margarita del Campo Vegas contra V\u00edctor Garc\u00eda Toma","og_description":"Portal de noticias del Per\u00fa sobre el transporte a\u00e9reo, aviaci\u00f3n, turismo, hoteleria, actualidad.","og_url":"https:\/\/aeronoticias.com.pe\/noticiero\/ultimas\/1\/decanos-del-cal-apristas-escondieron-durante-6-anos-denuncia-etica-de-margarita-del-campo-vegas-contra-victor-garcia-toma\/","og_site_name":"Aeronoticias.com.pe","article_publisher":"https:\/\/www.facebook.com\/Aeronoticias.com.pe\/","article_published_time":"2013-11-29T04:54:12+00:00","author":"Redacci\u00f3n Aeronoticias","twitter_card":"summary_large_image","twitter_creator":"@aeronoticias","twitter_site":"@aeronoticias","twitter_misc":{"Escrito por":"Redacci\u00f3n Aeronoticias","Tiempo de lectura":"2 minutos"},"schema":{"@context":"https:\/\/schema.org","@graph":[{"@type":"WebPage","@id":"https:\/\/aeronoticias.com.pe\/noticiero\/ultimas\/1\/decanos-del-cal-apristas-escondieron-durante-6-anos-denuncia-etica-de-margarita-del-campo-vegas-contra-victor-garcia-toma\/","url":"https:\/\/aeronoticias.com.pe\/noticiero\/ultimas\/1\/decanos-del-cal-apristas-escondieron-durante-6-anos-denuncia-etica-de-margarita-del-campo-vegas-contra-victor-garcia-toma\/","name":"Decanos del CAL Apristas escondieron durante 6 a\u00f1os denuncia \u00e9tica de Margarita del Campo Vegas contra V\u00edctor Garc\u00eda Toma","isPartOf":{"@id":"https:\/\/aeronoticias.com.pe\/noticiero\/#website"},"datePublished":"2013-11-29T04:54:12+00:00","author":{"@id":"https:\/\/aeronoticias.com.pe\/noticiero\/#\/schema\/person\/fc1e5d578f4b62ba1cf7ac2bba1170a0"},"description":"Portal de noticias del Per\u00fa sobre el transporte a\u00e9reo, aviaci\u00f3n, turismo, hoteleria, actualidad.","breadcrumb":{"@id":"https:\/\/aeronoticias.com.pe\/noticiero\/ultimas\/1\/decanos-del-cal-apristas-escondieron-durante-6-anos-denuncia-etica-de-margarita-del-campo-vegas-contra-victor-garcia-toma\/#breadcrumb"},"inLanguage":"es","potentialAction":[{"@type":"ReadAction","target":["https:\/\/aeronoticias.com.pe\/noticiero\/ultimas\/1\/decanos-del-cal-apristas-escondieron-durante-6-anos-denuncia-etica-de-margarita-del-campo-vegas-contra-victor-garcia-toma\/"]}]},{"@type":"BreadcrumbList","@id":"https:\/\/aeronoticias.com.pe\/noticiero\/ultimas\/1\/decanos-del-cal-apristas-escondieron-durante-6-anos-denuncia-etica-de-margarita-del-campo-vegas-contra-victor-garcia-toma\/#breadcrumb","itemListElement":[{"@type":"ListItem","position":1,"name":"Portada","item":"https:\/\/aeronoticias.com.pe\/noticiero\/"},{"@type":"ListItem","position":2,"name":"Decanos del CAL Apristas escondieron durante 6 a\u00f1os denuncia \u00e9tica de Margarita del Campo Vegas contra V\u00edctor Garc\u00eda Toma"}]},{"@type":"WebSite","@id":"https:\/\/aeronoticias.com.pe\/noticiero\/#website","url":"https:\/\/aeronoticias.com.pe\/noticiero\/","name":"Aeronoticias.com.pe","description":"Noticias de tranporte aereo, turismo, hoteles, gastronomia, actualidad, internacional","potentialAction":[{"@type":"SearchAction","target":{"@type":"EntryPoint","urlTemplate":"https:\/\/aeronoticias.com.pe\/noticiero\/?s={search_term_string}"},"query-input":{"@type":"PropertyValueSpecification","valueRequired":true,"valueName":"search_term_string"}}],"inLanguage":"es"},{"@type":"Person","@id":"https:\/\/aeronoticias.com.pe\/noticiero\/#\/schema\/person\/fc1e5d578f4b62ba1cf7ac2bba1170a0","name":"Redacci\u00f3n Aeronoticias","url":"https:\/\/aeronoticias.com.pe\/noticiero\/author\/piloto\/"}]}},"_links":{"self":[{"href":"https:\/\/aeronoticias.com.pe\/noticiero\/wp-json\/wp\/v2\/posts\/41905","targetHints":{"allow":["GET"]}}],"collection":[{"href":"https:\/\/aeronoticias.com.pe\/noticiero\/wp-json\/wp\/v2\/posts"}],"about":[{"href":"https:\/\/aeronoticias.com.pe\/noticiero\/wp-json\/wp\/v2\/types\/post"}],"author":[{"embeddable":true,"href":"https:\/\/aeronoticias.com.pe\/noticiero\/wp-json\/wp\/v2\/users\/1"}],"replies":[{"embeddable":true,"href":"https:\/\/aeronoticias.com.pe\/noticiero\/wp-json\/wp\/v2\/comments?post=41905"}],"version-history":[{"count":0,"href":"https:\/\/aeronoticias.com.pe\/noticiero\/wp-json\/wp\/v2\/posts\/41905\/revisions"}],"wp:attachment":[{"href":"https:\/\/aeronoticias.com.pe\/noticiero\/wp-json\/wp\/v2\/media?parent=41905"}],"wp:term":[{"taxonomy":"category","embeddable":true,"href":"https:\/\/aeronoticias.com.pe\/noticiero\/wp-json\/wp\/v2\/categories?post=41905"},{"taxonomy":"post_tag","embeddable":true,"href":"https:\/\/aeronoticias.com.pe\/noticiero\/wp-json\/wp\/v2\/tags?post=41905"}],"curies":[{"name":"wp","href":"https:\/\/api.w.org\/{rel}","templated":true}]}}