{"id":42454,"date":"2013-12-27T15:35:53","date_gmt":"2013-12-27T15:35:53","guid":{"rendered":"http:\/\/desarrollo.mcvicious.com\/aero2020\/2013\/12\/27\/gian-marco-explica-por-que-cancelo-sus-cuentas-de-facebook-y-twitter\/"},"modified":"2013-12-27T15:35:53","modified_gmt":"2013-12-27T15:35:53","slug":"gian-marco-explica-por-que-cancelo-sus-cuentas-de-facebook-y-twitter","status":"publish","type":"post","link":"https:\/\/aeronoticias.com.pe\/noticiero\/espectaculos\/gian-marco-explica-por-que-cancelo-sus-cuentas-de-facebook-y-twitter\/","title":{"rendered":"Gian Marco explica mediante video por qu\u00e9 cancel\u00f3 sus cuentas de Facebook y Twitter"},"content":{"rendered":"<p><strong>(Aeronoticias) <\/strong><span style=\"text-align: justify; line-height: 1.3em;\">Gian Marco Zignago explic\u00f3 por qu\u00e9 decidi\u00f3 cancelar sus cuentas en Facebook y Twitter, y critic\u00f3 a estas redes sociales. Sin embargo, el destacado artista nacional asegur\u00f3 que se mantendr\u00e1 en YouTube.<\/span><\/p>\n<p style=\"text-align: justify;\"><span style=\"line-height: 1.3em;\">El int\u00e9rprete de \u201cCanci\u00f3n de amor\u201d public\u00f3 hoy un <a href=\"http:\/\/www.youtube.com\/watch?v=ImHuvMP_oiE\" target=\"_blank\" rel=\"noopener noreferrer\"><strong>video<\/strong><\/a> en el mencionado portal, al que muchos consideran adem\u00e1s una red social. Ah\u00ed asegur\u00f3 que se ha convertido en un personaje que ya no est\u00e1 para las redes sociales, pero defendi\u00f3 su personalidad y su molestia por los pirot\u00e9cnicos.<\/span><\/p>\n<p style=\"text-align: justify;\">Justamente esa molestia expresada en Twitter tras un incidente en su casa durante la Nochebuena gener\u00f3 posiciones encontradas. Pero el artista cancel\u00f3 su cuenta tras una nueva pol\u00e9mica luego de poner calificativos a los usuarios, que tambi\u00e9n hicieron lamentables comentarios contra \u00e9l.<\/p>\n<p style=\"text-align: justify;\"><span style=\"line-height: 1.3em;\">\u201cUno no se puede quejar, no puede decir nada. Y m\u00e1s a\u00fan si eres figura p\u00fablica. Obviamente, tienes gente en contra, gente a favor. Y por eso decid\u00ed ya desligarme por completo de las redes sociales. Creo que es una enfermedad que a todos nos est\u00e1 atacando\u201d, manifest\u00f3 Gian Marco, quien dijo adem\u00e1s haberse re\u00eddo con los memes que gener\u00f3.<\/span><\/p>\n<p style=\"text-align: justify;\">\u201cEstoy bastante tranquilo, mucho m\u00e1s tranquilo de lo que imaginaba sin el Twitter y Facebook. Es como haberme quitado un peso de encima\u201d, asegur\u00f3 tambi\u00e9n aclarando que no decidi\u00f3 cerrar sus cuentas por los denominados trolls o \u2018haters\u2019.<\/p>\n<p style=\"text-align: justify;\">Asimismo, asever\u00f3 que no le importa haber tenido bastantes seguidores. \u201cOjal\u00e1 otro artista peruano tenga esa posibilidad ahora que ya no voy a estar, que tengan m\u00e1s opciones\u201d, manifest\u00f3.<\/p>\n<p style=\"text-align: justify;\">Insisti\u00f3 adem\u00e1s en que los pirot\u00e9cnicos deben limitarse o estar permitidos por un par de horas, pero no durante tanto tiempo. \u201cNo s\u00e9 si Jes\u00fas tuvo la suerte de tener esos fuegos artificiales en su nacimiento\u201d, dijo respecto a la Navidad que celebra el nacimiento de Cristo.<\/p>\n<p style=\"text-align: justify;\"><span style=\"line-height: 1.3em;\">Por otro lado, el cr\u00edtico de m\u00fasica \u201cCucho\u201d Pe\u00f1aloza hab\u00eda publicado m\u00e1s temprano un video en el que Gian Marco utiliz\u00f3 pirot\u00e9cnicos en un concierto del 2012 por sus 20 a\u00f1os de carrera.<\/span><\/p>\n<p style=\"text-align: justify;\">\u201cNo confundas a la gente, hermano querido, deja de subirte al carro de mi nombre, por favor. Si fueras tan amable, d\u00e9jame en paz\u201d, le dijo el artista a \u201cCucho\u201d, a quien dijo admirar. Sobre este punto, Zignago sostuvo que si su show us\u00f3 pirot\u00e9cnicos fue por uno o dos minutos. Fuente: elcomercio.pe<\/p>\n<p style=\"text-align: justify;\"><img decoding=\"async\" src=\"images\/stories\/13\/12\/27\/gian-marco.jpg\" border=\"0\" \/><\/p>\n<p><strong> <\/strong><\/p>\n<p>\u00a0<\/p>\n","protected":false},"excerpt":{"rendered":"<p>(Aeronoticias) Gian Marco Zignago explic\u00f3 por qu\u00e9 decidi\u00f3 cancelar sus cuentas en Facebook y Twitter, y critic\u00f3 a estas redes sociales. Sin embargo, el destacado artista nacional asegur\u00f3 que se mantendr\u00e1 en YouTube. El int\u00e9rprete de \u201cCanci\u00f3n de amor\u201d public\u00f3 hoy un video en el mencionado portal, al que muchos consideran adem\u00e1s una red social. [&hellip;]<\/p>\n","protected":false},"author":1,"featured_media":0,"comment_status":"open","ping_status":"open","sticky":false,"template":"","format":"standard","meta":{"tdm_status":"","tdm_grid_status":"","footnotes":""},"categories":[41],"tags":[],"class_list":{"0":"post-42454","1":"post","2":"type-post","3":"status-publish","4":"format-standard","6":"category-espectaculos"},"yoast_head":"<!-- This site is optimized with the Yoast SEO plugin v25.1 - https:\/\/yoast.com\/wordpress\/plugins\/seo\/ -->\n<title>Gian Marco explica mediante video por qu\u00e9 cancel\u00f3 sus cuentas de Facebook y Twitter<\/title>\n<meta name=\"description\" content=\"Portal de noticias del Per\u00fa sobre el transporte a\u00e9reo, aviaci\u00f3n, turismo, hoteleria, actualidad.\" \/>\n<meta name=\"robots\" content=\"index, follow, max-snippet:-1, max-image-preview:large, max-video-preview:-1\" \/>\n<link rel=\"canonical\" href=\"https:\/\/aeronoticias.com.pe\/noticiero\/espectaculos\/gian-marco-explica-por-que-cancelo-sus-cuentas-de-facebook-y-twitter\/\" \/>\n<meta property=\"og:locale\" content=\"es_ES\" \/>\n<meta property=\"og:type\" content=\"article\" \/>\n<meta property=\"og:title\" content=\"Gian Marco explica mediante video por qu\u00e9 cancel\u00f3 sus cuentas de Facebook y Twitter\" \/>\n<meta property=\"og:description\" content=\"Portal de noticias del Per\u00fa sobre el transporte a\u00e9reo, aviaci\u00f3n, turismo, hoteleria, actualidad.\" \/>\n<meta property=\"og:url\" content=\"https:\/\/aeronoticias.com.pe\/noticiero\/espectaculos\/gian-marco-explica-por-que-cancelo-sus-cuentas-de-facebook-y-twitter\/\" \/>\n<meta property=\"og:site_name\" content=\"Aeronoticias.com.pe\" \/>\n<meta property=\"article:publisher\" content=\"https:\/\/www.facebook.com\/Aeronoticias.com.pe\/\" \/>\n<meta property=\"article:published_time\" content=\"2013-12-27T15:35:53+00:00\" \/>\n<meta name=\"author\" content=\"Redacci\u00f3n Aeronoticias\" \/>\n<meta name=\"twitter:card\" content=\"summary_large_image\" \/>\n<meta name=\"twitter:creator\" content=\"@aeronoticias\" \/>\n<meta name=\"twitter:site\" content=\"@aeronoticias\" \/>\n<meta name=\"twitter:label1\" content=\"Escrito por\" \/>\n\t<meta name=\"twitter:data1\" content=\"Redacci\u00f3n Aeronoticias\" \/>\n\t<meta name=\"twitter:label2\" content=\"Tiempo de lectura\" \/>\n\t<meta name=\"twitter:data2\" content=\"2 minutos\" \/>\n<script type=\"application\/ld+json\" class=\"yoast-schema-graph\">{\"@context\":\"https:\/\/schema.org\",\"@graph\":[{\"@type\":\"WebPage\",\"@id\":\"https:\/\/aeronoticias.com.pe\/noticiero\/espectaculos\/gian-marco-explica-por-que-cancelo-sus-cuentas-de-facebook-y-twitter\/\",\"url\":\"https:\/\/aeronoticias.com.pe\/noticiero\/espectaculos\/gian-marco-explica-por-que-cancelo-sus-cuentas-de-facebook-y-twitter\/\",\"name\":\"Gian Marco explica mediante video por qu\u00e9 cancel\u00f3 sus cuentas de Facebook y Twitter\",\"isPartOf\":{\"@id\":\"https:\/\/aeronoticias.com.pe\/noticiero\/#website\"},\"datePublished\":\"2013-12-27T15:35:53+00:00\",\"author\":{\"@id\":\"https:\/\/aeronoticias.com.pe\/noticiero\/#\/schema\/person\/fc1e5d578f4b62ba1cf7ac2bba1170a0\"},\"description\":\"Portal de noticias del Per\u00fa sobre el transporte a\u00e9reo, aviaci\u00f3n, turismo, hoteleria, actualidad.\",\"breadcrumb\":{\"@id\":\"https:\/\/aeronoticias.com.pe\/noticiero\/espectaculos\/gian-marco-explica-por-que-cancelo-sus-cuentas-de-facebook-y-twitter\/#breadcrumb\"},\"inLanguage\":\"es\",\"potentialAction\":[{\"@type\":\"ReadAction\",\"target\":[\"https:\/\/aeronoticias.com.pe\/noticiero\/espectaculos\/gian-marco-explica-por-que-cancelo-sus-cuentas-de-facebook-y-twitter\/\"]}]},{\"@type\":\"BreadcrumbList\",\"@id\":\"https:\/\/aeronoticias.com.pe\/noticiero\/espectaculos\/gian-marco-explica-por-que-cancelo-sus-cuentas-de-facebook-y-twitter\/#breadcrumb\",\"itemListElement\":[{\"@type\":\"ListItem\",\"position\":1,\"name\":\"Portada\",\"item\":\"https:\/\/aeronoticias.com.pe\/noticiero\/\"},{\"@type\":\"ListItem\",\"position\":2,\"name\":\"Gian Marco explica mediante video por qu\u00e9 cancel\u00f3 sus cuentas de Facebook y Twitter\"}]},{\"@type\":\"WebSite\",\"@id\":\"https:\/\/aeronoticias.com.pe\/noticiero\/#website\",\"url\":\"https:\/\/aeronoticias.com.pe\/noticiero\/\",\"name\":\"Aeronoticias.com.pe\",\"description\":\"Noticias de tranporte aereo, turismo, hoteles, gastronomia, actualidad, internacional\",\"potentialAction\":[{\"@type\":\"SearchAction\",\"target\":{\"@type\":\"EntryPoint\",\"urlTemplate\":\"https:\/\/aeronoticias.com.pe\/noticiero\/?s={search_term_string}\"},\"query-input\":{\"@type\":\"PropertyValueSpecification\",\"valueRequired\":true,\"valueName\":\"search_term_string\"}}],\"inLanguage\":\"es\"},{\"@type\":\"Person\",\"@id\":\"https:\/\/aeronoticias.com.pe\/noticiero\/#\/schema\/person\/fc1e5d578f4b62ba1cf7ac2bba1170a0\",\"name\":\"Redacci\u00f3n Aeronoticias\",\"url\":\"https:\/\/aeronoticias.com.pe\/noticiero\/author\/piloto\/\"}]}<\/script>\n<!-- \/ Yoast SEO plugin. -->","yoast_head_json":{"title":"Gian Marco explica mediante video por qu\u00e9 cancel\u00f3 sus cuentas de Facebook y Twitter","description":"Portal de noticias del Per\u00fa sobre el transporte a\u00e9reo, aviaci\u00f3n, turismo, hoteleria, actualidad.","robots":{"index":"index","follow":"follow","max-snippet":"max-snippet:-1","max-image-preview":"max-image-preview:large","max-video-preview":"max-video-preview:-1"},"canonical":"https:\/\/aeronoticias.com.pe\/noticiero\/espectaculos\/gian-marco-explica-por-que-cancelo-sus-cuentas-de-facebook-y-twitter\/","og_locale":"es_ES","og_type":"article","og_title":"Gian Marco explica mediante video por qu\u00e9 cancel\u00f3 sus cuentas de Facebook y Twitter","og_description":"Portal de noticias del Per\u00fa sobre el transporte a\u00e9reo, aviaci\u00f3n, turismo, hoteleria, actualidad.","og_url":"https:\/\/aeronoticias.com.pe\/noticiero\/espectaculos\/gian-marco-explica-por-que-cancelo-sus-cuentas-de-facebook-y-twitter\/","og_site_name":"Aeronoticias.com.pe","article_publisher":"https:\/\/www.facebook.com\/Aeronoticias.com.pe\/","article_published_time":"2013-12-27T15:35:53+00:00","author":"Redacci\u00f3n Aeronoticias","twitter_card":"summary_large_image","twitter_creator":"@aeronoticias","twitter_site":"@aeronoticias","twitter_misc":{"Escrito por":"Redacci\u00f3n Aeronoticias","Tiempo de lectura":"2 minutos"},"schema":{"@context":"https:\/\/schema.org","@graph":[{"@type":"WebPage","@id":"https:\/\/aeronoticias.com.pe\/noticiero\/espectaculos\/gian-marco-explica-por-que-cancelo-sus-cuentas-de-facebook-y-twitter\/","url":"https:\/\/aeronoticias.com.pe\/noticiero\/espectaculos\/gian-marco-explica-por-que-cancelo-sus-cuentas-de-facebook-y-twitter\/","name":"Gian Marco explica mediante video por qu\u00e9 cancel\u00f3 sus cuentas de Facebook y Twitter","isPartOf":{"@id":"https:\/\/aeronoticias.com.pe\/noticiero\/#website"},"datePublished":"2013-12-27T15:35:53+00:00","author":{"@id":"https:\/\/aeronoticias.com.pe\/noticiero\/#\/schema\/person\/fc1e5d578f4b62ba1cf7ac2bba1170a0"},"description":"Portal de noticias del Per\u00fa sobre el transporte a\u00e9reo, aviaci\u00f3n, turismo, hoteleria, actualidad.","breadcrumb":{"@id":"https:\/\/aeronoticias.com.pe\/noticiero\/espectaculos\/gian-marco-explica-por-que-cancelo-sus-cuentas-de-facebook-y-twitter\/#breadcrumb"},"inLanguage":"es","potentialAction":[{"@type":"ReadAction","target":["https:\/\/aeronoticias.com.pe\/noticiero\/espectaculos\/gian-marco-explica-por-que-cancelo-sus-cuentas-de-facebook-y-twitter\/"]}]},{"@type":"BreadcrumbList","@id":"https:\/\/aeronoticias.com.pe\/noticiero\/espectaculos\/gian-marco-explica-por-que-cancelo-sus-cuentas-de-facebook-y-twitter\/#breadcrumb","itemListElement":[{"@type":"ListItem","position":1,"name":"Portada","item":"https:\/\/aeronoticias.com.pe\/noticiero\/"},{"@type":"ListItem","position":2,"name":"Gian Marco explica mediante video por qu\u00e9 cancel\u00f3 sus cuentas de Facebook y Twitter"}]},{"@type":"WebSite","@id":"https:\/\/aeronoticias.com.pe\/noticiero\/#website","url":"https:\/\/aeronoticias.com.pe\/noticiero\/","name":"Aeronoticias.com.pe","description":"Noticias de tranporte aereo, turismo, hoteles, gastronomia, actualidad, internacional","potentialAction":[{"@type":"SearchAction","target":{"@type":"EntryPoint","urlTemplate":"https:\/\/aeronoticias.com.pe\/noticiero\/?s={search_term_string}"},"query-input":{"@type":"PropertyValueSpecification","valueRequired":true,"valueName":"search_term_string"}}],"inLanguage":"es"},{"@type":"Person","@id":"https:\/\/aeronoticias.com.pe\/noticiero\/#\/schema\/person\/fc1e5d578f4b62ba1cf7ac2bba1170a0","name":"Redacci\u00f3n Aeronoticias","url":"https:\/\/aeronoticias.com.pe\/noticiero\/author\/piloto\/"}]}},"_links":{"self":[{"href":"https:\/\/aeronoticias.com.pe\/noticiero\/wp-json\/wp\/v2\/posts\/42454","targetHints":{"allow":["GET"]}}],"collection":[{"href":"https:\/\/aeronoticias.com.pe\/noticiero\/wp-json\/wp\/v2\/posts"}],"about":[{"href":"https:\/\/aeronoticias.com.pe\/noticiero\/wp-json\/wp\/v2\/types\/post"}],"author":[{"embeddable":true,"href":"https:\/\/aeronoticias.com.pe\/noticiero\/wp-json\/wp\/v2\/users\/1"}],"replies":[{"embeddable":true,"href":"https:\/\/aeronoticias.com.pe\/noticiero\/wp-json\/wp\/v2\/comments?post=42454"}],"version-history":[{"count":0,"href":"https:\/\/aeronoticias.com.pe\/noticiero\/wp-json\/wp\/v2\/posts\/42454\/revisions"}],"wp:attachment":[{"href":"https:\/\/aeronoticias.com.pe\/noticiero\/wp-json\/wp\/v2\/media?parent=42454"}],"wp:term":[{"taxonomy":"category","embeddable":true,"href":"https:\/\/aeronoticias.com.pe\/noticiero\/wp-json\/wp\/v2\/categories?post=42454"},{"taxonomy":"post_tag","embeddable":true,"href":"https:\/\/aeronoticias.com.pe\/noticiero\/wp-json\/wp\/v2\/tags?post=42454"}],"curies":[{"name":"wp","href":"https:\/\/api.w.org\/{rel}","templated":true}]}}