{"id":42456,"date":"2013-12-27T15:41:37","date_gmt":"2013-12-27T15:41:37","guid":{"rendered":"http:\/\/desarrollo.mcvicious.com\/aero2020\/2013\/12\/27\/inaer-espana-asumira-el-mantenimiento-de-los-ab-212-de-las-fuerzas-armadas\/"},"modified":"2013-12-27T15:41:37","modified_gmt":"2013-12-27T15:41:37","slug":"inaer-espana-asumira-el-mantenimiento-de-los-ab-212-de-las-fuerzas-armadas","status":"publish","type":"post","link":"https:\/\/aeronoticias.com.pe\/noticiero\/transporte-aereo\/internacional\/inaer-espana-asumira-el-mantenimiento-de-los-ab-212-de-las-fuerzas-armadas\/","title":{"rendered":"Inaer Espa\u00f1a asumir\u00e1 el mantenimiento de los AB 212 de las Fuerzas Armadas"},"content":{"rendered":"<p style=\"text-align: justify;\"><img decoding=\"async\" src=\"images\/stories\/13\/12\/27\/p4.jpg\" border=\"0\" \/><\/p>\n<p style=\"text-align: justify;\"><strong>(Aeronoticias).<\/strong>&#8211; Inaer Espa\u00f1a realizar\u00e1 el mantenimiento \u00edntegro de la flota de helic\u00f3pteros AB 212 perteneciente a las Fuerzas Aerom\u00f3viles del Ej\u00e9rcito de Tierra (FAMET). El contrato ha sido adjudicado por concurso p\u00fablico a trav\u00e9s de la Nato Support Agency (NSPA), el organismo de mantenimiento y abastecimiento de la OTAN y tiene una duraci\u00f3n de 3 a\u00f1os prorrogables por otros dos m\u00e1s.<\/p>\n<p style=\"text-align: justify;\">Inaer Espa\u00f1a ya ha recibido el primer AB 212 para mantenimiento en las instalaciones de Albacete. Esta base operativa es uno de los 4 Centros de Mantenimiento Aeron\u00e1utico que la compa\u00f1\u00eda tiene en Espa\u00f1a.<\/p>\n<p style=\"text-align: justify;\">El contrato prev\u00e9 las labores de mantenimiento propias de los aparatos e incluyen la realizaci\u00f3n de inspecciones obligatorias peri\u00f3dicas as\u00ed como el abastecimiento de material de repuesto. Asimismo, INAER Espa\u00f1a deber\u00e1 realizar el servicio de mantenimiento de los rotores y componentes de los helic\u00f3pteros y la reparaci\u00f3n de material espec\u00edfico para las misiones que realicen.<\/p>\n<p style=\"text-align: justify;\">Manuel L\u00f3pez Aguilar, director general de Inaer Espa\u00f1a afirma que \u201ccon este nuevo contrato Inaer Espa\u00f1a pasa a convertirse en un proveedor habitual de las Fuerzas Armadas espa\u00f1olas\u201d y a\u00f1ade: \u201cLa compa\u00f1\u00eda contin\u00faa consolid\u00e1ndose como referente en servicios de mantenimiento, reparaci\u00f3n y modernizaci\u00f3n de aeronaves militares. Acumula esta nueva experiencia a una dilatada trayectoria de servicios al Ministerio de Defensa espa\u00f1ol y a otras instituciones estatales europeas\u201d.<\/p>\n<p style=\"text-align: justify;\">Inaer Espa\u00f1a cuenta con una amplia experiencia en el sector de mantenimiento de helic\u00f3pteros respaldada por m\u00e1s de 48 a\u00f1os de experiencia. Desde sus Centros de Mantenimiento Aeron\u00e1utico (CMA), realiza el mantenimiento completo tanto de su flota como el de terceros. Paralelamente, INAER Espa\u00f1a es \u201cService Station Centre\u201d de los principales fabricantes mundiales de helic\u00f3pteros y motores. Los centros de servicio oficial proporcionan un mantenimiento exclusivo que garantiza el m\u00e1ximo nivel de seguridad t\u00e9cnica.<\/p>\n<p style=\"text-align: justify;\">\u00a0<\/p>\n<p style=\"text-align: justify;\">Fuente: <strong><em>Aerotendencias<\/em><\/strong><\/p>\n<p style=\"text-align: justify;\">Foto: <strong><em>elpueblodealbacete<\/em><\/strong><\/p>\n<div><\/div>\n","protected":false},"excerpt":{"rendered":"<p>(Aeronoticias).&#8211; Inaer Espa\u00f1a realizar\u00e1 el mantenimiento \u00edntegro de la flota de helic\u00f3pteros AB 212 perteneciente a las Fuerzas Aerom\u00f3viles del Ej\u00e9rcito de Tierra (FAMET). El contrato ha sido adjudicado por concurso p\u00fablico a trav\u00e9s de la Nato Support Agency (NSPA), el organismo de mantenimiento y abastecimiento de la OTAN y tiene una duraci\u00f3n de 3 [&hellip;]<\/p>\n","protected":false},"author":1,"featured_media":0,"comment_status":"open","ping_status":"open","sticky":false,"template":"","format":"standard","meta":{"tdm_status":"","tdm_grid_status":"","footnotes":""},"categories":[32],"tags":[],"class_list":{"0":"post-42456","1":"post","2":"type-post","3":"status-publish","4":"format-standard","6":"category-internacional"},"yoast_head":"<!-- This site is optimized with the Yoast SEO plugin v25.1 - https:\/\/yoast.com\/wordpress\/plugins\/seo\/ -->\n<title>Inaer Espa\u00f1a asumir\u00e1 el mantenimiento de los AB 212 de las Fuerzas Armadas<\/title>\n<meta name=\"description\" content=\"Portal de noticias del Per\u00fa sobre el transporte a\u00e9reo, aviaci\u00f3n, turismo, hoteleria, actualidad.\" \/>\n<meta name=\"robots\" content=\"index, follow, max-snippet:-1, max-image-preview:large, max-video-preview:-1\" \/>\n<link rel=\"canonical\" href=\"https:\/\/aeronoticias.com.pe\/noticiero\/transporte-aereo\/internacional\/inaer-espana-asumira-el-mantenimiento-de-los-ab-212-de-las-fuerzas-armadas\/\" \/>\n<meta property=\"og:locale\" content=\"es_ES\" \/>\n<meta property=\"og:type\" content=\"article\" \/>\n<meta property=\"og:title\" content=\"Inaer Espa\u00f1a asumir\u00e1 el mantenimiento de los AB 212 de las Fuerzas Armadas\" \/>\n<meta property=\"og:description\" content=\"Portal de noticias del Per\u00fa sobre el transporte a\u00e9reo, aviaci\u00f3n, turismo, hoteleria, actualidad.\" \/>\n<meta property=\"og:url\" content=\"https:\/\/aeronoticias.com.pe\/noticiero\/transporte-aereo\/internacional\/inaer-espana-asumira-el-mantenimiento-de-los-ab-212-de-las-fuerzas-armadas\/\" \/>\n<meta property=\"og:site_name\" content=\"Aeronoticias.com.pe\" \/>\n<meta property=\"article:publisher\" content=\"https:\/\/www.facebook.com\/Aeronoticias.com.pe\/\" \/>\n<meta property=\"article:published_time\" content=\"2013-12-27T15:41:37+00:00\" \/>\n<meta name=\"author\" content=\"Redacci\u00f3n Aeronoticias\" \/>\n<meta name=\"twitter:card\" content=\"summary_large_image\" \/>\n<meta name=\"twitter:creator\" content=\"@aeronoticias\" \/>\n<meta name=\"twitter:site\" content=\"@aeronoticias\" \/>\n<meta name=\"twitter:label1\" content=\"Escrito por\" \/>\n\t<meta name=\"twitter:data1\" content=\"Redacci\u00f3n Aeronoticias\" \/>\n\t<meta name=\"twitter:label2\" content=\"Tiempo de lectura\" \/>\n\t<meta name=\"twitter:data2\" content=\"2 minutos\" \/>\n<script type=\"application\/ld+json\" class=\"yoast-schema-graph\">{\"@context\":\"https:\/\/schema.org\",\"@graph\":[{\"@type\":\"WebPage\",\"@id\":\"https:\/\/aeronoticias.com.pe\/noticiero\/transporte-aereo\/internacional\/inaer-espana-asumira-el-mantenimiento-de-los-ab-212-de-las-fuerzas-armadas\/\",\"url\":\"https:\/\/aeronoticias.com.pe\/noticiero\/transporte-aereo\/internacional\/inaer-espana-asumira-el-mantenimiento-de-los-ab-212-de-las-fuerzas-armadas\/\",\"name\":\"Inaer Espa\u00f1a asumir\u00e1 el mantenimiento de los AB 212 de las Fuerzas Armadas\",\"isPartOf\":{\"@id\":\"https:\/\/aeronoticias.com.pe\/noticiero\/#website\"},\"datePublished\":\"2013-12-27T15:41:37+00:00\",\"author\":{\"@id\":\"https:\/\/aeronoticias.com.pe\/noticiero\/#\/schema\/person\/fc1e5d578f4b62ba1cf7ac2bba1170a0\"},\"description\":\"Portal de noticias del Per\u00fa sobre el transporte a\u00e9reo, aviaci\u00f3n, turismo, hoteleria, actualidad.\",\"breadcrumb\":{\"@id\":\"https:\/\/aeronoticias.com.pe\/noticiero\/transporte-aereo\/internacional\/inaer-espana-asumira-el-mantenimiento-de-los-ab-212-de-las-fuerzas-armadas\/#breadcrumb\"},\"inLanguage\":\"es\",\"potentialAction\":[{\"@type\":\"ReadAction\",\"target\":[\"https:\/\/aeronoticias.com.pe\/noticiero\/transporte-aereo\/internacional\/inaer-espana-asumira-el-mantenimiento-de-los-ab-212-de-las-fuerzas-armadas\/\"]}]},{\"@type\":\"BreadcrumbList\",\"@id\":\"https:\/\/aeronoticias.com.pe\/noticiero\/transporte-aereo\/internacional\/inaer-espana-asumira-el-mantenimiento-de-los-ab-212-de-las-fuerzas-armadas\/#breadcrumb\",\"itemListElement\":[{\"@type\":\"ListItem\",\"position\":1,\"name\":\"Portada\",\"item\":\"https:\/\/aeronoticias.com.pe\/noticiero\/\"},{\"@type\":\"ListItem\",\"position\":2,\"name\":\"Inaer Espa\u00f1a asumir\u00e1 el mantenimiento de los AB 212 de las Fuerzas Armadas\"}]},{\"@type\":\"WebSite\",\"@id\":\"https:\/\/aeronoticias.com.pe\/noticiero\/#website\",\"url\":\"https:\/\/aeronoticias.com.pe\/noticiero\/\",\"name\":\"Aeronoticias.com.pe\",\"description\":\"Noticias de tranporte aereo, turismo, hoteles, gastronomia, actualidad, internacional\",\"potentialAction\":[{\"@type\":\"SearchAction\",\"target\":{\"@type\":\"EntryPoint\",\"urlTemplate\":\"https:\/\/aeronoticias.com.pe\/noticiero\/?s={search_term_string}\"},\"query-input\":{\"@type\":\"PropertyValueSpecification\",\"valueRequired\":true,\"valueName\":\"search_term_string\"}}],\"inLanguage\":\"es\"},{\"@type\":\"Person\",\"@id\":\"https:\/\/aeronoticias.com.pe\/noticiero\/#\/schema\/person\/fc1e5d578f4b62ba1cf7ac2bba1170a0\",\"name\":\"Redacci\u00f3n Aeronoticias\",\"url\":\"https:\/\/aeronoticias.com.pe\/noticiero\/author\/piloto\/\"}]}<\/script>\n<!-- \/ Yoast SEO plugin. -->","yoast_head_json":{"title":"Inaer Espa\u00f1a asumir\u00e1 el mantenimiento de los AB 212 de las Fuerzas Armadas","description":"Portal de noticias del Per\u00fa sobre el transporte a\u00e9reo, aviaci\u00f3n, turismo, hoteleria, actualidad.","robots":{"index":"index","follow":"follow","max-snippet":"max-snippet:-1","max-image-preview":"max-image-preview:large","max-video-preview":"max-video-preview:-1"},"canonical":"https:\/\/aeronoticias.com.pe\/noticiero\/transporte-aereo\/internacional\/inaer-espana-asumira-el-mantenimiento-de-los-ab-212-de-las-fuerzas-armadas\/","og_locale":"es_ES","og_type":"article","og_title":"Inaer Espa\u00f1a asumir\u00e1 el mantenimiento de los AB 212 de las Fuerzas Armadas","og_description":"Portal de noticias del Per\u00fa sobre el transporte a\u00e9reo, aviaci\u00f3n, turismo, hoteleria, actualidad.","og_url":"https:\/\/aeronoticias.com.pe\/noticiero\/transporte-aereo\/internacional\/inaer-espana-asumira-el-mantenimiento-de-los-ab-212-de-las-fuerzas-armadas\/","og_site_name":"Aeronoticias.com.pe","article_publisher":"https:\/\/www.facebook.com\/Aeronoticias.com.pe\/","article_published_time":"2013-12-27T15:41:37+00:00","author":"Redacci\u00f3n Aeronoticias","twitter_card":"summary_large_image","twitter_creator":"@aeronoticias","twitter_site":"@aeronoticias","twitter_misc":{"Escrito por":"Redacci\u00f3n Aeronoticias","Tiempo de lectura":"2 minutos"},"schema":{"@context":"https:\/\/schema.org","@graph":[{"@type":"WebPage","@id":"https:\/\/aeronoticias.com.pe\/noticiero\/transporte-aereo\/internacional\/inaer-espana-asumira-el-mantenimiento-de-los-ab-212-de-las-fuerzas-armadas\/","url":"https:\/\/aeronoticias.com.pe\/noticiero\/transporte-aereo\/internacional\/inaer-espana-asumira-el-mantenimiento-de-los-ab-212-de-las-fuerzas-armadas\/","name":"Inaer Espa\u00f1a asumir\u00e1 el mantenimiento de los AB 212 de las Fuerzas Armadas","isPartOf":{"@id":"https:\/\/aeronoticias.com.pe\/noticiero\/#website"},"datePublished":"2013-12-27T15:41:37+00:00","author":{"@id":"https:\/\/aeronoticias.com.pe\/noticiero\/#\/schema\/person\/fc1e5d578f4b62ba1cf7ac2bba1170a0"},"description":"Portal de noticias del Per\u00fa sobre el transporte a\u00e9reo, aviaci\u00f3n, turismo, hoteleria, actualidad.","breadcrumb":{"@id":"https:\/\/aeronoticias.com.pe\/noticiero\/transporte-aereo\/internacional\/inaer-espana-asumira-el-mantenimiento-de-los-ab-212-de-las-fuerzas-armadas\/#breadcrumb"},"inLanguage":"es","potentialAction":[{"@type":"ReadAction","target":["https:\/\/aeronoticias.com.pe\/noticiero\/transporte-aereo\/internacional\/inaer-espana-asumira-el-mantenimiento-de-los-ab-212-de-las-fuerzas-armadas\/"]}]},{"@type":"BreadcrumbList","@id":"https:\/\/aeronoticias.com.pe\/noticiero\/transporte-aereo\/internacional\/inaer-espana-asumira-el-mantenimiento-de-los-ab-212-de-las-fuerzas-armadas\/#breadcrumb","itemListElement":[{"@type":"ListItem","position":1,"name":"Portada","item":"https:\/\/aeronoticias.com.pe\/noticiero\/"},{"@type":"ListItem","position":2,"name":"Inaer Espa\u00f1a asumir\u00e1 el mantenimiento de los AB 212 de las Fuerzas Armadas"}]},{"@type":"WebSite","@id":"https:\/\/aeronoticias.com.pe\/noticiero\/#website","url":"https:\/\/aeronoticias.com.pe\/noticiero\/","name":"Aeronoticias.com.pe","description":"Noticias de tranporte aereo, turismo, hoteles, gastronomia, actualidad, internacional","potentialAction":[{"@type":"SearchAction","target":{"@type":"EntryPoint","urlTemplate":"https:\/\/aeronoticias.com.pe\/noticiero\/?s={search_term_string}"},"query-input":{"@type":"PropertyValueSpecification","valueRequired":true,"valueName":"search_term_string"}}],"inLanguage":"es"},{"@type":"Person","@id":"https:\/\/aeronoticias.com.pe\/noticiero\/#\/schema\/person\/fc1e5d578f4b62ba1cf7ac2bba1170a0","name":"Redacci\u00f3n Aeronoticias","url":"https:\/\/aeronoticias.com.pe\/noticiero\/author\/piloto\/"}]}},"_links":{"self":[{"href":"https:\/\/aeronoticias.com.pe\/noticiero\/wp-json\/wp\/v2\/posts\/42456","targetHints":{"allow":["GET"]}}],"collection":[{"href":"https:\/\/aeronoticias.com.pe\/noticiero\/wp-json\/wp\/v2\/posts"}],"about":[{"href":"https:\/\/aeronoticias.com.pe\/noticiero\/wp-json\/wp\/v2\/types\/post"}],"author":[{"embeddable":true,"href":"https:\/\/aeronoticias.com.pe\/noticiero\/wp-json\/wp\/v2\/users\/1"}],"replies":[{"embeddable":true,"href":"https:\/\/aeronoticias.com.pe\/noticiero\/wp-json\/wp\/v2\/comments?post=42456"}],"version-history":[{"count":0,"href":"https:\/\/aeronoticias.com.pe\/noticiero\/wp-json\/wp\/v2\/posts\/42456\/revisions"}],"wp:attachment":[{"href":"https:\/\/aeronoticias.com.pe\/noticiero\/wp-json\/wp\/v2\/media?parent=42456"}],"wp:term":[{"taxonomy":"category","embeddable":true,"href":"https:\/\/aeronoticias.com.pe\/noticiero\/wp-json\/wp\/v2\/categories?post=42456"},{"taxonomy":"post_tag","embeddable":true,"href":"https:\/\/aeronoticias.com.pe\/noticiero\/wp-json\/wp\/v2\/tags?post=42456"}],"curies":[{"name":"wp","href":"https:\/\/api.w.org\/{rel}","templated":true}]}}