{"id":42488,"date":"2013-12-28T14:17:53","date_gmt":"2013-12-28T14:17:53","guid":{"rendered":"http:\/\/desarrollo.mcvicious.com\/aero2020\/2013\/12\/28\/el-aeropuerto-de-burgos-realizo-un-simulacro-general-de-emergencia-con-la-participacion-de-50-personas\/"},"modified":"2013-12-28T14:17:53","modified_gmt":"2013-12-28T14:17:53","slug":"el-aeropuerto-de-burgos-realizo-un-simulacro-general-de-emergencia-con-la-participacion-de-50-personas","status":"publish","type":"post","link":"https:\/\/aeronoticias.com.pe\/noticiero\/transporte-aereo\/internacional\/el-aeropuerto-de-burgos-realizo-un-simulacro-general-de-emergencia-con-la-participacion-de-50-personas\/","title":{"rendered":"El aeropuerto de Burgos realiz\u00f3 un simulacro general de emergencia con la participaci\u00f3n de 50 personas"},"content":{"rendered":"<p style=\"text-align: justify;\"><img decoding=\"async\" src=\"images\/stories\/13\/12\/27\/pp2.jpg\" border=\"0\" \/><\/p>\n<p style=\"text-align: justify;\"><strong>(Aeronoticias).<\/strong>&#8211; El aeropuerto de Burgos, siguiendo la normativa de la Organizaci\u00f3n de Aviaci\u00f3n Civil Internacional (OACI) y de acuerdo con las directrices marcadas por el Plan General de Seguridad de Aena, realiz\u00f3 ayer un Simulacro General de Emergencia de Accidente A\u00e9reo en las instalaciones aeroportuarias.<\/p>\n<p style=\"text-align: justify;\">El ejercicio, que ha sido organizado con todos los medios materiales y personales del Aeropuerto, as\u00ed como con medios externos, ha tenido como objetivo comprobar y evaluar los procedimientos de actuaci\u00f3n y coordinaci\u00f3n establecidos en el Plan de Autoprotecci\u00f3n del aeropuerto burgal\u00e9s, al tiempo que analizar la eficacia de los mismos, los tiempos de respuesta y el grado de conocimiento e integraci\u00f3n de todos los colectivos implicados para atender un accidente a\u00e9reo.<\/p>\n<p style=\"text-align: justify;\">El simulacro, en el que tambi\u00e9n han intervenido medios sanitarios y de emergencia de la ciudad burgalesa y de la Junta de Castilla y Le\u00f3n, as\u00ed como Fuerzas y Cuerpos de Seguridad del Estado y empresas presentes en el aeropuerto, ha contado con la participaci\u00f3n de m\u00e1s de 50 personas y se ha realizado a una hora determinada con objeto de no entorpecer el normal funcionamiento del Aeropuerto y no afectar a las operaciones.<\/p>\n<p style=\"text-align: justify;\">\u00a0<\/p>\n<p style=\"text-align: justify;\">Fuente: <strong><em> Aerotendencias<\/em><\/strong><\/p>\n<p style=\"text-align: justify;\">Foto: <strong><em>libertaddigital<\/em><\/strong><\/p>\n<p style=\"text-align: justify;\">\u00a0<\/p>\n","protected":false},"excerpt":{"rendered":"<p>(Aeronoticias).&#8211; El aeropuerto de Burgos, siguiendo la normativa de la Organizaci\u00f3n de Aviaci\u00f3n Civil Internacional (OACI) y de acuerdo con las directrices marcadas por el Plan General de Seguridad de Aena, realiz\u00f3 ayer un Simulacro General de Emergencia de Accidente A\u00e9reo en las instalaciones aeroportuarias. El ejercicio, que ha sido organizado con todos los medios [&hellip;]<\/p>\n","protected":false},"author":1,"featured_media":0,"comment_status":"open","ping_status":"open","sticky":false,"template":"","format":"standard","meta":{"tdm_status":"","tdm_grid_status":"","footnotes":""},"categories":[32],"tags":[],"class_list":{"0":"post-42488","1":"post","2":"type-post","3":"status-publish","4":"format-standard","6":"category-internacional"},"yoast_head":"<!-- This site is optimized with the Yoast SEO plugin v25.1 - https:\/\/yoast.com\/wordpress\/plugins\/seo\/ -->\n<title>El aeropuerto de Burgos realiz\u00f3 un simulacro general de emergencia con la participaci\u00f3n de 50 personas<\/title>\n<meta name=\"description\" content=\"Portal de noticias del Per\u00fa sobre el transporte a\u00e9reo, aviaci\u00f3n, turismo, hoteleria, actualidad.\" \/>\n<meta name=\"robots\" content=\"index, follow, max-snippet:-1, max-image-preview:large, max-video-preview:-1\" \/>\n<link rel=\"canonical\" href=\"https:\/\/aeronoticias.com.pe\/noticiero\/transporte-aereo\/internacional\/el-aeropuerto-de-burgos-realizo-un-simulacro-general-de-emergencia-con-la-participacion-de-50-personas\/\" \/>\n<meta property=\"og:locale\" content=\"es_ES\" \/>\n<meta property=\"og:type\" content=\"article\" \/>\n<meta property=\"og:title\" content=\"El aeropuerto de Burgos realiz\u00f3 un simulacro general de emergencia con la participaci\u00f3n de 50 personas\" \/>\n<meta property=\"og:description\" content=\"Portal de noticias del Per\u00fa sobre el transporte a\u00e9reo, aviaci\u00f3n, turismo, hoteleria, actualidad.\" \/>\n<meta property=\"og:url\" content=\"https:\/\/aeronoticias.com.pe\/noticiero\/transporte-aereo\/internacional\/el-aeropuerto-de-burgos-realizo-un-simulacro-general-de-emergencia-con-la-participacion-de-50-personas\/\" \/>\n<meta property=\"og:site_name\" content=\"Aeronoticias.com.pe\" \/>\n<meta property=\"article:publisher\" content=\"https:\/\/www.facebook.com\/Aeronoticias.com.pe\/\" \/>\n<meta property=\"article:published_time\" content=\"2013-12-28T14:17:53+00:00\" \/>\n<meta name=\"author\" content=\"Redacci\u00f3n Aeronoticias\" \/>\n<meta name=\"twitter:card\" content=\"summary_large_image\" \/>\n<meta name=\"twitter:creator\" content=\"@aeronoticias\" \/>\n<meta name=\"twitter:site\" content=\"@aeronoticias\" \/>\n<meta name=\"twitter:label1\" content=\"Escrito por\" \/>\n\t<meta name=\"twitter:data1\" content=\"Redacci\u00f3n Aeronoticias\" \/>\n\t<meta name=\"twitter:label2\" content=\"Tiempo de lectura\" \/>\n\t<meta name=\"twitter:data2\" content=\"1 minuto\" \/>\n<script type=\"application\/ld+json\" class=\"yoast-schema-graph\">{\"@context\":\"https:\/\/schema.org\",\"@graph\":[{\"@type\":\"WebPage\",\"@id\":\"https:\/\/aeronoticias.com.pe\/noticiero\/transporte-aereo\/internacional\/el-aeropuerto-de-burgos-realizo-un-simulacro-general-de-emergencia-con-la-participacion-de-50-personas\/\",\"url\":\"https:\/\/aeronoticias.com.pe\/noticiero\/transporte-aereo\/internacional\/el-aeropuerto-de-burgos-realizo-un-simulacro-general-de-emergencia-con-la-participacion-de-50-personas\/\",\"name\":\"El aeropuerto de Burgos realiz\u00f3 un simulacro general de emergencia con la participaci\u00f3n de 50 personas\",\"isPartOf\":{\"@id\":\"https:\/\/aeronoticias.com.pe\/noticiero\/#website\"},\"datePublished\":\"2013-12-28T14:17:53+00:00\",\"author\":{\"@id\":\"https:\/\/aeronoticias.com.pe\/noticiero\/#\/schema\/person\/fc1e5d578f4b62ba1cf7ac2bba1170a0\"},\"description\":\"Portal de noticias del Per\u00fa sobre el transporte a\u00e9reo, aviaci\u00f3n, turismo, hoteleria, actualidad.\",\"breadcrumb\":{\"@id\":\"https:\/\/aeronoticias.com.pe\/noticiero\/transporte-aereo\/internacional\/el-aeropuerto-de-burgos-realizo-un-simulacro-general-de-emergencia-con-la-participacion-de-50-personas\/#breadcrumb\"},\"inLanguage\":\"es\",\"potentialAction\":[{\"@type\":\"ReadAction\",\"target\":[\"https:\/\/aeronoticias.com.pe\/noticiero\/transporte-aereo\/internacional\/el-aeropuerto-de-burgos-realizo-un-simulacro-general-de-emergencia-con-la-participacion-de-50-personas\/\"]}]},{\"@type\":\"BreadcrumbList\",\"@id\":\"https:\/\/aeronoticias.com.pe\/noticiero\/transporte-aereo\/internacional\/el-aeropuerto-de-burgos-realizo-un-simulacro-general-de-emergencia-con-la-participacion-de-50-personas\/#breadcrumb\",\"itemListElement\":[{\"@type\":\"ListItem\",\"position\":1,\"name\":\"Portada\",\"item\":\"https:\/\/aeronoticias.com.pe\/noticiero\/\"},{\"@type\":\"ListItem\",\"position\":2,\"name\":\"El aeropuerto de Burgos realiz\u00f3 un simulacro general de emergencia con la participaci\u00f3n de 50 personas\"}]},{\"@type\":\"WebSite\",\"@id\":\"https:\/\/aeronoticias.com.pe\/noticiero\/#website\",\"url\":\"https:\/\/aeronoticias.com.pe\/noticiero\/\",\"name\":\"Aeronoticias.com.pe\",\"description\":\"Noticias de tranporte aereo, turismo, hoteles, gastronomia, actualidad, internacional\",\"potentialAction\":[{\"@type\":\"SearchAction\",\"target\":{\"@type\":\"EntryPoint\",\"urlTemplate\":\"https:\/\/aeronoticias.com.pe\/noticiero\/?s={search_term_string}\"},\"query-input\":{\"@type\":\"PropertyValueSpecification\",\"valueRequired\":true,\"valueName\":\"search_term_string\"}}],\"inLanguage\":\"es\"},{\"@type\":\"Person\",\"@id\":\"https:\/\/aeronoticias.com.pe\/noticiero\/#\/schema\/person\/fc1e5d578f4b62ba1cf7ac2bba1170a0\",\"name\":\"Redacci\u00f3n Aeronoticias\",\"url\":\"https:\/\/aeronoticias.com.pe\/noticiero\/author\/piloto\/\"}]}<\/script>\n<!-- \/ Yoast SEO plugin. -->","yoast_head_json":{"title":"El aeropuerto de Burgos realiz\u00f3 un simulacro general de emergencia con la participaci\u00f3n de 50 personas","description":"Portal de noticias del Per\u00fa sobre el transporte a\u00e9reo, aviaci\u00f3n, turismo, hoteleria, actualidad.","robots":{"index":"index","follow":"follow","max-snippet":"max-snippet:-1","max-image-preview":"max-image-preview:large","max-video-preview":"max-video-preview:-1"},"canonical":"https:\/\/aeronoticias.com.pe\/noticiero\/transporte-aereo\/internacional\/el-aeropuerto-de-burgos-realizo-un-simulacro-general-de-emergencia-con-la-participacion-de-50-personas\/","og_locale":"es_ES","og_type":"article","og_title":"El aeropuerto de Burgos realiz\u00f3 un simulacro general de emergencia con la participaci\u00f3n de 50 personas","og_description":"Portal de noticias del Per\u00fa sobre el transporte a\u00e9reo, aviaci\u00f3n, turismo, hoteleria, actualidad.","og_url":"https:\/\/aeronoticias.com.pe\/noticiero\/transporte-aereo\/internacional\/el-aeropuerto-de-burgos-realizo-un-simulacro-general-de-emergencia-con-la-participacion-de-50-personas\/","og_site_name":"Aeronoticias.com.pe","article_publisher":"https:\/\/www.facebook.com\/Aeronoticias.com.pe\/","article_published_time":"2013-12-28T14:17:53+00:00","author":"Redacci\u00f3n Aeronoticias","twitter_card":"summary_large_image","twitter_creator":"@aeronoticias","twitter_site":"@aeronoticias","twitter_misc":{"Escrito por":"Redacci\u00f3n Aeronoticias","Tiempo de lectura":"1 minuto"},"schema":{"@context":"https:\/\/schema.org","@graph":[{"@type":"WebPage","@id":"https:\/\/aeronoticias.com.pe\/noticiero\/transporte-aereo\/internacional\/el-aeropuerto-de-burgos-realizo-un-simulacro-general-de-emergencia-con-la-participacion-de-50-personas\/","url":"https:\/\/aeronoticias.com.pe\/noticiero\/transporte-aereo\/internacional\/el-aeropuerto-de-burgos-realizo-un-simulacro-general-de-emergencia-con-la-participacion-de-50-personas\/","name":"El aeropuerto de Burgos realiz\u00f3 un simulacro general de emergencia con la participaci\u00f3n de 50 personas","isPartOf":{"@id":"https:\/\/aeronoticias.com.pe\/noticiero\/#website"},"datePublished":"2013-12-28T14:17:53+00:00","author":{"@id":"https:\/\/aeronoticias.com.pe\/noticiero\/#\/schema\/person\/fc1e5d578f4b62ba1cf7ac2bba1170a0"},"description":"Portal de noticias del Per\u00fa sobre el transporte a\u00e9reo, aviaci\u00f3n, turismo, hoteleria, actualidad.","breadcrumb":{"@id":"https:\/\/aeronoticias.com.pe\/noticiero\/transporte-aereo\/internacional\/el-aeropuerto-de-burgos-realizo-un-simulacro-general-de-emergencia-con-la-participacion-de-50-personas\/#breadcrumb"},"inLanguage":"es","potentialAction":[{"@type":"ReadAction","target":["https:\/\/aeronoticias.com.pe\/noticiero\/transporte-aereo\/internacional\/el-aeropuerto-de-burgos-realizo-un-simulacro-general-de-emergencia-con-la-participacion-de-50-personas\/"]}]},{"@type":"BreadcrumbList","@id":"https:\/\/aeronoticias.com.pe\/noticiero\/transporte-aereo\/internacional\/el-aeropuerto-de-burgos-realizo-un-simulacro-general-de-emergencia-con-la-participacion-de-50-personas\/#breadcrumb","itemListElement":[{"@type":"ListItem","position":1,"name":"Portada","item":"https:\/\/aeronoticias.com.pe\/noticiero\/"},{"@type":"ListItem","position":2,"name":"El aeropuerto de Burgos realiz\u00f3 un simulacro general de emergencia con la participaci\u00f3n de 50 personas"}]},{"@type":"WebSite","@id":"https:\/\/aeronoticias.com.pe\/noticiero\/#website","url":"https:\/\/aeronoticias.com.pe\/noticiero\/","name":"Aeronoticias.com.pe","description":"Noticias de tranporte aereo, turismo, hoteles, gastronomia, actualidad, internacional","potentialAction":[{"@type":"SearchAction","target":{"@type":"EntryPoint","urlTemplate":"https:\/\/aeronoticias.com.pe\/noticiero\/?s={search_term_string}"},"query-input":{"@type":"PropertyValueSpecification","valueRequired":true,"valueName":"search_term_string"}}],"inLanguage":"es"},{"@type":"Person","@id":"https:\/\/aeronoticias.com.pe\/noticiero\/#\/schema\/person\/fc1e5d578f4b62ba1cf7ac2bba1170a0","name":"Redacci\u00f3n Aeronoticias","url":"https:\/\/aeronoticias.com.pe\/noticiero\/author\/piloto\/"}]}},"_links":{"self":[{"href":"https:\/\/aeronoticias.com.pe\/noticiero\/wp-json\/wp\/v2\/posts\/42488","targetHints":{"allow":["GET"]}}],"collection":[{"href":"https:\/\/aeronoticias.com.pe\/noticiero\/wp-json\/wp\/v2\/posts"}],"about":[{"href":"https:\/\/aeronoticias.com.pe\/noticiero\/wp-json\/wp\/v2\/types\/post"}],"author":[{"embeddable":true,"href":"https:\/\/aeronoticias.com.pe\/noticiero\/wp-json\/wp\/v2\/users\/1"}],"replies":[{"embeddable":true,"href":"https:\/\/aeronoticias.com.pe\/noticiero\/wp-json\/wp\/v2\/comments?post=42488"}],"version-history":[{"count":0,"href":"https:\/\/aeronoticias.com.pe\/noticiero\/wp-json\/wp\/v2\/posts\/42488\/revisions"}],"wp:attachment":[{"href":"https:\/\/aeronoticias.com.pe\/noticiero\/wp-json\/wp\/v2\/media?parent=42488"}],"wp:term":[{"taxonomy":"category","embeddable":true,"href":"https:\/\/aeronoticias.com.pe\/noticiero\/wp-json\/wp\/v2\/categories?post=42488"},{"taxonomy":"post_tag","embeddable":true,"href":"https:\/\/aeronoticias.com.pe\/noticiero\/wp-json\/wp\/v2\/tags?post=42488"}],"curies":[{"name":"wp","href":"https:\/\/api.w.org\/{rel}","templated":true}]}}