{"id":42493,"date":"2013-12-28T15:11:49","date_gmt":"2013-12-28T15:11:49","guid":{"rendered":"http:\/\/desarrollo.mcvicious.com\/aero2020\/2013\/12\/28\/qla-firma-del-tratado-trasatlantico-ue-eeuu-sera-una-guerra-fria-comercial-con-chinaq\/"},"modified":"2013-12-28T15:11:49","modified_gmt":"2013-12-28T15:11:49","slug":"qla-firma-del-tratado-trasatlantico-ue-eeuu-sera-una-guerra-fria-comercial-con-chinaq","status":"publish","type":"post","link":"https:\/\/aeronoticias.com.pe\/noticiero\/economia\/qla-firma-del-tratado-trasatlantico-ue-eeuu-sera-una-guerra-fria-comercial-con-chinaq\/","title":{"rendered":"\u00abLa firma del Tratado Trasatl\u00e1ntico UE-EE.UU. ser\u00e1 una guerra fr\u00eda comercial con China\u00bb"},"content":{"rendered":"<p style=\"text-align: justify;\"><img decoding=\"async\" src=\"images\/stories\/13\/12\/27\/pp7.jpg\" border=\"0\" \/><\/p>\n<p style=\"text-align: justify;\"><strong>(Aeronoticias).-<\/strong> <em>Estados Unidos est\u00e1 buscando acuerdos de libre comercio con la Uni\u00f3n Europea y pa\u00edses del Pac\u00edfico para obstaculizar el creciente poder econ\u00f3mico de China.<\/em><\/p>\n<p style=\"text-align: justify;\">EE.UU. busca ganar apoyo internacional de sus altos est\u00e1ndares en sectores como las leyes laborales, la salud y el respeto al medioambiente, as\u00ed como tomar medidas contra las empresas que roben patentes y restringir el apoyo gubernamental a las empresas estatales.<\/p>\n<p style=\"text-align: justify;\">\u00abChina ha sido el principal objetivo de estas normas, y ha sido criticada por EE.UU. y la UE por no obedecerlas\u00bb, coment\u00f3 Zhang Xiaotong, profesor asociado en la Universidad de Wuhan en China, citado por el portal The Hill.<\/p>\n<p style=\"text-align: justify;\">Esas negociaciones han generado una reacci\u00f3n negativa por parte de China que cree que EE.UU. busca impulsar cambios en las leyes internas del gigante asi\u00e1tico.<\/p>\n<p style=\"text-align: justify;\">\u00abAhora est\u00e1n hablando de medidas vinculadas con las decisiones soberanas, nacionales\u00bb, dijo Huo Jianguo, presidente de la Academia China de Comercio Internacional y Cooperaci\u00f3n Econ\u00f3mica, que asesora al Ministerio de Comercio de China.<\/p>\n<p style=\"text-align: justify;\">\u00abHay muchas nuevas reglas cuyo significado hay que comprender, as\u00ed como si todas estas normas se aplicar\u00e1n a todo el mundo\u00bb, dijo.<\/p>\n<p style=\"text-align: justify;\">Hubo relat\u00f3 que inicialmente China se mostr\u00f3 muy preocupada por las negociaciones sobre el Acuerdo Transpac\u00edfico, que incluyen a 12 pa\u00edses de Asia-Pac\u00edfico pero no a China.<\/p>\n<p style=\"text-align: justify;\">Desde entonces, Pek\u00edn ha tenido que hacerse a la idea y prev\u00e9 unirse al acuerdo alg\u00fan d\u00eda, si es que este llega a firmarse.<\/p>\n<p style=\"text-align: justify;\">Pero las negociaciones entre EE.UU. y la UE son las que ahora le preocupan cada vez m\u00e1s.<\/p>\n<p style=\"text-align: justify;\">\u00abUna vez que la comunidad transatl\u00e1ntica establezca sus reglas, dificultar\u00e1n a\u00fan m\u00e1s el acceso a los mercados a las exportaciones chinas\u00bb, escribi\u00f3 Zhang Xiaotong.<\/p>\n<p style=\"text-align: justify;\">Seg\u00fan \u00e9l, este acuerdo ser\u00eda el \u00abcolmo\u00bb y un \u00abpresagio de una guerra fr\u00eda comercial\u00bb.<\/p>\n<p style=\"text-align: justify;\">\u00a0<\/p>\n<p style=\"text-align: justify;\">Fuente: <strong><em>actualidad.rt<\/em><\/strong><\/p>\n<p style=\"text-align: justify;\">Foto: <em><strong>actualidad.rt<\/strong><\/em><\/p>\n<p style=\"text-align: justify;\">\u00a0<\/p>\n","protected":false},"excerpt":{"rendered":"<p>(Aeronoticias).- Estados Unidos est\u00e1 buscando acuerdos de libre comercio con la Uni\u00f3n Europea y pa\u00edses del Pac\u00edfico para obstaculizar el creciente poder econ\u00f3mico de China. EE.UU. busca ganar apoyo internacional de sus altos est\u00e1ndares en sectores como las leyes laborales, la salud y el respeto al medioambiente, as\u00ed como tomar medidas contra las empresas que [&hellip;]<\/p>\n","protected":false},"author":1,"featured_media":0,"comment_status":"open","ping_status":"open","sticky":false,"template":"","format":"standard","meta":{"tdm_status":"","tdm_grid_status":"","footnotes":""},"categories":[33],"tags":[],"class_list":{"0":"post-42493","1":"post","2":"type-post","3":"status-publish","4":"format-standard","6":"category-economia"},"yoast_head":"<!-- This site is optimized with the Yoast SEO plugin v25.1 - https:\/\/yoast.com\/wordpress\/plugins\/seo\/ -->\n<title>&quot;La firma del Tratado Trasatl\u00e1ntico UE-EE.UU. ser\u00e1 una guerra fr\u00eda comercial con China&quot;<\/title>\n<meta name=\"description\" content=\"Portal de noticias del Per\u00fa sobre el transporte a\u00e9reo, aviaci\u00f3n, turismo, hoteleria, actualidad.\" \/>\n<meta name=\"robots\" content=\"index, follow, max-snippet:-1, max-image-preview:large, max-video-preview:-1\" \/>\n<link rel=\"canonical\" href=\"https:\/\/aeronoticias.com.pe\/noticiero\/economia\/qla-firma-del-tratado-trasatlantico-ue-eeuu-sera-una-guerra-fria-comercial-con-chinaq\/\" \/>\n<meta property=\"og:locale\" content=\"es_ES\" \/>\n<meta property=\"og:type\" content=\"article\" \/>\n<meta property=\"og:title\" content=\"&quot;La firma del Tratado Trasatl\u00e1ntico UE-EE.UU. ser\u00e1 una guerra fr\u00eda comercial con China&quot;\" \/>\n<meta property=\"og:description\" content=\"Portal de noticias del Per\u00fa sobre el transporte a\u00e9reo, aviaci\u00f3n, turismo, hoteleria, actualidad.\" \/>\n<meta property=\"og:url\" content=\"https:\/\/aeronoticias.com.pe\/noticiero\/economia\/qla-firma-del-tratado-trasatlantico-ue-eeuu-sera-una-guerra-fria-comercial-con-chinaq\/\" \/>\n<meta property=\"og:site_name\" content=\"Aeronoticias.com.pe\" \/>\n<meta property=\"article:publisher\" content=\"https:\/\/www.facebook.com\/Aeronoticias.com.pe\/\" \/>\n<meta property=\"article:published_time\" content=\"2013-12-28T15:11:49+00:00\" \/>\n<meta name=\"author\" content=\"Redacci\u00f3n Aeronoticias\" \/>\n<meta name=\"twitter:card\" content=\"summary_large_image\" \/>\n<meta name=\"twitter:creator\" content=\"@aeronoticias\" \/>\n<meta name=\"twitter:site\" content=\"@aeronoticias\" \/>\n<meta name=\"twitter:label1\" content=\"Escrito por\" \/>\n\t<meta name=\"twitter:data1\" content=\"Redacci\u00f3n Aeronoticias\" \/>\n\t<meta name=\"twitter:label2\" content=\"Tiempo de lectura\" \/>\n\t<meta name=\"twitter:data2\" content=\"2 minutos\" \/>\n<script type=\"application\/ld+json\" class=\"yoast-schema-graph\">{\"@context\":\"https:\/\/schema.org\",\"@graph\":[{\"@type\":\"WebPage\",\"@id\":\"https:\/\/aeronoticias.com.pe\/noticiero\/economia\/qla-firma-del-tratado-trasatlantico-ue-eeuu-sera-una-guerra-fria-comercial-con-chinaq\/\",\"url\":\"https:\/\/aeronoticias.com.pe\/noticiero\/economia\/qla-firma-del-tratado-trasatlantico-ue-eeuu-sera-una-guerra-fria-comercial-con-chinaq\/\",\"name\":\"\\\"La firma del Tratado Trasatl\u00e1ntico UE-EE.UU. ser\u00e1 una guerra fr\u00eda comercial con China\\\"\",\"isPartOf\":{\"@id\":\"https:\/\/aeronoticias.com.pe\/noticiero\/#website\"},\"datePublished\":\"2013-12-28T15:11:49+00:00\",\"author\":{\"@id\":\"https:\/\/aeronoticias.com.pe\/noticiero\/#\/schema\/person\/fc1e5d578f4b62ba1cf7ac2bba1170a0\"},\"description\":\"Portal de noticias del Per\u00fa sobre el transporte a\u00e9reo, aviaci\u00f3n, turismo, hoteleria, actualidad.\",\"breadcrumb\":{\"@id\":\"https:\/\/aeronoticias.com.pe\/noticiero\/economia\/qla-firma-del-tratado-trasatlantico-ue-eeuu-sera-una-guerra-fria-comercial-con-chinaq\/#breadcrumb\"},\"inLanguage\":\"es\",\"potentialAction\":[{\"@type\":\"ReadAction\",\"target\":[\"https:\/\/aeronoticias.com.pe\/noticiero\/economia\/qla-firma-del-tratado-trasatlantico-ue-eeuu-sera-una-guerra-fria-comercial-con-chinaq\/\"]}]},{\"@type\":\"BreadcrumbList\",\"@id\":\"https:\/\/aeronoticias.com.pe\/noticiero\/economia\/qla-firma-del-tratado-trasatlantico-ue-eeuu-sera-una-guerra-fria-comercial-con-chinaq\/#breadcrumb\",\"itemListElement\":[{\"@type\":\"ListItem\",\"position\":1,\"name\":\"Portada\",\"item\":\"https:\/\/aeronoticias.com.pe\/noticiero\/\"},{\"@type\":\"ListItem\",\"position\":2,\"name\":\"\u00abLa firma del Tratado Trasatl\u00e1ntico UE-EE.UU. ser\u00e1 una guerra fr\u00eda comercial con China\u00bb\"}]},{\"@type\":\"WebSite\",\"@id\":\"https:\/\/aeronoticias.com.pe\/noticiero\/#website\",\"url\":\"https:\/\/aeronoticias.com.pe\/noticiero\/\",\"name\":\"Aeronoticias.com.pe\",\"description\":\"Noticias de tranporte aereo, turismo, hoteles, gastronomia, actualidad, internacional\",\"potentialAction\":[{\"@type\":\"SearchAction\",\"target\":{\"@type\":\"EntryPoint\",\"urlTemplate\":\"https:\/\/aeronoticias.com.pe\/noticiero\/?s={search_term_string}\"},\"query-input\":{\"@type\":\"PropertyValueSpecification\",\"valueRequired\":true,\"valueName\":\"search_term_string\"}}],\"inLanguage\":\"es\"},{\"@type\":\"Person\",\"@id\":\"https:\/\/aeronoticias.com.pe\/noticiero\/#\/schema\/person\/fc1e5d578f4b62ba1cf7ac2bba1170a0\",\"name\":\"Redacci\u00f3n Aeronoticias\",\"url\":\"https:\/\/aeronoticias.com.pe\/noticiero\/author\/piloto\/\"}]}<\/script>\n<!-- \/ Yoast SEO plugin. -->","yoast_head_json":{"title":"\"La firma del Tratado Trasatl\u00e1ntico UE-EE.UU. ser\u00e1 una guerra fr\u00eda comercial con China\"","description":"Portal de noticias del Per\u00fa sobre el transporte a\u00e9reo, aviaci\u00f3n, turismo, hoteleria, actualidad.","robots":{"index":"index","follow":"follow","max-snippet":"max-snippet:-1","max-image-preview":"max-image-preview:large","max-video-preview":"max-video-preview:-1"},"canonical":"https:\/\/aeronoticias.com.pe\/noticiero\/economia\/qla-firma-del-tratado-trasatlantico-ue-eeuu-sera-una-guerra-fria-comercial-con-chinaq\/","og_locale":"es_ES","og_type":"article","og_title":"\"La firma del Tratado Trasatl\u00e1ntico UE-EE.UU. ser\u00e1 una guerra fr\u00eda comercial con China\"","og_description":"Portal de noticias del Per\u00fa sobre el transporte a\u00e9reo, aviaci\u00f3n, turismo, hoteleria, actualidad.","og_url":"https:\/\/aeronoticias.com.pe\/noticiero\/economia\/qla-firma-del-tratado-trasatlantico-ue-eeuu-sera-una-guerra-fria-comercial-con-chinaq\/","og_site_name":"Aeronoticias.com.pe","article_publisher":"https:\/\/www.facebook.com\/Aeronoticias.com.pe\/","article_published_time":"2013-12-28T15:11:49+00:00","author":"Redacci\u00f3n Aeronoticias","twitter_card":"summary_large_image","twitter_creator":"@aeronoticias","twitter_site":"@aeronoticias","twitter_misc":{"Escrito por":"Redacci\u00f3n Aeronoticias","Tiempo de lectura":"2 minutos"},"schema":{"@context":"https:\/\/schema.org","@graph":[{"@type":"WebPage","@id":"https:\/\/aeronoticias.com.pe\/noticiero\/economia\/qla-firma-del-tratado-trasatlantico-ue-eeuu-sera-una-guerra-fria-comercial-con-chinaq\/","url":"https:\/\/aeronoticias.com.pe\/noticiero\/economia\/qla-firma-del-tratado-trasatlantico-ue-eeuu-sera-una-guerra-fria-comercial-con-chinaq\/","name":"\"La firma del Tratado Trasatl\u00e1ntico UE-EE.UU. ser\u00e1 una guerra fr\u00eda comercial con China\"","isPartOf":{"@id":"https:\/\/aeronoticias.com.pe\/noticiero\/#website"},"datePublished":"2013-12-28T15:11:49+00:00","author":{"@id":"https:\/\/aeronoticias.com.pe\/noticiero\/#\/schema\/person\/fc1e5d578f4b62ba1cf7ac2bba1170a0"},"description":"Portal de noticias del Per\u00fa sobre el transporte a\u00e9reo, aviaci\u00f3n, turismo, hoteleria, actualidad.","breadcrumb":{"@id":"https:\/\/aeronoticias.com.pe\/noticiero\/economia\/qla-firma-del-tratado-trasatlantico-ue-eeuu-sera-una-guerra-fria-comercial-con-chinaq\/#breadcrumb"},"inLanguage":"es","potentialAction":[{"@type":"ReadAction","target":["https:\/\/aeronoticias.com.pe\/noticiero\/economia\/qla-firma-del-tratado-trasatlantico-ue-eeuu-sera-una-guerra-fria-comercial-con-chinaq\/"]}]},{"@type":"BreadcrumbList","@id":"https:\/\/aeronoticias.com.pe\/noticiero\/economia\/qla-firma-del-tratado-trasatlantico-ue-eeuu-sera-una-guerra-fria-comercial-con-chinaq\/#breadcrumb","itemListElement":[{"@type":"ListItem","position":1,"name":"Portada","item":"https:\/\/aeronoticias.com.pe\/noticiero\/"},{"@type":"ListItem","position":2,"name":"\u00abLa firma del Tratado Trasatl\u00e1ntico UE-EE.UU. ser\u00e1 una guerra fr\u00eda comercial con China\u00bb"}]},{"@type":"WebSite","@id":"https:\/\/aeronoticias.com.pe\/noticiero\/#website","url":"https:\/\/aeronoticias.com.pe\/noticiero\/","name":"Aeronoticias.com.pe","description":"Noticias de tranporte aereo, turismo, hoteles, gastronomia, actualidad, internacional","potentialAction":[{"@type":"SearchAction","target":{"@type":"EntryPoint","urlTemplate":"https:\/\/aeronoticias.com.pe\/noticiero\/?s={search_term_string}"},"query-input":{"@type":"PropertyValueSpecification","valueRequired":true,"valueName":"search_term_string"}}],"inLanguage":"es"},{"@type":"Person","@id":"https:\/\/aeronoticias.com.pe\/noticiero\/#\/schema\/person\/fc1e5d578f4b62ba1cf7ac2bba1170a0","name":"Redacci\u00f3n Aeronoticias","url":"https:\/\/aeronoticias.com.pe\/noticiero\/author\/piloto\/"}]}},"_links":{"self":[{"href":"https:\/\/aeronoticias.com.pe\/noticiero\/wp-json\/wp\/v2\/posts\/42493","targetHints":{"allow":["GET"]}}],"collection":[{"href":"https:\/\/aeronoticias.com.pe\/noticiero\/wp-json\/wp\/v2\/posts"}],"about":[{"href":"https:\/\/aeronoticias.com.pe\/noticiero\/wp-json\/wp\/v2\/types\/post"}],"author":[{"embeddable":true,"href":"https:\/\/aeronoticias.com.pe\/noticiero\/wp-json\/wp\/v2\/users\/1"}],"replies":[{"embeddable":true,"href":"https:\/\/aeronoticias.com.pe\/noticiero\/wp-json\/wp\/v2\/comments?post=42493"}],"version-history":[{"count":0,"href":"https:\/\/aeronoticias.com.pe\/noticiero\/wp-json\/wp\/v2\/posts\/42493\/revisions"}],"wp:attachment":[{"href":"https:\/\/aeronoticias.com.pe\/noticiero\/wp-json\/wp\/v2\/media?parent=42493"}],"wp:term":[{"taxonomy":"category","embeddable":true,"href":"https:\/\/aeronoticias.com.pe\/noticiero\/wp-json\/wp\/v2\/categories?post=42493"},{"taxonomy":"post_tag","embeddable":true,"href":"https:\/\/aeronoticias.com.pe\/noticiero\/wp-json\/wp\/v2\/tags?post=42493"}],"curies":[{"name":"wp","href":"https:\/\/api.w.org\/{rel}","templated":true}]}}