{"id":42494,"date":"2013-12-28T15:18:58","date_gmt":"2013-12-28T15:18:58","guid":{"rendered":"http:\/\/desarrollo.mcvicious.com\/aero2020\/2013\/12\/28\/morales-exige-a-ibis-concluir-sus-programas-y-abandonar-el-pais-antes-del-26-de-marzo\/"},"modified":"2013-12-28T15:18:58","modified_gmt":"2013-12-28T15:18:58","slug":"morales-exige-a-ibis-concluir-sus-programas-y-abandonar-el-pais-antes-del-26-de-marzo","status":"publish","type":"post","link":"https:\/\/aeronoticias.com.pe\/noticiero\/internacionales\/morales-exige-a-ibis-concluir-sus-programas-y-abandonar-el-pais-antes-del-26-de-marzo\/","title":{"rendered":"Morales exige a IBIS concluir sus programas y abandonar el pa\u00eds antes del 26 de marzo"},"content":{"rendered":"<p style=\"text-align: justify;\"><img decoding=\"async\" src=\"images\/stories\/13\/12\/27\/pp8.jpg\" border=\"0\" \/><\/p>\n<p style=\"text-align: justify;\"><strong>(Aeronoticias).-<\/strong> <em>Las autoridades de Bolivia instan a la ONG danesa IBIS a que concluya sus operaciones en el pa\u00eds despu\u00e9s de que fuera formalmente expulsada mediante un aviso escrito.<\/em><\/p>\n<p style=\"text-align: justify;\">El Gobierno de Evo Morales anunci\u00f3 que la entidad tiene de plazo hasta el pr\u00f3ximo 26 de marzo para cerrar o transferir todos sus programas en la naci\u00f3n andina, informa el peri\u00f3dico boliviano &#8216;Los tiempos&#8217;.<\/p>\n<p style=\"text-align: justify;\">La directora de la ONG en el pa\u00eds, Ximena Valdivia, por su parte, ha lamentado la medida y afirm\u00f3 que m\u00e1s de 76.000 personas resultar\u00e1n afectadas por ella.<\/p>\n<p style=\"text-align: justify;\">La decisi\u00f3n de expulsar a la organizaci\u00f3n del pa\u00eds se basa en las acusaciones por parte del Gobierno de injerencia pol\u00edtica, financiaci\u00f3n de acciones para dividir a las organizaciones ind\u00edgenas y haber plasmado en documentos cr\u00edticas a la relaci\u00f3n de las autoridades con los pueblos nativos.<\/p>\n<p style=\"text-align: justify;\">Sin embargo, seg\u00fan Valdivia, dichas denuncias no se corresponden con la pol\u00edtica de IBIS y su historial de 30 a\u00f1os de trabajo en el pa\u00eds. La directora tambi\u00e9n se\u00f1al\u00f3 que \u00abla instituci\u00f3n tiene el m\u00ednimo derecho de conocer con precisi\u00f3n cu\u00e1les son los fundamentos de la decisi\u00f3n de la expulsi\u00f3n de IBIS de Bolivia con objeto de tener la oportunidad de dar una explicaci\u00f3n o corregir los errores cometidos\u00bb.<\/p>\n<p style=\"text-align: justify;\">Seg\u00fan aseguran los representantes de IBIS, la organizaci\u00f3n desarrolla en el pa\u00eds latinoamericano proyectos \u00abde promoci\u00f3n de la educaci\u00f3n para los pueblos ind\u00edgenas, el fortalecimiento de la gobernabilidad, la democracia intercultural del pa\u00eds, programas sobre el cambio clim\u00e1tico y la salud\u00bb y todos sus programas han sido reportados a la Canciller\u00eda boliviana.<\/p>\n<p style=\"text-align: justify;\">No obstante, Morales sigue firme en su decisi\u00f3n de expulsar a IBIS de Bolivia y tambi\u00e9n advierte que otros grupos pueden correr la misma suerte si se involucran en actividades similares. Precisamente por estos mismos motivos se expuls\u00f3 en mayo pasado a la agencia de cooperaci\u00f3n internacional de Estados Unidos, la USAID.<\/p>\n<p style=\"text-align: justify;\">\u00a0<\/p>\n<p style=\"text-align: justify;\">Fuente: <strong><em>actualidad.rt<\/em><\/strong><\/p>\n<p style=\"text-align: justify;\">Foto: <strong><em>actualidad.rt<\/em><\/strong><\/p>\n<p style=\"text-align: justify;\">\u00a0<\/p>\n","protected":false},"excerpt":{"rendered":"<p>(Aeronoticias).- Las autoridades de Bolivia instan a la ONG danesa IBIS a que concluya sus operaciones en el pa\u00eds despu\u00e9s de que fuera formalmente expulsada mediante un aviso escrito. El Gobierno de Evo Morales anunci\u00f3 que la entidad tiene de plazo hasta el pr\u00f3ximo 26 de marzo para cerrar o transferir todos sus programas en [&hellip;]<\/p>\n","protected":false},"author":1,"featured_media":0,"comment_status":"open","ping_status":"open","sticky":false,"template":"","format":"standard","meta":{"tdm_status":"","tdm_grid_status":"","footnotes":""},"categories":[34],"tags":[],"class_list":{"0":"post-42494","1":"post","2":"type-post","3":"status-publish","4":"format-standard","6":"category-internacionales"},"yoast_head":"<!-- This site is optimized with the Yoast SEO plugin v25.1 - https:\/\/yoast.com\/wordpress\/plugins\/seo\/ -->\n<title>Morales exige a IBIS concluir sus programas y abandonar el pa\u00eds antes del 26 de marzo<\/title>\n<meta name=\"description\" content=\"Portal de noticias del Per\u00fa sobre el transporte a\u00e9reo, aviaci\u00f3n, turismo, hoteleria, actualidad.\" \/>\n<meta name=\"robots\" content=\"index, follow, max-snippet:-1, max-image-preview:large, max-video-preview:-1\" \/>\n<link rel=\"canonical\" href=\"https:\/\/aeronoticias.com.pe\/noticiero\/internacionales\/morales-exige-a-ibis-concluir-sus-programas-y-abandonar-el-pais-antes-del-26-de-marzo\/\" \/>\n<meta property=\"og:locale\" content=\"es_ES\" \/>\n<meta property=\"og:type\" content=\"article\" \/>\n<meta property=\"og:title\" content=\"Morales exige a IBIS concluir sus programas y abandonar el pa\u00eds antes del 26 de marzo\" \/>\n<meta property=\"og:description\" content=\"Portal de noticias del Per\u00fa sobre el transporte a\u00e9reo, aviaci\u00f3n, turismo, hoteleria, actualidad.\" \/>\n<meta property=\"og:url\" content=\"https:\/\/aeronoticias.com.pe\/noticiero\/internacionales\/morales-exige-a-ibis-concluir-sus-programas-y-abandonar-el-pais-antes-del-26-de-marzo\/\" \/>\n<meta property=\"og:site_name\" content=\"Aeronoticias.com.pe\" \/>\n<meta property=\"article:publisher\" content=\"https:\/\/www.facebook.com\/Aeronoticias.com.pe\/\" \/>\n<meta property=\"article:published_time\" content=\"2013-12-28T15:18:58+00:00\" \/>\n<meta name=\"author\" content=\"Redacci\u00f3n Aeronoticias\" \/>\n<meta name=\"twitter:card\" content=\"summary_large_image\" \/>\n<meta name=\"twitter:creator\" content=\"@aeronoticias\" \/>\n<meta name=\"twitter:site\" content=\"@aeronoticias\" \/>\n<meta name=\"twitter:label1\" content=\"Escrito por\" \/>\n\t<meta name=\"twitter:data1\" content=\"Redacci\u00f3n Aeronoticias\" \/>\n\t<meta name=\"twitter:label2\" content=\"Tiempo de lectura\" \/>\n\t<meta name=\"twitter:data2\" content=\"2 minutos\" \/>\n<script type=\"application\/ld+json\" class=\"yoast-schema-graph\">{\"@context\":\"https:\/\/schema.org\",\"@graph\":[{\"@type\":\"WebPage\",\"@id\":\"https:\/\/aeronoticias.com.pe\/noticiero\/internacionales\/morales-exige-a-ibis-concluir-sus-programas-y-abandonar-el-pais-antes-del-26-de-marzo\/\",\"url\":\"https:\/\/aeronoticias.com.pe\/noticiero\/internacionales\/morales-exige-a-ibis-concluir-sus-programas-y-abandonar-el-pais-antes-del-26-de-marzo\/\",\"name\":\"Morales exige a IBIS concluir sus programas y abandonar el pa\u00eds antes del 26 de marzo\",\"isPartOf\":{\"@id\":\"https:\/\/aeronoticias.com.pe\/noticiero\/#website\"},\"datePublished\":\"2013-12-28T15:18:58+00:00\",\"author\":{\"@id\":\"https:\/\/aeronoticias.com.pe\/noticiero\/#\/schema\/person\/fc1e5d578f4b62ba1cf7ac2bba1170a0\"},\"description\":\"Portal de noticias del Per\u00fa sobre el transporte a\u00e9reo, aviaci\u00f3n, turismo, hoteleria, actualidad.\",\"breadcrumb\":{\"@id\":\"https:\/\/aeronoticias.com.pe\/noticiero\/internacionales\/morales-exige-a-ibis-concluir-sus-programas-y-abandonar-el-pais-antes-del-26-de-marzo\/#breadcrumb\"},\"inLanguage\":\"es\",\"potentialAction\":[{\"@type\":\"ReadAction\",\"target\":[\"https:\/\/aeronoticias.com.pe\/noticiero\/internacionales\/morales-exige-a-ibis-concluir-sus-programas-y-abandonar-el-pais-antes-del-26-de-marzo\/\"]}]},{\"@type\":\"BreadcrumbList\",\"@id\":\"https:\/\/aeronoticias.com.pe\/noticiero\/internacionales\/morales-exige-a-ibis-concluir-sus-programas-y-abandonar-el-pais-antes-del-26-de-marzo\/#breadcrumb\",\"itemListElement\":[{\"@type\":\"ListItem\",\"position\":1,\"name\":\"Portada\",\"item\":\"https:\/\/aeronoticias.com.pe\/noticiero\/\"},{\"@type\":\"ListItem\",\"position\":2,\"name\":\"Morales exige a IBIS concluir sus programas y abandonar el pa\u00eds antes del 26 de marzo\"}]},{\"@type\":\"WebSite\",\"@id\":\"https:\/\/aeronoticias.com.pe\/noticiero\/#website\",\"url\":\"https:\/\/aeronoticias.com.pe\/noticiero\/\",\"name\":\"Aeronoticias.com.pe\",\"description\":\"Noticias de tranporte aereo, turismo, hoteles, gastronomia, actualidad, internacional\",\"potentialAction\":[{\"@type\":\"SearchAction\",\"target\":{\"@type\":\"EntryPoint\",\"urlTemplate\":\"https:\/\/aeronoticias.com.pe\/noticiero\/?s={search_term_string}\"},\"query-input\":{\"@type\":\"PropertyValueSpecification\",\"valueRequired\":true,\"valueName\":\"search_term_string\"}}],\"inLanguage\":\"es\"},{\"@type\":\"Person\",\"@id\":\"https:\/\/aeronoticias.com.pe\/noticiero\/#\/schema\/person\/fc1e5d578f4b62ba1cf7ac2bba1170a0\",\"name\":\"Redacci\u00f3n Aeronoticias\",\"url\":\"https:\/\/aeronoticias.com.pe\/noticiero\/author\/piloto\/\"}]}<\/script>\n<!-- \/ Yoast SEO plugin. -->","yoast_head_json":{"title":"Morales exige a IBIS concluir sus programas y abandonar el pa\u00eds antes del 26 de marzo","description":"Portal de noticias del Per\u00fa sobre el transporte a\u00e9reo, aviaci\u00f3n, turismo, hoteleria, actualidad.","robots":{"index":"index","follow":"follow","max-snippet":"max-snippet:-1","max-image-preview":"max-image-preview:large","max-video-preview":"max-video-preview:-1"},"canonical":"https:\/\/aeronoticias.com.pe\/noticiero\/internacionales\/morales-exige-a-ibis-concluir-sus-programas-y-abandonar-el-pais-antes-del-26-de-marzo\/","og_locale":"es_ES","og_type":"article","og_title":"Morales exige a IBIS concluir sus programas y abandonar el pa\u00eds antes del 26 de marzo","og_description":"Portal de noticias del Per\u00fa sobre el transporte a\u00e9reo, aviaci\u00f3n, turismo, hoteleria, actualidad.","og_url":"https:\/\/aeronoticias.com.pe\/noticiero\/internacionales\/morales-exige-a-ibis-concluir-sus-programas-y-abandonar-el-pais-antes-del-26-de-marzo\/","og_site_name":"Aeronoticias.com.pe","article_publisher":"https:\/\/www.facebook.com\/Aeronoticias.com.pe\/","article_published_time":"2013-12-28T15:18:58+00:00","author":"Redacci\u00f3n Aeronoticias","twitter_card":"summary_large_image","twitter_creator":"@aeronoticias","twitter_site":"@aeronoticias","twitter_misc":{"Escrito por":"Redacci\u00f3n Aeronoticias","Tiempo de lectura":"2 minutos"},"schema":{"@context":"https:\/\/schema.org","@graph":[{"@type":"WebPage","@id":"https:\/\/aeronoticias.com.pe\/noticiero\/internacionales\/morales-exige-a-ibis-concluir-sus-programas-y-abandonar-el-pais-antes-del-26-de-marzo\/","url":"https:\/\/aeronoticias.com.pe\/noticiero\/internacionales\/morales-exige-a-ibis-concluir-sus-programas-y-abandonar-el-pais-antes-del-26-de-marzo\/","name":"Morales exige a IBIS concluir sus programas y abandonar el pa\u00eds antes del 26 de marzo","isPartOf":{"@id":"https:\/\/aeronoticias.com.pe\/noticiero\/#website"},"datePublished":"2013-12-28T15:18:58+00:00","author":{"@id":"https:\/\/aeronoticias.com.pe\/noticiero\/#\/schema\/person\/fc1e5d578f4b62ba1cf7ac2bba1170a0"},"description":"Portal de noticias del Per\u00fa sobre el transporte a\u00e9reo, aviaci\u00f3n, turismo, hoteleria, actualidad.","breadcrumb":{"@id":"https:\/\/aeronoticias.com.pe\/noticiero\/internacionales\/morales-exige-a-ibis-concluir-sus-programas-y-abandonar-el-pais-antes-del-26-de-marzo\/#breadcrumb"},"inLanguage":"es","potentialAction":[{"@type":"ReadAction","target":["https:\/\/aeronoticias.com.pe\/noticiero\/internacionales\/morales-exige-a-ibis-concluir-sus-programas-y-abandonar-el-pais-antes-del-26-de-marzo\/"]}]},{"@type":"BreadcrumbList","@id":"https:\/\/aeronoticias.com.pe\/noticiero\/internacionales\/morales-exige-a-ibis-concluir-sus-programas-y-abandonar-el-pais-antes-del-26-de-marzo\/#breadcrumb","itemListElement":[{"@type":"ListItem","position":1,"name":"Portada","item":"https:\/\/aeronoticias.com.pe\/noticiero\/"},{"@type":"ListItem","position":2,"name":"Morales exige a IBIS concluir sus programas y abandonar el pa\u00eds antes del 26 de marzo"}]},{"@type":"WebSite","@id":"https:\/\/aeronoticias.com.pe\/noticiero\/#website","url":"https:\/\/aeronoticias.com.pe\/noticiero\/","name":"Aeronoticias.com.pe","description":"Noticias de tranporte aereo, turismo, hoteles, gastronomia, actualidad, internacional","potentialAction":[{"@type":"SearchAction","target":{"@type":"EntryPoint","urlTemplate":"https:\/\/aeronoticias.com.pe\/noticiero\/?s={search_term_string}"},"query-input":{"@type":"PropertyValueSpecification","valueRequired":true,"valueName":"search_term_string"}}],"inLanguage":"es"},{"@type":"Person","@id":"https:\/\/aeronoticias.com.pe\/noticiero\/#\/schema\/person\/fc1e5d578f4b62ba1cf7ac2bba1170a0","name":"Redacci\u00f3n Aeronoticias","url":"https:\/\/aeronoticias.com.pe\/noticiero\/author\/piloto\/"}]}},"_links":{"self":[{"href":"https:\/\/aeronoticias.com.pe\/noticiero\/wp-json\/wp\/v2\/posts\/42494","targetHints":{"allow":["GET"]}}],"collection":[{"href":"https:\/\/aeronoticias.com.pe\/noticiero\/wp-json\/wp\/v2\/posts"}],"about":[{"href":"https:\/\/aeronoticias.com.pe\/noticiero\/wp-json\/wp\/v2\/types\/post"}],"author":[{"embeddable":true,"href":"https:\/\/aeronoticias.com.pe\/noticiero\/wp-json\/wp\/v2\/users\/1"}],"replies":[{"embeddable":true,"href":"https:\/\/aeronoticias.com.pe\/noticiero\/wp-json\/wp\/v2\/comments?post=42494"}],"version-history":[{"count":0,"href":"https:\/\/aeronoticias.com.pe\/noticiero\/wp-json\/wp\/v2\/posts\/42494\/revisions"}],"wp:attachment":[{"href":"https:\/\/aeronoticias.com.pe\/noticiero\/wp-json\/wp\/v2\/media?parent=42494"}],"wp:term":[{"taxonomy":"category","embeddable":true,"href":"https:\/\/aeronoticias.com.pe\/noticiero\/wp-json\/wp\/v2\/categories?post=42494"},{"taxonomy":"post_tag","embeddable":true,"href":"https:\/\/aeronoticias.com.pe\/noticiero\/wp-json\/wp\/v2\/tags?post=42494"}],"curies":[{"name":"wp","href":"https:\/\/api.w.org\/{rel}","templated":true}]}}