{"id":42575,"date":"2014-01-03T14:57:10","date_gmt":"2014-01-03T14:57:10","guid":{"rendered":"http:\/\/desarrollo.mcvicious.com\/aero2020\/2014\/01\/03\/los-reyes-magos-dejan-los-camellos-y-aterrizan-en-avioneta-este-5-de-enero-en-aerodromo-de-salobral\/"},"modified":"2014-01-03T14:57:10","modified_gmt":"2014-01-03T14:57:10","slug":"los-reyes-magos-dejan-los-camellos-y-aterrizan-en-avioneta-este-5-de-enero-en-aerodromo-de-salobral","status":"publish","type":"post","link":"https:\/\/aeronoticias.com.pe\/noticiero\/transporte-aereo\/internacional\/los-reyes-magos-dejan-los-camellos-y-aterrizan-en-avioneta-este-5-de-enero-en-aerodromo-de-salobral\/","title":{"rendered":"Los Reyes Magos dejan los camellos y aterrizan en avioneta este 5 de Enero en Aer\u00f3dromo de Salobral"},"content":{"rendered":"<p style=\"text-align: justify;\"><img decoding=\"async\" src=\"images\/stories\/14\/01\/030114\/t4.jpg\" border=\"0\" \/><\/p>\n<p style=\"text-align: justify;\"><strong>(Aeronoticias).-<\/strong> Los Reyes Magos de Oriente volver\u00e1n un a\u00f1o m\u00e1s a \u00c1vila para colmar la ilusi\u00f3n de los ni\u00f1os \u2013y los mayores\u2013, cumpliendo as\u00ed con una tradici\u00f3n a la que no han faltado en los \u00faltimos dos milenios, pero en esta ocasi\u00f3n, demostrando que a pesar de su avanzada edad han sabido modernizarse, llegar\u00e1n en avioneta hasta el aer\u00f3dromo de Salobral cuando el reloj d\u00e9 las doce del mediod\u00eda del m\u00e1gico 5 de enero.<\/p>\n<p style=\"text-align: justify;\">Hasta ese lugar pueden desplazarse los ni\u00f1os que lo deseen para ver aterrizar a Sus Majestades y, para inmediatamente despu\u00e9s, tener la oportunidad de compartir con ellos unos minutos de encuentro cercano que seguro que ser\u00e1n inolvidables. Los ni\u00f1os tambi\u00e9n ser\u00e1n invitados por Melchor, Gaspar y Baltasar a charlar y a fotografiarse con ellos junto a las aeronaves reci\u00e9n llegadas del lejano Oriente.<\/p>\n<p style=\"text-align: justify;\">Una vez celebrado ese emocionante encuentro, en el que los pajes ayudar\u00e1n a que todo salga a la perfecci\u00f3n, Sus Majestades, que no cabe duda de que llegar\u00e1n agotadas tras tan largo viaje, se retirar\u00e1n a descansar para estar preparados para participar en la Cabalgata que protagonizar\u00e1n por la tarde en la capital abulense.<\/p>\n<p style=\"text-align: justify;\">\u00a0<\/p>\n<p style=\"text-align: justify;\">Fuente: <strong><em>diariodeavila<\/em><\/strong><\/p>\n<p style=\"text-align: justify;\">Foto: <strong><em>http:\/\/www.alertadigital.com\/ (Foto Referencial)<\/em><\/strong><\/p>\n<div><\/div>\n","protected":false},"excerpt":{"rendered":"<p>(Aeronoticias).- Los Reyes Magos de Oriente volver\u00e1n un a\u00f1o m\u00e1s a \u00c1vila para colmar la ilusi\u00f3n de los ni\u00f1os \u2013y los mayores\u2013, cumpliendo as\u00ed con una tradici\u00f3n a la que no han faltado en los \u00faltimos dos milenios, pero en esta ocasi\u00f3n, demostrando que a pesar de su avanzada edad han sabido modernizarse, llegar\u00e1n en [&hellip;]<\/p>\n","protected":false},"author":1,"featured_media":0,"comment_status":"open","ping_status":"open","sticky":false,"template":"","format":"standard","meta":{"tdm_status":"","tdm_grid_status":"","footnotes":""},"categories":[32],"tags":[],"class_list":{"0":"post-42575","1":"post","2":"type-post","3":"status-publish","4":"format-standard","6":"category-internacional"},"yoast_head":"<!-- This site is optimized with the Yoast SEO plugin v25.1 - https:\/\/yoast.com\/wordpress\/plugins\/seo\/ -->\n<title>Los Reyes Magos dejan los camellos y aterrizan en avioneta este 5 de Enero en Aer\u00f3dromo de Salobral<\/title>\n<meta name=\"description\" content=\"Portal de noticias del Per\u00fa sobre el transporte a\u00e9reo, aviaci\u00f3n, turismo, hoteleria, actualidad.\" \/>\n<meta name=\"robots\" content=\"index, follow, max-snippet:-1, max-image-preview:large, max-video-preview:-1\" \/>\n<link rel=\"canonical\" href=\"https:\/\/aeronoticias.com.pe\/noticiero\/transporte-aereo\/internacional\/los-reyes-magos-dejan-los-camellos-y-aterrizan-en-avioneta-este-5-de-enero-en-aerodromo-de-salobral\/\" \/>\n<meta property=\"og:locale\" content=\"es_ES\" \/>\n<meta property=\"og:type\" content=\"article\" \/>\n<meta property=\"og:title\" content=\"Los Reyes Magos dejan los camellos y aterrizan en avioneta este 5 de Enero en Aer\u00f3dromo de Salobral\" \/>\n<meta property=\"og:description\" content=\"Portal de noticias del Per\u00fa sobre el transporte a\u00e9reo, aviaci\u00f3n, turismo, hoteleria, actualidad.\" \/>\n<meta property=\"og:url\" content=\"https:\/\/aeronoticias.com.pe\/noticiero\/transporte-aereo\/internacional\/los-reyes-magos-dejan-los-camellos-y-aterrizan-en-avioneta-este-5-de-enero-en-aerodromo-de-salobral\/\" \/>\n<meta property=\"og:site_name\" content=\"Aeronoticias.com.pe\" \/>\n<meta property=\"article:publisher\" content=\"https:\/\/www.facebook.com\/Aeronoticias.com.pe\/\" \/>\n<meta property=\"article:published_time\" content=\"2014-01-03T14:57:10+00:00\" \/>\n<meta name=\"author\" content=\"Redacci\u00f3n Aeronoticias\" \/>\n<meta name=\"twitter:card\" content=\"summary_large_image\" \/>\n<meta name=\"twitter:creator\" content=\"@aeronoticias\" \/>\n<meta name=\"twitter:site\" content=\"@aeronoticias\" \/>\n<meta name=\"twitter:label1\" content=\"Escrito por\" \/>\n\t<meta name=\"twitter:data1\" content=\"Redacci\u00f3n Aeronoticias\" \/>\n\t<meta name=\"twitter:label2\" content=\"Tiempo de lectura\" \/>\n\t<meta name=\"twitter:data2\" content=\"1 minuto\" \/>\n<script type=\"application\/ld+json\" class=\"yoast-schema-graph\">{\"@context\":\"https:\/\/schema.org\",\"@graph\":[{\"@type\":\"WebPage\",\"@id\":\"https:\/\/aeronoticias.com.pe\/noticiero\/transporte-aereo\/internacional\/los-reyes-magos-dejan-los-camellos-y-aterrizan-en-avioneta-este-5-de-enero-en-aerodromo-de-salobral\/\",\"url\":\"https:\/\/aeronoticias.com.pe\/noticiero\/transporte-aereo\/internacional\/los-reyes-magos-dejan-los-camellos-y-aterrizan-en-avioneta-este-5-de-enero-en-aerodromo-de-salobral\/\",\"name\":\"Los Reyes Magos dejan los camellos y aterrizan en avioneta este 5 de Enero en Aer\u00f3dromo de Salobral\",\"isPartOf\":{\"@id\":\"https:\/\/aeronoticias.com.pe\/noticiero\/#website\"},\"datePublished\":\"2014-01-03T14:57:10+00:00\",\"author\":{\"@id\":\"https:\/\/aeronoticias.com.pe\/noticiero\/#\/schema\/person\/fc1e5d578f4b62ba1cf7ac2bba1170a0\"},\"description\":\"Portal de noticias del Per\u00fa sobre el transporte a\u00e9reo, aviaci\u00f3n, turismo, hoteleria, actualidad.\",\"breadcrumb\":{\"@id\":\"https:\/\/aeronoticias.com.pe\/noticiero\/transporte-aereo\/internacional\/los-reyes-magos-dejan-los-camellos-y-aterrizan-en-avioneta-este-5-de-enero-en-aerodromo-de-salobral\/#breadcrumb\"},\"inLanguage\":\"es\",\"potentialAction\":[{\"@type\":\"ReadAction\",\"target\":[\"https:\/\/aeronoticias.com.pe\/noticiero\/transporte-aereo\/internacional\/los-reyes-magos-dejan-los-camellos-y-aterrizan-en-avioneta-este-5-de-enero-en-aerodromo-de-salobral\/\"]}]},{\"@type\":\"BreadcrumbList\",\"@id\":\"https:\/\/aeronoticias.com.pe\/noticiero\/transporte-aereo\/internacional\/los-reyes-magos-dejan-los-camellos-y-aterrizan-en-avioneta-este-5-de-enero-en-aerodromo-de-salobral\/#breadcrumb\",\"itemListElement\":[{\"@type\":\"ListItem\",\"position\":1,\"name\":\"Portada\",\"item\":\"https:\/\/aeronoticias.com.pe\/noticiero\/\"},{\"@type\":\"ListItem\",\"position\":2,\"name\":\"Los Reyes Magos dejan los camellos y aterrizan en avioneta este 5 de Enero en Aer\u00f3dromo de Salobral\"}]},{\"@type\":\"WebSite\",\"@id\":\"https:\/\/aeronoticias.com.pe\/noticiero\/#website\",\"url\":\"https:\/\/aeronoticias.com.pe\/noticiero\/\",\"name\":\"Aeronoticias.com.pe\",\"description\":\"Noticias de tranporte aereo, turismo, hoteles, gastronomia, actualidad, internacional\",\"potentialAction\":[{\"@type\":\"SearchAction\",\"target\":{\"@type\":\"EntryPoint\",\"urlTemplate\":\"https:\/\/aeronoticias.com.pe\/noticiero\/?s={search_term_string}\"},\"query-input\":{\"@type\":\"PropertyValueSpecification\",\"valueRequired\":true,\"valueName\":\"search_term_string\"}}],\"inLanguage\":\"es\"},{\"@type\":\"Person\",\"@id\":\"https:\/\/aeronoticias.com.pe\/noticiero\/#\/schema\/person\/fc1e5d578f4b62ba1cf7ac2bba1170a0\",\"name\":\"Redacci\u00f3n Aeronoticias\",\"url\":\"https:\/\/aeronoticias.com.pe\/noticiero\/author\/piloto\/\"}]}<\/script>\n<!-- \/ Yoast SEO plugin. -->","yoast_head_json":{"title":"Los Reyes Magos dejan los camellos y aterrizan en avioneta este 5 de Enero en Aer\u00f3dromo de Salobral","description":"Portal de noticias del Per\u00fa sobre el transporte a\u00e9reo, aviaci\u00f3n, turismo, hoteleria, actualidad.","robots":{"index":"index","follow":"follow","max-snippet":"max-snippet:-1","max-image-preview":"max-image-preview:large","max-video-preview":"max-video-preview:-1"},"canonical":"https:\/\/aeronoticias.com.pe\/noticiero\/transporte-aereo\/internacional\/los-reyes-magos-dejan-los-camellos-y-aterrizan-en-avioneta-este-5-de-enero-en-aerodromo-de-salobral\/","og_locale":"es_ES","og_type":"article","og_title":"Los Reyes Magos dejan los camellos y aterrizan en avioneta este 5 de Enero en Aer\u00f3dromo de Salobral","og_description":"Portal de noticias del Per\u00fa sobre el transporte a\u00e9reo, aviaci\u00f3n, turismo, hoteleria, actualidad.","og_url":"https:\/\/aeronoticias.com.pe\/noticiero\/transporte-aereo\/internacional\/los-reyes-magos-dejan-los-camellos-y-aterrizan-en-avioneta-este-5-de-enero-en-aerodromo-de-salobral\/","og_site_name":"Aeronoticias.com.pe","article_publisher":"https:\/\/www.facebook.com\/Aeronoticias.com.pe\/","article_published_time":"2014-01-03T14:57:10+00:00","author":"Redacci\u00f3n Aeronoticias","twitter_card":"summary_large_image","twitter_creator":"@aeronoticias","twitter_site":"@aeronoticias","twitter_misc":{"Escrito por":"Redacci\u00f3n Aeronoticias","Tiempo de lectura":"1 minuto"},"schema":{"@context":"https:\/\/schema.org","@graph":[{"@type":"WebPage","@id":"https:\/\/aeronoticias.com.pe\/noticiero\/transporte-aereo\/internacional\/los-reyes-magos-dejan-los-camellos-y-aterrizan-en-avioneta-este-5-de-enero-en-aerodromo-de-salobral\/","url":"https:\/\/aeronoticias.com.pe\/noticiero\/transporte-aereo\/internacional\/los-reyes-magos-dejan-los-camellos-y-aterrizan-en-avioneta-este-5-de-enero-en-aerodromo-de-salobral\/","name":"Los Reyes Magos dejan los camellos y aterrizan en avioneta este 5 de Enero en Aer\u00f3dromo de Salobral","isPartOf":{"@id":"https:\/\/aeronoticias.com.pe\/noticiero\/#website"},"datePublished":"2014-01-03T14:57:10+00:00","author":{"@id":"https:\/\/aeronoticias.com.pe\/noticiero\/#\/schema\/person\/fc1e5d578f4b62ba1cf7ac2bba1170a0"},"description":"Portal de noticias del Per\u00fa sobre el transporte a\u00e9reo, aviaci\u00f3n, turismo, hoteleria, actualidad.","breadcrumb":{"@id":"https:\/\/aeronoticias.com.pe\/noticiero\/transporte-aereo\/internacional\/los-reyes-magos-dejan-los-camellos-y-aterrizan-en-avioneta-este-5-de-enero-en-aerodromo-de-salobral\/#breadcrumb"},"inLanguage":"es","potentialAction":[{"@type":"ReadAction","target":["https:\/\/aeronoticias.com.pe\/noticiero\/transporte-aereo\/internacional\/los-reyes-magos-dejan-los-camellos-y-aterrizan-en-avioneta-este-5-de-enero-en-aerodromo-de-salobral\/"]}]},{"@type":"BreadcrumbList","@id":"https:\/\/aeronoticias.com.pe\/noticiero\/transporte-aereo\/internacional\/los-reyes-magos-dejan-los-camellos-y-aterrizan-en-avioneta-este-5-de-enero-en-aerodromo-de-salobral\/#breadcrumb","itemListElement":[{"@type":"ListItem","position":1,"name":"Portada","item":"https:\/\/aeronoticias.com.pe\/noticiero\/"},{"@type":"ListItem","position":2,"name":"Los Reyes Magos dejan los camellos y aterrizan en avioneta este 5 de Enero en Aer\u00f3dromo de Salobral"}]},{"@type":"WebSite","@id":"https:\/\/aeronoticias.com.pe\/noticiero\/#website","url":"https:\/\/aeronoticias.com.pe\/noticiero\/","name":"Aeronoticias.com.pe","description":"Noticias de tranporte aereo, turismo, hoteles, gastronomia, actualidad, internacional","potentialAction":[{"@type":"SearchAction","target":{"@type":"EntryPoint","urlTemplate":"https:\/\/aeronoticias.com.pe\/noticiero\/?s={search_term_string}"},"query-input":{"@type":"PropertyValueSpecification","valueRequired":true,"valueName":"search_term_string"}}],"inLanguage":"es"},{"@type":"Person","@id":"https:\/\/aeronoticias.com.pe\/noticiero\/#\/schema\/person\/fc1e5d578f4b62ba1cf7ac2bba1170a0","name":"Redacci\u00f3n Aeronoticias","url":"https:\/\/aeronoticias.com.pe\/noticiero\/author\/piloto\/"}]}},"_links":{"self":[{"href":"https:\/\/aeronoticias.com.pe\/noticiero\/wp-json\/wp\/v2\/posts\/42575","targetHints":{"allow":["GET"]}}],"collection":[{"href":"https:\/\/aeronoticias.com.pe\/noticiero\/wp-json\/wp\/v2\/posts"}],"about":[{"href":"https:\/\/aeronoticias.com.pe\/noticiero\/wp-json\/wp\/v2\/types\/post"}],"author":[{"embeddable":true,"href":"https:\/\/aeronoticias.com.pe\/noticiero\/wp-json\/wp\/v2\/users\/1"}],"replies":[{"embeddable":true,"href":"https:\/\/aeronoticias.com.pe\/noticiero\/wp-json\/wp\/v2\/comments?post=42575"}],"version-history":[{"count":0,"href":"https:\/\/aeronoticias.com.pe\/noticiero\/wp-json\/wp\/v2\/posts\/42575\/revisions"}],"wp:attachment":[{"href":"https:\/\/aeronoticias.com.pe\/noticiero\/wp-json\/wp\/v2\/media?parent=42575"}],"wp:term":[{"taxonomy":"category","embeddable":true,"href":"https:\/\/aeronoticias.com.pe\/noticiero\/wp-json\/wp\/v2\/categories?post=42575"},{"taxonomy":"post_tag","embeddable":true,"href":"https:\/\/aeronoticias.com.pe\/noticiero\/wp-json\/wp\/v2\/tags?post=42575"}],"curies":[{"name":"wp","href":"https:\/\/api.w.org\/{rel}","templated":true}]}}