{"id":42576,"date":"2014-01-03T15:25:12","date_gmt":"2014-01-03T15:25:12","guid":{"rendered":"http:\/\/desarrollo.mcvicious.com\/aero2020\/2014\/01\/03\/peru-arequipa-tendra-su-primer-aeropuerto-civico-militar\/"},"modified":"2014-01-03T15:25:12","modified_gmt":"2014-01-03T15:25:12","slug":"peru-arequipa-tendra-su-primer-aeropuerto-civico-militar","status":"publish","type":"post","link":"https:\/\/aeronoticias.com.pe\/noticiero\/transporte-aereo\/internacional\/peru-arequipa-tendra-su-primer-aeropuerto-civico-militar\/","title":{"rendered":"Per\u00fa: Arequipa tendr\u00e1 su primer aeropuerto c\u00edvico militar"},"content":{"rendered":"<p style=\"text-align: justify;\"><img decoding=\"async\" src=\"images\/stories\/14\/01\/t5.jpg\" border=\"0\" \/><\/p>\n<p style=\"text-align: justify;\"><strong>(Aeronoticias).- <\/strong><em>De carga y pasajeros. General FAP y presidente regional confirmaron que nuevo terminal a\u00e9reo se ubicar\u00e1 en la base a\u00e9rea de La Joya. Su construcci\u00f3n iniciar\u00eda el pr\u00f3ximo a\u00f1o.<\/em><\/p>\n<p style=\"text-align: justify;\">El nuevo aeropuerto de Arequipa estar\u00e1 ubicado en terrenos de la base a\u00e9rea de La Joya, a una hora y media de la ciudad. Ser\u00e1 el primer terminal a\u00e9reo c\u00edvico-militar del Per\u00fa, similar al que existe en Iquique (C \u00a0 \u00a0 \u00a0hile), confirm\u00f3 el presidente del Gobierno Regional de Arequipa (GRA), Juan Manuel Guill\u00e9n.<\/p>\n<p style=\"text-align: justify;\">La autoridad regional explic\u00f3 que el Ministerio de Transporte y Comunicaciones (MTC) estudiaba dos posibles opciones para la ubicaci\u00f3n: Majes y La Joya, sin embargo se concluy\u00f3 que parte de la propiedad de la base a\u00e9rea (N\u00ba4) es \u00abestrat\u00e9gicamente la m\u00e1s adecuada\u00bb para la movilizaci\u00f3n de carga y flujo de pasajeros que soportar\u00e1 Arequipa en los pr\u00f3ximos a\u00f1os.<\/p>\n<p style=\"text-align: justify;\"><span style=\"text-decoration: underline;\">Doble funci\u00f3n<\/span><\/p>\n<p style=\"text-align: justify;\">La concepci\u00f3n del nuevo terminal a\u00e9reo contempla el funcionamiento paralelo de la actividad civil y militar.<\/p>\n<p style=\"text-align: justify;\">De acuerdo al comandante general del Ala A\u00e9rea N\u00ba 3, \u00a0Jorge Luis Chaparro Pinto, el terminal \u00abcomercial\u00bb se ubicar\u00e1 en la parte sur de la base a\u00e9rea, mientras que la zona norte seguir\u00e1 acogiendo a la fuerza armada. La administraci\u00f3n de ambos terminales ser\u00eda distinta: la Corporaci\u00f3n Peruana de Aeropuertos y Aviaci\u00f3n Comercial (Corpac), a trav\u00e9s de la Direcci\u00f3n General de Aeron\u00e1utica Civil, definir\u00e1 el control de las aeronaves comerciales, mientras que la Fuerza A\u00e9rea del Per\u00fa (FAP) tendr\u00eda a su cargo la zona militar.<\/p>\n<p style=\"text-align: justify;\">El proyecto del MTC considera la construcci\u00f3n de un aeropuerto de 30 mil metros cuadrados con capacidad para soportar 5 millones de pasajeros al a\u00f1o y con una inversi\u00f3n de S\/.247 millones.<\/p>\n<p style=\"text-align: justify;\">La nueva obra pretende aliviar las limitaciones por las que atraviesa el actual terminal a\u00e9reo Alfredo Rodr\u00edguez Ball\u00f3n -concesionado a Aeropuertos Andinos-, que durante el 2013 soport\u00f3 el flujo de un mill\u00f3n 410 mil pasajeros.<\/p>\n<p style=\"text-align: justify;\">\u00bfCon el nuevo aeropuerto, el actual desaparecer\u00e1? Se le pregunt\u00f3 a Guill\u00e9n. \u00a0\u00abLa demanda ser\u00e1 la que defina esa situaci\u00f3n\u00bb, respondi\u00f3.<\/p>\n<p style=\"text-align: justify;\">\u00a0<\/p>\n<p style=\"text-align: justify;\">Fuente: <strong><em>larepublica<\/em><\/strong><\/p>\n<p style=\"text-align: justify;\">Foto: <em><strong>larepublica<\/strong><\/em><\/p>\n","protected":false},"excerpt":{"rendered":"<p>(Aeronoticias).- De carga y pasajeros. General FAP y presidente regional confirmaron que nuevo terminal a\u00e9reo se ubicar\u00e1 en la base a\u00e9rea de La Joya. Su construcci\u00f3n iniciar\u00eda el pr\u00f3ximo a\u00f1o. El nuevo aeropuerto de Arequipa estar\u00e1 ubicado en terrenos de la base a\u00e9rea de La Joya, a una hora y media de la ciudad. Ser\u00e1 [&hellip;]<\/p>\n","protected":false},"author":1,"featured_media":0,"comment_status":"open","ping_status":"open","sticky":false,"template":"","format":"standard","meta":{"tdm_status":"","tdm_grid_status":"","footnotes":""},"categories":[32],"tags":[],"class_list":{"0":"post-42576","1":"post","2":"type-post","3":"status-publish","4":"format-standard","6":"category-internacional"},"yoast_head":"<!-- This site is optimized with the Yoast SEO plugin v25.1 - https:\/\/yoast.com\/wordpress\/plugins\/seo\/ -->\n<title>Per\u00fa: Arequipa tendr\u00e1 su primer aeropuerto c\u00edvico militar<\/title>\n<meta name=\"description\" content=\"Portal de noticias del Per\u00fa sobre el transporte a\u00e9reo, aviaci\u00f3n, turismo, hoteleria, actualidad.\" \/>\n<meta name=\"robots\" content=\"index, follow, max-snippet:-1, max-image-preview:large, max-video-preview:-1\" \/>\n<link rel=\"canonical\" href=\"https:\/\/aeronoticias.com.pe\/noticiero\/transporte-aereo\/internacional\/peru-arequipa-tendra-su-primer-aeropuerto-civico-militar\/\" \/>\n<meta property=\"og:locale\" content=\"es_ES\" \/>\n<meta property=\"og:type\" content=\"article\" \/>\n<meta property=\"og:title\" content=\"Per\u00fa: Arequipa tendr\u00e1 su primer aeropuerto c\u00edvico militar\" \/>\n<meta property=\"og:description\" content=\"Portal de noticias del Per\u00fa sobre el transporte a\u00e9reo, aviaci\u00f3n, turismo, hoteleria, actualidad.\" \/>\n<meta property=\"og:url\" content=\"https:\/\/aeronoticias.com.pe\/noticiero\/transporte-aereo\/internacional\/peru-arequipa-tendra-su-primer-aeropuerto-civico-militar\/\" \/>\n<meta property=\"og:site_name\" content=\"Aeronoticias.com.pe\" \/>\n<meta property=\"article:publisher\" content=\"https:\/\/www.facebook.com\/Aeronoticias.com.pe\/\" \/>\n<meta property=\"article:published_time\" content=\"2014-01-03T15:25:12+00:00\" \/>\n<meta name=\"author\" content=\"Redacci\u00f3n Aeronoticias\" \/>\n<meta name=\"twitter:card\" content=\"summary_large_image\" \/>\n<meta name=\"twitter:creator\" content=\"@aeronoticias\" \/>\n<meta name=\"twitter:site\" content=\"@aeronoticias\" \/>\n<meta name=\"twitter:label1\" content=\"Escrito por\" \/>\n\t<meta name=\"twitter:data1\" content=\"Redacci\u00f3n Aeronoticias\" \/>\n\t<meta name=\"twitter:label2\" content=\"Tiempo de lectura\" \/>\n\t<meta name=\"twitter:data2\" content=\"2 minutos\" \/>\n<script type=\"application\/ld+json\" class=\"yoast-schema-graph\">{\"@context\":\"https:\/\/schema.org\",\"@graph\":[{\"@type\":\"WebPage\",\"@id\":\"https:\/\/aeronoticias.com.pe\/noticiero\/transporte-aereo\/internacional\/peru-arequipa-tendra-su-primer-aeropuerto-civico-militar\/\",\"url\":\"https:\/\/aeronoticias.com.pe\/noticiero\/transporte-aereo\/internacional\/peru-arequipa-tendra-su-primer-aeropuerto-civico-militar\/\",\"name\":\"Per\u00fa: Arequipa tendr\u00e1 su primer aeropuerto c\u00edvico militar\",\"isPartOf\":{\"@id\":\"https:\/\/aeronoticias.com.pe\/noticiero\/#website\"},\"datePublished\":\"2014-01-03T15:25:12+00:00\",\"author\":{\"@id\":\"https:\/\/aeronoticias.com.pe\/noticiero\/#\/schema\/person\/fc1e5d578f4b62ba1cf7ac2bba1170a0\"},\"description\":\"Portal de noticias del Per\u00fa sobre el transporte a\u00e9reo, aviaci\u00f3n, turismo, hoteleria, actualidad.\",\"breadcrumb\":{\"@id\":\"https:\/\/aeronoticias.com.pe\/noticiero\/transporte-aereo\/internacional\/peru-arequipa-tendra-su-primer-aeropuerto-civico-militar\/#breadcrumb\"},\"inLanguage\":\"es\",\"potentialAction\":[{\"@type\":\"ReadAction\",\"target\":[\"https:\/\/aeronoticias.com.pe\/noticiero\/transporte-aereo\/internacional\/peru-arequipa-tendra-su-primer-aeropuerto-civico-militar\/\"]}]},{\"@type\":\"BreadcrumbList\",\"@id\":\"https:\/\/aeronoticias.com.pe\/noticiero\/transporte-aereo\/internacional\/peru-arequipa-tendra-su-primer-aeropuerto-civico-militar\/#breadcrumb\",\"itemListElement\":[{\"@type\":\"ListItem\",\"position\":1,\"name\":\"Portada\",\"item\":\"https:\/\/aeronoticias.com.pe\/noticiero\/\"},{\"@type\":\"ListItem\",\"position\":2,\"name\":\"Per\u00fa: Arequipa tendr\u00e1 su primer aeropuerto c\u00edvico militar\"}]},{\"@type\":\"WebSite\",\"@id\":\"https:\/\/aeronoticias.com.pe\/noticiero\/#website\",\"url\":\"https:\/\/aeronoticias.com.pe\/noticiero\/\",\"name\":\"Aeronoticias.com.pe\",\"description\":\"Noticias de tranporte aereo, turismo, hoteles, gastronomia, actualidad, internacional\",\"potentialAction\":[{\"@type\":\"SearchAction\",\"target\":{\"@type\":\"EntryPoint\",\"urlTemplate\":\"https:\/\/aeronoticias.com.pe\/noticiero\/?s={search_term_string}\"},\"query-input\":{\"@type\":\"PropertyValueSpecification\",\"valueRequired\":true,\"valueName\":\"search_term_string\"}}],\"inLanguage\":\"es\"},{\"@type\":\"Person\",\"@id\":\"https:\/\/aeronoticias.com.pe\/noticiero\/#\/schema\/person\/fc1e5d578f4b62ba1cf7ac2bba1170a0\",\"name\":\"Redacci\u00f3n Aeronoticias\",\"url\":\"https:\/\/aeronoticias.com.pe\/noticiero\/author\/piloto\/\"}]}<\/script>\n<!-- \/ Yoast SEO plugin. -->","yoast_head_json":{"title":"Per\u00fa: Arequipa tendr\u00e1 su primer aeropuerto c\u00edvico militar","description":"Portal de noticias del Per\u00fa sobre el transporte a\u00e9reo, aviaci\u00f3n, turismo, hoteleria, actualidad.","robots":{"index":"index","follow":"follow","max-snippet":"max-snippet:-1","max-image-preview":"max-image-preview:large","max-video-preview":"max-video-preview:-1"},"canonical":"https:\/\/aeronoticias.com.pe\/noticiero\/transporte-aereo\/internacional\/peru-arequipa-tendra-su-primer-aeropuerto-civico-militar\/","og_locale":"es_ES","og_type":"article","og_title":"Per\u00fa: Arequipa tendr\u00e1 su primer aeropuerto c\u00edvico militar","og_description":"Portal de noticias del Per\u00fa sobre el transporte a\u00e9reo, aviaci\u00f3n, turismo, hoteleria, actualidad.","og_url":"https:\/\/aeronoticias.com.pe\/noticiero\/transporte-aereo\/internacional\/peru-arequipa-tendra-su-primer-aeropuerto-civico-militar\/","og_site_name":"Aeronoticias.com.pe","article_publisher":"https:\/\/www.facebook.com\/Aeronoticias.com.pe\/","article_published_time":"2014-01-03T15:25:12+00:00","author":"Redacci\u00f3n Aeronoticias","twitter_card":"summary_large_image","twitter_creator":"@aeronoticias","twitter_site":"@aeronoticias","twitter_misc":{"Escrito por":"Redacci\u00f3n Aeronoticias","Tiempo de lectura":"2 minutos"},"schema":{"@context":"https:\/\/schema.org","@graph":[{"@type":"WebPage","@id":"https:\/\/aeronoticias.com.pe\/noticiero\/transporte-aereo\/internacional\/peru-arequipa-tendra-su-primer-aeropuerto-civico-militar\/","url":"https:\/\/aeronoticias.com.pe\/noticiero\/transporte-aereo\/internacional\/peru-arequipa-tendra-su-primer-aeropuerto-civico-militar\/","name":"Per\u00fa: Arequipa tendr\u00e1 su primer aeropuerto c\u00edvico militar","isPartOf":{"@id":"https:\/\/aeronoticias.com.pe\/noticiero\/#website"},"datePublished":"2014-01-03T15:25:12+00:00","author":{"@id":"https:\/\/aeronoticias.com.pe\/noticiero\/#\/schema\/person\/fc1e5d578f4b62ba1cf7ac2bba1170a0"},"description":"Portal de noticias del Per\u00fa sobre el transporte a\u00e9reo, aviaci\u00f3n, turismo, hoteleria, actualidad.","breadcrumb":{"@id":"https:\/\/aeronoticias.com.pe\/noticiero\/transporte-aereo\/internacional\/peru-arequipa-tendra-su-primer-aeropuerto-civico-militar\/#breadcrumb"},"inLanguage":"es","potentialAction":[{"@type":"ReadAction","target":["https:\/\/aeronoticias.com.pe\/noticiero\/transporte-aereo\/internacional\/peru-arequipa-tendra-su-primer-aeropuerto-civico-militar\/"]}]},{"@type":"BreadcrumbList","@id":"https:\/\/aeronoticias.com.pe\/noticiero\/transporte-aereo\/internacional\/peru-arequipa-tendra-su-primer-aeropuerto-civico-militar\/#breadcrumb","itemListElement":[{"@type":"ListItem","position":1,"name":"Portada","item":"https:\/\/aeronoticias.com.pe\/noticiero\/"},{"@type":"ListItem","position":2,"name":"Per\u00fa: Arequipa tendr\u00e1 su primer aeropuerto c\u00edvico militar"}]},{"@type":"WebSite","@id":"https:\/\/aeronoticias.com.pe\/noticiero\/#website","url":"https:\/\/aeronoticias.com.pe\/noticiero\/","name":"Aeronoticias.com.pe","description":"Noticias de tranporte aereo, turismo, hoteles, gastronomia, actualidad, internacional","potentialAction":[{"@type":"SearchAction","target":{"@type":"EntryPoint","urlTemplate":"https:\/\/aeronoticias.com.pe\/noticiero\/?s={search_term_string}"},"query-input":{"@type":"PropertyValueSpecification","valueRequired":true,"valueName":"search_term_string"}}],"inLanguage":"es"},{"@type":"Person","@id":"https:\/\/aeronoticias.com.pe\/noticiero\/#\/schema\/person\/fc1e5d578f4b62ba1cf7ac2bba1170a0","name":"Redacci\u00f3n Aeronoticias","url":"https:\/\/aeronoticias.com.pe\/noticiero\/author\/piloto\/"}]}},"_links":{"self":[{"href":"https:\/\/aeronoticias.com.pe\/noticiero\/wp-json\/wp\/v2\/posts\/42576","targetHints":{"allow":["GET"]}}],"collection":[{"href":"https:\/\/aeronoticias.com.pe\/noticiero\/wp-json\/wp\/v2\/posts"}],"about":[{"href":"https:\/\/aeronoticias.com.pe\/noticiero\/wp-json\/wp\/v2\/types\/post"}],"author":[{"embeddable":true,"href":"https:\/\/aeronoticias.com.pe\/noticiero\/wp-json\/wp\/v2\/users\/1"}],"replies":[{"embeddable":true,"href":"https:\/\/aeronoticias.com.pe\/noticiero\/wp-json\/wp\/v2\/comments?post=42576"}],"version-history":[{"count":0,"href":"https:\/\/aeronoticias.com.pe\/noticiero\/wp-json\/wp\/v2\/posts\/42576\/revisions"}],"wp:attachment":[{"href":"https:\/\/aeronoticias.com.pe\/noticiero\/wp-json\/wp\/v2\/media?parent=42576"}],"wp:term":[{"taxonomy":"category","embeddable":true,"href":"https:\/\/aeronoticias.com.pe\/noticiero\/wp-json\/wp\/v2\/categories?post=42576"},{"taxonomy":"post_tag","embeddable":true,"href":"https:\/\/aeronoticias.com.pe\/noticiero\/wp-json\/wp\/v2\/tags?post=42576"}],"curies":[{"name":"wp","href":"https:\/\/api.w.org\/{rel}","templated":true}]}}