{"id":42577,"date":"2014-01-03T15:37:15","date_gmt":"2014-01-03T15:37:15","guid":{"rendered":"http:\/\/desarrollo.mcvicious.com\/aero2020\/2014\/01\/03\/ecuador-repotenciara-turismo-con-la-apertura-de-aeropuerto-en-la-ciudad-de-salinas\/"},"modified":"2014-01-03T15:37:15","modified_gmt":"2014-01-03T15:37:15","slug":"ecuador-repotenciara-turismo-con-la-apertura-de-aeropuerto-en-la-ciudad-de-salinas","status":"publish","type":"post","link":"https:\/\/aeronoticias.com.pe\/noticiero\/transporte-aereo\/internacional\/ecuador-repotenciara-turismo-con-la-apertura-de-aeropuerto-en-la-ciudad-de-salinas\/","title":{"rendered":"Ecuador repotenciar\u00e1 turismo con la apertura de aeropuerto en la ciudad de Salinas"},"content":{"rendered":"<p style=\"text-align: justify;\"><img decoding=\"async\" src=\"images\/stories\/14\/01\/030114\/t6.jpg\" border=\"0\" \/><\/p>\n<p style=\"text-align: justify;\"><strong>(Aeronoticias).-<\/strong> <em>La construcci\u00f3n de la terminal a\u00e9rea, pista y v\u00edas de acceso, culmin\u00f3 en diciembre \u00faltimo y tuvo un costo de US$40 millones.<\/em><\/p>\n<p style=\"text-align: justify;\">Con la apertura de un nuevo aeropuerto, el gobierno ecuatoriano apuesta a repotenciar el turismo en la provincia de Santa Elena, un \u00e1rea de la costa suroeste de Ecuador favorecida por imponentes balnearios que tienen amplia concurrencia durante todo el a\u00f1o.<\/p>\n<p style=\"text-align: justify;\">Seg\u00fan las autoridades aeron\u00e1uticas, la construcci\u00f3n de la terminal a\u00e9rea, pista y v\u00edas de acceso, culmin\u00f3 en diciembre \u00faltimo y tuvo un costo de US$40 millones.<\/p>\n<p style=\"text-align: justify;\">Este aeropuerto, denominado General Ulpiano P\u00e1ez, est\u00e1 situado en el cant\u00f3n Salinas, donde antes era una pista de uso exclusivo de las Fuerzas Armadas.<\/p>\n<p style=\"text-align: justify;\">El complejo aeron\u00e1utico cuenta con una pista de 2.437 metros de largo y 45 metros de ancho y est\u00e1 en capacidad de recibir a Los aviones Boeing 747, que transportan alrededor de 500 personas. Mientras, el edificio terminal tiene una sala de espera con capacidad para 200 pasajeros y se levanta sobre una superficie de 2.800 metros cuadrados.<\/p>\n<p style=\"text-align: justify;\">La inauguraci\u00f3n de esta terminal est\u00e1 prevista para este mes de enero y por el momento solo tendr\u00e1 tr\u00e1fico de aerol\u00edneas nacionales, pero se apunta en un futuro establecer rutas internacionales en el momento en el que el cant\u00f3n Salinas tenga un mayor desarrollo de obras de servicios b\u00e1sicos, dijo al diario p\u00fablico El Tel\u00e9grafo el gobernador de Santa Elena, C\u00e9sar Palacios.<\/p>\n<p style=\"text-align: justify;\">El gobierno ecuatoriano ha invertido aproximadamente US$300 millones en la construcci\u00f3n y repotenciaci\u00f3n de quince aeropuertos de distintas ciudades del pa\u00eds, indic\u00f3 Fernando Guerrero, director general de Aviaci\u00f3n Civil.<\/p>\n<p style=\"text-align: justify;\">\u00a0<\/p>\n<p style=\"text-align: justify;\">Fuente: <em><strong>americaeconomia<\/strong><\/em><\/p>\n<p style=\"text-align: justify;\">Foto: <strong><em>http:\/\/ricardomedinao.wordpress.com\/ (Aeropuerto Futuro de Salinas)<\/em><\/strong><\/p>\n","protected":false},"excerpt":{"rendered":"<p>(Aeronoticias).- La construcci\u00f3n de la terminal a\u00e9rea, pista y v\u00edas de acceso, culmin\u00f3 en diciembre \u00faltimo y tuvo un costo de US$40 millones. Con la apertura de un nuevo aeropuerto, el gobierno ecuatoriano apuesta a repotenciar el turismo en la provincia de Santa Elena, un \u00e1rea de la costa suroeste de Ecuador favorecida por imponentes [&hellip;]<\/p>\n","protected":false},"author":1,"featured_media":0,"comment_status":"open","ping_status":"open","sticky":false,"template":"","format":"standard","meta":{"tdm_status":"","tdm_grid_status":"","footnotes":""},"categories":[32],"tags":[],"class_list":{"0":"post-42577","1":"post","2":"type-post","3":"status-publish","4":"format-standard","6":"category-internacional"},"yoast_head":"<!-- This site is optimized with the Yoast SEO plugin v25.1 - https:\/\/yoast.com\/wordpress\/plugins\/seo\/ -->\n<title>Ecuador repotenciar\u00e1 turismo con la apertura de aeropuerto en la ciudad de Salinas<\/title>\n<meta name=\"description\" content=\"Portal de noticias del Per\u00fa sobre el transporte a\u00e9reo, aviaci\u00f3n, turismo, hoteleria, actualidad.\" \/>\n<meta name=\"robots\" content=\"index, follow, max-snippet:-1, max-image-preview:large, max-video-preview:-1\" \/>\n<link rel=\"canonical\" href=\"https:\/\/aeronoticias.com.pe\/noticiero\/transporte-aereo\/internacional\/ecuador-repotenciara-turismo-con-la-apertura-de-aeropuerto-en-la-ciudad-de-salinas\/\" \/>\n<meta property=\"og:locale\" content=\"es_ES\" \/>\n<meta property=\"og:type\" content=\"article\" \/>\n<meta property=\"og:title\" content=\"Ecuador repotenciar\u00e1 turismo con la apertura de aeropuerto en la ciudad de Salinas\" \/>\n<meta property=\"og:description\" content=\"Portal de noticias del Per\u00fa sobre el transporte a\u00e9reo, aviaci\u00f3n, turismo, hoteleria, actualidad.\" \/>\n<meta property=\"og:url\" content=\"https:\/\/aeronoticias.com.pe\/noticiero\/transporte-aereo\/internacional\/ecuador-repotenciara-turismo-con-la-apertura-de-aeropuerto-en-la-ciudad-de-salinas\/\" \/>\n<meta property=\"og:site_name\" content=\"Aeronoticias.com.pe\" \/>\n<meta property=\"article:publisher\" content=\"https:\/\/www.facebook.com\/Aeronoticias.com.pe\/\" \/>\n<meta property=\"article:published_time\" content=\"2014-01-03T15:37:15+00:00\" \/>\n<meta name=\"author\" content=\"Redacci\u00f3n Aeronoticias\" \/>\n<meta name=\"twitter:card\" content=\"summary_large_image\" \/>\n<meta name=\"twitter:creator\" content=\"@aeronoticias\" \/>\n<meta name=\"twitter:site\" content=\"@aeronoticias\" \/>\n<meta name=\"twitter:label1\" content=\"Escrito por\" \/>\n\t<meta name=\"twitter:data1\" content=\"Redacci\u00f3n Aeronoticias\" \/>\n\t<meta name=\"twitter:label2\" content=\"Tiempo de lectura\" \/>\n\t<meta name=\"twitter:data2\" content=\"1 minuto\" \/>\n<script type=\"application\/ld+json\" class=\"yoast-schema-graph\">{\"@context\":\"https:\/\/schema.org\",\"@graph\":[{\"@type\":\"WebPage\",\"@id\":\"https:\/\/aeronoticias.com.pe\/noticiero\/transporte-aereo\/internacional\/ecuador-repotenciara-turismo-con-la-apertura-de-aeropuerto-en-la-ciudad-de-salinas\/\",\"url\":\"https:\/\/aeronoticias.com.pe\/noticiero\/transporte-aereo\/internacional\/ecuador-repotenciara-turismo-con-la-apertura-de-aeropuerto-en-la-ciudad-de-salinas\/\",\"name\":\"Ecuador repotenciar\u00e1 turismo con la apertura de aeropuerto en la ciudad de Salinas\",\"isPartOf\":{\"@id\":\"https:\/\/aeronoticias.com.pe\/noticiero\/#website\"},\"datePublished\":\"2014-01-03T15:37:15+00:00\",\"author\":{\"@id\":\"https:\/\/aeronoticias.com.pe\/noticiero\/#\/schema\/person\/fc1e5d578f4b62ba1cf7ac2bba1170a0\"},\"description\":\"Portal de noticias del Per\u00fa sobre el transporte a\u00e9reo, aviaci\u00f3n, turismo, hoteleria, actualidad.\",\"breadcrumb\":{\"@id\":\"https:\/\/aeronoticias.com.pe\/noticiero\/transporte-aereo\/internacional\/ecuador-repotenciara-turismo-con-la-apertura-de-aeropuerto-en-la-ciudad-de-salinas\/#breadcrumb\"},\"inLanguage\":\"es\",\"potentialAction\":[{\"@type\":\"ReadAction\",\"target\":[\"https:\/\/aeronoticias.com.pe\/noticiero\/transporte-aereo\/internacional\/ecuador-repotenciara-turismo-con-la-apertura-de-aeropuerto-en-la-ciudad-de-salinas\/\"]}]},{\"@type\":\"BreadcrumbList\",\"@id\":\"https:\/\/aeronoticias.com.pe\/noticiero\/transporte-aereo\/internacional\/ecuador-repotenciara-turismo-con-la-apertura-de-aeropuerto-en-la-ciudad-de-salinas\/#breadcrumb\",\"itemListElement\":[{\"@type\":\"ListItem\",\"position\":1,\"name\":\"Portada\",\"item\":\"https:\/\/aeronoticias.com.pe\/noticiero\/\"},{\"@type\":\"ListItem\",\"position\":2,\"name\":\"Ecuador repotenciar\u00e1 turismo con la apertura de aeropuerto en la ciudad de Salinas\"}]},{\"@type\":\"WebSite\",\"@id\":\"https:\/\/aeronoticias.com.pe\/noticiero\/#website\",\"url\":\"https:\/\/aeronoticias.com.pe\/noticiero\/\",\"name\":\"Aeronoticias.com.pe\",\"description\":\"Noticias de tranporte aereo, turismo, hoteles, gastronomia, actualidad, internacional\",\"potentialAction\":[{\"@type\":\"SearchAction\",\"target\":{\"@type\":\"EntryPoint\",\"urlTemplate\":\"https:\/\/aeronoticias.com.pe\/noticiero\/?s={search_term_string}\"},\"query-input\":{\"@type\":\"PropertyValueSpecification\",\"valueRequired\":true,\"valueName\":\"search_term_string\"}}],\"inLanguage\":\"es\"},{\"@type\":\"Person\",\"@id\":\"https:\/\/aeronoticias.com.pe\/noticiero\/#\/schema\/person\/fc1e5d578f4b62ba1cf7ac2bba1170a0\",\"name\":\"Redacci\u00f3n Aeronoticias\",\"url\":\"https:\/\/aeronoticias.com.pe\/noticiero\/author\/piloto\/\"}]}<\/script>\n<!-- \/ Yoast SEO plugin. -->","yoast_head_json":{"title":"Ecuador repotenciar\u00e1 turismo con la apertura de aeropuerto en la ciudad de Salinas","description":"Portal de noticias del Per\u00fa sobre el transporte a\u00e9reo, aviaci\u00f3n, turismo, hoteleria, actualidad.","robots":{"index":"index","follow":"follow","max-snippet":"max-snippet:-1","max-image-preview":"max-image-preview:large","max-video-preview":"max-video-preview:-1"},"canonical":"https:\/\/aeronoticias.com.pe\/noticiero\/transporte-aereo\/internacional\/ecuador-repotenciara-turismo-con-la-apertura-de-aeropuerto-en-la-ciudad-de-salinas\/","og_locale":"es_ES","og_type":"article","og_title":"Ecuador repotenciar\u00e1 turismo con la apertura de aeropuerto en la ciudad de Salinas","og_description":"Portal de noticias del Per\u00fa sobre el transporte a\u00e9reo, aviaci\u00f3n, turismo, hoteleria, actualidad.","og_url":"https:\/\/aeronoticias.com.pe\/noticiero\/transporte-aereo\/internacional\/ecuador-repotenciara-turismo-con-la-apertura-de-aeropuerto-en-la-ciudad-de-salinas\/","og_site_name":"Aeronoticias.com.pe","article_publisher":"https:\/\/www.facebook.com\/Aeronoticias.com.pe\/","article_published_time":"2014-01-03T15:37:15+00:00","author":"Redacci\u00f3n Aeronoticias","twitter_card":"summary_large_image","twitter_creator":"@aeronoticias","twitter_site":"@aeronoticias","twitter_misc":{"Escrito por":"Redacci\u00f3n Aeronoticias","Tiempo de lectura":"1 minuto"},"schema":{"@context":"https:\/\/schema.org","@graph":[{"@type":"WebPage","@id":"https:\/\/aeronoticias.com.pe\/noticiero\/transporte-aereo\/internacional\/ecuador-repotenciara-turismo-con-la-apertura-de-aeropuerto-en-la-ciudad-de-salinas\/","url":"https:\/\/aeronoticias.com.pe\/noticiero\/transporte-aereo\/internacional\/ecuador-repotenciara-turismo-con-la-apertura-de-aeropuerto-en-la-ciudad-de-salinas\/","name":"Ecuador repotenciar\u00e1 turismo con la apertura de aeropuerto en la ciudad de Salinas","isPartOf":{"@id":"https:\/\/aeronoticias.com.pe\/noticiero\/#website"},"datePublished":"2014-01-03T15:37:15+00:00","author":{"@id":"https:\/\/aeronoticias.com.pe\/noticiero\/#\/schema\/person\/fc1e5d578f4b62ba1cf7ac2bba1170a0"},"description":"Portal de noticias del Per\u00fa sobre el transporte a\u00e9reo, aviaci\u00f3n, turismo, hoteleria, actualidad.","breadcrumb":{"@id":"https:\/\/aeronoticias.com.pe\/noticiero\/transporte-aereo\/internacional\/ecuador-repotenciara-turismo-con-la-apertura-de-aeropuerto-en-la-ciudad-de-salinas\/#breadcrumb"},"inLanguage":"es","potentialAction":[{"@type":"ReadAction","target":["https:\/\/aeronoticias.com.pe\/noticiero\/transporte-aereo\/internacional\/ecuador-repotenciara-turismo-con-la-apertura-de-aeropuerto-en-la-ciudad-de-salinas\/"]}]},{"@type":"BreadcrumbList","@id":"https:\/\/aeronoticias.com.pe\/noticiero\/transporte-aereo\/internacional\/ecuador-repotenciara-turismo-con-la-apertura-de-aeropuerto-en-la-ciudad-de-salinas\/#breadcrumb","itemListElement":[{"@type":"ListItem","position":1,"name":"Portada","item":"https:\/\/aeronoticias.com.pe\/noticiero\/"},{"@type":"ListItem","position":2,"name":"Ecuador repotenciar\u00e1 turismo con la apertura de aeropuerto en la ciudad de Salinas"}]},{"@type":"WebSite","@id":"https:\/\/aeronoticias.com.pe\/noticiero\/#website","url":"https:\/\/aeronoticias.com.pe\/noticiero\/","name":"Aeronoticias.com.pe","description":"Noticias de tranporte aereo, turismo, hoteles, gastronomia, actualidad, internacional","potentialAction":[{"@type":"SearchAction","target":{"@type":"EntryPoint","urlTemplate":"https:\/\/aeronoticias.com.pe\/noticiero\/?s={search_term_string}"},"query-input":{"@type":"PropertyValueSpecification","valueRequired":true,"valueName":"search_term_string"}}],"inLanguage":"es"},{"@type":"Person","@id":"https:\/\/aeronoticias.com.pe\/noticiero\/#\/schema\/person\/fc1e5d578f4b62ba1cf7ac2bba1170a0","name":"Redacci\u00f3n Aeronoticias","url":"https:\/\/aeronoticias.com.pe\/noticiero\/author\/piloto\/"}]}},"_links":{"self":[{"href":"https:\/\/aeronoticias.com.pe\/noticiero\/wp-json\/wp\/v2\/posts\/42577","targetHints":{"allow":["GET"]}}],"collection":[{"href":"https:\/\/aeronoticias.com.pe\/noticiero\/wp-json\/wp\/v2\/posts"}],"about":[{"href":"https:\/\/aeronoticias.com.pe\/noticiero\/wp-json\/wp\/v2\/types\/post"}],"author":[{"embeddable":true,"href":"https:\/\/aeronoticias.com.pe\/noticiero\/wp-json\/wp\/v2\/users\/1"}],"replies":[{"embeddable":true,"href":"https:\/\/aeronoticias.com.pe\/noticiero\/wp-json\/wp\/v2\/comments?post=42577"}],"version-history":[{"count":0,"href":"https:\/\/aeronoticias.com.pe\/noticiero\/wp-json\/wp\/v2\/posts\/42577\/revisions"}],"wp:attachment":[{"href":"https:\/\/aeronoticias.com.pe\/noticiero\/wp-json\/wp\/v2\/media?parent=42577"}],"wp:term":[{"taxonomy":"category","embeddable":true,"href":"https:\/\/aeronoticias.com.pe\/noticiero\/wp-json\/wp\/v2\/categories?post=42577"},{"taxonomy":"post_tag","embeddable":true,"href":"https:\/\/aeronoticias.com.pe\/noticiero\/wp-json\/wp\/v2\/tags?post=42577"}],"curies":[{"name":"wp","href":"https:\/\/api.w.org\/{rel}","templated":true}]}}