{"id":42579,"date":"2014-01-03T16:20:32","date_gmt":"2014-01-03T16:20:32","guid":{"rendered":"http:\/\/desarrollo.mcvicious.com\/aero2020\/2014\/01\/03\/peru-llaman-a-debatir-la-legalizacion-de-la-marihuana\/"},"modified":"2014-01-03T16:20:32","modified_gmt":"2014-01-03T16:20:32","slug":"peru-llaman-a-debatir-la-legalizacion-de-la-marihuana","status":"publish","type":"post","link":"https:\/\/aeronoticias.com.pe\/noticiero\/nacionales\/peru-llaman-a-debatir-la-legalizacion-de-la-marihuana\/","title":{"rendered":"Per\u00fa: llaman a debatir la legalizaci\u00f3n de la marihuana"},"content":{"rendered":"<p style=\"text-align: justify;\"><img decoding=\"async\" src=\"images\/stories\/14\/01\/030114\/t8.jpg\" border=\"0\" \/><\/p>\n<p style=\"text-align: justify;\"><strong>(Aeronoticias).-<\/strong> <em>Mientras en el estado estadounidense de Colorado ya se han realizado las primeras ventas legales de marihuana con fines recreativos, algunos expertos peruanos llaman a sus autoridades a debatir la cuesti\u00f3n de la legalizaci\u00f3n de la marihuana en Per\u00fa.<\/em><\/p>\n<p style=\"text-align: justify;\">Ricardo Sober\u00f3n, que en el pasado trabajaba como director de la Comisi\u00f3n Nacional para el Desarrollo y Vida sin Drogas (Devida) y ahora es director del Centro de Investigacion de Drogas y Derechos Humanos de Per\u00fa, intervino en la iniciativa.<\/p>\n<p style=\"text-align: justify;\">\u00abHay que abrir el debate e invocar a Carmen Mas\u00edas, presidenta de Devida, al Colegio M\u00e9dico del Per\u00fa. Abramos un foro. Primero sobre el tema de la salud, segundo sobre el tema de seguridad ciudadana y las implicaciones de su uso\u00bb, informa el portal de &#8216;Tierra&#8217;.<\/p>\n<p style=\"text-align: justify;\">Sober\u00f3n opina que aunque la planta de la marihuana pueda ser mal usada \u00abla evidencia cient\u00edfica demuestra que no es peligrosa como otras sustancias legales, como el alcohol o el tabaco\u00bb, sostuvo.<\/p>\n<p style=\"text-align: justify;\">Entre las ventajas de la legalizaci\u00f3n de la marihuana el experto destaca la posibildad de combatir el narcotr\u00e1fico. \u00abLa posibilidad de extraerle al narcotr\u00e1fico este mercado del cannabis, que es una droga que no es igual de peligrosa que otras, es una respuesta a 50 a\u00f1os de seguir haciendo lo mismo sin resultados\u00bb, asegur\u00f3.<\/p>\n<p style=\"text-align: justify;\">En diciembre Sober\u00f3n aplaudi\u00f3 la decisi\u00f3n uruguaya de comercializar la marihuana diciendo que es una \u00abexperiencia buena\u00bb. El mismo mes el presidente uruguayo, Jos\u00e9 Mujica, firm\u00f3 la legislaci\u00f3n que contempla legalizar la marihuana y encomendar el control de su producci\u00f3n y distribuci\u00f3n al Estado. Se prev\u00e9 que la ley entre en vigor en el segundo semestre del a\u00f1o 2014.<\/p>\n<p style=\"text-align: justify;\">Tras la decisi\u00f3n uruguaya los expertos empezaron a decir que esto podr\u00eda suponer el inicio de un efecto domin\u00f3 en Am\u00e9rica Latina. As\u00ed, en Argentina y Chile han abierto un debate sobre la adopci\u00f3n de medidas semejantes. Ahora se les suma Per\u00fa.<\/p>\n<p style=\"text-align: justify;\">\u00a0<\/p>\n<p style=\"text-align: justify;\">Fuente: <em><strong>actualidad.rt<\/strong><\/em><\/p>\n<p style=\"text-align: justify;\">Foto: <strong><em>actualidad.rt<\/em><\/strong><\/p>\n","protected":false},"excerpt":{"rendered":"<p>(Aeronoticias).- Mientras en el estado estadounidense de Colorado ya se han realizado las primeras ventas legales de marihuana con fines recreativos, algunos expertos peruanos llaman a sus autoridades a debatir la cuesti\u00f3n de la legalizaci\u00f3n de la marihuana en Per\u00fa. Ricardo Sober\u00f3n, que en el pasado trabajaba como director de la Comisi\u00f3n Nacional para el [&hellip;]<\/p>\n","protected":false},"author":1,"featured_media":0,"comment_status":"open","ping_status":"open","sticky":false,"template":"","format":"standard","meta":{"tdm_status":"","tdm_grid_status":"","footnotes":""},"categories":[38],"tags":[],"class_list":{"0":"post-42579","1":"post","2":"type-post","3":"status-publish","4":"format-standard","6":"category-nacionales"},"yoast_head":"<!-- This site is optimized with the Yoast SEO plugin v25.1 - https:\/\/yoast.com\/wordpress\/plugins\/seo\/ -->\n<title>Per\u00fa: llaman a debatir la legalizaci\u00f3n de la marihuana<\/title>\n<meta name=\"description\" content=\"Portal de noticias del Per\u00fa sobre el transporte a\u00e9reo, aviaci\u00f3n, turismo, hoteleria, actualidad.\" \/>\n<meta name=\"robots\" content=\"index, follow, max-snippet:-1, max-image-preview:large, max-video-preview:-1\" \/>\n<link rel=\"canonical\" href=\"https:\/\/aeronoticias.com.pe\/noticiero\/nacionales\/peru-llaman-a-debatir-la-legalizacion-de-la-marihuana\/\" \/>\n<meta property=\"og:locale\" content=\"es_ES\" \/>\n<meta property=\"og:type\" content=\"article\" \/>\n<meta property=\"og:title\" content=\"Per\u00fa: llaman a debatir la legalizaci\u00f3n de la marihuana\" \/>\n<meta property=\"og:description\" content=\"Portal de noticias del Per\u00fa sobre el transporte a\u00e9reo, aviaci\u00f3n, turismo, hoteleria, actualidad.\" \/>\n<meta property=\"og:url\" content=\"https:\/\/aeronoticias.com.pe\/noticiero\/nacionales\/peru-llaman-a-debatir-la-legalizacion-de-la-marihuana\/\" \/>\n<meta property=\"og:site_name\" content=\"Aeronoticias.com.pe\" \/>\n<meta property=\"article:publisher\" content=\"https:\/\/www.facebook.com\/Aeronoticias.com.pe\/\" \/>\n<meta property=\"article:published_time\" content=\"2014-01-03T16:20:32+00:00\" \/>\n<meta name=\"author\" content=\"Redacci\u00f3n Aeronoticias\" \/>\n<meta name=\"twitter:card\" content=\"summary_large_image\" \/>\n<meta name=\"twitter:creator\" content=\"@aeronoticias\" \/>\n<meta name=\"twitter:site\" content=\"@aeronoticias\" \/>\n<meta name=\"twitter:label1\" content=\"Escrito por\" \/>\n\t<meta name=\"twitter:data1\" content=\"Redacci\u00f3n Aeronoticias\" \/>\n\t<meta name=\"twitter:label2\" content=\"Tiempo de lectura\" \/>\n\t<meta name=\"twitter:data2\" content=\"2 minutos\" \/>\n<script type=\"application\/ld+json\" class=\"yoast-schema-graph\">{\"@context\":\"https:\/\/schema.org\",\"@graph\":[{\"@type\":\"WebPage\",\"@id\":\"https:\/\/aeronoticias.com.pe\/noticiero\/nacionales\/peru-llaman-a-debatir-la-legalizacion-de-la-marihuana\/\",\"url\":\"https:\/\/aeronoticias.com.pe\/noticiero\/nacionales\/peru-llaman-a-debatir-la-legalizacion-de-la-marihuana\/\",\"name\":\"Per\u00fa: llaman a debatir la legalizaci\u00f3n de la marihuana\",\"isPartOf\":{\"@id\":\"https:\/\/aeronoticias.com.pe\/noticiero\/#website\"},\"datePublished\":\"2014-01-03T16:20:32+00:00\",\"author\":{\"@id\":\"https:\/\/aeronoticias.com.pe\/noticiero\/#\/schema\/person\/fc1e5d578f4b62ba1cf7ac2bba1170a0\"},\"description\":\"Portal de noticias del Per\u00fa sobre el transporte a\u00e9reo, aviaci\u00f3n, turismo, hoteleria, actualidad.\",\"breadcrumb\":{\"@id\":\"https:\/\/aeronoticias.com.pe\/noticiero\/nacionales\/peru-llaman-a-debatir-la-legalizacion-de-la-marihuana\/#breadcrumb\"},\"inLanguage\":\"es\",\"potentialAction\":[{\"@type\":\"ReadAction\",\"target\":[\"https:\/\/aeronoticias.com.pe\/noticiero\/nacionales\/peru-llaman-a-debatir-la-legalizacion-de-la-marihuana\/\"]}]},{\"@type\":\"BreadcrumbList\",\"@id\":\"https:\/\/aeronoticias.com.pe\/noticiero\/nacionales\/peru-llaman-a-debatir-la-legalizacion-de-la-marihuana\/#breadcrumb\",\"itemListElement\":[{\"@type\":\"ListItem\",\"position\":1,\"name\":\"Portada\",\"item\":\"https:\/\/aeronoticias.com.pe\/noticiero\/\"},{\"@type\":\"ListItem\",\"position\":2,\"name\":\"Per\u00fa: llaman a debatir la legalizaci\u00f3n de la marihuana\"}]},{\"@type\":\"WebSite\",\"@id\":\"https:\/\/aeronoticias.com.pe\/noticiero\/#website\",\"url\":\"https:\/\/aeronoticias.com.pe\/noticiero\/\",\"name\":\"Aeronoticias.com.pe\",\"description\":\"Noticias de tranporte aereo, turismo, hoteles, gastronomia, actualidad, internacional\",\"potentialAction\":[{\"@type\":\"SearchAction\",\"target\":{\"@type\":\"EntryPoint\",\"urlTemplate\":\"https:\/\/aeronoticias.com.pe\/noticiero\/?s={search_term_string}\"},\"query-input\":{\"@type\":\"PropertyValueSpecification\",\"valueRequired\":true,\"valueName\":\"search_term_string\"}}],\"inLanguage\":\"es\"},{\"@type\":\"Person\",\"@id\":\"https:\/\/aeronoticias.com.pe\/noticiero\/#\/schema\/person\/fc1e5d578f4b62ba1cf7ac2bba1170a0\",\"name\":\"Redacci\u00f3n Aeronoticias\",\"url\":\"https:\/\/aeronoticias.com.pe\/noticiero\/author\/piloto\/\"}]}<\/script>\n<!-- \/ Yoast SEO plugin. -->","yoast_head_json":{"title":"Per\u00fa: llaman a debatir la legalizaci\u00f3n de la marihuana","description":"Portal de noticias del Per\u00fa sobre el transporte a\u00e9reo, aviaci\u00f3n, turismo, hoteleria, actualidad.","robots":{"index":"index","follow":"follow","max-snippet":"max-snippet:-1","max-image-preview":"max-image-preview:large","max-video-preview":"max-video-preview:-1"},"canonical":"https:\/\/aeronoticias.com.pe\/noticiero\/nacionales\/peru-llaman-a-debatir-la-legalizacion-de-la-marihuana\/","og_locale":"es_ES","og_type":"article","og_title":"Per\u00fa: llaman a debatir la legalizaci\u00f3n de la marihuana","og_description":"Portal de noticias del Per\u00fa sobre el transporte a\u00e9reo, aviaci\u00f3n, turismo, hoteleria, actualidad.","og_url":"https:\/\/aeronoticias.com.pe\/noticiero\/nacionales\/peru-llaman-a-debatir-la-legalizacion-de-la-marihuana\/","og_site_name":"Aeronoticias.com.pe","article_publisher":"https:\/\/www.facebook.com\/Aeronoticias.com.pe\/","article_published_time":"2014-01-03T16:20:32+00:00","author":"Redacci\u00f3n Aeronoticias","twitter_card":"summary_large_image","twitter_creator":"@aeronoticias","twitter_site":"@aeronoticias","twitter_misc":{"Escrito por":"Redacci\u00f3n Aeronoticias","Tiempo de lectura":"2 minutos"},"schema":{"@context":"https:\/\/schema.org","@graph":[{"@type":"WebPage","@id":"https:\/\/aeronoticias.com.pe\/noticiero\/nacionales\/peru-llaman-a-debatir-la-legalizacion-de-la-marihuana\/","url":"https:\/\/aeronoticias.com.pe\/noticiero\/nacionales\/peru-llaman-a-debatir-la-legalizacion-de-la-marihuana\/","name":"Per\u00fa: llaman a debatir la legalizaci\u00f3n de la marihuana","isPartOf":{"@id":"https:\/\/aeronoticias.com.pe\/noticiero\/#website"},"datePublished":"2014-01-03T16:20:32+00:00","author":{"@id":"https:\/\/aeronoticias.com.pe\/noticiero\/#\/schema\/person\/fc1e5d578f4b62ba1cf7ac2bba1170a0"},"description":"Portal de noticias del Per\u00fa sobre el transporte a\u00e9reo, aviaci\u00f3n, turismo, hoteleria, actualidad.","breadcrumb":{"@id":"https:\/\/aeronoticias.com.pe\/noticiero\/nacionales\/peru-llaman-a-debatir-la-legalizacion-de-la-marihuana\/#breadcrumb"},"inLanguage":"es","potentialAction":[{"@type":"ReadAction","target":["https:\/\/aeronoticias.com.pe\/noticiero\/nacionales\/peru-llaman-a-debatir-la-legalizacion-de-la-marihuana\/"]}]},{"@type":"BreadcrumbList","@id":"https:\/\/aeronoticias.com.pe\/noticiero\/nacionales\/peru-llaman-a-debatir-la-legalizacion-de-la-marihuana\/#breadcrumb","itemListElement":[{"@type":"ListItem","position":1,"name":"Portada","item":"https:\/\/aeronoticias.com.pe\/noticiero\/"},{"@type":"ListItem","position":2,"name":"Per\u00fa: llaman a debatir la legalizaci\u00f3n de la marihuana"}]},{"@type":"WebSite","@id":"https:\/\/aeronoticias.com.pe\/noticiero\/#website","url":"https:\/\/aeronoticias.com.pe\/noticiero\/","name":"Aeronoticias.com.pe","description":"Noticias de tranporte aereo, turismo, hoteles, gastronomia, actualidad, internacional","potentialAction":[{"@type":"SearchAction","target":{"@type":"EntryPoint","urlTemplate":"https:\/\/aeronoticias.com.pe\/noticiero\/?s={search_term_string}"},"query-input":{"@type":"PropertyValueSpecification","valueRequired":true,"valueName":"search_term_string"}}],"inLanguage":"es"},{"@type":"Person","@id":"https:\/\/aeronoticias.com.pe\/noticiero\/#\/schema\/person\/fc1e5d578f4b62ba1cf7ac2bba1170a0","name":"Redacci\u00f3n Aeronoticias","url":"https:\/\/aeronoticias.com.pe\/noticiero\/author\/piloto\/"}]}},"_links":{"self":[{"href":"https:\/\/aeronoticias.com.pe\/noticiero\/wp-json\/wp\/v2\/posts\/42579","targetHints":{"allow":["GET"]}}],"collection":[{"href":"https:\/\/aeronoticias.com.pe\/noticiero\/wp-json\/wp\/v2\/posts"}],"about":[{"href":"https:\/\/aeronoticias.com.pe\/noticiero\/wp-json\/wp\/v2\/types\/post"}],"author":[{"embeddable":true,"href":"https:\/\/aeronoticias.com.pe\/noticiero\/wp-json\/wp\/v2\/users\/1"}],"replies":[{"embeddable":true,"href":"https:\/\/aeronoticias.com.pe\/noticiero\/wp-json\/wp\/v2\/comments?post=42579"}],"version-history":[{"count":0,"href":"https:\/\/aeronoticias.com.pe\/noticiero\/wp-json\/wp\/v2\/posts\/42579\/revisions"}],"wp:attachment":[{"href":"https:\/\/aeronoticias.com.pe\/noticiero\/wp-json\/wp\/v2\/media?parent=42579"}],"wp:term":[{"taxonomy":"category","embeddable":true,"href":"https:\/\/aeronoticias.com.pe\/noticiero\/wp-json\/wp\/v2\/categories?post=42579"},{"taxonomy":"post_tag","embeddable":true,"href":"https:\/\/aeronoticias.com.pe\/noticiero\/wp-json\/wp\/v2\/tags?post=42579"}],"curies":[{"name":"wp","href":"https:\/\/api.w.org\/{rel}","templated":true}]}}