{"id":42582,"date":"2014-01-03T16:58:30","date_gmt":"2014-01-03T16:58:30","guid":{"rendered":"http:\/\/desarrollo.mcvicious.com\/aero2020\/2014\/01\/03\/alemania-hombre-muere-al-estallar-bomba-de-la-segunda-guerra-mundial\/"},"modified":"2014-01-03T16:58:30","modified_gmt":"2014-01-03T16:58:30","slug":"alemania-hombre-muere-al-estallar-bomba-de-la-segunda-guerra-mundial","status":"publish","type":"post","link":"https:\/\/aeronoticias.com.pe\/noticiero\/internacionales\/alemania-hombre-muere-al-estallar-bomba-de-la-segunda-guerra-mundial\/","title":{"rendered":"Alemania: hombre muere al estallar bomba de la Segunda Guerra Mundial"},"content":{"rendered":"<p style=\"text-align: justify;\"><strong>(Aeronoticias)<\/strong>.- Un hombre muri\u00f3 y ocho personas resultaron heridas este viernes cuando explot\u00f3 una bomba de la Segunda Guerra Mundial en una obra en construcci\u00f3n en la ciudad de Euskirchen, en el estado de Renania del Norte-Westfalia, Alemania.<\/p>\n<p style=\"text-align: justify;\">La polic\u00eda inform\u00f3 que el estallido tuvo lugar cuando una m\u00e1quina excavadora se top\u00f3 accidentalmente con el artefacto. El operador del veh\u00edculo muri\u00f3 en el lugar.<\/p>\n<p style=\"text-align: justify;\">Dos de los ocho heridos est\u00e1n graves, de acuerdo con la agencia alemana de noticias DPA.<\/p>\n<p style=\"text-align: justify;\">La onda expansiva de la explosi\u00f3n, que da\u00f1\u00f3 edificios y coches aleda\u00f1os, pudo sentirse a un kil\u00f3metro del lugar, indic\u00f3 la polic\u00eda.<\/p>\n<p style=\"text-align: justify;\">Damien McGuinness, periodista de la BBC en Alemania, explic\u00f3 que es com\u00fan que todav\u00eda aparezcan bombas sin detonar en el pa\u00eds, pero que es inusual que exploten en forma descontralada y alguien muera o resulte herido.<\/p>\n<p style=\"text-align: justify;\">McGuinness agreg\u00f3 que las bombas suelen hallarse especialmente en el cord\u00f3n industrial del noroeste alem\u00e1n.<\/p>\n<p style=\"text-align: justify;\">Esa zona fue blanco de una campa\u00f1a aliada en la d\u00e9cada de 1940, en la que bombardearon f\u00e1bricas para intentar socavar la capacidad militar nazi.<\/p>\n<p style=\"text-align: justify;\">Con informaci\u00f3n de la <span style=\"text-decoration: underline;\"><em><strong>BBC<\/strong><\/em><\/span>.<\/p>\n<p style=\"text-align: justify;\"><img decoding=\"async\" src=\"images\/stories\/14\/01\/010114\/bomb.jpg\" border=\"0\" \/><\/p>\n","protected":false},"excerpt":{"rendered":"<p>(Aeronoticias).- Un hombre muri\u00f3 y ocho personas resultaron heridas este viernes cuando explot\u00f3 una bomba de la Segunda Guerra Mundial en una obra en construcci\u00f3n en la ciudad de Euskirchen, en el estado de Renania del Norte-Westfalia, Alemania. La polic\u00eda inform\u00f3 que el estallido tuvo lugar cuando una m\u00e1quina excavadora se top\u00f3 accidentalmente con el [&hellip;]<\/p>\n","protected":false},"author":1,"featured_media":0,"comment_status":"open","ping_status":"open","sticky":false,"template":"","format":"standard","meta":{"tdm_status":"","tdm_grid_status":"","footnotes":""},"categories":[34],"tags":[],"class_list":{"0":"post-42582","1":"post","2":"type-post","3":"status-publish","4":"format-standard","6":"category-internacionales"},"yoast_head":"<!-- This site is optimized with the Yoast SEO plugin v25.1 - https:\/\/yoast.com\/wordpress\/plugins\/seo\/ -->\n<title>Alemania: hombre muere al estallar bomba de la Segunda Guerra Mundial<\/title>\n<meta name=\"description\" content=\"Portal de noticias del Per\u00fa sobre el transporte a\u00e9reo, aviaci\u00f3n, turismo, hoteleria, actualidad.\" \/>\n<meta name=\"robots\" content=\"index, follow, max-snippet:-1, max-image-preview:large, max-video-preview:-1\" \/>\n<link rel=\"canonical\" href=\"https:\/\/aeronoticias.com.pe\/noticiero\/internacionales\/alemania-hombre-muere-al-estallar-bomba-de-la-segunda-guerra-mundial\/\" \/>\n<meta property=\"og:locale\" content=\"es_ES\" \/>\n<meta property=\"og:type\" content=\"article\" \/>\n<meta property=\"og:title\" content=\"Alemania: hombre muere al estallar bomba de la Segunda Guerra Mundial\" \/>\n<meta property=\"og:description\" content=\"Portal de noticias del Per\u00fa sobre el transporte a\u00e9reo, aviaci\u00f3n, turismo, hoteleria, actualidad.\" \/>\n<meta property=\"og:url\" content=\"https:\/\/aeronoticias.com.pe\/noticiero\/internacionales\/alemania-hombre-muere-al-estallar-bomba-de-la-segunda-guerra-mundial\/\" \/>\n<meta property=\"og:site_name\" content=\"Aeronoticias.com.pe\" \/>\n<meta property=\"article:publisher\" content=\"https:\/\/www.facebook.com\/Aeronoticias.com.pe\/\" \/>\n<meta property=\"article:published_time\" content=\"2014-01-03T16:58:30+00:00\" \/>\n<meta name=\"author\" content=\"Redacci\u00f3n Aeronoticias\" \/>\n<meta name=\"twitter:card\" content=\"summary_large_image\" \/>\n<meta name=\"twitter:creator\" content=\"@aeronoticias\" \/>\n<meta name=\"twitter:site\" content=\"@aeronoticias\" \/>\n<meta name=\"twitter:label1\" content=\"Escrito por\" \/>\n\t<meta name=\"twitter:data1\" content=\"Redacci\u00f3n Aeronoticias\" \/>\n\t<meta name=\"twitter:label2\" content=\"Tiempo de lectura\" \/>\n\t<meta name=\"twitter:data2\" content=\"1 minuto\" \/>\n<script type=\"application\/ld+json\" class=\"yoast-schema-graph\">{\"@context\":\"https:\/\/schema.org\",\"@graph\":[{\"@type\":\"WebPage\",\"@id\":\"https:\/\/aeronoticias.com.pe\/noticiero\/internacionales\/alemania-hombre-muere-al-estallar-bomba-de-la-segunda-guerra-mundial\/\",\"url\":\"https:\/\/aeronoticias.com.pe\/noticiero\/internacionales\/alemania-hombre-muere-al-estallar-bomba-de-la-segunda-guerra-mundial\/\",\"name\":\"Alemania: hombre muere al estallar bomba de la Segunda Guerra Mundial\",\"isPartOf\":{\"@id\":\"https:\/\/aeronoticias.com.pe\/noticiero\/#website\"},\"datePublished\":\"2014-01-03T16:58:30+00:00\",\"author\":{\"@id\":\"https:\/\/aeronoticias.com.pe\/noticiero\/#\/schema\/person\/fc1e5d578f4b62ba1cf7ac2bba1170a0\"},\"description\":\"Portal de noticias del Per\u00fa sobre el transporte a\u00e9reo, aviaci\u00f3n, turismo, hoteleria, actualidad.\",\"breadcrumb\":{\"@id\":\"https:\/\/aeronoticias.com.pe\/noticiero\/internacionales\/alemania-hombre-muere-al-estallar-bomba-de-la-segunda-guerra-mundial\/#breadcrumb\"},\"inLanguage\":\"es\",\"potentialAction\":[{\"@type\":\"ReadAction\",\"target\":[\"https:\/\/aeronoticias.com.pe\/noticiero\/internacionales\/alemania-hombre-muere-al-estallar-bomba-de-la-segunda-guerra-mundial\/\"]}]},{\"@type\":\"BreadcrumbList\",\"@id\":\"https:\/\/aeronoticias.com.pe\/noticiero\/internacionales\/alemania-hombre-muere-al-estallar-bomba-de-la-segunda-guerra-mundial\/#breadcrumb\",\"itemListElement\":[{\"@type\":\"ListItem\",\"position\":1,\"name\":\"Portada\",\"item\":\"https:\/\/aeronoticias.com.pe\/noticiero\/\"},{\"@type\":\"ListItem\",\"position\":2,\"name\":\"Alemania: hombre muere al estallar bomba de la Segunda Guerra Mundial\"}]},{\"@type\":\"WebSite\",\"@id\":\"https:\/\/aeronoticias.com.pe\/noticiero\/#website\",\"url\":\"https:\/\/aeronoticias.com.pe\/noticiero\/\",\"name\":\"Aeronoticias.com.pe\",\"description\":\"Noticias de tranporte aereo, turismo, hoteles, gastronomia, actualidad, internacional\",\"potentialAction\":[{\"@type\":\"SearchAction\",\"target\":{\"@type\":\"EntryPoint\",\"urlTemplate\":\"https:\/\/aeronoticias.com.pe\/noticiero\/?s={search_term_string}\"},\"query-input\":{\"@type\":\"PropertyValueSpecification\",\"valueRequired\":true,\"valueName\":\"search_term_string\"}}],\"inLanguage\":\"es\"},{\"@type\":\"Person\",\"@id\":\"https:\/\/aeronoticias.com.pe\/noticiero\/#\/schema\/person\/fc1e5d578f4b62ba1cf7ac2bba1170a0\",\"name\":\"Redacci\u00f3n Aeronoticias\",\"url\":\"https:\/\/aeronoticias.com.pe\/noticiero\/author\/piloto\/\"}]}<\/script>\n<!-- \/ Yoast SEO plugin. -->","yoast_head_json":{"title":"Alemania: hombre muere al estallar bomba de la Segunda Guerra Mundial","description":"Portal de noticias del Per\u00fa sobre el transporte a\u00e9reo, aviaci\u00f3n, turismo, hoteleria, actualidad.","robots":{"index":"index","follow":"follow","max-snippet":"max-snippet:-1","max-image-preview":"max-image-preview:large","max-video-preview":"max-video-preview:-1"},"canonical":"https:\/\/aeronoticias.com.pe\/noticiero\/internacionales\/alemania-hombre-muere-al-estallar-bomba-de-la-segunda-guerra-mundial\/","og_locale":"es_ES","og_type":"article","og_title":"Alemania: hombre muere al estallar bomba de la Segunda Guerra Mundial","og_description":"Portal de noticias del Per\u00fa sobre el transporte a\u00e9reo, aviaci\u00f3n, turismo, hoteleria, actualidad.","og_url":"https:\/\/aeronoticias.com.pe\/noticiero\/internacionales\/alemania-hombre-muere-al-estallar-bomba-de-la-segunda-guerra-mundial\/","og_site_name":"Aeronoticias.com.pe","article_publisher":"https:\/\/www.facebook.com\/Aeronoticias.com.pe\/","article_published_time":"2014-01-03T16:58:30+00:00","author":"Redacci\u00f3n Aeronoticias","twitter_card":"summary_large_image","twitter_creator":"@aeronoticias","twitter_site":"@aeronoticias","twitter_misc":{"Escrito por":"Redacci\u00f3n Aeronoticias","Tiempo de lectura":"1 minuto"},"schema":{"@context":"https:\/\/schema.org","@graph":[{"@type":"WebPage","@id":"https:\/\/aeronoticias.com.pe\/noticiero\/internacionales\/alemania-hombre-muere-al-estallar-bomba-de-la-segunda-guerra-mundial\/","url":"https:\/\/aeronoticias.com.pe\/noticiero\/internacionales\/alemania-hombre-muere-al-estallar-bomba-de-la-segunda-guerra-mundial\/","name":"Alemania: hombre muere al estallar bomba de la Segunda Guerra Mundial","isPartOf":{"@id":"https:\/\/aeronoticias.com.pe\/noticiero\/#website"},"datePublished":"2014-01-03T16:58:30+00:00","author":{"@id":"https:\/\/aeronoticias.com.pe\/noticiero\/#\/schema\/person\/fc1e5d578f4b62ba1cf7ac2bba1170a0"},"description":"Portal de noticias del Per\u00fa sobre el transporte a\u00e9reo, aviaci\u00f3n, turismo, hoteleria, actualidad.","breadcrumb":{"@id":"https:\/\/aeronoticias.com.pe\/noticiero\/internacionales\/alemania-hombre-muere-al-estallar-bomba-de-la-segunda-guerra-mundial\/#breadcrumb"},"inLanguage":"es","potentialAction":[{"@type":"ReadAction","target":["https:\/\/aeronoticias.com.pe\/noticiero\/internacionales\/alemania-hombre-muere-al-estallar-bomba-de-la-segunda-guerra-mundial\/"]}]},{"@type":"BreadcrumbList","@id":"https:\/\/aeronoticias.com.pe\/noticiero\/internacionales\/alemania-hombre-muere-al-estallar-bomba-de-la-segunda-guerra-mundial\/#breadcrumb","itemListElement":[{"@type":"ListItem","position":1,"name":"Portada","item":"https:\/\/aeronoticias.com.pe\/noticiero\/"},{"@type":"ListItem","position":2,"name":"Alemania: hombre muere al estallar bomba de la Segunda Guerra Mundial"}]},{"@type":"WebSite","@id":"https:\/\/aeronoticias.com.pe\/noticiero\/#website","url":"https:\/\/aeronoticias.com.pe\/noticiero\/","name":"Aeronoticias.com.pe","description":"Noticias de tranporte aereo, turismo, hoteles, gastronomia, actualidad, internacional","potentialAction":[{"@type":"SearchAction","target":{"@type":"EntryPoint","urlTemplate":"https:\/\/aeronoticias.com.pe\/noticiero\/?s={search_term_string}"},"query-input":{"@type":"PropertyValueSpecification","valueRequired":true,"valueName":"search_term_string"}}],"inLanguage":"es"},{"@type":"Person","@id":"https:\/\/aeronoticias.com.pe\/noticiero\/#\/schema\/person\/fc1e5d578f4b62ba1cf7ac2bba1170a0","name":"Redacci\u00f3n Aeronoticias","url":"https:\/\/aeronoticias.com.pe\/noticiero\/author\/piloto\/"}]}},"_links":{"self":[{"href":"https:\/\/aeronoticias.com.pe\/noticiero\/wp-json\/wp\/v2\/posts\/42582","targetHints":{"allow":["GET"]}}],"collection":[{"href":"https:\/\/aeronoticias.com.pe\/noticiero\/wp-json\/wp\/v2\/posts"}],"about":[{"href":"https:\/\/aeronoticias.com.pe\/noticiero\/wp-json\/wp\/v2\/types\/post"}],"author":[{"embeddable":true,"href":"https:\/\/aeronoticias.com.pe\/noticiero\/wp-json\/wp\/v2\/users\/1"}],"replies":[{"embeddable":true,"href":"https:\/\/aeronoticias.com.pe\/noticiero\/wp-json\/wp\/v2\/comments?post=42582"}],"version-history":[{"count":0,"href":"https:\/\/aeronoticias.com.pe\/noticiero\/wp-json\/wp\/v2\/posts\/42582\/revisions"}],"wp:attachment":[{"href":"https:\/\/aeronoticias.com.pe\/noticiero\/wp-json\/wp\/v2\/media?parent=42582"}],"wp:term":[{"taxonomy":"category","embeddable":true,"href":"https:\/\/aeronoticias.com.pe\/noticiero\/wp-json\/wp\/v2\/categories?post=42582"},{"taxonomy":"post_tag","embeddable":true,"href":"https:\/\/aeronoticias.com.pe\/noticiero\/wp-json\/wp\/v2\/tags?post=42582"}],"curies":[{"name":"wp","href":"https:\/\/api.w.org\/{rel}","templated":true}]}}