{"id":42712,"date":"2014-01-09T16:18:11","date_gmt":"2014-01-09T16:18:11","guid":{"rendered":"http:\/\/desarrollo.mcvicious.com\/aero2020\/2014\/01\/09\/video-globito-quemo-una-paloma-mientras-animaba-un-show-infantil-en-trujillo\/"},"modified":"2014-01-09T16:18:11","modified_gmt":"2014-01-09T16:18:11","slug":"video-globito-quemo-una-paloma-mientras-animaba-un-show-infantil-en-trujillo","status":"publish","type":"post","link":"https:\/\/aeronoticias.com.pe\/noticiero\/nacionales\/video-globito-quemo-una-paloma-mientras-animaba-un-show-infantil-en-trujillo\/","title":{"rendered":"V\u00cdDEO: &#8216;Globito&#8217; quem\u00f3 una paloma mientras animaba un show infantil en Trujillo"},"content":{"rendered":"<p style=\"text-align: justify;\"><strong><img decoding=\"async\" src=\"images\/stories\/14\/01\/090114\/q27.jpg\" border=\"0\" \/><\/strong><\/p>\n<p style=\"text-align: justify;\"><strong>(Aeronoticias).-<\/strong> <em>La asociaci\u00f3n de animadores asegur\u00f3 que \u2018Globito\u2019 no es parte de su gremio. Grupos de defensa de los animales pidieron severa sanci\u00f3n<\/em><\/p>\n<p style=\"text-align: justify;\">Un payaso que en el mundo de la animaci\u00f3n se hace llamar \u2018Globito\u2019, quem\u00f3 a una paloma que utilizaba para realizar un acto de magia en un show infantil en Trujillo. El ave qued\u00f3 completamente calcinada ante los ojos de los ni\u00f1os y padres. El c\u00f3mico no hizo ning\u00fan intento por salvarla.<\/p>\n<p style=\"text-align: justify;\">\u2018Globito\u2019 trat\u00f3 de minimizar el accidente y escondi\u00f3 al animal en un sombrero, mientras que su animadora ped\u00eda aplausos para el improvisado espect\u00e1culo. Sin embargo, los asistentes quedaron aterrorizados.<\/p>\n<p style=\"text-align: justify;\">Seg\u00fan inform\u00f3 Canal N, la asociaci\u00f3n Cultural de Payasos de Trujillo precis\u00f3 que el animador no forma parte de su gremio. Adem\u00e1s, recomendaron a sus colegas evitar el uso de fuego durante este tipo de shows infantiles. En tanto, la asociaci\u00f3n de defensa de los animales pidi\u00f3 que el animador sea sancionado.<\/p>\n<p style=\"text-align: justify;\"><strong>(V\u00cdDEO)<\/strong> <a href=\"http:\/\/www.youtube.com\/watch?v=r4TeSXSoH8o\" target=\"_blank\" rel=\"noopener noreferrer\"><strong>TUTEVE.TV\/ Payaso quema paloma durante show infantil en Trujillo<\/strong><\/a><\/p>\n<p style=\"text-align: justify;\">\u00a0<\/p>\n<p style=\"text-align: justify;\">Fuente: <strong><em>elcomercio.pe<\/em><\/strong><\/p>\n<p style=\"text-align: justify;\">Foto: <strong><em>captura Youtube<\/em><\/strong><\/p>\n<div><\/div>\n","protected":false},"excerpt":{"rendered":"<p>(Aeronoticias).- La asociaci\u00f3n de animadores asegur\u00f3 que \u2018Globito\u2019 no es parte de su gremio. Grupos de defensa de los animales pidieron severa sanci\u00f3n Un payaso que en el mundo de la animaci\u00f3n se hace llamar \u2018Globito\u2019, quem\u00f3 a una paloma que utilizaba para realizar un acto de magia en un show infantil en Trujillo. El [&hellip;]<\/p>\n","protected":false},"author":1,"featured_media":0,"comment_status":"open","ping_status":"open","sticky":false,"template":"","format":"standard","meta":{"tdm_status":"","tdm_grid_status":"","footnotes":""},"categories":[38],"tags":[],"class_list":{"0":"post-42712","1":"post","2":"type-post","3":"status-publish","4":"format-standard","6":"category-nacionales"},"yoast_head":"<!-- This site is optimized with the Yoast SEO plugin v25.1 - https:\/\/yoast.com\/wordpress\/plugins\/seo\/ -->\n<title>V\u00cdDEO: &#039;Globito&#039; quem\u00f3 una paloma mientras animaba un show infantil en Trujillo<\/title>\n<meta name=\"description\" content=\"Portal de noticias del Per\u00fa sobre el transporte a\u00e9reo, aviaci\u00f3n, turismo, hoteleria, actualidad.\" \/>\n<meta name=\"robots\" content=\"index, follow, max-snippet:-1, max-image-preview:large, max-video-preview:-1\" \/>\n<link rel=\"canonical\" href=\"https:\/\/aeronoticias.com.pe\/noticiero\/nacionales\/video-globito-quemo-una-paloma-mientras-animaba-un-show-infantil-en-trujillo\/\" \/>\n<meta property=\"og:locale\" content=\"es_ES\" \/>\n<meta property=\"og:type\" content=\"article\" \/>\n<meta property=\"og:title\" content=\"V\u00cdDEO: &#039;Globito&#039; quem\u00f3 una paloma mientras animaba un show infantil en Trujillo\" \/>\n<meta property=\"og:description\" content=\"Portal de noticias del Per\u00fa sobre el transporte a\u00e9reo, aviaci\u00f3n, turismo, hoteleria, actualidad.\" \/>\n<meta property=\"og:url\" content=\"https:\/\/aeronoticias.com.pe\/noticiero\/nacionales\/video-globito-quemo-una-paloma-mientras-animaba-un-show-infantil-en-trujillo\/\" \/>\n<meta property=\"og:site_name\" content=\"Aeronoticias.com.pe\" \/>\n<meta property=\"article:publisher\" content=\"https:\/\/www.facebook.com\/Aeronoticias.com.pe\/\" \/>\n<meta property=\"article:published_time\" content=\"2014-01-09T16:18:11+00:00\" \/>\n<meta name=\"author\" content=\"Redacci\u00f3n Aeronoticias\" \/>\n<meta name=\"twitter:card\" content=\"summary_large_image\" \/>\n<meta name=\"twitter:creator\" content=\"@aeronoticias\" \/>\n<meta name=\"twitter:site\" content=\"@aeronoticias\" \/>\n<meta name=\"twitter:label1\" content=\"Escrito por\" \/>\n\t<meta name=\"twitter:data1\" content=\"Redacci\u00f3n Aeronoticias\" \/>\n\t<meta name=\"twitter:label2\" content=\"Tiempo de lectura\" \/>\n\t<meta name=\"twitter:data2\" content=\"1 minuto\" \/>\n<script type=\"application\/ld+json\" class=\"yoast-schema-graph\">{\"@context\":\"https:\/\/schema.org\",\"@graph\":[{\"@type\":\"WebPage\",\"@id\":\"https:\/\/aeronoticias.com.pe\/noticiero\/nacionales\/video-globito-quemo-una-paloma-mientras-animaba-un-show-infantil-en-trujillo\/\",\"url\":\"https:\/\/aeronoticias.com.pe\/noticiero\/nacionales\/video-globito-quemo-una-paloma-mientras-animaba-un-show-infantil-en-trujillo\/\",\"name\":\"V\u00cdDEO: 'Globito' quem\u00f3 una paloma mientras animaba un show infantil en Trujillo\",\"isPartOf\":{\"@id\":\"https:\/\/aeronoticias.com.pe\/noticiero\/#website\"},\"datePublished\":\"2014-01-09T16:18:11+00:00\",\"author\":{\"@id\":\"https:\/\/aeronoticias.com.pe\/noticiero\/#\/schema\/person\/fc1e5d578f4b62ba1cf7ac2bba1170a0\"},\"description\":\"Portal de noticias del Per\u00fa sobre el transporte a\u00e9reo, aviaci\u00f3n, turismo, hoteleria, actualidad.\",\"breadcrumb\":{\"@id\":\"https:\/\/aeronoticias.com.pe\/noticiero\/nacionales\/video-globito-quemo-una-paloma-mientras-animaba-un-show-infantil-en-trujillo\/#breadcrumb\"},\"inLanguage\":\"es\",\"potentialAction\":[{\"@type\":\"ReadAction\",\"target\":[\"https:\/\/aeronoticias.com.pe\/noticiero\/nacionales\/video-globito-quemo-una-paloma-mientras-animaba-un-show-infantil-en-trujillo\/\"]}]},{\"@type\":\"BreadcrumbList\",\"@id\":\"https:\/\/aeronoticias.com.pe\/noticiero\/nacionales\/video-globito-quemo-una-paloma-mientras-animaba-un-show-infantil-en-trujillo\/#breadcrumb\",\"itemListElement\":[{\"@type\":\"ListItem\",\"position\":1,\"name\":\"Portada\",\"item\":\"https:\/\/aeronoticias.com.pe\/noticiero\/\"},{\"@type\":\"ListItem\",\"position\":2,\"name\":\"V\u00cdDEO: &#8216;Globito&#8217; quem\u00f3 una paloma mientras animaba un show infantil en Trujillo\"}]},{\"@type\":\"WebSite\",\"@id\":\"https:\/\/aeronoticias.com.pe\/noticiero\/#website\",\"url\":\"https:\/\/aeronoticias.com.pe\/noticiero\/\",\"name\":\"Aeronoticias.com.pe\",\"description\":\"Noticias de tranporte aereo, turismo, hoteles, gastronomia, actualidad, internacional\",\"potentialAction\":[{\"@type\":\"SearchAction\",\"target\":{\"@type\":\"EntryPoint\",\"urlTemplate\":\"https:\/\/aeronoticias.com.pe\/noticiero\/?s={search_term_string}\"},\"query-input\":{\"@type\":\"PropertyValueSpecification\",\"valueRequired\":true,\"valueName\":\"search_term_string\"}}],\"inLanguage\":\"es\"},{\"@type\":\"Person\",\"@id\":\"https:\/\/aeronoticias.com.pe\/noticiero\/#\/schema\/person\/fc1e5d578f4b62ba1cf7ac2bba1170a0\",\"name\":\"Redacci\u00f3n Aeronoticias\",\"url\":\"https:\/\/aeronoticias.com.pe\/noticiero\/author\/piloto\/\"}]}<\/script>\n<!-- \/ Yoast SEO plugin. -->","yoast_head_json":{"title":"V\u00cdDEO: 'Globito' quem\u00f3 una paloma mientras animaba un show infantil en Trujillo","description":"Portal de noticias del Per\u00fa sobre el transporte a\u00e9reo, aviaci\u00f3n, turismo, hoteleria, actualidad.","robots":{"index":"index","follow":"follow","max-snippet":"max-snippet:-1","max-image-preview":"max-image-preview:large","max-video-preview":"max-video-preview:-1"},"canonical":"https:\/\/aeronoticias.com.pe\/noticiero\/nacionales\/video-globito-quemo-una-paloma-mientras-animaba-un-show-infantil-en-trujillo\/","og_locale":"es_ES","og_type":"article","og_title":"V\u00cdDEO: 'Globito' quem\u00f3 una paloma mientras animaba un show infantil en Trujillo","og_description":"Portal de noticias del Per\u00fa sobre el transporte a\u00e9reo, aviaci\u00f3n, turismo, hoteleria, actualidad.","og_url":"https:\/\/aeronoticias.com.pe\/noticiero\/nacionales\/video-globito-quemo-una-paloma-mientras-animaba-un-show-infantil-en-trujillo\/","og_site_name":"Aeronoticias.com.pe","article_publisher":"https:\/\/www.facebook.com\/Aeronoticias.com.pe\/","article_published_time":"2014-01-09T16:18:11+00:00","author":"Redacci\u00f3n Aeronoticias","twitter_card":"summary_large_image","twitter_creator":"@aeronoticias","twitter_site":"@aeronoticias","twitter_misc":{"Escrito por":"Redacci\u00f3n Aeronoticias","Tiempo de lectura":"1 minuto"},"schema":{"@context":"https:\/\/schema.org","@graph":[{"@type":"WebPage","@id":"https:\/\/aeronoticias.com.pe\/noticiero\/nacionales\/video-globito-quemo-una-paloma-mientras-animaba-un-show-infantil-en-trujillo\/","url":"https:\/\/aeronoticias.com.pe\/noticiero\/nacionales\/video-globito-quemo-una-paloma-mientras-animaba-un-show-infantil-en-trujillo\/","name":"V\u00cdDEO: 'Globito' quem\u00f3 una paloma mientras animaba un show infantil en Trujillo","isPartOf":{"@id":"https:\/\/aeronoticias.com.pe\/noticiero\/#website"},"datePublished":"2014-01-09T16:18:11+00:00","author":{"@id":"https:\/\/aeronoticias.com.pe\/noticiero\/#\/schema\/person\/fc1e5d578f4b62ba1cf7ac2bba1170a0"},"description":"Portal de noticias del Per\u00fa sobre el transporte a\u00e9reo, aviaci\u00f3n, turismo, hoteleria, actualidad.","breadcrumb":{"@id":"https:\/\/aeronoticias.com.pe\/noticiero\/nacionales\/video-globito-quemo-una-paloma-mientras-animaba-un-show-infantil-en-trujillo\/#breadcrumb"},"inLanguage":"es","potentialAction":[{"@type":"ReadAction","target":["https:\/\/aeronoticias.com.pe\/noticiero\/nacionales\/video-globito-quemo-una-paloma-mientras-animaba-un-show-infantil-en-trujillo\/"]}]},{"@type":"BreadcrumbList","@id":"https:\/\/aeronoticias.com.pe\/noticiero\/nacionales\/video-globito-quemo-una-paloma-mientras-animaba-un-show-infantil-en-trujillo\/#breadcrumb","itemListElement":[{"@type":"ListItem","position":1,"name":"Portada","item":"https:\/\/aeronoticias.com.pe\/noticiero\/"},{"@type":"ListItem","position":2,"name":"V\u00cdDEO: &#8216;Globito&#8217; quem\u00f3 una paloma mientras animaba un show infantil en Trujillo"}]},{"@type":"WebSite","@id":"https:\/\/aeronoticias.com.pe\/noticiero\/#website","url":"https:\/\/aeronoticias.com.pe\/noticiero\/","name":"Aeronoticias.com.pe","description":"Noticias de tranporte aereo, turismo, hoteles, gastronomia, actualidad, internacional","potentialAction":[{"@type":"SearchAction","target":{"@type":"EntryPoint","urlTemplate":"https:\/\/aeronoticias.com.pe\/noticiero\/?s={search_term_string}"},"query-input":{"@type":"PropertyValueSpecification","valueRequired":true,"valueName":"search_term_string"}}],"inLanguage":"es"},{"@type":"Person","@id":"https:\/\/aeronoticias.com.pe\/noticiero\/#\/schema\/person\/fc1e5d578f4b62ba1cf7ac2bba1170a0","name":"Redacci\u00f3n Aeronoticias","url":"https:\/\/aeronoticias.com.pe\/noticiero\/author\/piloto\/"}]}},"_links":{"self":[{"href":"https:\/\/aeronoticias.com.pe\/noticiero\/wp-json\/wp\/v2\/posts\/42712","targetHints":{"allow":["GET"]}}],"collection":[{"href":"https:\/\/aeronoticias.com.pe\/noticiero\/wp-json\/wp\/v2\/posts"}],"about":[{"href":"https:\/\/aeronoticias.com.pe\/noticiero\/wp-json\/wp\/v2\/types\/post"}],"author":[{"embeddable":true,"href":"https:\/\/aeronoticias.com.pe\/noticiero\/wp-json\/wp\/v2\/users\/1"}],"replies":[{"embeddable":true,"href":"https:\/\/aeronoticias.com.pe\/noticiero\/wp-json\/wp\/v2\/comments?post=42712"}],"version-history":[{"count":0,"href":"https:\/\/aeronoticias.com.pe\/noticiero\/wp-json\/wp\/v2\/posts\/42712\/revisions"}],"wp:attachment":[{"href":"https:\/\/aeronoticias.com.pe\/noticiero\/wp-json\/wp\/v2\/media?parent=42712"}],"wp:term":[{"taxonomy":"category","embeddable":true,"href":"https:\/\/aeronoticias.com.pe\/noticiero\/wp-json\/wp\/v2\/categories?post=42712"},{"taxonomy":"post_tag","embeddable":true,"href":"https:\/\/aeronoticias.com.pe\/noticiero\/wp-json\/wp\/v2\/tags?post=42712"}],"curies":[{"name":"wp","href":"https:\/\/api.w.org\/{rel}","templated":true}]}}