{"id":42713,"date":"2014-01-09T16:38:08","date_gmt":"2014-01-09T16:38:08","guid":{"rendered":"http:\/\/desarrollo.mcvicious.com\/aero2020\/2014\/01\/09\/inaer-seguira-cuatro-anos-mas-prestando-el-transporte-aereo-sanitario-en-la-comunidad-de-madrid\/"},"modified":"2014-01-09T16:38:08","modified_gmt":"2014-01-09T16:38:08","slug":"inaer-seguira-cuatro-anos-mas-prestando-el-transporte-aereo-sanitario-en-la-comunidad-de-madrid","status":"publish","type":"post","link":"https:\/\/aeronoticias.com.pe\/noticiero\/transporte-aereo\/internacional\/inaer-seguira-cuatro-anos-mas-prestando-el-transporte-aereo-sanitario-en-la-comunidad-de-madrid\/","title":{"rendered":"Inaer seguir\u00e1 cuatro a\u00f1os m\u00e1s prestando el transporte a\u00e9reo sanitario en la Comunidad de Madrid"},"content":{"rendered":"<p style=\"text-align: justify;\"><strong><img decoding=\"async\" src=\"images\/stories\/14\/01\/090114\/q28.jpg\" border=\"0\" \/><\/strong><\/p>\n<p style=\"text-align: justify;\"><strong>(Aeronoticias).-<\/strong> El Servicio de Urgencias M\u00e9dicas de Madrid (SUMMA 112) ha adjudicado, mediante concurso p\u00fablico, el servicio de transporte a\u00e9reo sanitario a Inaer Espa\u00f1a seg\u00fan el cual la compa\u00f1\u00eda operar\u00e1 dos helic\u00f3pteros con configuraci\u00f3n sanitaria por un periodo de 4 a\u00f1os, con otros dos de pr\u00f3rroga.<\/p>\n<p style=\"text-align: justify;\">Los helic\u00f3pteros medicalizados son un Agusta Westland 109 y un Bell 412EP, ambos equipados con los \u00faltimos avances para misiones de emergencia m\u00e9dica. En concreto, el equipamiento sanitario incluye, entre otros equipos, respirador de \u00faltima generaci\u00f3n, monitor multiparam\u00e9trico con capacidad de desfibrilaci\u00f3n, marcapasos y con compatibilidad electromagn\u00e9tica para su empleo en vuelo y bombas de infusi\u00f3n de jeringa.<\/p>\n<p style=\"text-align: justify;\">Asimismo, en estos helic\u00f3pteros ser\u00e1 posible utilizar un cardiocompresor mec\u00e1nico en vuelo, si as\u00ed se requiere y est\u00e1n preparados tambi\u00e9n para realizar transporte pedi\u00e1trico en incubadora para neonatos y reci\u00e9n nacidos con ventilaci\u00f3n asistida.<\/p>\n<p style=\"text-align: justify;\">Inaer destinar\u00e1 a este servicio un equipo humano formado por 4 pilotos, 4 copilotos y 4 t\u00e9cnicos de mantenimiento. Tanto el personal de INAER como las aeronaves estar\u00e1n destinados a las bases de Las Rozas y Lozoyuela. Inaer Espa\u00f1a opera el transporte a\u00e9reo sanitario para la Comunidad de Madrid desde el a\u00f1o 1998.<\/p>\n<p style=\"text-align: justify;\">La compa\u00f1\u00eda presta servicios de emergencia m\u00e9dica y protecci\u00f3n civil desde 1986, fecha en la que puso en marcha el primer helic\u00f3ptero medicalizado de Espa\u00f1a. En 2012 la compa\u00f1\u00eda acumul\u00f3 cerca de 38.000 horas de vuelo en misiones a\u00e9reas de emergencia, con un total de 8.228 misiones y 6.658 pacientes atendidos.<\/p>\n<p style=\"text-align: justify;\">\u00a0<\/p>\n<p style=\"text-align: justify;\">Fuente: <strong><em>aerotendencias<\/em><\/strong><\/p>\n<p style=\"text-align: justify;\">Foto: <strong><em>upload.wikimedia.org<\/em><\/strong><\/p>\n","protected":false},"excerpt":{"rendered":"<p>(Aeronoticias).- El Servicio de Urgencias M\u00e9dicas de Madrid (SUMMA 112) ha adjudicado, mediante concurso p\u00fablico, el servicio de transporte a\u00e9reo sanitario a Inaer Espa\u00f1a seg\u00fan el cual la compa\u00f1\u00eda operar\u00e1 dos helic\u00f3pteros con configuraci\u00f3n sanitaria por un periodo de 4 a\u00f1os, con otros dos de pr\u00f3rroga. Los helic\u00f3pteros medicalizados son un Agusta Westland 109 y [&hellip;]<\/p>\n","protected":false},"author":1,"featured_media":0,"comment_status":"open","ping_status":"open","sticky":false,"template":"","format":"standard","meta":{"tdm_status":"","tdm_grid_status":"","footnotes":""},"categories":[32],"tags":[],"class_list":{"0":"post-42713","1":"post","2":"type-post","3":"status-publish","4":"format-standard","6":"category-internacional"},"yoast_head":"<!-- This site is optimized with the Yoast SEO plugin v25.1 - https:\/\/yoast.com\/wordpress\/plugins\/seo\/ -->\n<title>Inaer seguir\u00e1 cuatro a\u00f1os m\u00e1s prestando el transporte a\u00e9reo sanitario en la Comunidad de Madrid<\/title>\n<meta name=\"description\" content=\"Portal de noticias del Per\u00fa sobre el transporte a\u00e9reo, aviaci\u00f3n, turismo, hoteleria, actualidad.\" \/>\n<meta name=\"robots\" content=\"index, follow, max-snippet:-1, max-image-preview:large, max-video-preview:-1\" \/>\n<link rel=\"canonical\" href=\"https:\/\/aeronoticias.com.pe\/noticiero\/transporte-aereo\/internacional\/inaer-seguira-cuatro-anos-mas-prestando-el-transporte-aereo-sanitario-en-la-comunidad-de-madrid\/\" \/>\n<meta property=\"og:locale\" content=\"es_ES\" \/>\n<meta property=\"og:type\" content=\"article\" \/>\n<meta property=\"og:title\" content=\"Inaer seguir\u00e1 cuatro a\u00f1os m\u00e1s prestando el transporte a\u00e9reo sanitario en la Comunidad de Madrid\" \/>\n<meta property=\"og:description\" content=\"Portal de noticias del Per\u00fa sobre el transporte a\u00e9reo, aviaci\u00f3n, turismo, hoteleria, actualidad.\" \/>\n<meta property=\"og:url\" content=\"https:\/\/aeronoticias.com.pe\/noticiero\/transporte-aereo\/internacional\/inaer-seguira-cuatro-anos-mas-prestando-el-transporte-aereo-sanitario-en-la-comunidad-de-madrid\/\" \/>\n<meta property=\"og:site_name\" content=\"Aeronoticias.com.pe\" \/>\n<meta property=\"article:publisher\" content=\"https:\/\/www.facebook.com\/Aeronoticias.com.pe\/\" \/>\n<meta property=\"article:published_time\" content=\"2014-01-09T16:38:08+00:00\" \/>\n<meta name=\"author\" content=\"Redacci\u00f3n Aeronoticias\" \/>\n<meta name=\"twitter:card\" content=\"summary_large_image\" \/>\n<meta name=\"twitter:creator\" content=\"@aeronoticias\" \/>\n<meta name=\"twitter:site\" content=\"@aeronoticias\" \/>\n<meta name=\"twitter:label1\" content=\"Escrito por\" \/>\n\t<meta name=\"twitter:data1\" content=\"Redacci\u00f3n Aeronoticias\" \/>\n\t<meta name=\"twitter:label2\" content=\"Tiempo de lectura\" \/>\n\t<meta name=\"twitter:data2\" content=\"1 minuto\" \/>\n<script type=\"application\/ld+json\" class=\"yoast-schema-graph\">{\"@context\":\"https:\/\/schema.org\",\"@graph\":[{\"@type\":\"WebPage\",\"@id\":\"https:\/\/aeronoticias.com.pe\/noticiero\/transporte-aereo\/internacional\/inaer-seguira-cuatro-anos-mas-prestando-el-transporte-aereo-sanitario-en-la-comunidad-de-madrid\/\",\"url\":\"https:\/\/aeronoticias.com.pe\/noticiero\/transporte-aereo\/internacional\/inaer-seguira-cuatro-anos-mas-prestando-el-transporte-aereo-sanitario-en-la-comunidad-de-madrid\/\",\"name\":\"Inaer seguir\u00e1 cuatro a\u00f1os m\u00e1s prestando el transporte a\u00e9reo sanitario en la Comunidad de Madrid\",\"isPartOf\":{\"@id\":\"https:\/\/aeronoticias.com.pe\/noticiero\/#website\"},\"datePublished\":\"2014-01-09T16:38:08+00:00\",\"author\":{\"@id\":\"https:\/\/aeronoticias.com.pe\/noticiero\/#\/schema\/person\/fc1e5d578f4b62ba1cf7ac2bba1170a0\"},\"description\":\"Portal de noticias del Per\u00fa sobre el transporte a\u00e9reo, aviaci\u00f3n, turismo, hoteleria, actualidad.\",\"breadcrumb\":{\"@id\":\"https:\/\/aeronoticias.com.pe\/noticiero\/transporte-aereo\/internacional\/inaer-seguira-cuatro-anos-mas-prestando-el-transporte-aereo-sanitario-en-la-comunidad-de-madrid\/#breadcrumb\"},\"inLanguage\":\"es\",\"potentialAction\":[{\"@type\":\"ReadAction\",\"target\":[\"https:\/\/aeronoticias.com.pe\/noticiero\/transporte-aereo\/internacional\/inaer-seguira-cuatro-anos-mas-prestando-el-transporte-aereo-sanitario-en-la-comunidad-de-madrid\/\"]}]},{\"@type\":\"BreadcrumbList\",\"@id\":\"https:\/\/aeronoticias.com.pe\/noticiero\/transporte-aereo\/internacional\/inaer-seguira-cuatro-anos-mas-prestando-el-transporte-aereo-sanitario-en-la-comunidad-de-madrid\/#breadcrumb\",\"itemListElement\":[{\"@type\":\"ListItem\",\"position\":1,\"name\":\"Portada\",\"item\":\"https:\/\/aeronoticias.com.pe\/noticiero\/\"},{\"@type\":\"ListItem\",\"position\":2,\"name\":\"Inaer seguir\u00e1 cuatro a\u00f1os m\u00e1s prestando el transporte a\u00e9reo sanitario en la Comunidad de Madrid\"}]},{\"@type\":\"WebSite\",\"@id\":\"https:\/\/aeronoticias.com.pe\/noticiero\/#website\",\"url\":\"https:\/\/aeronoticias.com.pe\/noticiero\/\",\"name\":\"Aeronoticias.com.pe\",\"description\":\"Noticias de tranporte aereo, turismo, hoteles, gastronomia, actualidad, internacional\",\"potentialAction\":[{\"@type\":\"SearchAction\",\"target\":{\"@type\":\"EntryPoint\",\"urlTemplate\":\"https:\/\/aeronoticias.com.pe\/noticiero\/?s={search_term_string}\"},\"query-input\":{\"@type\":\"PropertyValueSpecification\",\"valueRequired\":true,\"valueName\":\"search_term_string\"}}],\"inLanguage\":\"es\"},{\"@type\":\"Person\",\"@id\":\"https:\/\/aeronoticias.com.pe\/noticiero\/#\/schema\/person\/fc1e5d578f4b62ba1cf7ac2bba1170a0\",\"name\":\"Redacci\u00f3n Aeronoticias\",\"url\":\"https:\/\/aeronoticias.com.pe\/noticiero\/author\/piloto\/\"}]}<\/script>\n<!-- \/ Yoast SEO plugin. -->","yoast_head_json":{"title":"Inaer seguir\u00e1 cuatro a\u00f1os m\u00e1s prestando el transporte a\u00e9reo sanitario en la Comunidad de Madrid","description":"Portal de noticias del Per\u00fa sobre el transporte a\u00e9reo, aviaci\u00f3n, turismo, hoteleria, actualidad.","robots":{"index":"index","follow":"follow","max-snippet":"max-snippet:-1","max-image-preview":"max-image-preview:large","max-video-preview":"max-video-preview:-1"},"canonical":"https:\/\/aeronoticias.com.pe\/noticiero\/transporte-aereo\/internacional\/inaer-seguira-cuatro-anos-mas-prestando-el-transporte-aereo-sanitario-en-la-comunidad-de-madrid\/","og_locale":"es_ES","og_type":"article","og_title":"Inaer seguir\u00e1 cuatro a\u00f1os m\u00e1s prestando el transporte a\u00e9reo sanitario en la Comunidad de Madrid","og_description":"Portal de noticias del Per\u00fa sobre el transporte a\u00e9reo, aviaci\u00f3n, turismo, hoteleria, actualidad.","og_url":"https:\/\/aeronoticias.com.pe\/noticiero\/transporte-aereo\/internacional\/inaer-seguira-cuatro-anos-mas-prestando-el-transporte-aereo-sanitario-en-la-comunidad-de-madrid\/","og_site_name":"Aeronoticias.com.pe","article_publisher":"https:\/\/www.facebook.com\/Aeronoticias.com.pe\/","article_published_time":"2014-01-09T16:38:08+00:00","author":"Redacci\u00f3n Aeronoticias","twitter_card":"summary_large_image","twitter_creator":"@aeronoticias","twitter_site":"@aeronoticias","twitter_misc":{"Escrito por":"Redacci\u00f3n Aeronoticias","Tiempo de lectura":"1 minuto"},"schema":{"@context":"https:\/\/schema.org","@graph":[{"@type":"WebPage","@id":"https:\/\/aeronoticias.com.pe\/noticiero\/transporte-aereo\/internacional\/inaer-seguira-cuatro-anos-mas-prestando-el-transporte-aereo-sanitario-en-la-comunidad-de-madrid\/","url":"https:\/\/aeronoticias.com.pe\/noticiero\/transporte-aereo\/internacional\/inaer-seguira-cuatro-anos-mas-prestando-el-transporte-aereo-sanitario-en-la-comunidad-de-madrid\/","name":"Inaer seguir\u00e1 cuatro a\u00f1os m\u00e1s prestando el transporte a\u00e9reo sanitario en la Comunidad de Madrid","isPartOf":{"@id":"https:\/\/aeronoticias.com.pe\/noticiero\/#website"},"datePublished":"2014-01-09T16:38:08+00:00","author":{"@id":"https:\/\/aeronoticias.com.pe\/noticiero\/#\/schema\/person\/fc1e5d578f4b62ba1cf7ac2bba1170a0"},"description":"Portal de noticias del Per\u00fa sobre el transporte a\u00e9reo, aviaci\u00f3n, turismo, hoteleria, actualidad.","breadcrumb":{"@id":"https:\/\/aeronoticias.com.pe\/noticiero\/transporte-aereo\/internacional\/inaer-seguira-cuatro-anos-mas-prestando-el-transporte-aereo-sanitario-en-la-comunidad-de-madrid\/#breadcrumb"},"inLanguage":"es","potentialAction":[{"@type":"ReadAction","target":["https:\/\/aeronoticias.com.pe\/noticiero\/transporte-aereo\/internacional\/inaer-seguira-cuatro-anos-mas-prestando-el-transporte-aereo-sanitario-en-la-comunidad-de-madrid\/"]}]},{"@type":"BreadcrumbList","@id":"https:\/\/aeronoticias.com.pe\/noticiero\/transporte-aereo\/internacional\/inaer-seguira-cuatro-anos-mas-prestando-el-transporte-aereo-sanitario-en-la-comunidad-de-madrid\/#breadcrumb","itemListElement":[{"@type":"ListItem","position":1,"name":"Portada","item":"https:\/\/aeronoticias.com.pe\/noticiero\/"},{"@type":"ListItem","position":2,"name":"Inaer seguir\u00e1 cuatro a\u00f1os m\u00e1s prestando el transporte a\u00e9reo sanitario en la Comunidad de Madrid"}]},{"@type":"WebSite","@id":"https:\/\/aeronoticias.com.pe\/noticiero\/#website","url":"https:\/\/aeronoticias.com.pe\/noticiero\/","name":"Aeronoticias.com.pe","description":"Noticias de tranporte aereo, turismo, hoteles, gastronomia, actualidad, internacional","potentialAction":[{"@type":"SearchAction","target":{"@type":"EntryPoint","urlTemplate":"https:\/\/aeronoticias.com.pe\/noticiero\/?s={search_term_string}"},"query-input":{"@type":"PropertyValueSpecification","valueRequired":true,"valueName":"search_term_string"}}],"inLanguage":"es"},{"@type":"Person","@id":"https:\/\/aeronoticias.com.pe\/noticiero\/#\/schema\/person\/fc1e5d578f4b62ba1cf7ac2bba1170a0","name":"Redacci\u00f3n Aeronoticias","url":"https:\/\/aeronoticias.com.pe\/noticiero\/author\/piloto\/"}]}},"_links":{"self":[{"href":"https:\/\/aeronoticias.com.pe\/noticiero\/wp-json\/wp\/v2\/posts\/42713","targetHints":{"allow":["GET"]}}],"collection":[{"href":"https:\/\/aeronoticias.com.pe\/noticiero\/wp-json\/wp\/v2\/posts"}],"about":[{"href":"https:\/\/aeronoticias.com.pe\/noticiero\/wp-json\/wp\/v2\/types\/post"}],"author":[{"embeddable":true,"href":"https:\/\/aeronoticias.com.pe\/noticiero\/wp-json\/wp\/v2\/users\/1"}],"replies":[{"embeddable":true,"href":"https:\/\/aeronoticias.com.pe\/noticiero\/wp-json\/wp\/v2\/comments?post=42713"}],"version-history":[{"count":0,"href":"https:\/\/aeronoticias.com.pe\/noticiero\/wp-json\/wp\/v2\/posts\/42713\/revisions"}],"wp:attachment":[{"href":"https:\/\/aeronoticias.com.pe\/noticiero\/wp-json\/wp\/v2\/media?parent=42713"}],"wp:term":[{"taxonomy":"category","embeddable":true,"href":"https:\/\/aeronoticias.com.pe\/noticiero\/wp-json\/wp\/v2\/categories?post=42713"},{"taxonomy":"post_tag","embeddable":true,"href":"https:\/\/aeronoticias.com.pe\/noticiero\/wp-json\/wp\/v2\/tags?post=42713"}],"curies":[{"name":"wp","href":"https:\/\/api.w.org\/{rel}","templated":true}]}}