{"id":42714,"date":"2014-01-09T16:52:23","date_gmt":"2014-01-09T16:52:23","guid":{"rendered":"http:\/\/desarrollo.mcvicious.com\/aero2020\/2014\/01\/09\/este-30-de-marzo-air-france-lanza-un-nuevo-vuelo-de-paris-con-tokio-haneda\/"},"modified":"2014-01-09T16:52:23","modified_gmt":"2014-01-09T16:52:23","slug":"este-30-de-marzo-air-france-lanza-un-nuevo-vuelo-de-paris-con-tokio-haneda","status":"publish","type":"post","link":"https:\/\/aeronoticias.com.pe\/noticiero\/transporte-aereo\/internacional\/este-30-de-marzo-air-france-lanza-un-nuevo-vuelo-de-paris-con-tokio-haneda\/","title":{"rendered":"Este 30 de Marzo Air France lanza un nuevo vuelo: De Par\u00eds a Tokio-Haneda"},"content":{"rendered":"<p style=\"text-align: justify;\"><img decoding=\"async\" src=\"images\/stories\/14\/01\/090114\/q29.jpg\" border=\"0\" \/><\/p>\n<p style=\"text-align: justify;\"><strong>(Aeronoticias).<\/strong>&#8211; Air France ha anunciado que ofrecer\u00e1 un nuevo vuelo desde Par\u00eds al aeropuerto de Tokio-Haneda a partir del 30 de marzo de 2014, con dos frecuencias diarias, que se sumar\u00e1 a la conexi\u00f3n diaria que mantiene actualmente con el otro aeropuerto de la ciudad en Narita.<\/p>\n<p style=\"text-align: justify;\">Con esta ruta, Air France se convierte en la \u00fanica aerol\u00ednea en ofrecer un vuelo nocturno entre Haneda y Charles de Gaulle, \u00abfavoreciendo que sus clientes lleguen descansados a su destino\u00bb.<\/p>\n<p style=\"text-align: justify;\">El vuelo diurno a Haneda ser\u00e1 operado por un Boeing 777-200, con capacidad para 309 pasajeros mientras que el nocturno lo har\u00e1 en un Boeing 777-300 con 303 asientos.<\/p>\n<p style=\"text-align: justify;\">El primer vuelo de ida saldr\u00e1 de la capital francesa a las 10:55 horas con destino Haneda donde aterrizar\u00e1 a las 6 horas del d\u00eda siguiente para regresar a Charles de Gaulle a las 13:15 horas,<\/p>\n<p style=\"text-align: justify;\">En la conexi\u00f3n nocturna, programada para las 23:30 horas, Air France tomar\u00e1 tierra en la ciudad nipona a las 18:40 del d\u00eda siguiente mientras que el vuelo de vuelta saldr\u00e1 a las 22:15 horas y llegar\u00e1 a Par\u00eds a las 3:55 horas del d\u00eda siguiente.<\/p>\n<p style=\"text-align: justify;\">Para la temporada de invierno 2013-14, el grupo Air France-KLM ofrece 52 frecuencias semanales a Jap\u00f3n desde Par\u00eds y \u00c1msterdam, algunas de las cuales se operan en r\u00e9gimen de c\u00f3digo compartido con Japan Airlines.<\/p>\n<p style=\"text-align: justify;\">La compa\u00f1\u00eda, presente en Jap\u00f3n desde hace mas de 60 a\u00f1os, \u00abpresta especial atenci\u00f3n a sus clientes japoneses\u00bb, ofreciendo un servicio exclusivo a trav\u00e9s de su tripulaci\u00f3n de cabina japonesa.<\/p>\n<p style=\"text-align: justify;\">Asimismo, la compa\u00f1\u00eda trata de adaptarse a este tipo de clientes mediante la gastronom\u00eda, ofreciendo la posibilidad de elegir un plato japon\u00e9s en todas sus clases, y a trav\u00e9s de peri\u00f3dicos y pel\u00edculas en su idioma.<\/p>\n<p style=\"text-align: justify;\">Tokio supone uno de los tres destinos que ofrece el grupo en el pa\u00eds, junto a Osaka y Fukuoka, con siete y tres vuelos semanales respectivamente.<\/p>\n<p style=\"text-align: justify;\">\u00a0<\/p>\n<p style=\"text-align: justify;\">Fuente: <strong><em>aviacionaldia<\/em><\/strong><\/p>\n<p style=\"text-align: justify;\">Foto: <strong><em>elblogdelvuelo.es<\/em><\/strong><\/p>\n<p style=\"text-align: justify;\">\u00a0<\/p>\n<p>\u00a0<\/p>\n","protected":false},"excerpt":{"rendered":"<p>(Aeronoticias).&#8211; Air France ha anunciado que ofrecer\u00e1 un nuevo vuelo desde Par\u00eds al aeropuerto de Tokio-Haneda a partir del 30 de marzo de 2014, con dos frecuencias diarias, que se sumar\u00e1 a la conexi\u00f3n diaria que mantiene actualmente con el otro aeropuerto de la ciudad en Narita. Con esta ruta, Air France se convierte en [&hellip;]<\/p>\n","protected":false},"author":1,"featured_media":0,"comment_status":"open","ping_status":"open","sticky":false,"template":"","format":"standard","meta":{"tdm_status":"","tdm_grid_status":"","footnotes":""},"categories":[32],"tags":[],"class_list":{"0":"post-42714","1":"post","2":"type-post","3":"status-publish","4":"format-standard","6":"category-internacional"},"yoast_head":"<!-- This site is optimized with the Yoast SEO plugin v25.1 - https:\/\/yoast.com\/wordpress\/plugins\/seo\/ -->\n<title>Este 30 de Marzo Air France lanza un nuevo vuelo: De Par\u00eds a Tokio-Haneda<\/title>\n<meta name=\"description\" content=\"Portal de noticias del Per\u00fa sobre el transporte a\u00e9reo, aviaci\u00f3n, turismo, hoteleria, actualidad.\" \/>\n<meta name=\"robots\" content=\"index, follow, max-snippet:-1, max-image-preview:large, max-video-preview:-1\" \/>\n<link rel=\"canonical\" href=\"https:\/\/aeronoticias.com.pe\/noticiero\/transporte-aereo\/internacional\/este-30-de-marzo-air-france-lanza-un-nuevo-vuelo-de-paris-con-tokio-haneda\/\" \/>\n<meta property=\"og:locale\" content=\"es_ES\" \/>\n<meta property=\"og:type\" content=\"article\" \/>\n<meta property=\"og:title\" content=\"Este 30 de Marzo Air France lanza un nuevo vuelo: De Par\u00eds a Tokio-Haneda\" \/>\n<meta property=\"og:description\" content=\"Portal de noticias del Per\u00fa sobre el transporte a\u00e9reo, aviaci\u00f3n, turismo, hoteleria, actualidad.\" \/>\n<meta property=\"og:url\" content=\"https:\/\/aeronoticias.com.pe\/noticiero\/transporte-aereo\/internacional\/este-30-de-marzo-air-france-lanza-un-nuevo-vuelo-de-paris-con-tokio-haneda\/\" \/>\n<meta property=\"og:site_name\" content=\"Aeronoticias.com.pe\" \/>\n<meta property=\"article:publisher\" content=\"https:\/\/www.facebook.com\/Aeronoticias.com.pe\/\" \/>\n<meta property=\"article:published_time\" content=\"2014-01-09T16:52:23+00:00\" \/>\n<meta name=\"author\" content=\"Redacci\u00f3n Aeronoticias\" \/>\n<meta name=\"twitter:card\" content=\"summary_large_image\" \/>\n<meta name=\"twitter:creator\" content=\"@aeronoticias\" \/>\n<meta name=\"twitter:site\" content=\"@aeronoticias\" \/>\n<meta name=\"twitter:label1\" content=\"Escrito por\" \/>\n\t<meta name=\"twitter:data1\" content=\"Redacci\u00f3n Aeronoticias\" \/>\n\t<meta name=\"twitter:label2\" content=\"Tiempo de lectura\" \/>\n\t<meta name=\"twitter:data2\" content=\"2 minutos\" \/>\n<script type=\"application\/ld+json\" class=\"yoast-schema-graph\">{\"@context\":\"https:\/\/schema.org\",\"@graph\":[{\"@type\":\"WebPage\",\"@id\":\"https:\/\/aeronoticias.com.pe\/noticiero\/transporte-aereo\/internacional\/este-30-de-marzo-air-france-lanza-un-nuevo-vuelo-de-paris-con-tokio-haneda\/\",\"url\":\"https:\/\/aeronoticias.com.pe\/noticiero\/transporte-aereo\/internacional\/este-30-de-marzo-air-france-lanza-un-nuevo-vuelo-de-paris-con-tokio-haneda\/\",\"name\":\"Este 30 de Marzo Air France lanza un nuevo vuelo: De Par\u00eds a Tokio-Haneda\",\"isPartOf\":{\"@id\":\"https:\/\/aeronoticias.com.pe\/noticiero\/#website\"},\"datePublished\":\"2014-01-09T16:52:23+00:00\",\"author\":{\"@id\":\"https:\/\/aeronoticias.com.pe\/noticiero\/#\/schema\/person\/fc1e5d578f4b62ba1cf7ac2bba1170a0\"},\"description\":\"Portal de noticias del Per\u00fa sobre el transporte a\u00e9reo, aviaci\u00f3n, turismo, hoteleria, actualidad.\",\"breadcrumb\":{\"@id\":\"https:\/\/aeronoticias.com.pe\/noticiero\/transporte-aereo\/internacional\/este-30-de-marzo-air-france-lanza-un-nuevo-vuelo-de-paris-con-tokio-haneda\/#breadcrumb\"},\"inLanguage\":\"es\",\"potentialAction\":[{\"@type\":\"ReadAction\",\"target\":[\"https:\/\/aeronoticias.com.pe\/noticiero\/transporte-aereo\/internacional\/este-30-de-marzo-air-france-lanza-un-nuevo-vuelo-de-paris-con-tokio-haneda\/\"]}]},{\"@type\":\"BreadcrumbList\",\"@id\":\"https:\/\/aeronoticias.com.pe\/noticiero\/transporte-aereo\/internacional\/este-30-de-marzo-air-france-lanza-un-nuevo-vuelo-de-paris-con-tokio-haneda\/#breadcrumb\",\"itemListElement\":[{\"@type\":\"ListItem\",\"position\":1,\"name\":\"Portada\",\"item\":\"https:\/\/aeronoticias.com.pe\/noticiero\/\"},{\"@type\":\"ListItem\",\"position\":2,\"name\":\"Este 30 de Marzo Air France lanza un nuevo vuelo: De Par\u00eds a Tokio-Haneda\"}]},{\"@type\":\"WebSite\",\"@id\":\"https:\/\/aeronoticias.com.pe\/noticiero\/#website\",\"url\":\"https:\/\/aeronoticias.com.pe\/noticiero\/\",\"name\":\"Aeronoticias.com.pe\",\"description\":\"Noticias de tranporte aereo, turismo, hoteles, gastronomia, actualidad, internacional\",\"potentialAction\":[{\"@type\":\"SearchAction\",\"target\":{\"@type\":\"EntryPoint\",\"urlTemplate\":\"https:\/\/aeronoticias.com.pe\/noticiero\/?s={search_term_string}\"},\"query-input\":{\"@type\":\"PropertyValueSpecification\",\"valueRequired\":true,\"valueName\":\"search_term_string\"}}],\"inLanguage\":\"es\"},{\"@type\":\"Person\",\"@id\":\"https:\/\/aeronoticias.com.pe\/noticiero\/#\/schema\/person\/fc1e5d578f4b62ba1cf7ac2bba1170a0\",\"name\":\"Redacci\u00f3n Aeronoticias\",\"url\":\"https:\/\/aeronoticias.com.pe\/noticiero\/author\/piloto\/\"}]}<\/script>\n<!-- \/ Yoast SEO plugin. -->","yoast_head_json":{"title":"Este 30 de Marzo Air France lanza un nuevo vuelo: De Par\u00eds a Tokio-Haneda","description":"Portal de noticias del Per\u00fa sobre el transporte a\u00e9reo, aviaci\u00f3n, turismo, hoteleria, actualidad.","robots":{"index":"index","follow":"follow","max-snippet":"max-snippet:-1","max-image-preview":"max-image-preview:large","max-video-preview":"max-video-preview:-1"},"canonical":"https:\/\/aeronoticias.com.pe\/noticiero\/transporte-aereo\/internacional\/este-30-de-marzo-air-france-lanza-un-nuevo-vuelo-de-paris-con-tokio-haneda\/","og_locale":"es_ES","og_type":"article","og_title":"Este 30 de Marzo Air France lanza un nuevo vuelo: De Par\u00eds a Tokio-Haneda","og_description":"Portal de noticias del Per\u00fa sobre el transporte a\u00e9reo, aviaci\u00f3n, turismo, hoteleria, actualidad.","og_url":"https:\/\/aeronoticias.com.pe\/noticiero\/transporte-aereo\/internacional\/este-30-de-marzo-air-france-lanza-un-nuevo-vuelo-de-paris-con-tokio-haneda\/","og_site_name":"Aeronoticias.com.pe","article_publisher":"https:\/\/www.facebook.com\/Aeronoticias.com.pe\/","article_published_time":"2014-01-09T16:52:23+00:00","author":"Redacci\u00f3n Aeronoticias","twitter_card":"summary_large_image","twitter_creator":"@aeronoticias","twitter_site":"@aeronoticias","twitter_misc":{"Escrito por":"Redacci\u00f3n Aeronoticias","Tiempo de lectura":"2 minutos"},"schema":{"@context":"https:\/\/schema.org","@graph":[{"@type":"WebPage","@id":"https:\/\/aeronoticias.com.pe\/noticiero\/transporte-aereo\/internacional\/este-30-de-marzo-air-france-lanza-un-nuevo-vuelo-de-paris-con-tokio-haneda\/","url":"https:\/\/aeronoticias.com.pe\/noticiero\/transporte-aereo\/internacional\/este-30-de-marzo-air-france-lanza-un-nuevo-vuelo-de-paris-con-tokio-haneda\/","name":"Este 30 de Marzo Air France lanza un nuevo vuelo: De Par\u00eds a Tokio-Haneda","isPartOf":{"@id":"https:\/\/aeronoticias.com.pe\/noticiero\/#website"},"datePublished":"2014-01-09T16:52:23+00:00","author":{"@id":"https:\/\/aeronoticias.com.pe\/noticiero\/#\/schema\/person\/fc1e5d578f4b62ba1cf7ac2bba1170a0"},"description":"Portal de noticias del Per\u00fa sobre el transporte a\u00e9reo, aviaci\u00f3n, turismo, hoteleria, actualidad.","breadcrumb":{"@id":"https:\/\/aeronoticias.com.pe\/noticiero\/transporte-aereo\/internacional\/este-30-de-marzo-air-france-lanza-un-nuevo-vuelo-de-paris-con-tokio-haneda\/#breadcrumb"},"inLanguage":"es","potentialAction":[{"@type":"ReadAction","target":["https:\/\/aeronoticias.com.pe\/noticiero\/transporte-aereo\/internacional\/este-30-de-marzo-air-france-lanza-un-nuevo-vuelo-de-paris-con-tokio-haneda\/"]}]},{"@type":"BreadcrumbList","@id":"https:\/\/aeronoticias.com.pe\/noticiero\/transporte-aereo\/internacional\/este-30-de-marzo-air-france-lanza-un-nuevo-vuelo-de-paris-con-tokio-haneda\/#breadcrumb","itemListElement":[{"@type":"ListItem","position":1,"name":"Portada","item":"https:\/\/aeronoticias.com.pe\/noticiero\/"},{"@type":"ListItem","position":2,"name":"Este 30 de Marzo Air France lanza un nuevo vuelo: De Par\u00eds a Tokio-Haneda"}]},{"@type":"WebSite","@id":"https:\/\/aeronoticias.com.pe\/noticiero\/#website","url":"https:\/\/aeronoticias.com.pe\/noticiero\/","name":"Aeronoticias.com.pe","description":"Noticias de tranporte aereo, turismo, hoteles, gastronomia, actualidad, internacional","potentialAction":[{"@type":"SearchAction","target":{"@type":"EntryPoint","urlTemplate":"https:\/\/aeronoticias.com.pe\/noticiero\/?s={search_term_string}"},"query-input":{"@type":"PropertyValueSpecification","valueRequired":true,"valueName":"search_term_string"}}],"inLanguage":"es"},{"@type":"Person","@id":"https:\/\/aeronoticias.com.pe\/noticiero\/#\/schema\/person\/fc1e5d578f4b62ba1cf7ac2bba1170a0","name":"Redacci\u00f3n Aeronoticias","url":"https:\/\/aeronoticias.com.pe\/noticiero\/author\/piloto\/"}]}},"_links":{"self":[{"href":"https:\/\/aeronoticias.com.pe\/noticiero\/wp-json\/wp\/v2\/posts\/42714","targetHints":{"allow":["GET"]}}],"collection":[{"href":"https:\/\/aeronoticias.com.pe\/noticiero\/wp-json\/wp\/v2\/posts"}],"about":[{"href":"https:\/\/aeronoticias.com.pe\/noticiero\/wp-json\/wp\/v2\/types\/post"}],"author":[{"embeddable":true,"href":"https:\/\/aeronoticias.com.pe\/noticiero\/wp-json\/wp\/v2\/users\/1"}],"replies":[{"embeddable":true,"href":"https:\/\/aeronoticias.com.pe\/noticiero\/wp-json\/wp\/v2\/comments?post=42714"}],"version-history":[{"count":0,"href":"https:\/\/aeronoticias.com.pe\/noticiero\/wp-json\/wp\/v2\/posts\/42714\/revisions"}],"wp:attachment":[{"href":"https:\/\/aeronoticias.com.pe\/noticiero\/wp-json\/wp\/v2\/media?parent=42714"}],"wp:term":[{"taxonomy":"category","embeddable":true,"href":"https:\/\/aeronoticias.com.pe\/noticiero\/wp-json\/wp\/v2\/categories?post=42714"},{"taxonomy":"post_tag","embeddable":true,"href":"https:\/\/aeronoticias.com.pe\/noticiero\/wp-json\/wp\/v2\/tags?post=42714"}],"curies":[{"name":"wp","href":"https:\/\/api.w.org\/{rel}","templated":true}]}}