{"id":42717,"date":"2014-01-09T17:38:36","date_gmt":"2014-01-09T17:38:36","guid":{"rendered":"http:\/\/desarrollo.mcvicious.com\/aero2020\/2014\/01\/09\/barack-obama-probara-el-cebiche-mixto-preparado-por-chef-peruano\/"},"modified":"2014-01-09T17:38:36","modified_gmt":"2014-01-09T17:38:36","slug":"barack-obama-probara-el-cebiche-mixto-preparado-por-chef-peruano","status":"publish","type":"post","link":"https:\/\/aeronoticias.com.pe\/noticiero\/turismo\/gastronomia\/barack-obama-probara-el-cebiche-mixto-preparado-por-chef-peruano\/","title":{"rendered":"Presidente Obama probar\u00e1 el cebiche mixto preparado por chef peruano"},"content":{"rendered":"<p style=\"text-align: justify;\"><strong>(Aeronoticias) <\/strong><span style=\"text-align: justify; line-height: 1.3em;\">Para Mart\u00edn Verano, chef peruano de 27 a\u00f1os radicado en Estados Unidos, fue una visita inolvidable en la noche m\u00e1s ajetreada del 2013. Era uno de los \u00faltimos s\u00e1bados de julio, y al caer la tarde luego de una calurosa jornada, Barack Obama lleg\u00f3 con su esposa Michelle y sus dos hijas al exclusivo restaurante del club Boathouse, en Massachusetts. Al igual que muchos connotados pol\u00edticos y artistas, el presidente de Estados Unidos vacacionaba con su familia y amigos en Martha\u2019s Vineyard, una lujosa isla en las afueras de Boston que se hizo famosa debido a las constantes visitas de la familia Kennedy.<\/span><\/p>\n<p style=\"text-align: justify;\"><span style=\"line-height: 1.3em;\">\u201cEl servicio secreto nos avis\u00f3 a m\u00ed y al gerente del restaurante que el presidente quer\u00eda entrar a comer, pues se trata de un club privado\u201d, cuenta Verano. De inmediato, el personal de inteligencia realiz\u00f3 un milim\u00e9trico chequeo de las instalaciones y pidi\u00f3 al personal del local que guardara silencio sobre la presencia de Obama.<\/span><\/p>\n<p style=\"text-align: justify;\"><span style=\"line-height: 1.3em;\">Adem\u00e1s del mandatario y su familia, la mesa estaba conformada por otros doce acompa\u00f1antes. La cena en Boathouse \u2013un restaurante cinco tenedores de estilo mediterr\u00e1neo y cuyos platos cuestan entre 35 y 65 d\u00f3lares\u2013 incluy\u00f3 ensalada caprese, camarones en salsa BBQ, tartare de at\u00fan y salm\u00f3n, spaghetti de langostas, conchas gigantes con fregola al pesto genov\u00e9s; entre otras exquisiteces.<\/span><\/p>\n<p style=\"text-align: justify;\"><span style=\"line-height: 1.3em;\">Deslumbrado con la cena, Obama pidi\u00f3 hablar con el chef. \u201c\u00c9l y su esposa me felicitaron por la comida, me agradecieron mucho y nos tomamos una foto\u201d, cuenta el cocinero. Antes de despedirse, los Obama dijeron que, de contar con espacio disponible, les reservaran una mesa para el 2014.<\/span><\/p>\n<p style=\"text-align: justify;\"><span style=\"line-height: 1.3em;\">Mart\u00edn confiesa que, cuando regrese este a\u00f1o, sorprender\u00e1 al actual presidente de Estados <\/span><span style=\"line-height: 1.3em;\">Unidos con un cebiche mixto fusionado con pescados y mariscos de la isla. \u201cPara que pruebe el producto local, con la t\u00e9cnica internacional\u201d, agrega. Fuente: elcomercio.pe<\/span><\/p>\n<p style=\"text-align: justify;\"><span style=\"line-height: 1.3em;\"><img decoding=\"async\" src=\"images\/stories\/14\/01\/090114\/obama-cebiche.jpg\" border=\"0\" \/><br \/><\/span><\/p>\n","protected":false},"excerpt":{"rendered":"<p>(Aeronoticias) Para Mart\u00edn Verano, chef peruano de 27 a\u00f1os radicado en Estados Unidos, fue una visita inolvidable en la noche m\u00e1s ajetreada del 2013. Era uno de los \u00faltimos s\u00e1bados de julio, y al caer la tarde luego de una calurosa jornada, Barack Obama lleg\u00f3 con su esposa Michelle y sus dos hijas al exclusivo [&hellip;]<\/p>\n","protected":false},"author":1,"featured_media":0,"comment_status":"open","ping_status":"open","sticky":false,"template":"","format":"standard","meta":{"tdm_status":"","tdm_grid_status":"","footnotes":""},"categories":[49],"tags":[],"class_list":{"0":"post-42717","1":"post","2":"type-post","3":"status-publish","4":"format-standard","6":"category-gastronomia"},"yoast_head":"<!-- This site is optimized with the Yoast SEO plugin v25.1 - https:\/\/yoast.com\/wordpress\/plugins\/seo\/ -->\n<title>Presidente Obama probar\u00e1 el cebiche mixto preparado por chef peruano<\/title>\n<meta name=\"description\" content=\"Portal de noticias del Per\u00fa sobre el transporte a\u00e9reo, aviaci\u00f3n, turismo, hoteleria, actualidad.\" \/>\n<meta name=\"robots\" content=\"index, follow, max-snippet:-1, max-image-preview:large, max-video-preview:-1\" \/>\n<link rel=\"canonical\" href=\"https:\/\/aeronoticias.com.pe\/noticiero\/turismo\/gastronomia\/barack-obama-probara-el-cebiche-mixto-preparado-por-chef-peruano\/\" \/>\n<meta property=\"og:locale\" content=\"es_ES\" \/>\n<meta property=\"og:type\" content=\"article\" \/>\n<meta property=\"og:title\" content=\"Presidente Obama probar\u00e1 el cebiche mixto preparado por chef peruano\" \/>\n<meta property=\"og:description\" content=\"Portal de noticias del Per\u00fa sobre el transporte a\u00e9reo, aviaci\u00f3n, turismo, hoteleria, actualidad.\" \/>\n<meta property=\"og:url\" content=\"https:\/\/aeronoticias.com.pe\/noticiero\/turismo\/gastronomia\/barack-obama-probara-el-cebiche-mixto-preparado-por-chef-peruano\/\" \/>\n<meta property=\"og:site_name\" content=\"Aeronoticias.com.pe\" \/>\n<meta property=\"article:publisher\" content=\"https:\/\/www.facebook.com\/Aeronoticias.com.pe\/\" \/>\n<meta property=\"article:published_time\" content=\"2014-01-09T17:38:36+00:00\" \/>\n<meta name=\"author\" content=\"Redacci\u00f3n Aeronoticias\" \/>\n<meta name=\"twitter:card\" content=\"summary_large_image\" \/>\n<meta name=\"twitter:creator\" content=\"@aeronoticias\" \/>\n<meta name=\"twitter:site\" content=\"@aeronoticias\" \/>\n<meta name=\"twitter:label1\" content=\"Escrito por\" \/>\n\t<meta name=\"twitter:data1\" content=\"Redacci\u00f3n Aeronoticias\" \/>\n\t<meta name=\"twitter:label2\" content=\"Tiempo de lectura\" \/>\n\t<meta name=\"twitter:data2\" content=\"2 minutos\" \/>\n<script type=\"application\/ld+json\" class=\"yoast-schema-graph\">{\"@context\":\"https:\/\/schema.org\",\"@graph\":[{\"@type\":\"WebPage\",\"@id\":\"https:\/\/aeronoticias.com.pe\/noticiero\/turismo\/gastronomia\/barack-obama-probara-el-cebiche-mixto-preparado-por-chef-peruano\/\",\"url\":\"https:\/\/aeronoticias.com.pe\/noticiero\/turismo\/gastronomia\/barack-obama-probara-el-cebiche-mixto-preparado-por-chef-peruano\/\",\"name\":\"Presidente Obama probar\u00e1 el cebiche mixto preparado por chef peruano\",\"isPartOf\":{\"@id\":\"https:\/\/aeronoticias.com.pe\/noticiero\/#website\"},\"datePublished\":\"2014-01-09T17:38:36+00:00\",\"author\":{\"@id\":\"https:\/\/aeronoticias.com.pe\/noticiero\/#\/schema\/person\/fc1e5d578f4b62ba1cf7ac2bba1170a0\"},\"description\":\"Portal de noticias del Per\u00fa sobre el transporte a\u00e9reo, aviaci\u00f3n, turismo, hoteleria, actualidad.\",\"breadcrumb\":{\"@id\":\"https:\/\/aeronoticias.com.pe\/noticiero\/turismo\/gastronomia\/barack-obama-probara-el-cebiche-mixto-preparado-por-chef-peruano\/#breadcrumb\"},\"inLanguage\":\"es\",\"potentialAction\":[{\"@type\":\"ReadAction\",\"target\":[\"https:\/\/aeronoticias.com.pe\/noticiero\/turismo\/gastronomia\/barack-obama-probara-el-cebiche-mixto-preparado-por-chef-peruano\/\"]}]},{\"@type\":\"BreadcrumbList\",\"@id\":\"https:\/\/aeronoticias.com.pe\/noticiero\/turismo\/gastronomia\/barack-obama-probara-el-cebiche-mixto-preparado-por-chef-peruano\/#breadcrumb\",\"itemListElement\":[{\"@type\":\"ListItem\",\"position\":1,\"name\":\"Portada\",\"item\":\"https:\/\/aeronoticias.com.pe\/noticiero\/\"},{\"@type\":\"ListItem\",\"position\":2,\"name\":\"Presidente Obama probar\u00e1 el cebiche mixto preparado por chef peruano\"}]},{\"@type\":\"WebSite\",\"@id\":\"https:\/\/aeronoticias.com.pe\/noticiero\/#website\",\"url\":\"https:\/\/aeronoticias.com.pe\/noticiero\/\",\"name\":\"Aeronoticias.com.pe\",\"description\":\"Noticias de tranporte aereo, turismo, hoteles, gastronomia, actualidad, internacional\",\"potentialAction\":[{\"@type\":\"SearchAction\",\"target\":{\"@type\":\"EntryPoint\",\"urlTemplate\":\"https:\/\/aeronoticias.com.pe\/noticiero\/?s={search_term_string}\"},\"query-input\":{\"@type\":\"PropertyValueSpecification\",\"valueRequired\":true,\"valueName\":\"search_term_string\"}}],\"inLanguage\":\"es\"},{\"@type\":\"Person\",\"@id\":\"https:\/\/aeronoticias.com.pe\/noticiero\/#\/schema\/person\/fc1e5d578f4b62ba1cf7ac2bba1170a0\",\"name\":\"Redacci\u00f3n Aeronoticias\",\"url\":\"https:\/\/aeronoticias.com.pe\/noticiero\/author\/piloto\/\"}]}<\/script>\n<!-- \/ Yoast SEO plugin. -->","yoast_head_json":{"title":"Presidente Obama probar\u00e1 el cebiche mixto preparado por chef peruano","description":"Portal de noticias del Per\u00fa sobre el transporte a\u00e9reo, aviaci\u00f3n, turismo, hoteleria, actualidad.","robots":{"index":"index","follow":"follow","max-snippet":"max-snippet:-1","max-image-preview":"max-image-preview:large","max-video-preview":"max-video-preview:-1"},"canonical":"https:\/\/aeronoticias.com.pe\/noticiero\/turismo\/gastronomia\/barack-obama-probara-el-cebiche-mixto-preparado-por-chef-peruano\/","og_locale":"es_ES","og_type":"article","og_title":"Presidente Obama probar\u00e1 el cebiche mixto preparado por chef peruano","og_description":"Portal de noticias del Per\u00fa sobre el transporte a\u00e9reo, aviaci\u00f3n, turismo, hoteleria, actualidad.","og_url":"https:\/\/aeronoticias.com.pe\/noticiero\/turismo\/gastronomia\/barack-obama-probara-el-cebiche-mixto-preparado-por-chef-peruano\/","og_site_name":"Aeronoticias.com.pe","article_publisher":"https:\/\/www.facebook.com\/Aeronoticias.com.pe\/","article_published_time":"2014-01-09T17:38:36+00:00","author":"Redacci\u00f3n Aeronoticias","twitter_card":"summary_large_image","twitter_creator":"@aeronoticias","twitter_site":"@aeronoticias","twitter_misc":{"Escrito por":"Redacci\u00f3n Aeronoticias","Tiempo de lectura":"2 minutos"},"schema":{"@context":"https:\/\/schema.org","@graph":[{"@type":"WebPage","@id":"https:\/\/aeronoticias.com.pe\/noticiero\/turismo\/gastronomia\/barack-obama-probara-el-cebiche-mixto-preparado-por-chef-peruano\/","url":"https:\/\/aeronoticias.com.pe\/noticiero\/turismo\/gastronomia\/barack-obama-probara-el-cebiche-mixto-preparado-por-chef-peruano\/","name":"Presidente Obama probar\u00e1 el cebiche mixto preparado por chef peruano","isPartOf":{"@id":"https:\/\/aeronoticias.com.pe\/noticiero\/#website"},"datePublished":"2014-01-09T17:38:36+00:00","author":{"@id":"https:\/\/aeronoticias.com.pe\/noticiero\/#\/schema\/person\/fc1e5d578f4b62ba1cf7ac2bba1170a0"},"description":"Portal de noticias del Per\u00fa sobre el transporte a\u00e9reo, aviaci\u00f3n, turismo, hoteleria, actualidad.","breadcrumb":{"@id":"https:\/\/aeronoticias.com.pe\/noticiero\/turismo\/gastronomia\/barack-obama-probara-el-cebiche-mixto-preparado-por-chef-peruano\/#breadcrumb"},"inLanguage":"es","potentialAction":[{"@type":"ReadAction","target":["https:\/\/aeronoticias.com.pe\/noticiero\/turismo\/gastronomia\/barack-obama-probara-el-cebiche-mixto-preparado-por-chef-peruano\/"]}]},{"@type":"BreadcrumbList","@id":"https:\/\/aeronoticias.com.pe\/noticiero\/turismo\/gastronomia\/barack-obama-probara-el-cebiche-mixto-preparado-por-chef-peruano\/#breadcrumb","itemListElement":[{"@type":"ListItem","position":1,"name":"Portada","item":"https:\/\/aeronoticias.com.pe\/noticiero\/"},{"@type":"ListItem","position":2,"name":"Presidente Obama probar\u00e1 el cebiche mixto preparado por chef peruano"}]},{"@type":"WebSite","@id":"https:\/\/aeronoticias.com.pe\/noticiero\/#website","url":"https:\/\/aeronoticias.com.pe\/noticiero\/","name":"Aeronoticias.com.pe","description":"Noticias de tranporte aereo, turismo, hoteles, gastronomia, actualidad, internacional","potentialAction":[{"@type":"SearchAction","target":{"@type":"EntryPoint","urlTemplate":"https:\/\/aeronoticias.com.pe\/noticiero\/?s={search_term_string}"},"query-input":{"@type":"PropertyValueSpecification","valueRequired":true,"valueName":"search_term_string"}}],"inLanguage":"es"},{"@type":"Person","@id":"https:\/\/aeronoticias.com.pe\/noticiero\/#\/schema\/person\/fc1e5d578f4b62ba1cf7ac2bba1170a0","name":"Redacci\u00f3n Aeronoticias","url":"https:\/\/aeronoticias.com.pe\/noticiero\/author\/piloto\/"}]}},"_links":{"self":[{"href":"https:\/\/aeronoticias.com.pe\/noticiero\/wp-json\/wp\/v2\/posts\/42717","targetHints":{"allow":["GET"]}}],"collection":[{"href":"https:\/\/aeronoticias.com.pe\/noticiero\/wp-json\/wp\/v2\/posts"}],"about":[{"href":"https:\/\/aeronoticias.com.pe\/noticiero\/wp-json\/wp\/v2\/types\/post"}],"author":[{"embeddable":true,"href":"https:\/\/aeronoticias.com.pe\/noticiero\/wp-json\/wp\/v2\/users\/1"}],"replies":[{"embeddable":true,"href":"https:\/\/aeronoticias.com.pe\/noticiero\/wp-json\/wp\/v2\/comments?post=42717"}],"version-history":[{"count":0,"href":"https:\/\/aeronoticias.com.pe\/noticiero\/wp-json\/wp\/v2\/posts\/42717\/revisions"}],"wp:attachment":[{"href":"https:\/\/aeronoticias.com.pe\/noticiero\/wp-json\/wp\/v2\/media?parent=42717"}],"wp:term":[{"taxonomy":"category","embeddable":true,"href":"https:\/\/aeronoticias.com.pe\/noticiero\/wp-json\/wp\/v2\/categories?post=42717"},{"taxonomy":"post_tag","embeddable":true,"href":"https:\/\/aeronoticias.com.pe\/noticiero\/wp-json\/wp\/v2\/tags?post=42717"}],"curies":[{"name":"wp","href":"https:\/\/api.w.org\/{rel}","templated":true}]}}