{"id":42822,"date":"2014-01-14T18:11:24","date_gmt":"2014-01-14T18:11:24","guid":{"rendered":"http:\/\/desarrollo.mcvicious.com\/aero2020\/2014\/01\/14\/senamhi-lima-este-registrara-niveles-de-radiacion-extrema-esta-semana\/"},"modified":"2014-01-14T18:11:24","modified_gmt":"2014-01-14T18:11:24","slug":"senamhi-lima-este-registrara-niveles-de-radiacion-extrema-esta-semana","status":"publish","type":"post","link":"https:\/\/aeronoticias.com.pe\/noticiero\/nacionales\/senamhi-lima-este-registrara-niveles-de-radiacion-extrema-esta-semana\/","title":{"rendered":"Senamhi: Lima Este registrar\u00e1 niveles de radiaci\u00f3n extrema esta semana"},"content":{"rendered":"<p style=\"text-align: justify;\"><strong>(Aeronoticias)<\/strong>.- Pobladores de los distritos de La Molina, Ate Vitarte, Cieneguilla y Pachac\u00e1mac deber\u00e1n tomar precauciones por los picos de radiaci\u00f3n ultravioleta que se presentar\u00e1n en la zona de Lima Este, que llegar\u00e1 a alcanzar el peligroso nivel 15.<\/p>\n<p style=\"text-align: justify;\">El especialista del Senamhi, Orlando Ccora, se\u00f1al\u00f3 que dicha zona de la ciudad presentar\u00e1 esta complicada situaci\u00f3n por una suma de factores que van desde su nivel de altura sobre el nivel del mar hasta su lejan\u00eda de la costa.<\/p>\n<p style=\"text-align: justify;\">\u201cSi bien en estos distritos llegamos a este preocupante punto de radiaci\u00f3n, en todo Lima a lo largo de esta semana estaremos variando entre el nivel 13 y 14 entre las 10 de la ma\u00f1ana y las 4 de la tarde, niveles que ya son considerablemente altos y peligrosos\u201d, indic\u00f3.<\/p>\n<p style=\"text-align: justify;\">Estos picos de radiaci\u00f3n se dar\u00edan hasta la quincena de enero, cuando se estabilizar\u00edan para ser una constante por todo lo que queda de enero y pr\u00e1cticamente todo el mes de febrero.<\/p>\n<p style=\"text-align: justify;\">Seg\u00fan Ccora, este incremento de temperatura se repite en todo el pa\u00eds, sobre todo en las zonas andinas que, al encontrarse ubicadas a 200 o 300 metros sobre el nivel mar, se ven expuestas directamente a la radiaci\u00f3n.<\/p>\n<p style=\"text-align: justify;\">Con informaci\u00f3n de <span style=\"text-decoration: underline;\"><em><strong>Per\u00fa 21<\/strong><\/em><\/span>.<\/p>\n<p style=\"text-align: justify;\"><img decoding=\"async\" src=\"images\/stories\/14\/01\/140114\/sol.jpg\" border=\"0\" \/><\/p>\n","protected":false},"excerpt":{"rendered":"<p>(Aeronoticias).- Pobladores de los distritos de La Molina, Ate Vitarte, Cieneguilla y Pachac\u00e1mac deber\u00e1n tomar precauciones por los picos de radiaci\u00f3n ultravioleta que se presentar\u00e1n en la zona de Lima Este, que llegar\u00e1 a alcanzar el peligroso nivel 15. El especialista del Senamhi, Orlando Ccora, se\u00f1al\u00f3 que dicha zona de la ciudad presentar\u00e1 esta complicada [&hellip;]<\/p>\n","protected":false},"author":1,"featured_media":0,"comment_status":"open","ping_status":"open","sticky":false,"template":"","format":"standard","meta":{"tdm_status":"","tdm_grid_status":"","footnotes":""},"categories":[38],"tags":[],"class_list":{"0":"post-42822","1":"post","2":"type-post","3":"status-publish","4":"format-standard","6":"category-nacionales"},"yoast_head":"<!-- This site is optimized with the Yoast SEO plugin v25.1 - https:\/\/yoast.com\/wordpress\/plugins\/seo\/ -->\n<title>Senamhi: Lima Este registrar\u00e1 niveles de radiaci\u00f3n extrema esta semana<\/title>\n<meta name=\"description\" content=\"Portal de noticias del Per\u00fa sobre el transporte a\u00e9reo, aviaci\u00f3n, turismo, hoteleria, actualidad.\" \/>\n<meta name=\"robots\" content=\"index, follow, max-snippet:-1, max-image-preview:large, max-video-preview:-1\" \/>\n<link rel=\"canonical\" href=\"https:\/\/aeronoticias.com.pe\/noticiero\/nacionales\/senamhi-lima-este-registrara-niveles-de-radiacion-extrema-esta-semana\/\" \/>\n<meta property=\"og:locale\" content=\"es_ES\" \/>\n<meta property=\"og:type\" content=\"article\" \/>\n<meta property=\"og:title\" content=\"Senamhi: Lima Este registrar\u00e1 niveles de radiaci\u00f3n extrema esta semana\" \/>\n<meta property=\"og:description\" content=\"Portal de noticias del Per\u00fa sobre el transporte a\u00e9reo, aviaci\u00f3n, turismo, hoteleria, actualidad.\" \/>\n<meta property=\"og:url\" content=\"https:\/\/aeronoticias.com.pe\/noticiero\/nacionales\/senamhi-lima-este-registrara-niveles-de-radiacion-extrema-esta-semana\/\" \/>\n<meta property=\"og:site_name\" content=\"Aeronoticias.com.pe\" \/>\n<meta property=\"article:publisher\" content=\"https:\/\/www.facebook.com\/Aeronoticias.com.pe\/\" \/>\n<meta property=\"article:published_time\" content=\"2014-01-14T18:11:24+00:00\" \/>\n<meta name=\"author\" content=\"Redacci\u00f3n Aeronoticias\" \/>\n<meta name=\"twitter:card\" content=\"summary_large_image\" \/>\n<meta name=\"twitter:creator\" content=\"@aeronoticias\" \/>\n<meta name=\"twitter:site\" content=\"@aeronoticias\" \/>\n<meta name=\"twitter:label1\" content=\"Escrito por\" \/>\n\t<meta name=\"twitter:data1\" content=\"Redacci\u00f3n Aeronoticias\" \/>\n\t<meta name=\"twitter:label2\" content=\"Tiempo de lectura\" \/>\n\t<meta name=\"twitter:data2\" content=\"1 minuto\" \/>\n<script type=\"application\/ld+json\" class=\"yoast-schema-graph\">{\"@context\":\"https:\/\/schema.org\",\"@graph\":[{\"@type\":\"WebPage\",\"@id\":\"https:\/\/aeronoticias.com.pe\/noticiero\/nacionales\/senamhi-lima-este-registrara-niveles-de-radiacion-extrema-esta-semana\/\",\"url\":\"https:\/\/aeronoticias.com.pe\/noticiero\/nacionales\/senamhi-lima-este-registrara-niveles-de-radiacion-extrema-esta-semana\/\",\"name\":\"Senamhi: Lima Este registrar\u00e1 niveles de radiaci\u00f3n extrema esta semana\",\"isPartOf\":{\"@id\":\"https:\/\/aeronoticias.com.pe\/noticiero\/#website\"},\"datePublished\":\"2014-01-14T18:11:24+00:00\",\"author\":{\"@id\":\"https:\/\/aeronoticias.com.pe\/noticiero\/#\/schema\/person\/fc1e5d578f4b62ba1cf7ac2bba1170a0\"},\"description\":\"Portal de noticias del Per\u00fa sobre el transporte a\u00e9reo, aviaci\u00f3n, turismo, hoteleria, actualidad.\",\"breadcrumb\":{\"@id\":\"https:\/\/aeronoticias.com.pe\/noticiero\/nacionales\/senamhi-lima-este-registrara-niveles-de-radiacion-extrema-esta-semana\/#breadcrumb\"},\"inLanguage\":\"es\",\"potentialAction\":[{\"@type\":\"ReadAction\",\"target\":[\"https:\/\/aeronoticias.com.pe\/noticiero\/nacionales\/senamhi-lima-este-registrara-niveles-de-radiacion-extrema-esta-semana\/\"]}]},{\"@type\":\"BreadcrumbList\",\"@id\":\"https:\/\/aeronoticias.com.pe\/noticiero\/nacionales\/senamhi-lima-este-registrara-niveles-de-radiacion-extrema-esta-semana\/#breadcrumb\",\"itemListElement\":[{\"@type\":\"ListItem\",\"position\":1,\"name\":\"Portada\",\"item\":\"https:\/\/aeronoticias.com.pe\/noticiero\/\"},{\"@type\":\"ListItem\",\"position\":2,\"name\":\"Senamhi: Lima Este registrar\u00e1 niveles de radiaci\u00f3n extrema esta semana\"}]},{\"@type\":\"WebSite\",\"@id\":\"https:\/\/aeronoticias.com.pe\/noticiero\/#website\",\"url\":\"https:\/\/aeronoticias.com.pe\/noticiero\/\",\"name\":\"Aeronoticias.com.pe\",\"description\":\"Noticias de tranporte aereo, turismo, hoteles, gastronomia, actualidad, internacional\",\"potentialAction\":[{\"@type\":\"SearchAction\",\"target\":{\"@type\":\"EntryPoint\",\"urlTemplate\":\"https:\/\/aeronoticias.com.pe\/noticiero\/?s={search_term_string}\"},\"query-input\":{\"@type\":\"PropertyValueSpecification\",\"valueRequired\":true,\"valueName\":\"search_term_string\"}}],\"inLanguage\":\"es\"},{\"@type\":\"Person\",\"@id\":\"https:\/\/aeronoticias.com.pe\/noticiero\/#\/schema\/person\/fc1e5d578f4b62ba1cf7ac2bba1170a0\",\"name\":\"Redacci\u00f3n Aeronoticias\",\"url\":\"https:\/\/aeronoticias.com.pe\/noticiero\/author\/piloto\/\"}]}<\/script>\n<!-- \/ Yoast SEO plugin. -->","yoast_head_json":{"title":"Senamhi: Lima Este registrar\u00e1 niveles de radiaci\u00f3n extrema esta semana","description":"Portal de noticias del Per\u00fa sobre el transporte a\u00e9reo, aviaci\u00f3n, turismo, hoteleria, actualidad.","robots":{"index":"index","follow":"follow","max-snippet":"max-snippet:-1","max-image-preview":"max-image-preview:large","max-video-preview":"max-video-preview:-1"},"canonical":"https:\/\/aeronoticias.com.pe\/noticiero\/nacionales\/senamhi-lima-este-registrara-niveles-de-radiacion-extrema-esta-semana\/","og_locale":"es_ES","og_type":"article","og_title":"Senamhi: Lima Este registrar\u00e1 niveles de radiaci\u00f3n extrema esta semana","og_description":"Portal de noticias del Per\u00fa sobre el transporte a\u00e9reo, aviaci\u00f3n, turismo, hoteleria, actualidad.","og_url":"https:\/\/aeronoticias.com.pe\/noticiero\/nacionales\/senamhi-lima-este-registrara-niveles-de-radiacion-extrema-esta-semana\/","og_site_name":"Aeronoticias.com.pe","article_publisher":"https:\/\/www.facebook.com\/Aeronoticias.com.pe\/","article_published_time":"2014-01-14T18:11:24+00:00","author":"Redacci\u00f3n Aeronoticias","twitter_card":"summary_large_image","twitter_creator":"@aeronoticias","twitter_site":"@aeronoticias","twitter_misc":{"Escrito por":"Redacci\u00f3n Aeronoticias","Tiempo de lectura":"1 minuto"},"schema":{"@context":"https:\/\/schema.org","@graph":[{"@type":"WebPage","@id":"https:\/\/aeronoticias.com.pe\/noticiero\/nacionales\/senamhi-lima-este-registrara-niveles-de-radiacion-extrema-esta-semana\/","url":"https:\/\/aeronoticias.com.pe\/noticiero\/nacionales\/senamhi-lima-este-registrara-niveles-de-radiacion-extrema-esta-semana\/","name":"Senamhi: Lima Este registrar\u00e1 niveles de radiaci\u00f3n extrema esta semana","isPartOf":{"@id":"https:\/\/aeronoticias.com.pe\/noticiero\/#website"},"datePublished":"2014-01-14T18:11:24+00:00","author":{"@id":"https:\/\/aeronoticias.com.pe\/noticiero\/#\/schema\/person\/fc1e5d578f4b62ba1cf7ac2bba1170a0"},"description":"Portal de noticias del Per\u00fa sobre el transporte a\u00e9reo, aviaci\u00f3n, turismo, hoteleria, actualidad.","breadcrumb":{"@id":"https:\/\/aeronoticias.com.pe\/noticiero\/nacionales\/senamhi-lima-este-registrara-niveles-de-radiacion-extrema-esta-semana\/#breadcrumb"},"inLanguage":"es","potentialAction":[{"@type":"ReadAction","target":["https:\/\/aeronoticias.com.pe\/noticiero\/nacionales\/senamhi-lima-este-registrara-niveles-de-radiacion-extrema-esta-semana\/"]}]},{"@type":"BreadcrumbList","@id":"https:\/\/aeronoticias.com.pe\/noticiero\/nacionales\/senamhi-lima-este-registrara-niveles-de-radiacion-extrema-esta-semana\/#breadcrumb","itemListElement":[{"@type":"ListItem","position":1,"name":"Portada","item":"https:\/\/aeronoticias.com.pe\/noticiero\/"},{"@type":"ListItem","position":2,"name":"Senamhi: Lima Este registrar\u00e1 niveles de radiaci\u00f3n extrema esta semana"}]},{"@type":"WebSite","@id":"https:\/\/aeronoticias.com.pe\/noticiero\/#website","url":"https:\/\/aeronoticias.com.pe\/noticiero\/","name":"Aeronoticias.com.pe","description":"Noticias de tranporte aereo, turismo, hoteles, gastronomia, actualidad, internacional","potentialAction":[{"@type":"SearchAction","target":{"@type":"EntryPoint","urlTemplate":"https:\/\/aeronoticias.com.pe\/noticiero\/?s={search_term_string}"},"query-input":{"@type":"PropertyValueSpecification","valueRequired":true,"valueName":"search_term_string"}}],"inLanguage":"es"},{"@type":"Person","@id":"https:\/\/aeronoticias.com.pe\/noticiero\/#\/schema\/person\/fc1e5d578f4b62ba1cf7ac2bba1170a0","name":"Redacci\u00f3n Aeronoticias","url":"https:\/\/aeronoticias.com.pe\/noticiero\/author\/piloto\/"}]}},"_links":{"self":[{"href":"https:\/\/aeronoticias.com.pe\/noticiero\/wp-json\/wp\/v2\/posts\/42822","targetHints":{"allow":["GET"]}}],"collection":[{"href":"https:\/\/aeronoticias.com.pe\/noticiero\/wp-json\/wp\/v2\/posts"}],"about":[{"href":"https:\/\/aeronoticias.com.pe\/noticiero\/wp-json\/wp\/v2\/types\/post"}],"author":[{"embeddable":true,"href":"https:\/\/aeronoticias.com.pe\/noticiero\/wp-json\/wp\/v2\/users\/1"}],"replies":[{"embeddable":true,"href":"https:\/\/aeronoticias.com.pe\/noticiero\/wp-json\/wp\/v2\/comments?post=42822"}],"version-history":[{"count":0,"href":"https:\/\/aeronoticias.com.pe\/noticiero\/wp-json\/wp\/v2\/posts\/42822\/revisions"}],"wp:attachment":[{"href":"https:\/\/aeronoticias.com.pe\/noticiero\/wp-json\/wp\/v2\/media?parent=42822"}],"wp:term":[{"taxonomy":"category","embeddable":true,"href":"https:\/\/aeronoticias.com.pe\/noticiero\/wp-json\/wp\/v2\/categories?post=42822"},{"taxonomy":"post_tag","embeddable":true,"href":"https:\/\/aeronoticias.com.pe\/noticiero\/wp-json\/wp\/v2\/tags?post=42822"}],"curies":[{"name":"wp","href":"https:\/\/api.w.org\/{rel}","templated":true}]}}