{"id":42824,"date":"2014-01-14T18:25:13","date_gmt":"2014-01-14T18:25:13","guid":{"rendered":"http:\/\/desarrollo.mcvicious.com\/aero2020\/2014\/01\/14\/papa-francisco-el-aborto-es-una-muestra-de-la-cultura-del-desecho\/"},"modified":"2014-01-14T18:25:13","modified_gmt":"2014-01-14T18:25:13","slug":"papa-francisco-el-aborto-es-una-muestra-de-la-cultura-del-desecho","status":"publish","type":"post","link":"https:\/\/aeronoticias.com.pe\/noticiero\/internacionales\/papa-francisco-el-aborto-es-una-muestra-de-la-cultura-del-desecho\/","title":{"rendered":"Papa Francisco: &#8216;El aborto es una muestra de la cultura del desecho&#8217;"},"content":{"rendered":"<p style=\"text-align: justify;\"><strong>(Aeronoticias)<\/strong>.- El Papa Francisco critic\u00f3 hoy el aborto por ser una evidencia de la \u201ccultura del desecho\u201d que se deshace de la comida igual que de la gente y asegur\u00f3 que esa mentalidad es una amenaza a la paz mundial.<\/p>\n<p style=\"text-align: justify;\">Francisco tambi\u00e9n pidi\u00f3 mayor respeto a los migrantes y denunci\u00f3 la persecuci\u00f3n hacia los cat\u00f3licos en Asia, \u00c1frica y el Medio Oriente en su an\u00e1lisis de crisis mundiales presentado a los diplom\u00e1ticos acreditados ante la Santa Sede.<\/p>\n<p style=\"text-align: justify;\">Tras decir que el hambre es una amenaza a la paz mundial resalt\u00f3 que no solo la comida sino que los seres humanos a menudo son considerados innecesarios.<\/p>\n<p style=\"text-align: justify;\">\u201cNo podemos ser indiferentes ante aquellos que sufren hambre, especialmente los ni\u00f1os, cuando pensamos en cu\u00e1nta comida se desperdicia todos los d\u00edas en muchas partes del mundo inmersas en lo que a menudo he llamado \u2018cultura del desecho\u201d, se\u00f1al\u00f3 Francisco.<\/p>\n<p style=\"text-align: justify;\">Esa cultura tambi\u00e9n afecta a los ni\u00f1os no nacidos, agreg\u00f3.<\/p>\n<p style=\"text-align: justify;\">\u201cPor ejemplo, es espantoso pensar que hay ni\u00f1os v\u00edctimas del aborto quienes nunca ver\u00e1n la luz del d\u00eda\u201d, dijo.<\/p>\n<p style=\"text-align: justify;\">El Papa hizo pocas declaraciones acerca del aborto bajo el argumento de que la doctrina de la iglesia en esa materia es bien conocida y que prefiere hablar menos de las reglas de moral de la iglesia y m\u00e1s de su mensaje positivo.<\/p>\n<p style=\"text-align: justify;\">En comentarios que fueron m\u00e1s una reflexi\u00f3n de sus prioridades que un an\u00e1lisis diplom\u00e1tico, Francisco pidi\u00f3 que se trate con mayor respeto a los ancianos, adem\u00e1s de que se proteja a los ni\u00f1os de explotaci\u00f3n, la esclavitud y el hambre.<\/p>\n<p style=\"text-align: justify;\">Se lament\u00f3 por la muerte de aquellos que migraron en busca de mejores condiciones de vida para ellos y sus familias, como los latinoamericanos que tratan de llegar a Estados Unidos y los africanos que buscan llegar a Europa.<\/p>\n<p style=\"text-align: justify;\">Francisco pidi\u00f3 a la comunidad internacional hacer m\u00e1s para acabar con los conflictos en lugares como Siria, Mali, Corea del Norte, Sud\u00e1n del Sur.<\/p>\n<p style=\"text-align: justify;\">El Papa recibi\u00f3 hoy a los embajadores acreditados ante la Santa Sede para el tradicional mensaje de felicitaci\u00f3n del a\u00f1o y la ocasi\u00f3n le sirvi\u00f3, como ya ocurri\u00f3 en su mensaje de Navidad, para hacer un duro repas\u00f3 de los actuales conflictos y problemas sociales del planeta y el sufrimiento que causan.<\/p>\n<p style=\"text-align: justify;\">Con informaci\u00f3n de <span style=\"text-decoration: underline;\"><em><strong>Per\u00fa 21<\/strong><\/em><\/span>.<\/p>\n<p style=\"text-align: justify;\"><img decoding=\"async\" src=\"images\/stories\/14\/01\/140114\/pa.jpg\" border=\"0\" \/><\/p>\n","protected":false},"excerpt":{"rendered":"<p>(Aeronoticias).- El Papa Francisco critic\u00f3 hoy el aborto por ser una evidencia de la \u201ccultura del desecho\u201d que se deshace de la comida igual que de la gente y asegur\u00f3 que esa mentalidad es una amenaza a la paz mundial. Francisco tambi\u00e9n pidi\u00f3 mayor respeto a los migrantes y denunci\u00f3 la persecuci\u00f3n hacia los cat\u00f3licos [&hellip;]<\/p>\n","protected":false},"author":1,"featured_media":0,"comment_status":"open","ping_status":"open","sticky":false,"template":"","format":"standard","meta":{"tdm_status":"","tdm_grid_status":"","footnotes":""},"categories":[34],"tags":[],"class_list":{"0":"post-42824","1":"post","2":"type-post","3":"status-publish","4":"format-standard","6":"category-internacionales"},"yoast_head":"<!-- This site is optimized with the Yoast SEO plugin v25.1 - https:\/\/yoast.com\/wordpress\/plugins\/seo\/ -->\n<title>Papa Francisco: &#039;El aborto es una muestra de la cultura del desecho&#039;<\/title>\n<meta name=\"description\" content=\"Portal de noticias del Per\u00fa sobre el transporte a\u00e9reo, aviaci\u00f3n, turismo, hoteleria, actualidad.\" \/>\n<meta name=\"robots\" content=\"index, follow, max-snippet:-1, max-image-preview:large, max-video-preview:-1\" \/>\n<link rel=\"canonical\" href=\"https:\/\/aeronoticias.com.pe\/noticiero\/internacionales\/papa-francisco-el-aborto-es-una-muestra-de-la-cultura-del-desecho\/\" \/>\n<meta property=\"og:locale\" content=\"es_ES\" \/>\n<meta property=\"og:type\" content=\"article\" \/>\n<meta property=\"og:title\" content=\"Papa Francisco: &#039;El aborto es una muestra de la cultura del desecho&#039;\" \/>\n<meta property=\"og:description\" content=\"Portal de noticias del Per\u00fa sobre el transporte a\u00e9reo, aviaci\u00f3n, turismo, hoteleria, actualidad.\" \/>\n<meta property=\"og:url\" content=\"https:\/\/aeronoticias.com.pe\/noticiero\/internacionales\/papa-francisco-el-aborto-es-una-muestra-de-la-cultura-del-desecho\/\" \/>\n<meta property=\"og:site_name\" content=\"Aeronoticias.com.pe\" \/>\n<meta property=\"article:publisher\" content=\"https:\/\/www.facebook.com\/Aeronoticias.com.pe\/\" \/>\n<meta property=\"article:published_time\" content=\"2014-01-14T18:25:13+00:00\" \/>\n<meta name=\"author\" content=\"Redacci\u00f3n Aeronoticias\" \/>\n<meta name=\"twitter:card\" content=\"summary_large_image\" \/>\n<meta name=\"twitter:creator\" content=\"@aeronoticias\" \/>\n<meta name=\"twitter:site\" content=\"@aeronoticias\" \/>\n<meta name=\"twitter:label1\" content=\"Escrito por\" \/>\n\t<meta name=\"twitter:data1\" content=\"Redacci\u00f3n Aeronoticias\" \/>\n\t<meta name=\"twitter:label2\" content=\"Tiempo de lectura\" \/>\n\t<meta name=\"twitter:data2\" content=\"2 minutos\" \/>\n<script type=\"application\/ld+json\" class=\"yoast-schema-graph\">{\"@context\":\"https:\/\/schema.org\",\"@graph\":[{\"@type\":\"WebPage\",\"@id\":\"https:\/\/aeronoticias.com.pe\/noticiero\/internacionales\/papa-francisco-el-aborto-es-una-muestra-de-la-cultura-del-desecho\/\",\"url\":\"https:\/\/aeronoticias.com.pe\/noticiero\/internacionales\/papa-francisco-el-aborto-es-una-muestra-de-la-cultura-del-desecho\/\",\"name\":\"Papa Francisco: 'El aborto es una muestra de la cultura del desecho'\",\"isPartOf\":{\"@id\":\"https:\/\/aeronoticias.com.pe\/noticiero\/#website\"},\"datePublished\":\"2014-01-14T18:25:13+00:00\",\"author\":{\"@id\":\"https:\/\/aeronoticias.com.pe\/noticiero\/#\/schema\/person\/fc1e5d578f4b62ba1cf7ac2bba1170a0\"},\"description\":\"Portal de noticias del Per\u00fa sobre el transporte a\u00e9reo, aviaci\u00f3n, turismo, hoteleria, actualidad.\",\"breadcrumb\":{\"@id\":\"https:\/\/aeronoticias.com.pe\/noticiero\/internacionales\/papa-francisco-el-aborto-es-una-muestra-de-la-cultura-del-desecho\/#breadcrumb\"},\"inLanguage\":\"es\",\"potentialAction\":[{\"@type\":\"ReadAction\",\"target\":[\"https:\/\/aeronoticias.com.pe\/noticiero\/internacionales\/papa-francisco-el-aborto-es-una-muestra-de-la-cultura-del-desecho\/\"]}]},{\"@type\":\"BreadcrumbList\",\"@id\":\"https:\/\/aeronoticias.com.pe\/noticiero\/internacionales\/papa-francisco-el-aborto-es-una-muestra-de-la-cultura-del-desecho\/#breadcrumb\",\"itemListElement\":[{\"@type\":\"ListItem\",\"position\":1,\"name\":\"Portada\",\"item\":\"https:\/\/aeronoticias.com.pe\/noticiero\/\"},{\"@type\":\"ListItem\",\"position\":2,\"name\":\"Papa Francisco: &#8216;El aborto es una muestra de la cultura del desecho&#8217;\"}]},{\"@type\":\"WebSite\",\"@id\":\"https:\/\/aeronoticias.com.pe\/noticiero\/#website\",\"url\":\"https:\/\/aeronoticias.com.pe\/noticiero\/\",\"name\":\"Aeronoticias.com.pe\",\"description\":\"Noticias de tranporte aereo, turismo, hoteles, gastronomia, actualidad, internacional\",\"potentialAction\":[{\"@type\":\"SearchAction\",\"target\":{\"@type\":\"EntryPoint\",\"urlTemplate\":\"https:\/\/aeronoticias.com.pe\/noticiero\/?s={search_term_string}\"},\"query-input\":{\"@type\":\"PropertyValueSpecification\",\"valueRequired\":true,\"valueName\":\"search_term_string\"}}],\"inLanguage\":\"es\"},{\"@type\":\"Person\",\"@id\":\"https:\/\/aeronoticias.com.pe\/noticiero\/#\/schema\/person\/fc1e5d578f4b62ba1cf7ac2bba1170a0\",\"name\":\"Redacci\u00f3n Aeronoticias\",\"url\":\"https:\/\/aeronoticias.com.pe\/noticiero\/author\/piloto\/\"}]}<\/script>\n<!-- \/ Yoast SEO plugin. -->","yoast_head_json":{"title":"Papa Francisco: 'El aborto es una muestra de la cultura del desecho'","description":"Portal de noticias del Per\u00fa sobre el transporte a\u00e9reo, aviaci\u00f3n, turismo, hoteleria, actualidad.","robots":{"index":"index","follow":"follow","max-snippet":"max-snippet:-1","max-image-preview":"max-image-preview:large","max-video-preview":"max-video-preview:-1"},"canonical":"https:\/\/aeronoticias.com.pe\/noticiero\/internacionales\/papa-francisco-el-aborto-es-una-muestra-de-la-cultura-del-desecho\/","og_locale":"es_ES","og_type":"article","og_title":"Papa Francisco: 'El aborto es una muestra de la cultura del desecho'","og_description":"Portal de noticias del Per\u00fa sobre el transporte a\u00e9reo, aviaci\u00f3n, turismo, hoteleria, actualidad.","og_url":"https:\/\/aeronoticias.com.pe\/noticiero\/internacionales\/papa-francisco-el-aborto-es-una-muestra-de-la-cultura-del-desecho\/","og_site_name":"Aeronoticias.com.pe","article_publisher":"https:\/\/www.facebook.com\/Aeronoticias.com.pe\/","article_published_time":"2014-01-14T18:25:13+00:00","author":"Redacci\u00f3n Aeronoticias","twitter_card":"summary_large_image","twitter_creator":"@aeronoticias","twitter_site":"@aeronoticias","twitter_misc":{"Escrito por":"Redacci\u00f3n Aeronoticias","Tiempo de lectura":"2 minutos"},"schema":{"@context":"https:\/\/schema.org","@graph":[{"@type":"WebPage","@id":"https:\/\/aeronoticias.com.pe\/noticiero\/internacionales\/papa-francisco-el-aborto-es-una-muestra-de-la-cultura-del-desecho\/","url":"https:\/\/aeronoticias.com.pe\/noticiero\/internacionales\/papa-francisco-el-aborto-es-una-muestra-de-la-cultura-del-desecho\/","name":"Papa Francisco: 'El aborto es una muestra de la cultura del desecho'","isPartOf":{"@id":"https:\/\/aeronoticias.com.pe\/noticiero\/#website"},"datePublished":"2014-01-14T18:25:13+00:00","author":{"@id":"https:\/\/aeronoticias.com.pe\/noticiero\/#\/schema\/person\/fc1e5d578f4b62ba1cf7ac2bba1170a0"},"description":"Portal de noticias del Per\u00fa sobre el transporte a\u00e9reo, aviaci\u00f3n, turismo, hoteleria, actualidad.","breadcrumb":{"@id":"https:\/\/aeronoticias.com.pe\/noticiero\/internacionales\/papa-francisco-el-aborto-es-una-muestra-de-la-cultura-del-desecho\/#breadcrumb"},"inLanguage":"es","potentialAction":[{"@type":"ReadAction","target":["https:\/\/aeronoticias.com.pe\/noticiero\/internacionales\/papa-francisco-el-aborto-es-una-muestra-de-la-cultura-del-desecho\/"]}]},{"@type":"BreadcrumbList","@id":"https:\/\/aeronoticias.com.pe\/noticiero\/internacionales\/papa-francisco-el-aborto-es-una-muestra-de-la-cultura-del-desecho\/#breadcrumb","itemListElement":[{"@type":"ListItem","position":1,"name":"Portada","item":"https:\/\/aeronoticias.com.pe\/noticiero\/"},{"@type":"ListItem","position":2,"name":"Papa Francisco: &#8216;El aborto es una muestra de la cultura del desecho&#8217;"}]},{"@type":"WebSite","@id":"https:\/\/aeronoticias.com.pe\/noticiero\/#website","url":"https:\/\/aeronoticias.com.pe\/noticiero\/","name":"Aeronoticias.com.pe","description":"Noticias de tranporte aereo, turismo, hoteles, gastronomia, actualidad, internacional","potentialAction":[{"@type":"SearchAction","target":{"@type":"EntryPoint","urlTemplate":"https:\/\/aeronoticias.com.pe\/noticiero\/?s={search_term_string}"},"query-input":{"@type":"PropertyValueSpecification","valueRequired":true,"valueName":"search_term_string"}}],"inLanguage":"es"},{"@type":"Person","@id":"https:\/\/aeronoticias.com.pe\/noticiero\/#\/schema\/person\/fc1e5d578f4b62ba1cf7ac2bba1170a0","name":"Redacci\u00f3n Aeronoticias","url":"https:\/\/aeronoticias.com.pe\/noticiero\/author\/piloto\/"}]}},"_links":{"self":[{"href":"https:\/\/aeronoticias.com.pe\/noticiero\/wp-json\/wp\/v2\/posts\/42824","targetHints":{"allow":["GET"]}}],"collection":[{"href":"https:\/\/aeronoticias.com.pe\/noticiero\/wp-json\/wp\/v2\/posts"}],"about":[{"href":"https:\/\/aeronoticias.com.pe\/noticiero\/wp-json\/wp\/v2\/types\/post"}],"author":[{"embeddable":true,"href":"https:\/\/aeronoticias.com.pe\/noticiero\/wp-json\/wp\/v2\/users\/1"}],"replies":[{"embeddable":true,"href":"https:\/\/aeronoticias.com.pe\/noticiero\/wp-json\/wp\/v2\/comments?post=42824"}],"version-history":[{"count":0,"href":"https:\/\/aeronoticias.com.pe\/noticiero\/wp-json\/wp\/v2\/posts\/42824\/revisions"}],"wp:attachment":[{"href":"https:\/\/aeronoticias.com.pe\/noticiero\/wp-json\/wp\/v2\/media?parent=42824"}],"wp:term":[{"taxonomy":"category","embeddable":true,"href":"https:\/\/aeronoticias.com.pe\/noticiero\/wp-json\/wp\/v2\/categories?post=42824"},{"taxonomy":"post_tag","embeddable":true,"href":"https:\/\/aeronoticias.com.pe\/noticiero\/wp-json\/wp\/v2\/tags?post=42824"}],"curies":[{"name":"wp","href":"https:\/\/api.w.org\/{rel}","templated":true}]}}