{"id":42830,"date":"2014-01-14T20:08:50","date_gmt":"2014-01-14T20:08:50","guid":{"rendered":"http:\/\/desarrollo.mcvicious.com\/aero2020\/2014\/01\/14\/humo-en-la-bateria-de-un-boeing-787-provoca-la-cancelacion-de-un-vuelo-de-japan-airlines\/"},"modified":"2014-01-14T20:08:50","modified_gmt":"2014-01-14T20:08:50","slug":"humo-en-la-bateria-de-un-boeing-787-provoca-la-cancelacion-de-un-vuelo-de-japan-airlines","status":"publish","type":"post","link":"https:\/\/aeronoticias.com.pe\/noticiero\/transporte-aereo\/internacional\/humo-en-la-bateria-de-un-boeing-787-provoca-la-cancelacion-de-un-vuelo-de-japan-airlines\/","title":{"rendered":"Humo en la bater\u00eda de un Boeing 787 provoca la cancelaci\u00f3n de un vuelo de Japan Airlines"},"content":{"rendered":"<p style=\"text-align: justify;\"><img decoding=\"async\" src=\"images\/stories\/14\/01\/140114\/n10.jpg\" border=\"0\" \/><\/p>\n<p style=\"text-align: justify;\"><strong>(Aeronoticias).-<\/strong> Los equipos de mantenimiento de la aerol\u00ednea Japan Airlines del aeropuerto de Narita en Tokio han alertado de la aparici\u00f3n de un humo blanco procedente de una bater\u00eda de una de sus aeronaves Boeing 787, la madrugada de este martes, durante la inspecci\u00f3n previa al vuelo que el avi\u00f3n deb\u00eda realizar a Bangkok, seg\u00fan inform\u00f3 la cadena &#8216;NBC News&#8217;.<\/p>\n<p style=\"text-align: justify;\">Seg\u00fan explic\u00f3 el encargado de prensa de la compa\u00f1\u00eda a este medio, Yang Chen, las luces del panel de cabina comenzaron a parpadear como se\u00f1al del mal funcionamiento de la nave, el modelo m\u00e1s reciente de Boeing, aunque todav\u00eda contin\u00faa investig\u00e1ndose la causa de la aver\u00eda.<\/p>\n<p style=\"text-align: justify;\">Tan s\u00f3lo un a\u00f1o antes, un sobrecalentamiento de las bater\u00edas de otro \u00a0Boeing 787 &#8216;Dreamliner&#8217; provoc\u00f3 la cancelaci\u00f3n de vuelos durante tres meses por parte de las autoridades de aviaci\u00f3n de varios lugares del mundo ante la peligrosidad de estos dispositivos.<\/p>\n<p style=\"text-align: justify;\">Sin embargo, Boeing asegur\u00f3 que los cambios en la bater\u00eda de iones de litio de las naves 787, que incluyen una caja m\u00e1s resistente para sostener la bater\u00eda y medidas para contener cualquier cortocircuito o un incendio, \u00abparec\u00edan haber funcionado\u00bb.<\/p>\n<p style=\"text-align: justify;\">El avi\u00f3n fue reeemplazado y la aerol\u00ednea consigui\u00f3 mantener el horario previsto de despegue hacia Bangkok.<\/p>\n<p style=\"text-align: justify;\">\u00a0<\/p>\n<p style=\"text-align: justify;\">Fuente: <strong><em>www.europapress.es<\/em><\/strong><\/p>\n<p style=\"text-align: justify;\">Foto: <strong><em>news.bbcimg.co.uk<\/em><\/strong><\/p>\n","protected":false},"excerpt":{"rendered":"<p>(Aeronoticias).- Los equipos de mantenimiento de la aerol\u00ednea Japan Airlines del aeropuerto de Narita en Tokio han alertado de la aparici\u00f3n de un humo blanco procedente de una bater\u00eda de una de sus aeronaves Boeing 787, la madrugada de este martes, durante la inspecci\u00f3n previa al vuelo que el avi\u00f3n deb\u00eda realizar a Bangkok, seg\u00fan [&hellip;]<\/p>\n","protected":false},"author":1,"featured_media":0,"comment_status":"open","ping_status":"open","sticky":false,"template":"","format":"standard","meta":{"tdm_status":"","tdm_grid_status":"","footnotes":""},"categories":[32],"tags":[],"class_list":{"0":"post-42830","1":"post","2":"type-post","3":"status-publish","4":"format-standard","6":"category-internacional"},"yoast_head":"<!-- This site is optimized with the Yoast SEO plugin v25.1 - https:\/\/yoast.com\/wordpress\/plugins\/seo\/ -->\n<title>Humo en la bater\u00eda de un Boeing 787 provoca la cancelaci\u00f3n de un vuelo de Japan Airlines<\/title>\n<meta name=\"description\" content=\"Portal de noticias del Per\u00fa sobre el transporte a\u00e9reo, aviaci\u00f3n, turismo, hoteleria, actualidad.\" \/>\n<meta name=\"robots\" content=\"index, follow, max-snippet:-1, max-image-preview:large, max-video-preview:-1\" \/>\n<link rel=\"canonical\" href=\"https:\/\/aeronoticias.com.pe\/noticiero\/transporte-aereo\/internacional\/humo-en-la-bateria-de-un-boeing-787-provoca-la-cancelacion-de-un-vuelo-de-japan-airlines\/\" \/>\n<meta property=\"og:locale\" content=\"es_ES\" \/>\n<meta property=\"og:type\" content=\"article\" \/>\n<meta property=\"og:title\" content=\"Humo en la bater\u00eda de un Boeing 787 provoca la cancelaci\u00f3n de un vuelo de Japan Airlines\" \/>\n<meta property=\"og:description\" content=\"Portal de noticias del Per\u00fa sobre el transporte a\u00e9reo, aviaci\u00f3n, turismo, hoteleria, actualidad.\" \/>\n<meta property=\"og:url\" content=\"https:\/\/aeronoticias.com.pe\/noticiero\/transporte-aereo\/internacional\/humo-en-la-bateria-de-un-boeing-787-provoca-la-cancelacion-de-un-vuelo-de-japan-airlines\/\" \/>\n<meta property=\"og:site_name\" content=\"Aeronoticias.com.pe\" \/>\n<meta property=\"article:publisher\" content=\"https:\/\/www.facebook.com\/Aeronoticias.com.pe\/\" \/>\n<meta property=\"article:published_time\" content=\"2014-01-14T20:08:50+00:00\" \/>\n<meta name=\"author\" content=\"Redacci\u00f3n Aeronoticias\" \/>\n<meta name=\"twitter:card\" content=\"summary_large_image\" \/>\n<meta name=\"twitter:creator\" content=\"@aeronoticias\" \/>\n<meta name=\"twitter:site\" content=\"@aeronoticias\" \/>\n<meta name=\"twitter:label1\" content=\"Escrito por\" \/>\n\t<meta name=\"twitter:data1\" content=\"Redacci\u00f3n Aeronoticias\" \/>\n\t<meta name=\"twitter:label2\" content=\"Tiempo de lectura\" \/>\n\t<meta name=\"twitter:data2\" content=\"1 minuto\" \/>\n<script type=\"application\/ld+json\" class=\"yoast-schema-graph\">{\"@context\":\"https:\/\/schema.org\",\"@graph\":[{\"@type\":\"WebPage\",\"@id\":\"https:\/\/aeronoticias.com.pe\/noticiero\/transporte-aereo\/internacional\/humo-en-la-bateria-de-un-boeing-787-provoca-la-cancelacion-de-un-vuelo-de-japan-airlines\/\",\"url\":\"https:\/\/aeronoticias.com.pe\/noticiero\/transporte-aereo\/internacional\/humo-en-la-bateria-de-un-boeing-787-provoca-la-cancelacion-de-un-vuelo-de-japan-airlines\/\",\"name\":\"Humo en la bater\u00eda de un Boeing 787 provoca la cancelaci\u00f3n de un vuelo de Japan Airlines\",\"isPartOf\":{\"@id\":\"https:\/\/aeronoticias.com.pe\/noticiero\/#website\"},\"datePublished\":\"2014-01-14T20:08:50+00:00\",\"author\":{\"@id\":\"https:\/\/aeronoticias.com.pe\/noticiero\/#\/schema\/person\/fc1e5d578f4b62ba1cf7ac2bba1170a0\"},\"description\":\"Portal de noticias del Per\u00fa sobre el transporte a\u00e9reo, aviaci\u00f3n, turismo, hoteleria, actualidad.\",\"breadcrumb\":{\"@id\":\"https:\/\/aeronoticias.com.pe\/noticiero\/transporte-aereo\/internacional\/humo-en-la-bateria-de-un-boeing-787-provoca-la-cancelacion-de-un-vuelo-de-japan-airlines\/#breadcrumb\"},\"inLanguage\":\"es\",\"potentialAction\":[{\"@type\":\"ReadAction\",\"target\":[\"https:\/\/aeronoticias.com.pe\/noticiero\/transporte-aereo\/internacional\/humo-en-la-bateria-de-un-boeing-787-provoca-la-cancelacion-de-un-vuelo-de-japan-airlines\/\"]}]},{\"@type\":\"BreadcrumbList\",\"@id\":\"https:\/\/aeronoticias.com.pe\/noticiero\/transporte-aereo\/internacional\/humo-en-la-bateria-de-un-boeing-787-provoca-la-cancelacion-de-un-vuelo-de-japan-airlines\/#breadcrumb\",\"itemListElement\":[{\"@type\":\"ListItem\",\"position\":1,\"name\":\"Portada\",\"item\":\"https:\/\/aeronoticias.com.pe\/noticiero\/\"},{\"@type\":\"ListItem\",\"position\":2,\"name\":\"Humo en la bater\u00eda de un Boeing 787 provoca la cancelaci\u00f3n de un vuelo de Japan Airlines\"}]},{\"@type\":\"WebSite\",\"@id\":\"https:\/\/aeronoticias.com.pe\/noticiero\/#website\",\"url\":\"https:\/\/aeronoticias.com.pe\/noticiero\/\",\"name\":\"Aeronoticias.com.pe\",\"description\":\"Noticias de tranporte aereo, turismo, hoteles, gastronomia, actualidad, internacional\",\"potentialAction\":[{\"@type\":\"SearchAction\",\"target\":{\"@type\":\"EntryPoint\",\"urlTemplate\":\"https:\/\/aeronoticias.com.pe\/noticiero\/?s={search_term_string}\"},\"query-input\":{\"@type\":\"PropertyValueSpecification\",\"valueRequired\":true,\"valueName\":\"search_term_string\"}}],\"inLanguage\":\"es\"},{\"@type\":\"Person\",\"@id\":\"https:\/\/aeronoticias.com.pe\/noticiero\/#\/schema\/person\/fc1e5d578f4b62ba1cf7ac2bba1170a0\",\"name\":\"Redacci\u00f3n Aeronoticias\",\"url\":\"https:\/\/aeronoticias.com.pe\/noticiero\/author\/piloto\/\"}]}<\/script>\n<!-- \/ Yoast SEO plugin. -->","yoast_head_json":{"title":"Humo en la bater\u00eda de un Boeing 787 provoca la cancelaci\u00f3n de un vuelo de Japan Airlines","description":"Portal de noticias del Per\u00fa sobre el transporte a\u00e9reo, aviaci\u00f3n, turismo, hoteleria, actualidad.","robots":{"index":"index","follow":"follow","max-snippet":"max-snippet:-1","max-image-preview":"max-image-preview:large","max-video-preview":"max-video-preview:-1"},"canonical":"https:\/\/aeronoticias.com.pe\/noticiero\/transporte-aereo\/internacional\/humo-en-la-bateria-de-un-boeing-787-provoca-la-cancelacion-de-un-vuelo-de-japan-airlines\/","og_locale":"es_ES","og_type":"article","og_title":"Humo en la bater\u00eda de un Boeing 787 provoca la cancelaci\u00f3n de un vuelo de Japan Airlines","og_description":"Portal de noticias del Per\u00fa sobre el transporte a\u00e9reo, aviaci\u00f3n, turismo, hoteleria, actualidad.","og_url":"https:\/\/aeronoticias.com.pe\/noticiero\/transporte-aereo\/internacional\/humo-en-la-bateria-de-un-boeing-787-provoca-la-cancelacion-de-un-vuelo-de-japan-airlines\/","og_site_name":"Aeronoticias.com.pe","article_publisher":"https:\/\/www.facebook.com\/Aeronoticias.com.pe\/","article_published_time":"2014-01-14T20:08:50+00:00","author":"Redacci\u00f3n Aeronoticias","twitter_card":"summary_large_image","twitter_creator":"@aeronoticias","twitter_site":"@aeronoticias","twitter_misc":{"Escrito por":"Redacci\u00f3n Aeronoticias","Tiempo de lectura":"1 minuto"},"schema":{"@context":"https:\/\/schema.org","@graph":[{"@type":"WebPage","@id":"https:\/\/aeronoticias.com.pe\/noticiero\/transporte-aereo\/internacional\/humo-en-la-bateria-de-un-boeing-787-provoca-la-cancelacion-de-un-vuelo-de-japan-airlines\/","url":"https:\/\/aeronoticias.com.pe\/noticiero\/transporte-aereo\/internacional\/humo-en-la-bateria-de-un-boeing-787-provoca-la-cancelacion-de-un-vuelo-de-japan-airlines\/","name":"Humo en la bater\u00eda de un Boeing 787 provoca la cancelaci\u00f3n de un vuelo de Japan Airlines","isPartOf":{"@id":"https:\/\/aeronoticias.com.pe\/noticiero\/#website"},"datePublished":"2014-01-14T20:08:50+00:00","author":{"@id":"https:\/\/aeronoticias.com.pe\/noticiero\/#\/schema\/person\/fc1e5d578f4b62ba1cf7ac2bba1170a0"},"description":"Portal de noticias del Per\u00fa sobre el transporte a\u00e9reo, aviaci\u00f3n, turismo, hoteleria, actualidad.","breadcrumb":{"@id":"https:\/\/aeronoticias.com.pe\/noticiero\/transporte-aereo\/internacional\/humo-en-la-bateria-de-un-boeing-787-provoca-la-cancelacion-de-un-vuelo-de-japan-airlines\/#breadcrumb"},"inLanguage":"es","potentialAction":[{"@type":"ReadAction","target":["https:\/\/aeronoticias.com.pe\/noticiero\/transporte-aereo\/internacional\/humo-en-la-bateria-de-un-boeing-787-provoca-la-cancelacion-de-un-vuelo-de-japan-airlines\/"]}]},{"@type":"BreadcrumbList","@id":"https:\/\/aeronoticias.com.pe\/noticiero\/transporte-aereo\/internacional\/humo-en-la-bateria-de-un-boeing-787-provoca-la-cancelacion-de-un-vuelo-de-japan-airlines\/#breadcrumb","itemListElement":[{"@type":"ListItem","position":1,"name":"Portada","item":"https:\/\/aeronoticias.com.pe\/noticiero\/"},{"@type":"ListItem","position":2,"name":"Humo en la bater\u00eda de un Boeing 787 provoca la cancelaci\u00f3n de un vuelo de Japan Airlines"}]},{"@type":"WebSite","@id":"https:\/\/aeronoticias.com.pe\/noticiero\/#website","url":"https:\/\/aeronoticias.com.pe\/noticiero\/","name":"Aeronoticias.com.pe","description":"Noticias de tranporte aereo, turismo, hoteles, gastronomia, actualidad, internacional","potentialAction":[{"@type":"SearchAction","target":{"@type":"EntryPoint","urlTemplate":"https:\/\/aeronoticias.com.pe\/noticiero\/?s={search_term_string}"},"query-input":{"@type":"PropertyValueSpecification","valueRequired":true,"valueName":"search_term_string"}}],"inLanguage":"es"},{"@type":"Person","@id":"https:\/\/aeronoticias.com.pe\/noticiero\/#\/schema\/person\/fc1e5d578f4b62ba1cf7ac2bba1170a0","name":"Redacci\u00f3n Aeronoticias","url":"https:\/\/aeronoticias.com.pe\/noticiero\/author\/piloto\/"}]}},"_links":{"self":[{"href":"https:\/\/aeronoticias.com.pe\/noticiero\/wp-json\/wp\/v2\/posts\/42830","targetHints":{"allow":["GET"]}}],"collection":[{"href":"https:\/\/aeronoticias.com.pe\/noticiero\/wp-json\/wp\/v2\/posts"}],"about":[{"href":"https:\/\/aeronoticias.com.pe\/noticiero\/wp-json\/wp\/v2\/types\/post"}],"author":[{"embeddable":true,"href":"https:\/\/aeronoticias.com.pe\/noticiero\/wp-json\/wp\/v2\/users\/1"}],"replies":[{"embeddable":true,"href":"https:\/\/aeronoticias.com.pe\/noticiero\/wp-json\/wp\/v2\/comments?post=42830"}],"version-history":[{"count":0,"href":"https:\/\/aeronoticias.com.pe\/noticiero\/wp-json\/wp\/v2\/posts\/42830\/revisions"}],"wp:attachment":[{"href":"https:\/\/aeronoticias.com.pe\/noticiero\/wp-json\/wp\/v2\/media?parent=42830"}],"wp:term":[{"taxonomy":"category","embeddable":true,"href":"https:\/\/aeronoticias.com.pe\/noticiero\/wp-json\/wp\/v2\/categories?post=42830"},{"taxonomy":"post_tag","embeddable":true,"href":"https:\/\/aeronoticias.com.pe\/noticiero\/wp-json\/wp\/v2\/tags?post=42830"}],"curies":[{"name":"wp","href":"https:\/\/api.w.org\/{rel}","templated":true}]}}