{"id":432,"date":"2008-09-08T11:09:39","date_gmt":"2008-09-08T11:09:39","guid":{"rendered":"http:\/\/desarrollo.mcvicious.com\/aero2020\/2008\/09\/08\/ccl-so-el-17-de-normas-para-el-tlc-y-la-competitividad-se-han-reglamentado\/"},"modified":"2008-09-08T11:09:39","modified_gmt":"2008-09-08T11:09:39","slug":"ccl-so-el-17-de-normas-para-el-tlc-y-la-competitividad-se-han-reglamentado","status":"publish","type":"post","link":"https:\/\/aeronoticias.com.pe\/noticiero\/economia\/ccl-so-el-17-de-normas-para-el-tlc-y-la-competitividad-se-han-reglamentado\/","title":{"rendered":"CCL: S"},"content":{"rendered":"<p>&nbsp;<\/p>\n<div align=\"justify\">La C&aacute;mara de Comercio de Lima informa que, de los 92 decretos legislativos aprobados por el Poder Ejecutivo para implementar el TLC con Estados Unidos y, a la vez, modernizar el Estado y mejorar la competitividad empresarial, 52 decretos requieren de reglamentaci&oacute;n para su aplicaci&oacute;n y puesta en vigencia.<\/div>\n<p>&nbsp; <\/p>\n<p align=\"center\"><strong>S&oacute;lo el 17% de DL cuentan con reglamentaci&oacute;n<\/strong><\/p>\n<p>&nbsp;<\/p>\n<p align=\"justify\">No obstante, a la fecha s&oacute;lo el 17% de los decretos legislativos expedidos por el Poder Ejecutivo cuentan con reglamentaci&oacute;n, expresa la CCL.<\/p>\n<p>El gremio empresarial advierte que no todos los reglamentos pendientes est&aacute;n referidos al TLC y por tanto no es v&aacute;lido el argumento que el paquete de decretos legislativos se podr&iacute;a reglamentar hasta diciembre 2008 para que entren en vigencia en el 2009.<\/p>\n<p>&nbsp;<\/p>\n<p align=\"center\"><strong>Reglamentos pendientes sobre promoci&oacute;n de inversiones<\/strong><\/p>\n<p>&nbsp;<\/p>\n<div align=\"justify\">La mayor&iacute;a de reglamentos pendientes est&aacute;n referidos a las normas dictadas por el Gobierno para promover las inversiones, simplificar los tr&aacute;mites y lograr la modernizaci&oacute;n del Estado. Estas normas deben reglamentarse en los plazos previstos, considerando que los textos legislativos y los plazos para su reglamentaci&oacute;n los ha establecido el propio Gobierno.<\/p>\n<p>Es de vital importancia que los reglamentos, en especial de la nueva Ley de MYPEs se expidan en el m&aacute;s corto plazo, recomienda la CCL.<\/div>\n<p>&nbsp;<\/p>\n<div align=\"center\"><strong>Reglamentos publicados<\/strong><\/div>\n<p>&nbsp;<\/p>\n<div align=\"justify\">De los 52 reglamentos para implementar el paquete legislativo aprobados por el Gobierno, a la fecha s&oacute;lo se han expedido los 09 reglamentos que a continuaci&oacute;n se indican:<\/p>\n<p>&#8211;&nbsp;&nbsp; &nbsp;Res. 261-2008-SUNAT: permite a los exportadores subsanar errores formales consignados en las DUAs de exportaci&oacute;n, previsto en el D. Leg. N&ordm; 1000.<\/p><\/div>\n<p align=\"justify\">&#8211;&nbsp;&nbsp; &nbsp;D.S. 013-2008-JUS: aprueba el TUO del Proceso Contencioso Administrativo, cuyas disposiciones fueron modificadas por el D. Leg. 1067.<\/p>\n<p align=\"justify\">&#8211;&nbsp;&nbsp; &nbsp;D.S. N&ordm; 014-2008-JUS: nuevo Reglamento de la Ley de Conciliaci&oacute;n, modificada por el D. Leg. 1070.<\/p>\n<p align=\"justify\">&#8211;&nbsp;&nbsp; &nbsp;D.S. 018-2008-AG: nuevo Reglamento de la Ley de Sanidad Agr&iacute;cola, aprobada por el D. Leg. N&ordm; 1059.<\/p>\n<p align=\"justify\">&#8211;&nbsp;&nbsp; &nbsp;D.S. 041-2008-EM: reglamenta el D. Leg. N&ordm; 1041, referido a los criterios de c&aacute;lculo y traslado de costos adicionales de gas natural.<\/p>\n<p align=\"justify\">&#8211;&nbsp;&nbsp; &nbsp;D.S. 053-2008-PCM: establece que hasta el 31 de octubre, las entidades p&uacute;blicas deben elaborar un inventario de software que usan, a fin de regularizar y\/o eliminar los que no cuentan con licencia.<\/p>\n<p align=\"justify\">&#8211;&nbsp;&nbsp; &nbsp;D.S. 027-2008-MTC: reglamenta la Ley del Sistema Portuario, de acuerdo a las modificaciones incorporadas por el D. Leg. N&ordm; 1022.<\/p>\n<p align=\"justify\">&#8211;&nbsp;&nbsp; &nbsp;Res. N&ordm; 018-2008-EF\/15.01: proyecto de reglamento de la Ley Marco de Asociaciones P&uacute;blico &ndash; Privadas para la generaci&oacute;n de Empleo Productivo&nbsp; y Normas para la Agilizaci&oacute;n de los Procesos de Promoci&oacute;n de la Inversi&oacute;n Privada.<\/p>\n<div align=\"justify\">&#8211;&nbsp;&nbsp; &nbsp;Res. N&ordm; 020-2008-CD\/OSIPTEL: Complementa el D. Leg. N&ordm; 1019 sobre el acceso a la infraestructura de los proveedores de servicios de telecomunicaciones.<\/div>\n<p>&nbsp;<\/p>\n<p> <!--more--> <\/p>\n<p>&nbsp;<\/p>\n<p align=\"center\"><strong>Reglamentos con plazo vencido<\/strong><\/p>\n<p>&nbsp;<\/p>\n<div align=\"justify\">13.06.08: reglamento del D. Leg. 994, referido a la promoci&oacute;n de las inversiones para ampliar la frontera agr&iacute;cola.<\/p>\n<p>13.06.08: reglamento del D. Leg. 996, sobre a la utilizaci&oacute;n de los fondos de los procesos de inversi&oacute;n en programas sociales.<\/p>\n<p>02.07.08: reglamento del D. Leg. 1007: uso de aguas desalinizadas para riego en tierras eriazas.<\/p>\n<p>08.07.08: SUNAT y la SBS debieron presentar el Plan de Racionalizaci&oacute;n y Ordenamiento de sus sedes institucionales.<\/p>\n<p>09.07.08: reglamento de la Ley de Miner&iacute;a, modificada por el D. Leg. 1010.<\/p>\n<p>21.07.08: reglamento de la Ley del Ministerio de Agricultura, D. Leg. 997.<\/p>\n<p>28.07.08: plazo para publicar el TUO de la Ley de Residuos S&oacute;lidos, conforme al D. Leg. 1065.<\/p>\n<p>30.07.08: reglamento del D. Leg. 1012, referido a la participaci&oacute;n del sector privado en la prestaci&oacute;n de servicios p&uacute;blicos.<br \/>&nbsp;<br \/>09.08.08: reglamento del D. Leg. 1020: promoci&oacute;n de las organizaciones de productores agrarios.<\/p>\n<p>&nbsp;27.08.08: reglamento del D. Leg. 1066: becas a favor de estudiantes de escasos recursos.<\/p>\n<p>&nbsp;27.08.08: reglamento del D. Leg. 1087: educaci&oacute;n para el aprovechamiento del TLC.<\/p>\n<p>28.08.08: reglamento del D. Leg. 1063: adquisici&oacute;n de bienes a trav&eacute;s de la Bolsa de Productos.<\/p>\n<p>28.08.08: reglamento del D. Leg. 1078: normas de evaluaci&oacute;n ambiental.<\/div>\n<div align=\"center\"><strong>&nbsp;<\/strong><\/div>\n<div align=\"center\"><strong>  Laboral<\/strong><\/div>\n<div align=\"center\">&nbsp;<\/div>\n<p>La CCL advierte que tambi&eacute;n han vencido los plazos para reglamentar los decretos legislativos 1038, 1057 y 1086, referidos a la Ley de Tercerizaci&oacute;n Laboral, Ley de Contrataci&oacute;n Administrativa de Servidores P&uacute;blicos y la Ley de Micro y Peque&ntilde;a Empresa, cuyo plazo de reglamentaci&oacute;n vencieron el 08 y 28 de agosto, respectivamente.<\/p>\n<div align=\"center\"><strong>Renta 2009<\/strong><\/div>\n<p>Otro reglamento pendiente de expedici&oacute;n es el referido al D. Leg. N&ordm; 972, publicado en marzo de 2007, que ha previsto cambios sustanciales en el IR 2009, en especial para las rentas de primera y segunda categor&iacute;a (ganancias de capital) y que &#8211; a pesar de haber transcurrido 17 meses a la fecha &#8211; no se ha reglamentado.<\/p>\n<p>Los contribuyentes esperan una pronta reglamentaci&oacute;n del D. Leg. N&ordm; 972, pues deben de conocer con certeza sus nuevas obligaciones fiscales que tendr&aacute;n a partir del 01 de enero de 2009, puntualiza el gremio empresarial.<\/p>\n<p><!--[if gte mso 9]><xml>  <w:WordDocument>   <w:View>Normal<\/w:View>   <w:Zoom>0<\/w:Zoom>   <w:HyphenationZone>21<\/w:HyphenationZone>   <w:PunctuationKerning\/>   <w:ValidateAgainstSchemas\/>   <w:SaveIfXMLInvalid>false<\/w:SaveIfXMLInvalid>   <w:IgnoreMixedContent>false<\/w:IgnoreMixedContent>   <w:AlwaysShowPlaceholderText>false<\/w:AlwaysShowPlaceholderText>   <w:Compatibility>    <w:BreakWrappedTables\/>    <w:SnapToGridInCell\/>    <w:WrapTextWithPunct\/>    <w:UseAsianBreakRules\/>    <w:DontGrowAutofit\/>   <\/w:Compatibility>   <w:BrowserLevel>MicrosoftInternetExplorer4<\/w:BrowserLevel>  <\/w:WordDocument> <\/xml><![endif]--><!--[if gte mso 9]><xml>  <w:LatentStyles DefLockedState=\"false\" LatentStyleCount=\"156\">   <w:LsdException Locked=\"false\" Name=\"Default Paragraph Font\"\/>  <\/w:LatentStyles> <\/xml><![endif]--><!--[if !mso]>\n\n<div   classid=\"clsid:38481807-CA0E-42D2-BF39-B33AF135CC4D\" id=ieooui><\/div>\n\n \n\n<style> st1\\:*{behavior:url(#ieooui) } <\/style>\n\n <![endif]--> <!--  \/* Font Definitions *\/  @font-face \t{font-family:Tahoma; \tpanose-1:2 11 6 4 3 5 4 4 2 4; \tmso-font-charset:0; \tmso-generic-font-family:swiss; \tmso-font-pitch:variable; \tmso-font-signature:1627421319 -2147483648 8 0 66047 0;} @font-face \t{font-family:Calibri; \tpanose-1:2 15 5 2 2 2 4 3 2 4; \tmso-font-charset:0; \tmso-generic-font-family:swiss; \tmso-font-pitch:variable; \tmso-font-signature:-1610611985 1073750139 0 0 159 0;}  \/* Style Definitions *\/  p.MsoNormal, li.MsoNormal, div.MsoNormal \t{mso-style-parent:\"\"; \tmargin:0cm; \tmargin-bottom:.0001pt; \tmso-pagination:widow-orphan; \tfont-size:12.0pt; \tfont-family:\"Times New Roman\"; \tmso-fareast-font-family:Calibri;} p.CharCharCarCarCarCarCarCarCarCar3Car, li.CharCharCarCarCarCarCarCarCarCar3Car, div.CharCharCarCarCarCarCarCarCarCar3Car \t{mso-style-name:\" Char Char Car Car Car Car Car Car Car Car3 Car\"; \tmso-style-link:\"Fuente de p\n<\/p>\n","protected":false},"excerpt":{"rendered":"<p>&nbsp; La C&aacute;mara de Comercio de Lima informa que, de los 92 decretos legislativos aprobados por el Poder Ejecutivo para implementar el TLC con Estados Unidos y, a la vez, modernizar el Estado y mejorar la competitividad empresarial, 52 decretos requieren de reglamentaci&oacute;n para su aplicaci&oacute;n y puesta en vigencia. &nbsp; S&oacute;lo el 17% de [&hellip;]<\/p>\n","protected":false},"author":1,"featured_media":0,"comment_status":"open","ping_status":"open","sticky":false,"template":"","format":"standard","meta":{"tdm_status":"","tdm_grid_status":"","footnotes":""},"categories":[33],"tags":[],"class_list":{"0":"post-432","1":"post","2":"type-post","3":"status-publish","4":"format-standard","6":"category-economia"},"yoast_head":"<!-- This site is optimized with the Yoast SEO plugin v25.1 - https:\/\/yoast.com\/wordpress\/plugins\/seo\/ -->\n<title>CCL: S<\/title>\n<meta name=\"description\" content=\"Portal de noticias del Per\u00fa sobre el transporte a\u00e9reo, aviaci\u00f3n, turismo, hoteleria, actualidad.\" \/>\n<meta name=\"robots\" content=\"index, follow, max-snippet:-1, max-image-preview:large, max-video-preview:-1\" \/>\n<link rel=\"canonical\" href=\"https:\/\/aeronoticias.com.pe\/noticiero\/economia\/ccl-so-el-17-de-normas-para-el-tlc-y-la-competitividad-se-han-reglamentado\/\" \/>\n<meta property=\"og:locale\" content=\"es_ES\" \/>\n<meta property=\"og:type\" content=\"article\" \/>\n<meta property=\"og:title\" content=\"CCL: S\" \/>\n<meta property=\"og:description\" content=\"Portal de noticias del Per\u00fa sobre el transporte a\u00e9reo, aviaci\u00f3n, turismo, hoteleria, actualidad.\" \/>\n<meta property=\"og:url\" content=\"https:\/\/aeronoticias.com.pe\/noticiero\/economia\/ccl-so-el-17-de-normas-para-el-tlc-y-la-competitividad-se-han-reglamentado\/\" \/>\n<meta property=\"og:site_name\" content=\"Aeronoticias.com.pe\" \/>\n<meta property=\"article:publisher\" content=\"https:\/\/www.facebook.com\/Aeronoticias.com.pe\/\" \/>\n<meta property=\"article:published_time\" content=\"2008-09-08T11:09:39+00:00\" \/>\n<meta name=\"author\" content=\"Redacci\u00f3n Aeronoticias\" \/>\n<meta name=\"twitter:card\" content=\"summary_large_image\" \/>\n<meta name=\"twitter:creator\" content=\"@aeronoticias\" \/>\n<meta name=\"twitter:site\" content=\"@aeronoticias\" \/>\n<meta name=\"twitter:label1\" content=\"Escrito por\" \/>\n\t<meta name=\"twitter:data1\" content=\"Redacci\u00f3n Aeronoticias\" \/>\n\t<meta name=\"twitter:label2\" content=\"Tiempo de lectura\" \/>\n\t<meta name=\"twitter:data2\" content=\"5 minutos\" \/>\n<script type=\"application\/ld+json\" class=\"yoast-schema-graph\">{\"@context\":\"https:\/\/schema.org\",\"@graph\":[{\"@type\":\"WebPage\",\"@id\":\"https:\/\/aeronoticias.com.pe\/noticiero\/economia\/ccl-so-el-17-de-normas-para-el-tlc-y-la-competitividad-se-han-reglamentado\/\",\"url\":\"https:\/\/aeronoticias.com.pe\/noticiero\/economia\/ccl-so-el-17-de-normas-para-el-tlc-y-la-competitividad-se-han-reglamentado\/\",\"name\":\"CCL: S\",\"isPartOf\":{\"@id\":\"https:\/\/aeronoticias.com.pe\/noticiero\/#website\"},\"datePublished\":\"2008-09-08T11:09:39+00:00\",\"author\":{\"@id\":\"https:\/\/aeronoticias.com.pe\/noticiero\/#\/schema\/person\/fc1e5d578f4b62ba1cf7ac2bba1170a0\"},\"description\":\"Portal de noticias del Per\u00fa sobre el transporte a\u00e9reo, aviaci\u00f3n, turismo, hoteleria, actualidad.\",\"breadcrumb\":{\"@id\":\"https:\/\/aeronoticias.com.pe\/noticiero\/economia\/ccl-so-el-17-de-normas-para-el-tlc-y-la-competitividad-se-han-reglamentado\/#breadcrumb\"},\"inLanguage\":\"es\",\"potentialAction\":[{\"@type\":\"ReadAction\",\"target\":[\"https:\/\/aeronoticias.com.pe\/noticiero\/economia\/ccl-so-el-17-de-normas-para-el-tlc-y-la-competitividad-se-han-reglamentado\/\"]}]},{\"@type\":\"BreadcrumbList\",\"@id\":\"https:\/\/aeronoticias.com.pe\/noticiero\/economia\/ccl-so-el-17-de-normas-para-el-tlc-y-la-competitividad-se-han-reglamentado\/#breadcrumb\",\"itemListElement\":[{\"@type\":\"ListItem\",\"position\":1,\"name\":\"Portada\",\"item\":\"https:\/\/aeronoticias.com.pe\/noticiero\/\"},{\"@type\":\"ListItem\",\"position\":2,\"name\":\"CCL: S\"}]},{\"@type\":\"WebSite\",\"@id\":\"https:\/\/aeronoticias.com.pe\/noticiero\/#website\",\"url\":\"https:\/\/aeronoticias.com.pe\/noticiero\/\",\"name\":\"Aeronoticias.com.pe\",\"description\":\"Noticias de tranporte aereo, turismo, hoteles, gastronomia, actualidad, internacional\",\"potentialAction\":[{\"@type\":\"SearchAction\",\"target\":{\"@type\":\"EntryPoint\",\"urlTemplate\":\"https:\/\/aeronoticias.com.pe\/noticiero\/?s={search_term_string}\"},\"query-input\":{\"@type\":\"PropertyValueSpecification\",\"valueRequired\":true,\"valueName\":\"search_term_string\"}}],\"inLanguage\":\"es\"},{\"@type\":\"Person\",\"@id\":\"https:\/\/aeronoticias.com.pe\/noticiero\/#\/schema\/person\/fc1e5d578f4b62ba1cf7ac2bba1170a0\",\"name\":\"Redacci\u00f3n Aeronoticias\",\"url\":\"https:\/\/aeronoticias.com.pe\/noticiero\/author\/piloto\/\"}]}<\/script>\n<!-- \/ Yoast SEO plugin. -->","yoast_head_json":{"title":"CCL: S","description":"Portal de noticias del Per\u00fa sobre el transporte a\u00e9reo, aviaci\u00f3n, turismo, hoteleria, actualidad.","robots":{"index":"index","follow":"follow","max-snippet":"max-snippet:-1","max-image-preview":"max-image-preview:large","max-video-preview":"max-video-preview:-1"},"canonical":"https:\/\/aeronoticias.com.pe\/noticiero\/economia\/ccl-so-el-17-de-normas-para-el-tlc-y-la-competitividad-se-han-reglamentado\/","og_locale":"es_ES","og_type":"article","og_title":"CCL: S","og_description":"Portal de noticias del Per\u00fa sobre el transporte a\u00e9reo, aviaci\u00f3n, turismo, hoteleria, actualidad.","og_url":"https:\/\/aeronoticias.com.pe\/noticiero\/economia\/ccl-so-el-17-de-normas-para-el-tlc-y-la-competitividad-se-han-reglamentado\/","og_site_name":"Aeronoticias.com.pe","article_publisher":"https:\/\/www.facebook.com\/Aeronoticias.com.pe\/","article_published_time":"2008-09-08T11:09:39+00:00","author":"Redacci\u00f3n Aeronoticias","twitter_card":"summary_large_image","twitter_creator":"@aeronoticias","twitter_site":"@aeronoticias","twitter_misc":{"Escrito por":"Redacci\u00f3n Aeronoticias","Tiempo de lectura":"5 minutos"},"schema":{"@context":"https:\/\/schema.org","@graph":[{"@type":"WebPage","@id":"https:\/\/aeronoticias.com.pe\/noticiero\/economia\/ccl-so-el-17-de-normas-para-el-tlc-y-la-competitividad-se-han-reglamentado\/","url":"https:\/\/aeronoticias.com.pe\/noticiero\/economia\/ccl-so-el-17-de-normas-para-el-tlc-y-la-competitividad-se-han-reglamentado\/","name":"CCL: S","isPartOf":{"@id":"https:\/\/aeronoticias.com.pe\/noticiero\/#website"},"datePublished":"2008-09-08T11:09:39+00:00","author":{"@id":"https:\/\/aeronoticias.com.pe\/noticiero\/#\/schema\/person\/fc1e5d578f4b62ba1cf7ac2bba1170a0"},"description":"Portal de noticias del Per\u00fa sobre el transporte a\u00e9reo, aviaci\u00f3n, turismo, hoteleria, actualidad.","breadcrumb":{"@id":"https:\/\/aeronoticias.com.pe\/noticiero\/economia\/ccl-so-el-17-de-normas-para-el-tlc-y-la-competitividad-se-han-reglamentado\/#breadcrumb"},"inLanguage":"es","potentialAction":[{"@type":"ReadAction","target":["https:\/\/aeronoticias.com.pe\/noticiero\/economia\/ccl-so-el-17-de-normas-para-el-tlc-y-la-competitividad-se-han-reglamentado\/"]}]},{"@type":"BreadcrumbList","@id":"https:\/\/aeronoticias.com.pe\/noticiero\/economia\/ccl-so-el-17-de-normas-para-el-tlc-y-la-competitividad-se-han-reglamentado\/#breadcrumb","itemListElement":[{"@type":"ListItem","position":1,"name":"Portada","item":"https:\/\/aeronoticias.com.pe\/noticiero\/"},{"@type":"ListItem","position":2,"name":"CCL: S"}]},{"@type":"WebSite","@id":"https:\/\/aeronoticias.com.pe\/noticiero\/#website","url":"https:\/\/aeronoticias.com.pe\/noticiero\/","name":"Aeronoticias.com.pe","description":"Noticias de tranporte aereo, turismo, hoteles, gastronomia, actualidad, internacional","potentialAction":[{"@type":"SearchAction","target":{"@type":"EntryPoint","urlTemplate":"https:\/\/aeronoticias.com.pe\/noticiero\/?s={search_term_string}"},"query-input":{"@type":"PropertyValueSpecification","valueRequired":true,"valueName":"search_term_string"}}],"inLanguage":"es"},{"@type":"Person","@id":"https:\/\/aeronoticias.com.pe\/noticiero\/#\/schema\/person\/fc1e5d578f4b62ba1cf7ac2bba1170a0","name":"Redacci\u00f3n Aeronoticias","url":"https:\/\/aeronoticias.com.pe\/noticiero\/author\/piloto\/"}]}},"_links":{"self":[{"href":"https:\/\/aeronoticias.com.pe\/noticiero\/wp-json\/wp\/v2\/posts\/432","targetHints":{"allow":["GET"]}}],"collection":[{"href":"https:\/\/aeronoticias.com.pe\/noticiero\/wp-json\/wp\/v2\/posts"}],"about":[{"href":"https:\/\/aeronoticias.com.pe\/noticiero\/wp-json\/wp\/v2\/types\/post"}],"author":[{"embeddable":true,"href":"https:\/\/aeronoticias.com.pe\/noticiero\/wp-json\/wp\/v2\/users\/1"}],"replies":[{"embeddable":true,"href":"https:\/\/aeronoticias.com.pe\/noticiero\/wp-json\/wp\/v2\/comments?post=432"}],"version-history":[{"count":0,"href":"https:\/\/aeronoticias.com.pe\/noticiero\/wp-json\/wp\/v2\/posts\/432\/revisions"}],"wp:attachment":[{"href":"https:\/\/aeronoticias.com.pe\/noticiero\/wp-json\/wp\/v2\/media?parent=432"}],"wp:term":[{"taxonomy":"category","embeddable":true,"href":"https:\/\/aeronoticias.com.pe\/noticiero\/wp-json\/wp\/v2\/categories?post=432"},{"taxonomy":"post_tag","embeddable":true,"href":"https:\/\/aeronoticias.com.pe\/noticiero\/wp-json\/wp\/v2\/tags?post=432"}],"curies":[{"name":"wp","href":"https:\/\/api.w.org\/{rel}","templated":true}]}}