{"id":43221,"date":"2014-01-29T21:57:06","date_gmt":"2014-01-29T21:57:06","guid":{"rendered":"http:\/\/desarrollo.mcvicious.com\/aero2020\/2014\/01\/29\/un-maestro-irani-se-rapa-la-cabeza-en-solidaridad-con-un-alumno-enfermo\/"},"modified":"2014-01-29T21:57:06","modified_gmt":"2014-01-29T21:57:06","slug":"un-maestro-irani-se-rapa-la-cabeza-en-solidaridad-con-un-alumno-enfermo","status":"publish","type":"post","link":"https:\/\/aeronoticias.com.pe\/noticiero\/internacionales\/un-maestro-irani-se-rapa-la-cabeza-en-solidaridad-con-un-alumno-enfermo\/","title":{"rendered":"Un maestro iran\u00ed se rapa la cabeza en solidaridad con un alumno enfermo"},"content":{"rendered":"<p style=\"text-align: justify;\"><strong><img decoding=\"async\" src=\"images\/stories\/14\/01\/290114\/a20.jpg\" border=\"0\" \/><\/strong><\/p>\n<p style=\"text-align: justify;\"><strong>(Aeronoticias).<\/strong>&#8211; <em>El gesto del maestro iran\u00ed Ali Mohammadian, de 45 a\u00f1os, que fue imitado por la clase de m\u00e1s de 20 alumnos, detuvo el acoso escolar contra un ni\u00f1o que se hab\u00eda quedado sin pelo por una enfermedad.<\/em><\/p>\n<p style=\"text-align: justify;\">Ali Mohammadian, maestro iran\u00ed con 23 a\u00f1os de experiencia escolar, se dio cuenta de que uno de sus alumnos, Mahan Rahimi, de 8 a\u00f1os, era v\u00edctima de acoso escolar debido a su calvicie: el ni\u00f1o perdi\u00f3 el pelo como resultado de una enfermedad. Como gesto de solidaridad, el educador se rap\u00f3 la cabeza, lo cual fue imitado por otros alumnos y el acoso ces\u00f3.<\/p>\n<p style=\"text-align: justify;\">Ahora Mohammadian, que ense\u00f1a en la escuela de Marivan (una ciudad kurda en el oeste de Ir\u00e1n), se ha convertido en un h\u00e9roe nacional: su acci\u00f3n de apoyo fue reconocida por el presidente iran\u00ed, Has\u00e1n Rohan\u00ed, y el Gobierno ofreci\u00f3 ayuda financiera para el tratamiento del ni\u00f1o.<\/p>\n<p style=\"text-align: justify;\">\u00abEstoy muy feliz de que esto haya tocado el coraz\u00f3n de muchas personas y que hayan reaccionado tan positivamente. Ahora todos en la escuela quieren raparse la cabeza\u00bb, confes\u00f3 el maestro al peri\u00f3dico &#8216;The Guardian&#8217;.<\/p>\n<p style=\"text-align: justify;\">Los m\u00e9dicos del hospital de Teher\u00e1n est\u00e1n investigando la naturaleza de la enfermedad del ni\u00f1o, provocada, seg\u00fan dicen, por problemas inmunol\u00f3gicos. De acuerdo con el maestro, tambi\u00e9n enviaron muestras a Alemania para un posible diagn\u00f3stico.<\/p>\n<p style=\"text-align: justify;\">\u00a0<\/p>\n<p style=\"text-align: justify;\">Fuente:<strong><em> actualidad.rt<\/em><\/strong><\/p>\n<p style=\"text-align: justify;\">Foto: <strong><em>actualidad.rt<\/em><\/strong><\/p>\n<div style=\"text-align: justify;\"><\/div>\n<p style=\"text-align: justify;\">\u00a0<\/p>\n","protected":false},"excerpt":{"rendered":"<p>(Aeronoticias).&#8211; El gesto del maestro iran\u00ed Ali Mohammadian, de 45 a\u00f1os, que fue imitado por la clase de m\u00e1s de 20 alumnos, detuvo el acoso escolar contra un ni\u00f1o que se hab\u00eda quedado sin pelo por una enfermedad. Ali Mohammadian, maestro iran\u00ed con 23 a\u00f1os de experiencia escolar, se dio cuenta de que uno de [&hellip;]<\/p>\n","protected":false},"author":1,"featured_media":0,"comment_status":"open","ping_status":"open","sticky":false,"template":"","format":"standard","meta":{"tdm_status":"","tdm_grid_status":"","footnotes":""},"categories":[34],"tags":[],"class_list":{"0":"post-43221","1":"post","2":"type-post","3":"status-publish","4":"format-standard","6":"category-internacionales"},"yoast_head":"<!-- This site is optimized with the Yoast SEO plugin v25.1 - https:\/\/yoast.com\/wordpress\/plugins\/seo\/ -->\n<title>Un maestro iran\u00ed se rapa la cabeza en solidaridad con un alumno enfermo<\/title>\n<meta name=\"description\" content=\"Portal de noticias del Per\u00fa sobre el transporte a\u00e9reo, aviaci\u00f3n, turismo, hoteleria, actualidad.\" \/>\n<meta name=\"robots\" content=\"index, follow, max-snippet:-1, max-image-preview:large, max-video-preview:-1\" \/>\n<link rel=\"canonical\" href=\"https:\/\/aeronoticias.com.pe\/noticiero\/internacionales\/un-maestro-irani-se-rapa-la-cabeza-en-solidaridad-con-un-alumno-enfermo\/\" \/>\n<meta property=\"og:locale\" content=\"es_ES\" \/>\n<meta property=\"og:type\" content=\"article\" \/>\n<meta property=\"og:title\" content=\"Un maestro iran\u00ed se rapa la cabeza en solidaridad con un alumno enfermo\" \/>\n<meta property=\"og:description\" content=\"Portal de noticias del Per\u00fa sobre el transporte a\u00e9reo, aviaci\u00f3n, turismo, hoteleria, actualidad.\" \/>\n<meta property=\"og:url\" content=\"https:\/\/aeronoticias.com.pe\/noticiero\/internacionales\/un-maestro-irani-se-rapa-la-cabeza-en-solidaridad-con-un-alumno-enfermo\/\" \/>\n<meta property=\"og:site_name\" content=\"Aeronoticias.com.pe\" \/>\n<meta property=\"article:publisher\" content=\"https:\/\/www.facebook.com\/Aeronoticias.com.pe\/\" \/>\n<meta property=\"article:published_time\" content=\"2014-01-29T21:57:06+00:00\" \/>\n<meta name=\"author\" content=\"Redacci\u00f3n Aeronoticias\" \/>\n<meta name=\"twitter:card\" content=\"summary_large_image\" \/>\n<meta name=\"twitter:creator\" content=\"@aeronoticias\" \/>\n<meta name=\"twitter:site\" content=\"@aeronoticias\" \/>\n<meta name=\"twitter:label1\" content=\"Escrito por\" \/>\n\t<meta name=\"twitter:data1\" content=\"Redacci\u00f3n Aeronoticias\" \/>\n\t<meta name=\"twitter:label2\" content=\"Tiempo de lectura\" \/>\n\t<meta name=\"twitter:data2\" content=\"1 minuto\" \/>\n<script type=\"application\/ld+json\" class=\"yoast-schema-graph\">{\"@context\":\"https:\/\/schema.org\",\"@graph\":[{\"@type\":\"WebPage\",\"@id\":\"https:\/\/aeronoticias.com.pe\/noticiero\/internacionales\/un-maestro-irani-se-rapa-la-cabeza-en-solidaridad-con-un-alumno-enfermo\/\",\"url\":\"https:\/\/aeronoticias.com.pe\/noticiero\/internacionales\/un-maestro-irani-se-rapa-la-cabeza-en-solidaridad-con-un-alumno-enfermo\/\",\"name\":\"Un maestro iran\u00ed se rapa la cabeza en solidaridad con un alumno enfermo\",\"isPartOf\":{\"@id\":\"https:\/\/aeronoticias.com.pe\/noticiero\/#website\"},\"datePublished\":\"2014-01-29T21:57:06+00:00\",\"author\":{\"@id\":\"https:\/\/aeronoticias.com.pe\/noticiero\/#\/schema\/person\/fc1e5d578f4b62ba1cf7ac2bba1170a0\"},\"description\":\"Portal de noticias del Per\u00fa sobre el transporte a\u00e9reo, aviaci\u00f3n, turismo, hoteleria, actualidad.\",\"breadcrumb\":{\"@id\":\"https:\/\/aeronoticias.com.pe\/noticiero\/internacionales\/un-maestro-irani-se-rapa-la-cabeza-en-solidaridad-con-un-alumno-enfermo\/#breadcrumb\"},\"inLanguage\":\"es\",\"potentialAction\":[{\"@type\":\"ReadAction\",\"target\":[\"https:\/\/aeronoticias.com.pe\/noticiero\/internacionales\/un-maestro-irani-se-rapa-la-cabeza-en-solidaridad-con-un-alumno-enfermo\/\"]}]},{\"@type\":\"BreadcrumbList\",\"@id\":\"https:\/\/aeronoticias.com.pe\/noticiero\/internacionales\/un-maestro-irani-se-rapa-la-cabeza-en-solidaridad-con-un-alumno-enfermo\/#breadcrumb\",\"itemListElement\":[{\"@type\":\"ListItem\",\"position\":1,\"name\":\"Portada\",\"item\":\"https:\/\/aeronoticias.com.pe\/noticiero\/\"},{\"@type\":\"ListItem\",\"position\":2,\"name\":\"Un maestro iran\u00ed se rapa la cabeza en solidaridad con un alumno enfermo\"}]},{\"@type\":\"WebSite\",\"@id\":\"https:\/\/aeronoticias.com.pe\/noticiero\/#website\",\"url\":\"https:\/\/aeronoticias.com.pe\/noticiero\/\",\"name\":\"Aeronoticias.com.pe\",\"description\":\"Noticias de tranporte aereo, turismo, hoteles, gastronomia, actualidad, internacional\",\"potentialAction\":[{\"@type\":\"SearchAction\",\"target\":{\"@type\":\"EntryPoint\",\"urlTemplate\":\"https:\/\/aeronoticias.com.pe\/noticiero\/?s={search_term_string}\"},\"query-input\":{\"@type\":\"PropertyValueSpecification\",\"valueRequired\":true,\"valueName\":\"search_term_string\"}}],\"inLanguage\":\"es\"},{\"@type\":\"Person\",\"@id\":\"https:\/\/aeronoticias.com.pe\/noticiero\/#\/schema\/person\/fc1e5d578f4b62ba1cf7ac2bba1170a0\",\"name\":\"Redacci\u00f3n Aeronoticias\",\"url\":\"https:\/\/aeronoticias.com.pe\/noticiero\/author\/piloto\/\"}]}<\/script>\n<!-- \/ Yoast SEO plugin. -->","yoast_head_json":{"title":"Un maestro iran\u00ed se rapa la cabeza en solidaridad con un alumno enfermo","description":"Portal de noticias del Per\u00fa sobre el transporte a\u00e9reo, aviaci\u00f3n, turismo, hoteleria, actualidad.","robots":{"index":"index","follow":"follow","max-snippet":"max-snippet:-1","max-image-preview":"max-image-preview:large","max-video-preview":"max-video-preview:-1"},"canonical":"https:\/\/aeronoticias.com.pe\/noticiero\/internacionales\/un-maestro-irani-se-rapa-la-cabeza-en-solidaridad-con-un-alumno-enfermo\/","og_locale":"es_ES","og_type":"article","og_title":"Un maestro iran\u00ed se rapa la cabeza en solidaridad con un alumno enfermo","og_description":"Portal de noticias del Per\u00fa sobre el transporte a\u00e9reo, aviaci\u00f3n, turismo, hoteleria, actualidad.","og_url":"https:\/\/aeronoticias.com.pe\/noticiero\/internacionales\/un-maestro-irani-se-rapa-la-cabeza-en-solidaridad-con-un-alumno-enfermo\/","og_site_name":"Aeronoticias.com.pe","article_publisher":"https:\/\/www.facebook.com\/Aeronoticias.com.pe\/","article_published_time":"2014-01-29T21:57:06+00:00","author":"Redacci\u00f3n Aeronoticias","twitter_card":"summary_large_image","twitter_creator":"@aeronoticias","twitter_site":"@aeronoticias","twitter_misc":{"Escrito por":"Redacci\u00f3n Aeronoticias","Tiempo de lectura":"1 minuto"},"schema":{"@context":"https:\/\/schema.org","@graph":[{"@type":"WebPage","@id":"https:\/\/aeronoticias.com.pe\/noticiero\/internacionales\/un-maestro-irani-se-rapa-la-cabeza-en-solidaridad-con-un-alumno-enfermo\/","url":"https:\/\/aeronoticias.com.pe\/noticiero\/internacionales\/un-maestro-irani-se-rapa-la-cabeza-en-solidaridad-con-un-alumno-enfermo\/","name":"Un maestro iran\u00ed se rapa la cabeza en solidaridad con un alumno enfermo","isPartOf":{"@id":"https:\/\/aeronoticias.com.pe\/noticiero\/#website"},"datePublished":"2014-01-29T21:57:06+00:00","author":{"@id":"https:\/\/aeronoticias.com.pe\/noticiero\/#\/schema\/person\/fc1e5d578f4b62ba1cf7ac2bba1170a0"},"description":"Portal de noticias del Per\u00fa sobre el transporte a\u00e9reo, aviaci\u00f3n, turismo, hoteleria, actualidad.","breadcrumb":{"@id":"https:\/\/aeronoticias.com.pe\/noticiero\/internacionales\/un-maestro-irani-se-rapa-la-cabeza-en-solidaridad-con-un-alumno-enfermo\/#breadcrumb"},"inLanguage":"es","potentialAction":[{"@type":"ReadAction","target":["https:\/\/aeronoticias.com.pe\/noticiero\/internacionales\/un-maestro-irani-se-rapa-la-cabeza-en-solidaridad-con-un-alumno-enfermo\/"]}]},{"@type":"BreadcrumbList","@id":"https:\/\/aeronoticias.com.pe\/noticiero\/internacionales\/un-maestro-irani-se-rapa-la-cabeza-en-solidaridad-con-un-alumno-enfermo\/#breadcrumb","itemListElement":[{"@type":"ListItem","position":1,"name":"Portada","item":"https:\/\/aeronoticias.com.pe\/noticiero\/"},{"@type":"ListItem","position":2,"name":"Un maestro iran\u00ed se rapa la cabeza en solidaridad con un alumno enfermo"}]},{"@type":"WebSite","@id":"https:\/\/aeronoticias.com.pe\/noticiero\/#website","url":"https:\/\/aeronoticias.com.pe\/noticiero\/","name":"Aeronoticias.com.pe","description":"Noticias de tranporte aereo, turismo, hoteles, gastronomia, actualidad, internacional","potentialAction":[{"@type":"SearchAction","target":{"@type":"EntryPoint","urlTemplate":"https:\/\/aeronoticias.com.pe\/noticiero\/?s={search_term_string}"},"query-input":{"@type":"PropertyValueSpecification","valueRequired":true,"valueName":"search_term_string"}}],"inLanguage":"es"},{"@type":"Person","@id":"https:\/\/aeronoticias.com.pe\/noticiero\/#\/schema\/person\/fc1e5d578f4b62ba1cf7ac2bba1170a0","name":"Redacci\u00f3n Aeronoticias","url":"https:\/\/aeronoticias.com.pe\/noticiero\/author\/piloto\/"}]}},"_links":{"self":[{"href":"https:\/\/aeronoticias.com.pe\/noticiero\/wp-json\/wp\/v2\/posts\/43221","targetHints":{"allow":["GET"]}}],"collection":[{"href":"https:\/\/aeronoticias.com.pe\/noticiero\/wp-json\/wp\/v2\/posts"}],"about":[{"href":"https:\/\/aeronoticias.com.pe\/noticiero\/wp-json\/wp\/v2\/types\/post"}],"author":[{"embeddable":true,"href":"https:\/\/aeronoticias.com.pe\/noticiero\/wp-json\/wp\/v2\/users\/1"}],"replies":[{"embeddable":true,"href":"https:\/\/aeronoticias.com.pe\/noticiero\/wp-json\/wp\/v2\/comments?post=43221"}],"version-history":[{"count":0,"href":"https:\/\/aeronoticias.com.pe\/noticiero\/wp-json\/wp\/v2\/posts\/43221\/revisions"}],"wp:attachment":[{"href":"https:\/\/aeronoticias.com.pe\/noticiero\/wp-json\/wp\/v2\/media?parent=43221"}],"wp:term":[{"taxonomy":"category","embeddable":true,"href":"https:\/\/aeronoticias.com.pe\/noticiero\/wp-json\/wp\/v2\/categories?post=43221"},{"taxonomy":"post_tag","embeddable":true,"href":"https:\/\/aeronoticias.com.pe\/noticiero\/wp-json\/wp\/v2\/tags?post=43221"}],"curies":[{"name":"wp","href":"https:\/\/api.w.org\/{rel}","templated":true}]}}