{"id":43222,"date":"2014-01-30T13:34:10","date_gmt":"2014-01-30T13:34:10","guid":{"rendered":"http:\/\/desarrollo.mcvicious.com\/aero2020\/2014\/01\/30\/madrid-defensa-baraja-comprar-otro-avion-tras-la-averia-del-airbus\/"},"modified":"2014-01-30T13:34:10","modified_gmt":"2014-01-30T13:34:10","slug":"madrid-defensa-baraja-comprar-otro-avion-tras-la-averia-del-airbus","status":"publish","type":"post","link":"https:\/\/aeronoticias.com.pe\/noticiero\/transporte-aereo\/internacional\/madrid-defensa-baraja-comprar-otro-avion-tras-la-averia-del-airbus\/","title":{"rendered":"Madrid: Defensa baraja comprar otro avi\u00f3n tras la aver\u00eda del Airbus"},"content":{"rendered":"<p style=\"text-align: justify;\"><img decoding=\"async\" src=\"images\/stories\/14\/01\/290114\/100a.jpg\" border=\"0\" \/><\/p>\n<p style=\"text-align: justify;\"><strong>(Aeronoticias).<\/strong>&#8211; <em>El Ministerio de Defensa baraja la opci\u00f3n de comprar un avi\u00f3n que se sumar\u00eda a los otros dos que tiene actualmente (Airbus 310) para el transporte de autoridades porque entiende que \u00ablas rotaciones con tres aviones ser\u00edan m\u00e1s razonables\u00bb. <\/em><\/p>\n<p style=\"text-align: justify;\">El ministro de Defensa, Pedro Moren\u00e9s, en una entrevista concedida\u00a0<span style=\"line-height: 1.3em;\">a <a href=\"http:\/\/www.servimedia.es\/\" target=\"_blank\" rel=\"noopener noreferrer\"><strong>Servimedia<\/strong><\/a>, apunt\u00f3 que habr\u00eda que ver las \u00abposibilidades\u00bb que tiene el Gobierno \u00aben este momento\u00bb, si bien no se tratar\u00eda de una compra inmediata, sino del estudio de futura una nueva adquisici\u00f3n. Moren\u00e9s respond\u00eda as\u00ed cuando fue preguntado por las dos aver\u00edas que ha sufrido el Airbus 310 de la 45 Grupo de la Fuerza A\u00e9rea en los \u00faltimos meses, la \u00faltima registrada el pasado domingo durante el viaje oficial del Pr\u00edncipe de Asturias a Honduras. <\/span><\/p>\n<p style=\"text-align: justify;\"><span style=\"line-height: 1.3em;\">Actualmente, Espa\u00f1a cuenta con dos aviones Airbus 310 (capacidad para transportar 66 personas) y cinco Falcon 900 (para 14 pasajeros) que se dedican al transporte de personal, sobre todo de autoridades del Estado El titular de Defensa destac\u00f3 que los dos aviones grandes est\u00e1n \u00aben mitad de su vida operativa\u00bb y que en estos aparatos siempre \u00abhay un proceso de sustituci\u00f3n\u00bb. Por ello, indic\u00f3 que \u00absi tuvi\u00e9semos que hacer algo\u00bb con estos aparatos ser\u00eda \u00abno tanto de sustituirlo como de tener alguno m\u00e1s\u00bb. No obstante, el ministro aclar\u00f3 que \u00ablo que no puede ser es reaccionar a una circunstancia como \u00e9sta que ha ocurrido (aver\u00eda)\u00bb, ya que, a su juicio, la incidencia que sufri\u00f3 el avi\u00f3n est\u00e1 \u00abdentro de los par\u00e1metros del mantenimiento absolutamente normales\u00bb. <\/span><\/p>\n<p style=\"text-align: justify;\"><span style=\"line-height: 1.3em;\">En este sentido, record\u00f3 que el d\u00eda que se estrope\u00f3 el avi\u00f3n de don Felipe, el 45 Grupo ten\u00eda operativos en el aire los siete aviones de transporte, lo cual supone un \u00ab<\/span>r\u00e9cord<span style=\"line-height: 1.3em;\"> desde el punto de vista de la eficiencia\u00bb. Agreg\u00f3 que estos aparatos sufren \u00abpermanentemente\u00bb renovaciones internas. El Ministerio de Defensa ha encargado a la compa\u00f1\u00eda fabricante EADS que se revisen los procedimientos de mantenimiento de los aparatos. Si este an\u00e1lisis, dijo Moren\u00e9s, \u00abnos diese que los procesos se pueden mejorar, no por este incidente sino por la marcha normal de que tenemos que ir renovando, estudiar\u00edamos nuevas plataformas para el Ej\u00e9rcito del Aire\u00bb. <\/span><\/p>\n<p style=\"text-align: justify;\"><span style=\"line-height: 1.3em;\">El titular de Defensa subray\u00f3 que lo ocurrido no tienen nada que ver con un accidente de aviaci\u00f3n por lo que abog\u00f3 por \u00abponer las cosas en su sitio y tratar de entender los problemas en su justa dimensi\u00f3n <\/span><span style=\"line-height: 1.3em;\">y as\u00ed buscar las soluciones medidas y precisas\u00bb. Por \u00faltimo, Moren\u00e9s asegur\u00f3 que \u00abde ninguna manera\u00bb la Casa Real ha manifestado queja alguna por lo ocurrido y que el Pr\u00edncipe mostr\u00f3 una \u00abtotal, como es natural y porque tambi\u00e9n es piloto, absoluta compresi\u00f3n por este asunto\u00bb. \u00abLas cosas hay que arreglarlas, este es un problema importante y lo vamos a arreglar, pero la dimensi\u00f3n y los problemas importantes que tenemos, y me limito a Defensa, no son precisamente estos\u00bb, concluy\u00f3.<\/span><\/p>\n<p style=\"text-align: justify;\">\u00a0<\/p>\n<p style=\"text-align: justify;\">Fuente:<strong><em> larazon.es<\/em><\/strong><\/p>\n<p style=\"text-align: justify;\">Foto: <strong><em>www.belt.es<\/em><\/strong><\/p>\n<div><\/div>\n","protected":false},"excerpt":{"rendered":"<p>(Aeronoticias).&#8211; El Ministerio de Defensa baraja la opci\u00f3n de comprar un avi\u00f3n que se sumar\u00eda a los otros dos que tiene actualmente (Airbus 310) para el transporte de autoridades porque entiende que \u00ablas rotaciones con tres aviones ser\u00edan m\u00e1s razonables\u00bb. El ministro de Defensa, Pedro Moren\u00e9s, en una entrevista concedida\u00a0a Servimedia, apunt\u00f3 que habr\u00eda que [&hellip;]<\/p>\n","protected":false},"author":1,"featured_media":0,"comment_status":"open","ping_status":"open","sticky":false,"template":"","format":"standard","meta":{"tdm_status":"","tdm_grid_status":"","footnotes":""},"categories":[32],"tags":[],"class_list":{"0":"post-43222","1":"post","2":"type-post","3":"status-publish","4":"format-standard","6":"category-internacional"},"yoast_head":"<!-- This site is optimized with the Yoast SEO plugin v25.1 - https:\/\/yoast.com\/wordpress\/plugins\/seo\/ -->\n<title>Madrid: Defensa baraja comprar otro avi\u00f3n tras la aver\u00eda del Airbus<\/title>\n<meta name=\"description\" content=\"Portal de noticias del Per\u00fa sobre el transporte a\u00e9reo, aviaci\u00f3n, turismo, hoteleria, actualidad.\" \/>\n<meta name=\"robots\" content=\"index, follow, max-snippet:-1, max-image-preview:large, max-video-preview:-1\" \/>\n<link rel=\"canonical\" href=\"https:\/\/aeronoticias.com.pe\/noticiero\/transporte-aereo\/internacional\/madrid-defensa-baraja-comprar-otro-avion-tras-la-averia-del-airbus\/\" \/>\n<meta property=\"og:locale\" content=\"es_ES\" \/>\n<meta property=\"og:type\" content=\"article\" \/>\n<meta property=\"og:title\" content=\"Madrid: Defensa baraja comprar otro avi\u00f3n tras la aver\u00eda del Airbus\" \/>\n<meta property=\"og:description\" content=\"Portal de noticias del Per\u00fa sobre el transporte a\u00e9reo, aviaci\u00f3n, turismo, hoteleria, actualidad.\" \/>\n<meta property=\"og:url\" content=\"https:\/\/aeronoticias.com.pe\/noticiero\/transporte-aereo\/internacional\/madrid-defensa-baraja-comprar-otro-avion-tras-la-averia-del-airbus\/\" \/>\n<meta property=\"og:site_name\" content=\"Aeronoticias.com.pe\" \/>\n<meta property=\"article:publisher\" content=\"https:\/\/www.facebook.com\/Aeronoticias.com.pe\/\" \/>\n<meta property=\"article:published_time\" content=\"2014-01-30T13:34:10+00:00\" \/>\n<meta name=\"author\" content=\"Redacci\u00f3n Aeronoticias\" \/>\n<meta name=\"twitter:card\" content=\"summary_large_image\" \/>\n<meta name=\"twitter:creator\" content=\"@aeronoticias\" \/>\n<meta name=\"twitter:site\" content=\"@aeronoticias\" \/>\n<meta name=\"twitter:label1\" content=\"Escrito por\" \/>\n\t<meta name=\"twitter:data1\" content=\"Redacci\u00f3n Aeronoticias\" \/>\n\t<meta name=\"twitter:label2\" content=\"Tiempo de lectura\" \/>\n\t<meta name=\"twitter:data2\" content=\"3 minutos\" \/>\n<script type=\"application\/ld+json\" class=\"yoast-schema-graph\">{\"@context\":\"https:\/\/schema.org\",\"@graph\":[{\"@type\":\"WebPage\",\"@id\":\"https:\/\/aeronoticias.com.pe\/noticiero\/transporte-aereo\/internacional\/madrid-defensa-baraja-comprar-otro-avion-tras-la-averia-del-airbus\/\",\"url\":\"https:\/\/aeronoticias.com.pe\/noticiero\/transporte-aereo\/internacional\/madrid-defensa-baraja-comprar-otro-avion-tras-la-averia-del-airbus\/\",\"name\":\"Madrid: Defensa baraja comprar otro avi\u00f3n tras la aver\u00eda del Airbus\",\"isPartOf\":{\"@id\":\"https:\/\/aeronoticias.com.pe\/noticiero\/#website\"},\"datePublished\":\"2014-01-30T13:34:10+00:00\",\"author\":{\"@id\":\"https:\/\/aeronoticias.com.pe\/noticiero\/#\/schema\/person\/fc1e5d578f4b62ba1cf7ac2bba1170a0\"},\"description\":\"Portal de noticias del Per\u00fa sobre el transporte a\u00e9reo, aviaci\u00f3n, turismo, hoteleria, actualidad.\",\"breadcrumb\":{\"@id\":\"https:\/\/aeronoticias.com.pe\/noticiero\/transporte-aereo\/internacional\/madrid-defensa-baraja-comprar-otro-avion-tras-la-averia-del-airbus\/#breadcrumb\"},\"inLanguage\":\"es\",\"potentialAction\":[{\"@type\":\"ReadAction\",\"target\":[\"https:\/\/aeronoticias.com.pe\/noticiero\/transporte-aereo\/internacional\/madrid-defensa-baraja-comprar-otro-avion-tras-la-averia-del-airbus\/\"]}]},{\"@type\":\"BreadcrumbList\",\"@id\":\"https:\/\/aeronoticias.com.pe\/noticiero\/transporte-aereo\/internacional\/madrid-defensa-baraja-comprar-otro-avion-tras-la-averia-del-airbus\/#breadcrumb\",\"itemListElement\":[{\"@type\":\"ListItem\",\"position\":1,\"name\":\"Portada\",\"item\":\"https:\/\/aeronoticias.com.pe\/noticiero\/\"},{\"@type\":\"ListItem\",\"position\":2,\"name\":\"Madrid: Defensa baraja comprar otro avi\u00f3n tras la aver\u00eda del Airbus\"}]},{\"@type\":\"WebSite\",\"@id\":\"https:\/\/aeronoticias.com.pe\/noticiero\/#website\",\"url\":\"https:\/\/aeronoticias.com.pe\/noticiero\/\",\"name\":\"Aeronoticias.com.pe\",\"description\":\"Noticias de tranporte aereo, turismo, hoteles, gastronomia, actualidad, internacional\",\"potentialAction\":[{\"@type\":\"SearchAction\",\"target\":{\"@type\":\"EntryPoint\",\"urlTemplate\":\"https:\/\/aeronoticias.com.pe\/noticiero\/?s={search_term_string}\"},\"query-input\":{\"@type\":\"PropertyValueSpecification\",\"valueRequired\":true,\"valueName\":\"search_term_string\"}}],\"inLanguage\":\"es\"},{\"@type\":\"Person\",\"@id\":\"https:\/\/aeronoticias.com.pe\/noticiero\/#\/schema\/person\/fc1e5d578f4b62ba1cf7ac2bba1170a0\",\"name\":\"Redacci\u00f3n Aeronoticias\",\"url\":\"https:\/\/aeronoticias.com.pe\/noticiero\/author\/piloto\/\"}]}<\/script>\n<!-- \/ Yoast SEO plugin. -->","yoast_head_json":{"title":"Madrid: Defensa baraja comprar otro avi\u00f3n tras la aver\u00eda del Airbus","description":"Portal de noticias del Per\u00fa sobre el transporte a\u00e9reo, aviaci\u00f3n, turismo, hoteleria, actualidad.","robots":{"index":"index","follow":"follow","max-snippet":"max-snippet:-1","max-image-preview":"max-image-preview:large","max-video-preview":"max-video-preview:-1"},"canonical":"https:\/\/aeronoticias.com.pe\/noticiero\/transporte-aereo\/internacional\/madrid-defensa-baraja-comprar-otro-avion-tras-la-averia-del-airbus\/","og_locale":"es_ES","og_type":"article","og_title":"Madrid: Defensa baraja comprar otro avi\u00f3n tras la aver\u00eda del Airbus","og_description":"Portal de noticias del Per\u00fa sobre el transporte a\u00e9reo, aviaci\u00f3n, turismo, hoteleria, actualidad.","og_url":"https:\/\/aeronoticias.com.pe\/noticiero\/transporte-aereo\/internacional\/madrid-defensa-baraja-comprar-otro-avion-tras-la-averia-del-airbus\/","og_site_name":"Aeronoticias.com.pe","article_publisher":"https:\/\/www.facebook.com\/Aeronoticias.com.pe\/","article_published_time":"2014-01-30T13:34:10+00:00","author":"Redacci\u00f3n Aeronoticias","twitter_card":"summary_large_image","twitter_creator":"@aeronoticias","twitter_site":"@aeronoticias","twitter_misc":{"Escrito por":"Redacci\u00f3n Aeronoticias","Tiempo de lectura":"3 minutos"},"schema":{"@context":"https:\/\/schema.org","@graph":[{"@type":"WebPage","@id":"https:\/\/aeronoticias.com.pe\/noticiero\/transporte-aereo\/internacional\/madrid-defensa-baraja-comprar-otro-avion-tras-la-averia-del-airbus\/","url":"https:\/\/aeronoticias.com.pe\/noticiero\/transporte-aereo\/internacional\/madrid-defensa-baraja-comprar-otro-avion-tras-la-averia-del-airbus\/","name":"Madrid: Defensa baraja comprar otro avi\u00f3n tras la aver\u00eda del Airbus","isPartOf":{"@id":"https:\/\/aeronoticias.com.pe\/noticiero\/#website"},"datePublished":"2014-01-30T13:34:10+00:00","author":{"@id":"https:\/\/aeronoticias.com.pe\/noticiero\/#\/schema\/person\/fc1e5d578f4b62ba1cf7ac2bba1170a0"},"description":"Portal de noticias del Per\u00fa sobre el transporte a\u00e9reo, aviaci\u00f3n, turismo, hoteleria, actualidad.","breadcrumb":{"@id":"https:\/\/aeronoticias.com.pe\/noticiero\/transporte-aereo\/internacional\/madrid-defensa-baraja-comprar-otro-avion-tras-la-averia-del-airbus\/#breadcrumb"},"inLanguage":"es","potentialAction":[{"@type":"ReadAction","target":["https:\/\/aeronoticias.com.pe\/noticiero\/transporte-aereo\/internacional\/madrid-defensa-baraja-comprar-otro-avion-tras-la-averia-del-airbus\/"]}]},{"@type":"BreadcrumbList","@id":"https:\/\/aeronoticias.com.pe\/noticiero\/transporte-aereo\/internacional\/madrid-defensa-baraja-comprar-otro-avion-tras-la-averia-del-airbus\/#breadcrumb","itemListElement":[{"@type":"ListItem","position":1,"name":"Portada","item":"https:\/\/aeronoticias.com.pe\/noticiero\/"},{"@type":"ListItem","position":2,"name":"Madrid: Defensa baraja comprar otro avi\u00f3n tras la aver\u00eda del Airbus"}]},{"@type":"WebSite","@id":"https:\/\/aeronoticias.com.pe\/noticiero\/#website","url":"https:\/\/aeronoticias.com.pe\/noticiero\/","name":"Aeronoticias.com.pe","description":"Noticias de tranporte aereo, turismo, hoteles, gastronomia, actualidad, internacional","potentialAction":[{"@type":"SearchAction","target":{"@type":"EntryPoint","urlTemplate":"https:\/\/aeronoticias.com.pe\/noticiero\/?s={search_term_string}"},"query-input":{"@type":"PropertyValueSpecification","valueRequired":true,"valueName":"search_term_string"}}],"inLanguage":"es"},{"@type":"Person","@id":"https:\/\/aeronoticias.com.pe\/noticiero\/#\/schema\/person\/fc1e5d578f4b62ba1cf7ac2bba1170a0","name":"Redacci\u00f3n Aeronoticias","url":"https:\/\/aeronoticias.com.pe\/noticiero\/author\/piloto\/"}]}},"_links":{"self":[{"href":"https:\/\/aeronoticias.com.pe\/noticiero\/wp-json\/wp\/v2\/posts\/43222","targetHints":{"allow":["GET"]}}],"collection":[{"href":"https:\/\/aeronoticias.com.pe\/noticiero\/wp-json\/wp\/v2\/posts"}],"about":[{"href":"https:\/\/aeronoticias.com.pe\/noticiero\/wp-json\/wp\/v2\/types\/post"}],"author":[{"embeddable":true,"href":"https:\/\/aeronoticias.com.pe\/noticiero\/wp-json\/wp\/v2\/users\/1"}],"replies":[{"embeddable":true,"href":"https:\/\/aeronoticias.com.pe\/noticiero\/wp-json\/wp\/v2\/comments?post=43222"}],"version-history":[{"count":0,"href":"https:\/\/aeronoticias.com.pe\/noticiero\/wp-json\/wp\/v2\/posts\/43222\/revisions"}],"wp:attachment":[{"href":"https:\/\/aeronoticias.com.pe\/noticiero\/wp-json\/wp\/v2\/media?parent=43222"}],"wp:term":[{"taxonomy":"category","embeddable":true,"href":"https:\/\/aeronoticias.com.pe\/noticiero\/wp-json\/wp\/v2\/categories?post=43222"},{"taxonomy":"post_tag","embeddable":true,"href":"https:\/\/aeronoticias.com.pe\/noticiero\/wp-json\/wp\/v2\/tags?post=43222"}],"curies":[{"name":"wp","href":"https:\/\/api.w.org\/{rel}","templated":true}]}}