{"id":43224,"date":"2014-01-30T13:51:55","date_gmt":"2014-01-30T13:51:55","guid":{"rendered":"http:\/\/desarrollo.mcvicious.com\/aero2020\/2014\/01\/30\/despedido-el-piloto-de-un-avion-tras-dar-positivo-en-un-control-de-alcoholemia\/"},"modified":"2014-01-30T13:51:55","modified_gmt":"2014-01-30T13:51:55","slug":"despedido-el-piloto-de-un-avion-tras-dar-positivo-en-un-control-de-alcoholemia","status":"publish","type":"post","link":"https:\/\/aeronoticias.com.pe\/noticiero\/transporte-aereo\/internacional\/despedido-el-piloto-de-un-avion-tras-dar-positivo-en-un-control-de-alcoholemia\/","title":{"rendered":"Despedido el piloto de un avi\u00f3n tras dar positivo en  un control de alcoholemia"},"content":{"rendered":"<p style=\"text-align: justify;\"><img decoding=\"async\" src=\"images\/stories\/14\/01\/290114\/102a.jpg\" border=\"0\" \/><\/p>\n<p style=\"text-align: justify;\"><strong>(Aeronoticias).<\/strong>&#8211; <em>Air Nostrum pidi\u00f3 a la Guardia Civil que realizara la prueba al piloto y al copiloto tras cubrir la ruta entre Melilla y Madrid.<\/em><\/p>\n<p style=\"text-align: justify;\">Imagine que viaja en avi\u00f3n. Que usted ten\u00eda la impresi\u00f3n de que el recorrido desde el aeropuerto de salida hab\u00eda resultado algo m\u00e1s sinuoso que de costumbre (\u00abser\u00e1n las turbulencias\u00bb, pens\u00f3 buscando una explicaci\u00f3n prudente) y el aterrizaje m\u00e1s ajetreado. Que, a rengl\u00f3n seguido, ve a una pareja de la Guardia Civil acceder al aparato, encaminarse a la cabina con un alcohol\u00edmetro. \u00bfSurrealista? Algo similar (si no las condiciones del viaje, s\u00ed esta \u00faltima imagen) debi\u00f3 ocurrir en el vuelo IB8789 entre Melilla y Madrid, tras el cual la compa\u00f1\u00eda Air Nostrum, franquiciada de Iberia para vuelos regionales, despidi\u00f3 a su piloto por dar positivo en un control de alcoholemia.<\/p>\n<p style=\"text-align: justify;\">Seg\u00fan explicaron a Efe fuentes de la aerol\u00ednea, el pasado viernes, ante la sospecha de que uno de los pilotos del vuelo se pod\u00eda haber presentado al servicio bajo la influencia del alcohol, la compa\u00f1\u00eda requiri\u00f3 la presencia de la Guardia Civil en el avi\u00f3n a su llegada a la capital. El instituto armado someti\u00f3 a la tripulaci\u00f3n t\u00e9cnica -piloto y copiloto- a dicho control de alcoholemia: el resultado en uno de los casos fue positivo y en otro negativo.<\/p>\n<p style=\"text-align: justify;\">La respuesta de la compa\u00f1\u00eda fue inmediata. Desprogram\u00f3 al piloto implicado y le suspendi\u00f3 de actividad. Posteriormente, ha anunciado que se personar\u00e1 en la causa que se derive de este caso. Tras la investigaci\u00f3n por parte de las Fuerzas de Seguridad, ayer se confirm\u00f3 que dicho control result\u00f3 positivo, por lo que la aerol\u00ednea procedi\u00f3 a comunicar el despido.<\/p>\n<p style=\"text-align: justify;\">\u00a0<\/p>\n<p style=\"text-align: justify;\">Fuente: <strong><em>www.abc.es<\/em><\/strong><\/p>\n<p style=\"text-align: justify;\">Foto: <strong><em>www.prensalibre.com<\/em><\/strong><\/p>\n<p>\u00a0<\/p>\n","protected":false},"excerpt":{"rendered":"<p>(Aeronoticias).&#8211; Air Nostrum pidi\u00f3 a la Guardia Civil que realizara la prueba al piloto y al copiloto tras cubrir la ruta entre Melilla y Madrid. Imagine que viaja en avi\u00f3n. Que usted ten\u00eda la impresi\u00f3n de que el recorrido desde el aeropuerto de salida hab\u00eda resultado algo m\u00e1s sinuoso que de costumbre (\u00abser\u00e1n las turbulencias\u00bb, [&hellip;]<\/p>\n","protected":false},"author":1,"featured_media":0,"comment_status":"open","ping_status":"open","sticky":false,"template":"","format":"standard","meta":{"tdm_status":"","tdm_grid_status":"","footnotes":""},"categories":[32],"tags":[],"class_list":{"0":"post-43224","1":"post","2":"type-post","3":"status-publish","4":"format-standard","6":"category-internacional"},"yoast_head":"<!-- This site is optimized with the Yoast SEO plugin v25.1 - https:\/\/yoast.com\/wordpress\/plugins\/seo\/ -->\n<title>Despedido el piloto de un avi\u00f3n tras dar positivo en un control de alcoholemia<\/title>\n<meta name=\"description\" content=\"Portal de noticias del Per\u00fa sobre el transporte a\u00e9reo, aviaci\u00f3n, turismo, hoteleria, actualidad.\" \/>\n<meta name=\"robots\" content=\"index, follow, max-snippet:-1, max-image-preview:large, max-video-preview:-1\" \/>\n<link rel=\"canonical\" href=\"https:\/\/aeronoticias.com.pe\/noticiero\/transporte-aereo\/internacional\/despedido-el-piloto-de-un-avion-tras-dar-positivo-en-un-control-de-alcoholemia\/\" \/>\n<meta property=\"og:locale\" content=\"es_ES\" \/>\n<meta property=\"og:type\" content=\"article\" \/>\n<meta property=\"og:title\" content=\"Despedido el piloto de un avi\u00f3n tras dar positivo en un control de alcoholemia\" \/>\n<meta property=\"og:description\" content=\"Portal de noticias del Per\u00fa sobre el transporte a\u00e9reo, aviaci\u00f3n, turismo, hoteleria, actualidad.\" \/>\n<meta property=\"og:url\" content=\"https:\/\/aeronoticias.com.pe\/noticiero\/transporte-aereo\/internacional\/despedido-el-piloto-de-un-avion-tras-dar-positivo-en-un-control-de-alcoholemia\/\" \/>\n<meta property=\"og:site_name\" content=\"Aeronoticias.com.pe\" \/>\n<meta property=\"article:publisher\" content=\"https:\/\/www.facebook.com\/Aeronoticias.com.pe\/\" \/>\n<meta property=\"article:published_time\" content=\"2014-01-30T13:51:55+00:00\" \/>\n<meta name=\"author\" content=\"Redacci\u00f3n Aeronoticias\" \/>\n<meta name=\"twitter:card\" content=\"summary_large_image\" \/>\n<meta name=\"twitter:creator\" content=\"@aeronoticias\" \/>\n<meta name=\"twitter:site\" content=\"@aeronoticias\" \/>\n<meta name=\"twitter:label1\" content=\"Escrito por\" \/>\n\t<meta name=\"twitter:data1\" content=\"Redacci\u00f3n Aeronoticias\" \/>\n\t<meta name=\"twitter:label2\" content=\"Tiempo de lectura\" \/>\n\t<meta name=\"twitter:data2\" content=\"2 minutos\" \/>\n<script type=\"application\/ld+json\" class=\"yoast-schema-graph\">{\"@context\":\"https:\/\/schema.org\",\"@graph\":[{\"@type\":\"WebPage\",\"@id\":\"https:\/\/aeronoticias.com.pe\/noticiero\/transporte-aereo\/internacional\/despedido-el-piloto-de-un-avion-tras-dar-positivo-en-un-control-de-alcoholemia\/\",\"url\":\"https:\/\/aeronoticias.com.pe\/noticiero\/transporte-aereo\/internacional\/despedido-el-piloto-de-un-avion-tras-dar-positivo-en-un-control-de-alcoholemia\/\",\"name\":\"Despedido el piloto de un avi\u00f3n tras dar positivo en un control de alcoholemia\",\"isPartOf\":{\"@id\":\"https:\/\/aeronoticias.com.pe\/noticiero\/#website\"},\"datePublished\":\"2014-01-30T13:51:55+00:00\",\"author\":{\"@id\":\"https:\/\/aeronoticias.com.pe\/noticiero\/#\/schema\/person\/fc1e5d578f4b62ba1cf7ac2bba1170a0\"},\"description\":\"Portal de noticias del Per\u00fa sobre el transporte a\u00e9reo, aviaci\u00f3n, turismo, hoteleria, actualidad.\",\"breadcrumb\":{\"@id\":\"https:\/\/aeronoticias.com.pe\/noticiero\/transporte-aereo\/internacional\/despedido-el-piloto-de-un-avion-tras-dar-positivo-en-un-control-de-alcoholemia\/#breadcrumb\"},\"inLanguage\":\"es\",\"potentialAction\":[{\"@type\":\"ReadAction\",\"target\":[\"https:\/\/aeronoticias.com.pe\/noticiero\/transporte-aereo\/internacional\/despedido-el-piloto-de-un-avion-tras-dar-positivo-en-un-control-de-alcoholemia\/\"]}]},{\"@type\":\"BreadcrumbList\",\"@id\":\"https:\/\/aeronoticias.com.pe\/noticiero\/transporte-aereo\/internacional\/despedido-el-piloto-de-un-avion-tras-dar-positivo-en-un-control-de-alcoholemia\/#breadcrumb\",\"itemListElement\":[{\"@type\":\"ListItem\",\"position\":1,\"name\":\"Portada\",\"item\":\"https:\/\/aeronoticias.com.pe\/noticiero\/\"},{\"@type\":\"ListItem\",\"position\":2,\"name\":\"Despedido el piloto de un avi\u00f3n tras dar positivo en un control de alcoholemia\"}]},{\"@type\":\"WebSite\",\"@id\":\"https:\/\/aeronoticias.com.pe\/noticiero\/#website\",\"url\":\"https:\/\/aeronoticias.com.pe\/noticiero\/\",\"name\":\"Aeronoticias.com.pe\",\"description\":\"Noticias de tranporte aereo, turismo, hoteles, gastronomia, actualidad, internacional\",\"potentialAction\":[{\"@type\":\"SearchAction\",\"target\":{\"@type\":\"EntryPoint\",\"urlTemplate\":\"https:\/\/aeronoticias.com.pe\/noticiero\/?s={search_term_string}\"},\"query-input\":{\"@type\":\"PropertyValueSpecification\",\"valueRequired\":true,\"valueName\":\"search_term_string\"}}],\"inLanguage\":\"es\"},{\"@type\":\"Person\",\"@id\":\"https:\/\/aeronoticias.com.pe\/noticiero\/#\/schema\/person\/fc1e5d578f4b62ba1cf7ac2bba1170a0\",\"name\":\"Redacci\u00f3n Aeronoticias\",\"url\":\"https:\/\/aeronoticias.com.pe\/noticiero\/author\/piloto\/\"}]}<\/script>\n<!-- \/ Yoast SEO plugin. -->","yoast_head_json":{"title":"Despedido el piloto de un avi\u00f3n tras dar positivo en un control de alcoholemia","description":"Portal de noticias del Per\u00fa sobre el transporte a\u00e9reo, aviaci\u00f3n, turismo, hoteleria, actualidad.","robots":{"index":"index","follow":"follow","max-snippet":"max-snippet:-1","max-image-preview":"max-image-preview:large","max-video-preview":"max-video-preview:-1"},"canonical":"https:\/\/aeronoticias.com.pe\/noticiero\/transporte-aereo\/internacional\/despedido-el-piloto-de-un-avion-tras-dar-positivo-en-un-control-de-alcoholemia\/","og_locale":"es_ES","og_type":"article","og_title":"Despedido el piloto de un avi\u00f3n tras dar positivo en un control de alcoholemia","og_description":"Portal de noticias del Per\u00fa sobre el transporte a\u00e9reo, aviaci\u00f3n, turismo, hoteleria, actualidad.","og_url":"https:\/\/aeronoticias.com.pe\/noticiero\/transporte-aereo\/internacional\/despedido-el-piloto-de-un-avion-tras-dar-positivo-en-un-control-de-alcoholemia\/","og_site_name":"Aeronoticias.com.pe","article_publisher":"https:\/\/www.facebook.com\/Aeronoticias.com.pe\/","article_published_time":"2014-01-30T13:51:55+00:00","author":"Redacci\u00f3n Aeronoticias","twitter_card":"summary_large_image","twitter_creator":"@aeronoticias","twitter_site":"@aeronoticias","twitter_misc":{"Escrito por":"Redacci\u00f3n Aeronoticias","Tiempo de lectura":"2 minutos"},"schema":{"@context":"https:\/\/schema.org","@graph":[{"@type":"WebPage","@id":"https:\/\/aeronoticias.com.pe\/noticiero\/transporte-aereo\/internacional\/despedido-el-piloto-de-un-avion-tras-dar-positivo-en-un-control-de-alcoholemia\/","url":"https:\/\/aeronoticias.com.pe\/noticiero\/transporte-aereo\/internacional\/despedido-el-piloto-de-un-avion-tras-dar-positivo-en-un-control-de-alcoholemia\/","name":"Despedido el piloto de un avi\u00f3n tras dar positivo en un control de alcoholemia","isPartOf":{"@id":"https:\/\/aeronoticias.com.pe\/noticiero\/#website"},"datePublished":"2014-01-30T13:51:55+00:00","author":{"@id":"https:\/\/aeronoticias.com.pe\/noticiero\/#\/schema\/person\/fc1e5d578f4b62ba1cf7ac2bba1170a0"},"description":"Portal de noticias del Per\u00fa sobre el transporte a\u00e9reo, aviaci\u00f3n, turismo, hoteleria, actualidad.","breadcrumb":{"@id":"https:\/\/aeronoticias.com.pe\/noticiero\/transporte-aereo\/internacional\/despedido-el-piloto-de-un-avion-tras-dar-positivo-en-un-control-de-alcoholemia\/#breadcrumb"},"inLanguage":"es","potentialAction":[{"@type":"ReadAction","target":["https:\/\/aeronoticias.com.pe\/noticiero\/transporte-aereo\/internacional\/despedido-el-piloto-de-un-avion-tras-dar-positivo-en-un-control-de-alcoholemia\/"]}]},{"@type":"BreadcrumbList","@id":"https:\/\/aeronoticias.com.pe\/noticiero\/transporte-aereo\/internacional\/despedido-el-piloto-de-un-avion-tras-dar-positivo-en-un-control-de-alcoholemia\/#breadcrumb","itemListElement":[{"@type":"ListItem","position":1,"name":"Portada","item":"https:\/\/aeronoticias.com.pe\/noticiero\/"},{"@type":"ListItem","position":2,"name":"Despedido el piloto de un avi\u00f3n tras dar positivo en un control de alcoholemia"}]},{"@type":"WebSite","@id":"https:\/\/aeronoticias.com.pe\/noticiero\/#website","url":"https:\/\/aeronoticias.com.pe\/noticiero\/","name":"Aeronoticias.com.pe","description":"Noticias de tranporte aereo, turismo, hoteles, gastronomia, actualidad, internacional","potentialAction":[{"@type":"SearchAction","target":{"@type":"EntryPoint","urlTemplate":"https:\/\/aeronoticias.com.pe\/noticiero\/?s={search_term_string}"},"query-input":{"@type":"PropertyValueSpecification","valueRequired":true,"valueName":"search_term_string"}}],"inLanguage":"es"},{"@type":"Person","@id":"https:\/\/aeronoticias.com.pe\/noticiero\/#\/schema\/person\/fc1e5d578f4b62ba1cf7ac2bba1170a0","name":"Redacci\u00f3n Aeronoticias","url":"https:\/\/aeronoticias.com.pe\/noticiero\/author\/piloto\/"}]}},"_links":{"self":[{"href":"https:\/\/aeronoticias.com.pe\/noticiero\/wp-json\/wp\/v2\/posts\/43224","targetHints":{"allow":["GET"]}}],"collection":[{"href":"https:\/\/aeronoticias.com.pe\/noticiero\/wp-json\/wp\/v2\/posts"}],"about":[{"href":"https:\/\/aeronoticias.com.pe\/noticiero\/wp-json\/wp\/v2\/types\/post"}],"author":[{"embeddable":true,"href":"https:\/\/aeronoticias.com.pe\/noticiero\/wp-json\/wp\/v2\/users\/1"}],"replies":[{"embeddable":true,"href":"https:\/\/aeronoticias.com.pe\/noticiero\/wp-json\/wp\/v2\/comments?post=43224"}],"version-history":[{"count":0,"href":"https:\/\/aeronoticias.com.pe\/noticiero\/wp-json\/wp\/v2\/posts\/43224\/revisions"}],"wp:attachment":[{"href":"https:\/\/aeronoticias.com.pe\/noticiero\/wp-json\/wp\/v2\/media?parent=43224"}],"wp:term":[{"taxonomy":"category","embeddable":true,"href":"https:\/\/aeronoticias.com.pe\/noticiero\/wp-json\/wp\/v2\/categories?post=43224"},{"taxonomy":"post_tag","embeddable":true,"href":"https:\/\/aeronoticias.com.pe\/noticiero\/wp-json\/wp\/v2\/tags?post=43224"}],"curies":[{"name":"wp","href":"https:\/\/api.w.org\/{rel}","templated":true}]}}