{"id":43225,"date":"2014-01-30T14:04:44","date_gmt":"2014-01-30T14:04:44","guid":{"rendered":"http:\/\/desarrollo.mcvicious.com\/aero2020\/2014\/01\/30\/argentina-mana-llego-a-villa-maria-en-un-avion-oficial-de-catamarca\/"},"modified":"2014-01-30T14:04:44","modified_gmt":"2014-01-30T14:04:44","slug":"argentina-mana-llego-a-villa-maria-en-un-avion-oficial-de-catamarca","status":"publish","type":"post","link":"https:\/\/aeronoticias.com.pe\/noticiero\/espectaculos\/argentina-mana-llego-a-villa-maria-en-un-avion-oficial-de-catamarca\/","title":{"rendered":"Argentina: Man\u00e1 lleg\u00f3 a Villa Mar\u00eda en un avi\u00f3n oficial de Catamarca"},"content":{"rendered":"<p style=\"text-align: justify;\"><img decoding=\"async\" src=\"images\/stories\/14\/01\/290114\/103a.jpg\" border=\"0\" \/><\/p>\n<p style=\"text-align: justify;\"><strong>(Aeronoticias).<\/strong>&#8211; <em>El grupo mexicano que participar\u00e1 en el Festival de Pe\u00f1as arrib\u00f3 en el avi\u00f3n de la gobernaci\u00f3n de esa provincia. <\/em><\/p>\n<p style=\"text-align: justify;\">grupo Man\u00e1, que participar\u00e1 en el Festival de Pe\u00f1as de Villa Mar\u00eda, arrib\u00f3 este mi\u00e9rcoles a esa ciudad del sur cordob\u00e9s volando en el avi\u00f3n oficial de la gobernaci\u00f3n de Catamarca.<\/p>\n<p style=\"text-align: justify;\">Algunas im\u00e1genes fueron publicadas en la p\u00e1gina de Facebook de grupo.<\/p>\n<p style=\"text-align: justify;\">Seg\u00fan publica El Ancasti, el director de Aeron\u00e1utica, Guillermo Dr\u00e9, se\u00f1al\u00f3 que la aeronave fue contratada por el grupo musical, que ma\u00f1ana ser\u00e1 utilizada por el cantante Marco Antonio Sol\u00eds y el s\u00e1bado por Carlos Baut\u00e9, que viajar\u00e1 a San Juan.<\/p>\n<p style=\"text-align: justify;\">Dr\u00e9 dijo adem\u00e1s que el organismo a su cargo cuenta con el certificado de explotaci\u00f3n de servicios a\u00e9reos que le permite realizar viajes de cabotaje contratados.<\/p>\n<p style=\"text-align: justify;\">Tambi\u00e9n precis\u00f3 que la utilizaci\u00f3n del avi\u00f3n oficial para el grupo Man\u00e1 no dejar\u00e1 a Catamarca sin servicio a\u00e9reo, ya que la provincia cuenta con dos aviones sanitarios.<\/p>\n<p style=\"text-align: justify;\">\u00a0<\/p>\n<p style=\"text-align: justify;\">Fuente: <strong><em>www.lavoz.com.ar<\/em><\/strong><\/p>\n<p style=\"text-align: justify;\">Foto: <em><strong>www.lavoz.com.ar<\/strong><\/em><\/p>\n<p style=\"text-align: justify;\">\u00a0<\/p>\n","protected":false},"excerpt":{"rendered":"<p>(Aeronoticias).&#8211; El grupo mexicano que participar\u00e1 en el Festival de Pe\u00f1as arrib\u00f3 en el avi\u00f3n de la gobernaci\u00f3n de esa provincia. grupo Man\u00e1, que participar\u00e1 en el Festival de Pe\u00f1as de Villa Mar\u00eda, arrib\u00f3 este mi\u00e9rcoles a esa ciudad del sur cordob\u00e9s volando en el avi\u00f3n oficial de la gobernaci\u00f3n de Catamarca. Algunas im\u00e1genes fueron [&hellip;]<\/p>\n","protected":false},"author":1,"featured_media":0,"comment_status":"open","ping_status":"open","sticky":false,"template":"","format":"standard","meta":{"tdm_status":"","tdm_grid_status":"","footnotes":""},"categories":[41],"tags":[],"class_list":{"0":"post-43225","1":"post","2":"type-post","3":"status-publish","4":"format-standard","6":"category-espectaculos"},"yoast_head":"<!-- This site is optimized with the Yoast SEO plugin v25.1 - https:\/\/yoast.com\/wordpress\/plugins\/seo\/ -->\n<title>Argentina: Man\u00e1 lleg\u00f3 a Villa Mar\u00eda en un avi\u00f3n oficial de Catamarca<\/title>\n<meta name=\"description\" content=\"Portal de noticias del Per\u00fa sobre el transporte a\u00e9reo, aviaci\u00f3n, turismo, hoteleria, actualidad.\" \/>\n<meta name=\"robots\" content=\"index, follow, max-snippet:-1, max-image-preview:large, max-video-preview:-1\" \/>\n<link rel=\"canonical\" href=\"https:\/\/aeronoticias.com.pe\/noticiero\/espectaculos\/argentina-mana-llego-a-villa-maria-en-un-avion-oficial-de-catamarca\/\" \/>\n<meta property=\"og:locale\" content=\"es_ES\" \/>\n<meta property=\"og:type\" content=\"article\" \/>\n<meta property=\"og:title\" content=\"Argentina: Man\u00e1 lleg\u00f3 a Villa Mar\u00eda en un avi\u00f3n oficial de Catamarca\" \/>\n<meta property=\"og:description\" content=\"Portal de noticias del Per\u00fa sobre el transporte a\u00e9reo, aviaci\u00f3n, turismo, hoteleria, actualidad.\" \/>\n<meta property=\"og:url\" content=\"https:\/\/aeronoticias.com.pe\/noticiero\/espectaculos\/argentina-mana-llego-a-villa-maria-en-un-avion-oficial-de-catamarca\/\" \/>\n<meta property=\"og:site_name\" content=\"Aeronoticias.com.pe\" \/>\n<meta property=\"article:publisher\" content=\"https:\/\/www.facebook.com\/Aeronoticias.com.pe\/\" \/>\n<meta property=\"article:published_time\" content=\"2014-01-30T14:04:44+00:00\" \/>\n<meta name=\"author\" content=\"Redacci\u00f3n Aeronoticias\" \/>\n<meta name=\"twitter:card\" content=\"summary_large_image\" \/>\n<meta name=\"twitter:creator\" content=\"@aeronoticias\" \/>\n<meta name=\"twitter:site\" content=\"@aeronoticias\" \/>\n<meta name=\"twitter:label1\" content=\"Escrito por\" \/>\n\t<meta name=\"twitter:data1\" content=\"Redacci\u00f3n Aeronoticias\" \/>\n\t<meta name=\"twitter:label2\" content=\"Tiempo de lectura\" \/>\n\t<meta name=\"twitter:data2\" content=\"1 minuto\" \/>\n<script type=\"application\/ld+json\" class=\"yoast-schema-graph\">{\"@context\":\"https:\/\/schema.org\",\"@graph\":[{\"@type\":\"WebPage\",\"@id\":\"https:\/\/aeronoticias.com.pe\/noticiero\/espectaculos\/argentina-mana-llego-a-villa-maria-en-un-avion-oficial-de-catamarca\/\",\"url\":\"https:\/\/aeronoticias.com.pe\/noticiero\/espectaculos\/argentina-mana-llego-a-villa-maria-en-un-avion-oficial-de-catamarca\/\",\"name\":\"Argentina: Man\u00e1 lleg\u00f3 a Villa Mar\u00eda en un avi\u00f3n oficial de Catamarca\",\"isPartOf\":{\"@id\":\"https:\/\/aeronoticias.com.pe\/noticiero\/#website\"},\"datePublished\":\"2014-01-30T14:04:44+00:00\",\"author\":{\"@id\":\"https:\/\/aeronoticias.com.pe\/noticiero\/#\/schema\/person\/fc1e5d578f4b62ba1cf7ac2bba1170a0\"},\"description\":\"Portal de noticias del Per\u00fa sobre el transporte a\u00e9reo, aviaci\u00f3n, turismo, hoteleria, actualidad.\",\"breadcrumb\":{\"@id\":\"https:\/\/aeronoticias.com.pe\/noticiero\/espectaculos\/argentina-mana-llego-a-villa-maria-en-un-avion-oficial-de-catamarca\/#breadcrumb\"},\"inLanguage\":\"es\",\"potentialAction\":[{\"@type\":\"ReadAction\",\"target\":[\"https:\/\/aeronoticias.com.pe\/noticiero\/espectaculos\/argentina-mana-llego-a-villa-maria-en-un-avion-oficial-de-catamarca\/\"]}]},{\"@type\":\"BreadcrumbList\",\"@id\":\"https:\/\/aeronoticias.com.pe\/noticiero\/espectaculos\/argentina-mana-llego-a-villa-maria-en-un-avion-oficial-de-catamarca\/#breadcrumb\",\"itemListElement\":[{\"@type\":\"ListItem\",\"position\":1,\"name\":\"Portada\",\"item\":\"https:\/\/aeronoticias.com.pe\/noticiero\/\"},{\"@type\":\"ListItem\",\"position\":2,\"name\":\"Argentina: Man\u00e1 lleg\u00f3 a Villa Mar\u00eda en un avi\u00f3n oficial de Catamarca\"}]},{\"@type\":\"WebSite\",\"@id\":\"https:\/\/aeronoticias.com.pe\/noticiero\/#website\",\"url\":\"https:\/\/aeronoticias.com.pe\/noticiero\/\",\"name\":\"Aeronoticias.com.pe\",\"description\":\"Noticias de tranporte aereo, turismo, hoteles, gastronomia, actualidad, internacional\",\"potentialAction\":[{\"@type\":\"SearchAction\",\"target\":{\"@type\":\"EntryPoint\",\"urlTemplate\":\"https:\/\/aeronoticias.com.pe\/noticiero\/?s={search_term_string}\"},\"query-input\":{\"@type\":\"PropertyValueSpecification\",\"valueRequired\":true,\"valueName\":\"search_term_string\"}}],\"inLanguage\":\"es\"},{\"@type\":\"Person\",\"@id\":\"https:\/\/aeronoticias.com.pe\/noticiero\/#\/schema\/person\/fc1e5d578f4b62ba1cf7ac2bba1170a0\",\"name\":\"Redacci\u00f3n Aeronoticias\",\"url\":\"https:\/\/aeronoticias.com.pe\/noticiero\/author\/piloto\/\"}]}<\/script>\n<!-- \/ Yoast SEO plugin. -->","yoast_head_json":{"title":"Argentina: Man\u00e1 lleg\u00f3 a Villa Mar\u00eda en un avi\u00f3n oficial de Catamarca","description":"Portal de noticias del Per\u00fa sobre el transporte a\u00e9reo, aviaci\u00f3n, turismo, hoteleria, actualidad.","robots":{"index":"index","follow":"follow","max-snippet":"max-snippet:-1","max-image-preview":"max-image-preview:large","max-video-preview":"max-video-preview:-1"},"canonical":"https:\/\/aeronoticias.com.pe\/noticiero\/espectaculos\/argentina-mana-llego-a-villa-maria-en-un-avion-oficial-de-catamarca\/","og_locale":"es_ES","og_type":"article","og_title":"Argentina: Man\u00e1 lleg\u00f3 a Villa Mar\u00eda en un avi\u00f3n oficial de Catamarca","og_description":"Portal de noticias del Per\u00fa sobre el transporte a\u00e9reo, aviaci\u00f3n, turismo, hoteleria, actualidad.","og_url":"https:\/\/aeronoticias.com.pe\/noticiero\/espectaculos\/argentina-mana-llego-a-villa-maria-en-un-avion-oficial-de-catamarca\/","og_site_name":"Aeronoticias.com.pe","article_publisher":"https:\/\/www.facebook.com\/Aeronoticias.com.pe\/","article_published_time":"2014-01-30T14:04:44+00:00","author":"Redacci\u00f3n Aeronoticias","twitter_card":"summary_large_image","twitter_creator":"@aeronoticias","twitter_site":"@aeronoticias","twitter_misc":{"Escrito por":"Redacci\u00f3n Aeronoticias","Tiempo de lectura":"1 minuto"},"schema":{"@context":"https:\/\/schema.org","@graph":[{"@type":"WebPage","@id":"https:\/\/aeronoticias.com.pe\/noticiero\/espectaculos\/argentina-mana-llego-a-villa-maria-en-un-avion-oficial-de-catamarca\/","url":"https:\/\/aeronoticias.com.pe\/noticiero\/espectaculos\/argentina-mana-llego-a-villa-maria-en-un-avion-oficial-de-catamarca\/","name":"Argentina: Man\u00e1 lleg\u00f3 a Villa Mar\u00eda en un avi\u00f3n oficial de Catamarca","isPartOf":{"@id":"https:\/\/aeronoticias.com.pe\/noticiero\/#website"},"datePublished":"2014-01-30T14:04:44+00:00","author":{"@id":"https:\/\/aeronoticias.com.pe\/noticiero\/#\/schema\/person\/fc1e5d578f4b62ba1cf7ac2bba1170a0"},"description":"Portal de noticias del Per\u00fa sobre el transporte a\u00e9reo, aviaci\u00f3n, turismo, hoteleria, actualidad.","breadcrumb":{"@id":"https:\/\/aeronoticias.com.pe\/noticiero\/espectaculos\/argentina-mana-llego-a-villa-maria-en-un-avion-oficial-de-catamarca\/#breadcrumb"},"inLanguage":"es","potentialAction":[{"@type":"ReadAction","target":["https:\/\/aeronoticias.com.pe\/noticiero\/espectaculos\/argentina-mana-llego-a-villa-maria-en-un-avion-oficial-de-catamarca\/"]}]},{"@type":"BreadcrumbList","@id":"https:\/\/aeronoticias.com.pe\/noticiero\/espectaculos\/argentina-mana-llego-a-villa-maria-en-un-avion-oficial-de-catamarca\/#breadcrumb","itemListElement":[{"@type":"ListItem","position":1,"name":"Portada","item":"https:\/\/aeronoticias.com.pe\/noticiero\/"},{"@type":"ListItem","position":2,"name":"Argentina: Man\u00e1 lleg\u00f3 a Villa Mar\u00eda en un avi\u00f3n oficial de Catamarca"}]},{"@type":"WebSite","@id":"https:\/\/aeronoticias.com.pe\/noticiero\/#website","url":"https:\/\/aeronoticias.com.pe\/noticiero\/","name":"Aeronoticias.com.pe","description":"Noticias de tranporte aereo, turismo, hoteles, gastronomia, actualidad, internacional","potentialAction":[{"@type":"SearchAction","target":{"@type":"EntryPoint","urlTemplate":"https:\/\/aeronoticias.com.pe\/noticiero\/?s={search_term_string}"},"query-input":{"@type":"PropertyValueSpecification","valueRequired":true,"valueName":"search_term_string"}}],"inLanguage":"es"},{"@type":"Person","@id":"https:\/\/aeronoticias.com.pe\/noticiero\/#\/schema\/person\/fc1e5d578f4b62ba1cf7ac2bba1170a0","name":"Redacci\u00f3n Aeronoticias","url":"https:\/\/aeronoticias.com.pe\/noticiero\/author\/piloto\/"}]}},"_links":{"self":[{"href":"https:\/\/aeronoticias.com.pe\/noticiero\/wp-json\/wp\/v2\/posts\/43225","targetHints":{"allow":["GET"]}}],"collection":[{"href":"https:\/\/aeronoticias.com.pe\/noticiero\/wp-json\/wp\/v2\/posts"}],"about":[{"href":"https:\/\/aeronoticias.com.pe\/noticiero\/wp-json\/wp\/v2\/types\/post"}],"author":[{"embeddable":true,"href":"https:\/\/aeronoticias.com.pe\/noticiero\/wp-json\/wp\/v2\/users\/1"}],"replies":[{"embeddable":true,"href":"https:\/\/aeronoticias.com.pe\/noticiero\/wp-json\/wp\/v2\/comments?post=43225"}],"version-history":[{"count":0,"href":"https:\/\/aeronoticias.com.pe\/noticiero\/wp-json\/wp\/v2\/posts\/43225\/revisions"}],"wp:attachment":[{"href":"https:\/\/aeronoticias.com.pe\/noticiero\/wp-json\/wp\/v2\/media?parent=43225"}],"wp:term":[{"taxonomy":"category","embeddable":true,"href":"https:\/\/aeronoticias.com.pe\/noticiero\/wp-json\/wp\/v2\/categories?post=43225"},{"taxonomy":"post_tag","embeddable":true,"href":"https:\/\/aeronoticias.com.pe\/noticiero\/wp-json\/wp\/v2\/tags?post=43225"}],"curies":[{"name":"wp","href":"https:\/\/api.w.org\/{rel}","templated":true}]}}