{"id":43226,"date":"2014-01-30T14:18:42","date_gmt":"2014-01-30T14:18:42","guid":{"rendered":"http:\/\/desarrollo.mcvicious.com\/aero2020\/2014\/01\/30\/argentina-el-avion-de-los-suenos-san-lorenzo-utilizaria-un-vehiculo-propio-durante-la-libertadores\/"},"modified":"2014-01-30T14:18:42","modified_gmt":"2014-01-30T14:18:42","slug":"argentina-el-avion-de-los-suenos-san-lorenzo-utilizaria-un-vehiculo-propio-durante-la-libertadores","status":"publish","type":"post","link":"https:\/\/aeronoticias.com.pe\/noticiero\/transporte-aereo\/internacional\/argentina-el-avion-de-los-suenos-san-lorenzo-utilizaria-un-vehiculo-propio-durante-la-libertadores\/","title":{"rendered":"Argentina: El avi\u00f3n de los sue\u00f1os: San Lorenzo utilizar\u00eda un veh\u00edculo propio durante la Libertadores"},"content":{"rendered":"<p style=\"text-align: justify;\"><strong><img decoding=\"async\" src=\"images\/stories\/14\/01\/290114\/104a.jpg\" border=\"0\" \/><\/strong><\/p>\n<p style=\"text-align: justify;\"><strong>(Aeronoticias).-<\/strong> <em>Distintos medios porte\u00f1os aseguran que la actual dirigencia de Cicl\u00f3n, encabezada por Lammens y Tinelli, prepara una aeronave particular para el torneo internacional.<\/em><\/p>\n<p style=\"text-align: justify;\">Se sabe, San Lorenzo tiene una obsesi\u00f3n llamada Copa Libertadores. Por ello, todas las fichas apuntan ah\u00ed, a intentar lograr un t\u00edtulo esquivo a lo largo de toda la historia.<\/p>\n<p style=\"text-align: justify;\">Con relaci\u00f3n a la inminente participaci\u00f3n del Cicl\u00f3n en el torneo continental, la dirigencia azulgrana encabezada por Matias Lammens y Marcelo Tinelli tendr\u00eda en sus planes anunciar, de acuerdo a lo que publican distintos medios porte\u00f1os, el avi\u00f3n particular del Cuervo.<\/p>\n<p style=\"text-align: justify;\">S\u00ed, tal cual lo tuvo Boca en 2003, el golpe marketinero significar\u00eda plotear una aeronave que realizar\u00eda vuelos charter cada vez que el primer equipo tenga que salir del pa\u00eds para disputar partidos por la Libertadores 2014.<\/p>\n<p style=\"text-align: justify;\">Incluso, en el portal de Infobae, indican que hasta podr\u00eda llevar ploteada la imagen del Papa Francisco.<\/p>\n<p style=\"text-align: justify;\">San Lorenzo integrar\u00e1 el Grupo 2, junto a Uni\u00f3n Espa\u00f1ola de Chile, Independiente Ter\u00e1n de Ecuador y el ganador del repechaje que sostendr\u00e1n Deportivo Quito de Ecuador y Botafogo de Brasil.<\/p>\n<p style=\"text-align: justify;\">\u00a0<\/p>\n<p style=\"text-align: justify;\">Fuente: <em><strong>mundod.lavoz.com.ar<\/strong><\/em><\/p>\n<p style=\"text-align: justify;\">Foto: <strong><em>captura YouTube<\/em><\/strong><\/p>\n","protected":false},"excerpt":{"rendered":"<p>(Aeronoticias).- Distintos medios porte\u00f1os aseguran que la actual dirigencia de Cicl\u00f3n, encabezada por Lammens y Tinelli, prepara una aeronave particular para el torneo internacional. Se sabe, San Lorenzo tiene una obsesi\u00f3n llamada Copa Libertadores. Por ello, todas las fichas apuntan ah\u00ed, a intentar lograr un t\u00edtulo esquivo a lo largo de toda la historia. Con [&hellip;]<\/p>\n","protected":false},"author":1,"featured_media":0,"comment_status":"open","ping_status":"open","sticky":false,"template":"","format":"standard","meta":{"tdm_status":"","tdm_grid_status":"","footnotes":""},"categories":[32],"tags":[],"class_list":{"0":"post-43226","1":"post","2":"type-post","3":"status-publish","4":"format-standard","6":"category-internacional"},"yoast_head":"<!-- This site is optimized with the Yoast SEO plugin v25.1 - https:\/\/yoast.com\/wordpress\/plugins\/seo\/ -->\n<title>Argentina: El avi\u00f3n de los sue\u00f1os: San Lorenzo utilizar\u00eda un veh\u00edculo propio durante la Libertadores<\/title>\n<meta name=\"description\" content=\"Portal de noticias del Per\u00fa sobre el transporte a\u00e9reo, aviaci\u00f3n, turismo, hoteleria, actualidad.\" \/>\n<meta name=\"robots\" content=\"index, follow, max-snippet:-1, max-image-preview:large, max-video-preview:-1\" \/>\n<link rel=\"canonical\" href=\"https:\/\/aeronoticias.com.pe\/noticiero\/transporte-aereo\/internacional\/argentina-el-avion-de-los-suenos-san-lorenzo-utilizaria-un-vehiculo-propio-durante-la-libertadores\/\" \/>\n<meta property=\"og:locale\" content=\"es_ES\" \/>\n<meta property=\"og:type\" content=\"article\" \/>\n<meta property=\"og:title\" content=\"Argentina: El avi\u00f3n de los sue\u00f1os: San Lorenzo utilizar\u00eda un veh\u00edculo propio durante la Libertadores\" \/>\n<meta property=\"og:description\" content=\"Portal de noticias del Per\u00fa sobre el transporte a\u00e9reo, aviaci\u00f3n, turismo, hoteleria, actualidad.\" \/>\n<meta property=\"og:url\" content=\"https:\/\/aeronoticias.com.pe\/noticiero\/transporte-aereo\/internacional\/argentina-el-avion-de-los-suenos-san-lorenzo-utilizaria-un-vehiculo-propio-durante-la-libertadores\/\" \/>\n<meta property=\"og:site_name\" content=\"Aeronoticias.com.pe\" \/>\n<meta property=\"article:publisher\" content=\"https:\/\/www.facebook.com\/Aeronoticias.com.pe\/\" \/>\n<meta property=\"article:published_time\" content=\"2014-01-30T14:18:42+00:00\" \/>\n<meta name=\"author\" content=\"Redacci\u00f3n Aeronoticias\" \/>\n<meta name=\"twitter:card\" content=\"summary_large_image\" \/>\n<meta name=\"twitter:creator\" content=\"@aeronoticias\" \/>\n<meta name=\"twitter:site\" content=\"@aeronoticias\" \/>\n<meta name=\"twitter:label1\" content=\"Escrito por\" \/>\n\t<meta name=\"twitter:data1\" content=\"Redacci\u00f3n Aeronoticias\" \/>\n\t<meta name=\"twitter:label2\" content=\"Tiempo de lectura\" \/>\n\t<meta name=\"twitter:data2\" content=\"1 minuto\" \/>\n<script type=\"application\/ld+json\" class=\"yoast-schema-graph\">{\"@context\":\"https:\/\/schema.org\",\"@graph\":[{\"@type\":\"WebPage\",\"@id\":\"https:\/\/aeronoticias.com.pe\/noticiero\/transporte-aereo\/internacional\/argentina-el-avion-de-los-suenos-san-lorenzo-utilizaria-un-vehiculo-propio-durante-la-libertadores\/\",\"url\":\"https:\/\/aeronoticias.com.pe\/noticiero\/transporte-aereo\/internacional\/argentina-el-avion-de-los-suenos-san-lorenzo-utilizaria-un-vehiculo-propio-durante-la-libertadores\/\",\"name\":\"Argentina: El avi\u00f3n de los sue\u00f1os: San Lorenzo utilizar\u00eda un veh\u00edculo propio durante la Libertadores\",\"isPartOf\":{\"@id\":\"https:\/\/aeronoticias.com.pe\/noticiero\/#website\"},\"datePublished\":\"2014-01-30T14:18:42+00:00\",\"author\":{\"@id\":\"https:\/\/aeronoticias.com.pe\/noticiero\/#\/schema\/person\/fc1e5d578f4b62ba1cf7ac2bba1170a0\"},\"description\":\"Portal de noticias del Per\u00fa sobre el transporte a\u00e9reo, aviaci\u00f3n, turismo, hoteleria, actualidad.\",\"breadcrumb\":{\"@id\":\"https:\/\/aeronoticias.com.pe\/noticiero\/transporte-aereo\/internacional\/argentina-el-avion-de-los-suenos-san-lorenzo-utilizaria-un-vehiculo-propio-durante-la-libertadores\/#breadcrumb\"},\"inLanguage\":\"es\",\"potentialAction\":[{\"@type\":\"ReadAction\",\"target\":[\"https:\/\/aeronoticias.com.pe\/noticiero\/transporte-aereo\/internacional\/argentina-el-avion-de-los-suenos-san-lorenzo-utilizaria-un-vehiculo-propio-durante-la-libertadores\/\"]}]},{\"@type\":\"BreadcrumbList\",\"@id\":\"https:\/\/aeronoticias.com.pe\/noticiero\/transporte-aereo\/internacional\/argentina-el-avion-de-los-suenos-san-lorenzo-utilizaria-un-vehiculo-propio-durante-la-libertadores\/#breadcrumb\",\"itemListElement\":[{\"@type\":\"ListItem\",\"position\":1,\"name\":\"Portada\",\"item\":\"https:\/\/aeronoticias.com.pe\/noticiero\/\"},{\"@type\":\"ListItem\",\"position\":2,\"name\":\"Argentina: El avi\u00f3n de los sue\u00f1os: San Lorenzo utilizar\u00eda un veh\u00edculo propio durante la Libertadores\"}]},{\"@type\":\"WebSite\",\"@id\":\"https:\/\/aeronoticias.com.pe\/noticiero\/#website\",\"url\":\"https:\/\/aeronoticias.com.pe\/noticiero\/\",\"name\":\"Aeronoticias.com.pe\",\"description\":\"Noticias de tranporte aereo, turismo, hoteles, gastronomia, actualidad, internacional\",\"potentialAction\":[{\"@type\":\"SearchAction\",\"target\":{\"@type\":\"EntryPoint\",\"urlTemplate\":\"https:\/\/aeronoticias.com.pe\/noticiero\/?s={search_term_string}\"},\"query-input\":{\"@type\":\"PropertyValueSpecification\",\"valueRequired\":true,\"valueName\":\"search_term_string\"}}],\"inLanguage\":\"es\"},{\"@type\":\"Person\",\"@id\":\"https:\/\/aeronoticias.com.pe\/noticiero\/#\/schema\/person\/fc1e5d578f4b62ba1cf7ac2bba1170a0\",\"name\":\"Redacci\u00f3n Aeronoticias\",\"url\":\"https:\/\/aeronoticias.com.pe\/noticiero\/author\/piloto\/\"}]}<\/script>\n<!-- \/ Yoast SEO plugin. -->","yoast_head_json":{"title":"Argentina: El avi\u00f3n de los sue\u00f1os: San Lorenzo utilizar\u00eda un veh\u00edculo propio durante la Libertadores","description":"Portal de noticias del Per\u00fa sobre el transporte a\u00e9reo, aviaci\u00f3n, turismo, hoteleria, actualidad.","robots":{"index":"index","follow":"follow","max-snippet":"max-snippet:-1","max-image-preview":"max-image-preview:large","max-video-preview":"max-video-preview:-1"},"canonical":"https:\/\/aeronoticias.com.pe\/noticiero\/transporte-aereo\/internacional\/argentina-el-avion-de-los-suenos-san-lorenzo-utilizaria-un-vehiculo-propio-durante-la-libertadores\/","og_locale":"es_ES","og_type":"article","og_title":"Argentina: El avi\u00f3n de los sue\u00f1os: San Lorenzo utilizar\u00eda un veh\u00edculo propio durante la Libertadores","og_description":"Portal de noticias del Per\u00fa sobre el transporte a\u00e9reo, aviaci\u00f3n, turismo, hoteleria, actualidad.","og_url":"https:\/\/aeronoticias.com.pe\/noticiero\/transporte-aereo\/internacional\/argentina-el-avion-de-los-suenos-san-lorenzo-utilizaria-un-vehiculo-propio-durante-la-libertadores\/","og_site_name":"Aeronoticias.com.pe","article_publisher":"https:\/\/www.facebook.com\/Aeronoticias.com.pe\/","article_published_time":"2014-01-30T14:18:42+00:00","author":"Redacci\u00f3n Aeronoticias","twitter_card":"summary_large_image","twitter_creator":"@aeronoticias","twitter_site":"@aeronoticias","twitter_misc":{"Escrito por":"Redacci\u00f3n Aeronoticias","Tiempo de lectura":"1 minuto"},"schema":{"@context":"https:\/\/schema.org","@graph":[{"@type":"WebPage","@id":"https:\/\/aeronoticias.com.pe\/noticiero\/transporte-aereo\/internacional\/argentina-el-avion-de-los-suenos-san-lorenzo-utilizaria-un-vehiculo-propio-durante-la-libertadores\/","url":"https:\/\/aeronoticias.com.pe\/noticiero\/transporte-aereo\/internacional\/argentina-el-avion-de-los-suenos-san-lorenzo-utilizaria-un-vehiculo-propio-durante-la-libertadores\/","name":"Argentina: El avi\u00f3n de los sue\u00f1os: San Lorenzo utilizar\u00eda un veh\u00edculo propio durante la Libertadores","isPartOf":{"@id":"https:\/\/aeronoticias.com.pe\/noticiero\/#website"},"datePublished":"2014-01-30T14:18:42+00:00","author":{"@id":"https:\/\/aeronoticias.com.pe\/noticiero\/#\/schema\/person\/fc1e5d578f4b62ba1cf7ac2bba1170a0"},"description":"Portal de noticias del Per\u00fa sobre el transporte a\u00e9reo, aviaci\u00f3n, turismo, hoteleria, actualidad.","breadcrumb":{"@id":"https:\/\/aeronoticias.com.pe\/noticiero\/transporte-aereo\/internacional\/argentina-el-avion-de-los-suenos-san-lorenzo-utilizaria-un-vehiculo-propio-durante-la-libertadores\/#breadcrumb"},"inLanguage":"es","potentialAction":[{"@type":"ReadAction","target":["https:\/\/aeronoticias.com.pe\/noticiero\/transporte-aereo\/internacional\/argentina-el-avion-de-los-suenos-san-lorenzo-utilizaria-un-vehiculo-propio-durante-la-libertadores\/"]}]},{"@type":"BreadcrumbList","@id":"https:\/\/aeronoticias.com.pe\/noticiero\/transporte-aereo\/internacional\/argentina-el-avion-de-los-suenos-san-lorenzo-utilizaria-un-vehiculo-propio-durante-la-libertadores\/#breadcrumb","itemListElement":[{"@type":"ListItem","position":1,"name":"Portada","item":"https:\/\/aeronoticias.com.pe\/noticiero\/"},{"@type":"ListItem","position":2,"name":"Argentina: El avi\u00f3n de los sue\u00f1os: San Lorenzo utilizar\u00eda un veh\u00edculo propio durante la Libertadores"}]},{"@type":"WebSite","@id":"https:\/\/aeronoticias.com.pe\/noticiero\/#website","url":"https:\/\/aeronoticias.com.pe\/noticiero\/","name":"Aeronoticias.com.pe","description":"Noticias de tranporte aereo, turismo, hoteles, gastronomia, actualidad, internacional","potentialAction":[{"@type":"SearchAction","target":{"@type":"EntryPoint","urlTemplate":"https:\/\/aeronoticias.com.pe\/noticiero\/?s={search_term_string}"},"query-input":{"@type":"PropertyValueSpecification","valueRequired":true,"valueName":"search_term_string"}}],"inLanguage":"es"},{"@type":"Person","@id":"https:\/\/aeronoticias.com.pe\/noticiero\/#\/schema\/person\/fc1e5d578f4b62ba1cf7ac2bba1170a0","name":"Redacci\u00f3n Aeronoticias","url":"https:\/\/aeronoticias.com.pe\/noticiero\/author\/piloto\/"}]}},"_links":{"self":[{"href":"https:\/\/aeronoticias.com.pe\/noticiero\/wp-json\/wp\/v2\/posts\/43226","targetHints":{"allow":["GET"]}}],"collection":[{"href":"https:\/\/aeronoticias.com.pe\/noticiero\/wp-json\/wp\/v2\/posts"}],"about":[{"href":"https:\/\/aeronoticias.com.pe\/noticiero\/wp-json\/wp\/v2\/types\/post"}],"author":[{"embeddable":true,"href":"https:\/\/aeronoticias.com.pe\/noticiero\/wp-json\/wp\/v2\/users\/1"}],"replies":[{"embeddable":true,"href":"https:\/\/aeronoticias.com.pe\/noticiero\/wp-json\/wp\/v2\/comments?post=43226"}],"version-history":[{"count":0,"href":"https:\/\/aeronoticias.com.pe\/noticiero\/wp-json\/wp\/v2\/posts\/43226\/revisions"}],"wp:attachment":[{"href":"https:\/\/aeronoticias.com.pe\/noticiero\/wp-json\/wp\/v2\/media?parent=43226"}],"wp:term":[{"taxonomy":"category","embeddable":true,"href":"https:\/\/aeronoticias.com.pe\/noticiero\/wp-json\/wp\/v2\/categories?post=43226"},{"taxonomy":"post_tag","embeddable":true,"href":"https:\/\/aeronoticias.com.pe\/noticiero\/wp-json\/wp\/v2\/tags?post=43226"}],"curies":[{"name":"wp","href":"https:\/\/api.w.org\/{rel}","templated":true}]}}