{"id":43228,"date":"2014-01-30T14:31:10","date_gmt":"2014-01-30T14:31:10","guid":{"rendered":"http:\/\/desarrollo.mcvicious.com\/aero2020\/2014\/01\/30\/difunta-aerolinea-eastern-quiere-volver-a-operar-con-sede-en-miami\/"},"modified":"2014-01-30T14:31:10","modified_gmt":"2014-01-30T14:31:10","slug":"difunta-aerolinea-eastern-quiere-volver-a-operar-con-sede-en-miami","status":"publish","type":"post","link":"https:\/\/aeronoticias.com.pe\/noticiero\/transporte-aereo\/internacional\/difunta-aerolinea-eastern-quiere-volver-a-operar-con-sede-en-miami\/","title":{"rendered":"Difunta aerol\u00ednea Eastern quiere volver a operar con sede en Miami"},"content":{"rendered":"<p style=\"text-align: justify;\"><img decoding=\"async\" src=\"images\/stories\/14\/01\/290114\/106a.jpg\" border=\"0\" \/><\/p>\n<p style=\"text-align: justify;\"><strong>(Aeronoticias).-<\/strong> La hist\u00f3rica aerol\u00ednea Eastern, que fue fundada a finales de la d\u00e9cada de 1920 y cerr\u00f3 por falta de liquidez en 1991, podr\u00eda volver a operar con sede en Miami, si el Departamento de Transporte de EEUU aprueba su solicitud para volar de nuevo.<\/p>\n<p style=\"text-align: justify;\">La propiedad intelectual de Eastern Air Lines fue adquirida en 2009 por un grupo de gerentes de aerol\u00edneas con el objetivo de \u201cdesarrollar un plan de negocio y de financiaci\u00f3n y relanzar\u201d la compa\u00f1\u00eda, que en su momento fue considerada una de las cuatro m\u00e1s importantes de EE.UU., junto con United, Delta y American Airlines.<\/p>\n<p style=\"text-align: justify;\">Ahora, el grupo propietario de Eastern ha presentado al Departamento de Transporte de EEUU una \u201csolicitud para la concesi\u00f3n de un certificado\u201d que le permita operar la compa\u00f1\u00eda, indic\u00f3 en un comunicado Eastern Air Lines Group, Inc. (\u201cEastern\u201d).<\/p>\n<p style=\"text-align: justify;\">El plan de la compa\u00f1\u00eda pasa por relanzar la aerol\u00ednea teniendo como base el aeropuerto internacional de Miami, para lo que ya ha establecido una \u201cr\u00e1pida relaci\u00f3n\u201d con socios estrat\u00e9gicos, entre otros la Autoridad Aeroportuaria de Miami, el proveedor de tecnolog\u00eda para el turismo Amadeus y Airbus, agreg\u00f3 el grupo.<\/p>\n<p style=\"text-align: justify;\">La aerol\u00ednea que oper\u00f3 en EE.UU. durante cerca de medio siglo se\u00f1al\u00f3 que espera recibir este pr\u00f3ximo verano un avi\u00f3n Airbus A319, al que denominar\u00e1n \u201cSpirit of Captain Eddie Rickenbacker\u201d, en homenaje a su gerente general (entre 1935 y 1963), quien vol\u00f3 en la I Guerra Mundial y recibi\u00f3 la Medalla de Honor del Congreso.<\/p>\n<p style=\"text-align: justify;\">Fue la primera l\u00ednea a\u00e9rea que incorpor\u00f3 a su flota un Boeing 757 y la que contabiliz\u00f3 un mayor n\u00famero de pasajeros en la d\u00e9cada de 1980 en todo el mundo, con vuelos a Latinoam\u00e9rica y el Caribe, destac\u00f3 en su p\u00e1gina web.<\/p>\n<p style=\"text-align: justify;\">Tras un proceso de desmantelamiento a finales de la d\u00e9cada de 1980 y una bancarrota, en 1991 Eastern se qued\u00f3 sin fondos en efectivo para operar y se vio forzada a cerrar.<\/p>\n<p style=\"text-align: justify;\">\u00a0<\/p>\n<p style=\"text-align: justify;\">Fuente: <strong><em>www.elnuevoherald.com<\/em><\/strong><\/p>\n<p style=\"text-align: justify;\">Foto: <strong><em>3.bp.blogspot.com<\/em><\/strong><\/p>\n<div style=\"text-align: justify;\"><\/div>\n","protected":false},"excerpt":{"rendered":"<p>(Aeronoticias).- La hist\u00f3rica aerol\u00ednea Eastern, que fue fundada a finales de la d\u00e9cada de 1920 y cerr\u00f3 por falta de liquidez en 1991, podr\u00eda volver a operar con sede en Miami, si el Departamento de Transporte de EEUU aprueba su solicitud para volar de nuevo. La propiedad intelectual de Eastern Air Lines fue adquirida en [&hellip;]<\/p>\n","protected":false},"author":1,"featured_media":0,"comment_status":"open","ping_status":"open","sticky":false,"template":"","format":"standard","meta":{"tdm_status":"","tdm_grid_status":"","footnotes":""},"categories":[32],"tags":[],"class_list":{"0":"post-43228","1":"post","2":"type-post","3":"status-publish","4":"format-standard","6":"category-internacional"},"yoast_head":"<!-- This site is optimized with the Yoast SEO plugin v25.1 - https:\/\/yoast.com\/wordpress\/plugins\/seo\/ -->\n<title>Difunta aerol\u00ednea Eastern quiere volver a operar con sede en Miami<\/title>\n<meta name=\"description\" content=\"Portal de noticias del Per\u00fa sobre el transporte a\u00e9reo, aviaci\u00f3n, turismo, hoteleria, actualidad.\" \/>\n<meta name=\"robots\" content=\"index, follow, max-snippet:-1, max-image-preview:large, max-video-preview:-1\" \/>\n<link rel=\"canonical\" href=\"https:\/\/aeronoticias.com.pe\/noticiero\/transporte-aereo\/internacional\/difunta-aerolinea-eastern-quiere-volver-a-operar-con-sede-en-miami\/\" \/>\n<meta property=\"og:locale\" content=\"es_ES\" \/>\n<meta property=\"og:type\" content=\"article\" \/>\n<meta property=\"og:title\" content=\"Difunta aerol\u00ednea Eastern quiere volver a operar con sede en Miami\" \/>\n<meta property=\"og:description\" content=\"Portal de noticias del Per\u00fa sobre el transporte a\u00e9reo, aviaci\u00f3n, turismo, hoteleria, actualidad.\" \/>\n<meta property=\"og:url\" content=\"https:\/\/aeronoticias.com.pe\/noticiero\/transporte-aereo\/internacional\/difunta-aerolinea-eastern-quiere-volver-a-operar-con-sede-en-miami\/\" \/>\n<meta property=\"og:site_name\" content=\"Aeronoticias.com.pe\" \/>\n<meta property=\"article:publisher\" content=\"https:\/\/www.facebook.com\/Aeronoticias.com.pe\/\" \/>\n<meta property=\"article:published_time\" content=\"2014-01-30T14:31:10+00:00\" \/>\n<meta name=\"author\" content=\"Redacci\u00f3n Aeronoticias\" \/>\n<meta name=\"twitter:card\" content=\"summary_large_image\" \/>\n<meta name=\"twitter:creator\" content=\"@aeronoticias\" \/>\n<meta name=\"twitter:site\" content=\"@aeronoticias\" \/>\n<meta name=\"twitter:label1\" content=\"Escrito por\" \/>\n\t<meta name=\"twitter:data1\" content=\"Redacci\u00f3n Aeronoticias\" \/>\n\t<meta name=\"twitter:label2\" content=\"Tiempo de lectura\" \/>\n\t<meta name=\"twitter:data2\" content=\"2 minutos\" \/>\n<script type=\"application\/ld+json\" class=\"yoast-schema-graph\">{\"@context\":\"https:\/\/schema.org\",\"@graph\":[{\"@type\":\"WebPage\",\"@id\":\"https:\/\/aeronoticias.com.pe\/noticiero\/transporte-aereo\/internacional\/difunta-aerolinea-eastern-quiere-volver-a-operar-con-sede-en-miami\/\",\"url\":\"https:\/\/aeronoticias.com.pe\/noticiero\/transporte-aereo\/internacional\/difunta-aerolinea-eastern-quiere-volver-a-operar-con-sede-en-miami\/\",\"name\":\"Difunta aerol\u00ednea Eastern quiere volver a operar con sede en Miami\",\"isPartOf\":{\"@id\":\"https:\/\/aeronoticias.com.pe\/noticiero\/#website\"},\"datePublished\":\"2014-01-30T14:31:10+00:00\",\"author\":{\"@id\":\"https:\/\/aeronoticias.com.pe\/noticiero\/#\/schema\/person\/fc1e5d578f4b62ba1cf7ac2bba1170a0\"},\"description\":\"Portal de noticias del Per\u00fa sobre el transporte a\u00e9reo, aviaci\u00f3n, turismo, hoteleria, actualidad.\",\"breadcrumb\":{\"@id\":\"https:\/\/aeronoticias.com.pe\/noticiero\/transporte-aereo\/internacional\/difunta-aerolinea-eastern-quiere-volver-a-operar-con-sede-en-miami\/#breadcrumb\"},\"inLanguage\":\"es\",\"potentialAction\":[{\"@type\":\"ReadAction\",\"target\":[\"https:\/\/aeronoticias.com.pe\/noticiero\/transporte-aereo\/internacional\/difunta-aerolinea-eastern-quiere-volver-a-operar-con-sede-en-miami\/\"]}]},{\"@type\":\"BreadcrumbList\",\"@id\":\"https:\/\/aeronoticias.com.pe\/noticiero\/transporte-aereo\/internacional\/difunta-aerolinea-eastern-quiere-volver-a-operar-con-sede-en-miami\/#breadcrumb\",\"itemListElement\":[{\"@type\":\"ListItem\",\"position\":1,\"name\":\"Portada\",\"item\":\"https:\/\/aeronoticias.com.pe\/noticiero\/\"},{\"@type\":\"ListItem\",\"position\":2,\"name\":\"Difunta aerol\u00ednea Eastern quiere volver a operar con sede en Miami\"}]},{\"@type\":\"WebSite\",\"@id\":\"https:\/\/aeronoticias.com.pe\/noticiero\/#website\",\"url\":\"https:\/\/aeronoticias.com.pe\/noticiero\/\",\"name\":\"Aeronoticias.com.pe\",\"description\":\"Noticias de tranporte aereo, turismo, hoteles, gastronomia, actualidad, internacional\",\"potentialAction\":[{\"@type\":\"SearchAction\",\"target\":{\"@type\":\"EntryPoint\",\"urlTemplate\":\"https:\/\/aeronoticias.com.pe\/noticiero\/?s={search_term_string}\"},\"query-input\":{\"@type\":\"PropertyValueSpecification\",\"valueRequired\":true,\"valueName\":\"search_term_string\"}}],\"inLanguage\":\"es\"},{\"@type\":\"Person\",\"@id\":\"https:\/\/aeronoticias.com.pe\/noticiero\/#\/schema\/person\/fc1e5d578f4b62ba1cf7ac2bba1170a0\",\"name\":\"Redacci\u00f3n Aeronoticias\",\"url\":\"https:\/\/aeronoticias.com.pe\/noticiero\/author\/piloto\/\"}]}<\/script>\n<!-- \/ Yoast SEO plugin. -->","yoast_head_json":{"title":"Difunta aerol\u00ednea Eastern quiere volver a operar con sede en Miami","description":"Portal de noticias del Per\u00fa sobre el transporte a\u00e9reo, aviaci\u00f3n, turismo, hoteleria, actualidad.","robots":{"index":"index","follow":"follow","max-snippet":"max-snippet:-1","max-image-preview":"max-image-preview:large","max-video-preview":"max-video-preview:-1"},"canonical":"https:\/\/aeronoticias.com.pe\/noticiero\/transporte-aereo\/internacional\/difunta-aerolinea-eastern-quiere-volver-a-operar-con-sede-en-miami\/","og_locale":"es_ES","og_type":"article","og_title":"Difunta aerol\u00ednea Eastern quiere volver a operar con sede en Miami","og_description":"Portal de noticias del Per\u00fa sobre el transporte a\u00e9reo, aviaci\u00f3n, turismo, hoteleria, actualidad.","og_url":"https:\/\/aeronoticias.com.pe\/noticiero\/transporte-aereo\/internacional\/difunta-aerolinea-eastern-quiere-volver-a-operar-con-sede-en-miami\/","og_site_name":"Aeronoticias.com.pe","article_publisher":"https:\/\/www.facebook.com\/Aeronoticias.com.pe\/","article_published_time":"2014-01-30T14:31:10+00:00","author":"Redacci\u00f3n Aeronoticias","twitter_card":"summary_large_image","twitter_creator":"@aeronoticias","twitter_site":"@aeronoticias","twitter_misc":{"Escrito por":"Redacci\u00f3n Aeronoticias","Tiempo de lectura":"2 minutos"},"schema":{"@context":"https:\/\/schema.org","@graph":[{"@type":"WebPage","@id":"https:\/\/aeronoticias.com.pe\/noticiero\/transporte-aereo\/internacional\/difunta-aerolinea-eastern-quiere-volver-a-operar-con-sede-en-miami\/","url":"https:\/\/aeronoticias.com.pe\/noticiero\/transporte-aereo\/internacional\/difunta-aerolinea-eastern-quiere-volver-a-operar-con-sede-en-miami\/","name":"Difunta aerol\u00ednea Eastern quiere volver a operar con sede en Miami","isPartOf":{"@id":"https:\/\/aeronoticias.com.pe\/noticiero\/#website"},"datePublished":"2014-01-30T14:31:10+00:00","author":{"@id":"https:\/\/aeronoticias.com.pe\/noticiero\/#\/schema\/person\/fc1e5d578f4b62ba1cf7ac2bba1170a0"},"description":"Portal de noticias del Per\u00fa sobre el transporte a\u00e9reo, aviaci\u00f3n, turismo, hoteleria, actualidad.","breadcrumb":{"@id":"https:\/\/aeronoticias.com.pe\/noticiero\/transporte-aereo\/internacional\/difunta-aerolinea-eastern-quiere-volver-a-operar-con-sede-en-miami\/#breadcrumb"},"inLanguage":"es","potentialAction":[{"@type":"ReadAction","target":["https:\/\/aeronoticias.com.pe\/noticiero\/transporte-aereo\/internacional\/difunta-aerolinea-eastern-quiere-volver-a-operar-con-sede-en-miami\/"]}]},{"@type":"BreadcrumbList","@id":"https:\/\/aeronoticias.com.pe\/noticiero\/transporte-aereo\/internacional\/difunta-aerolinea-eastern-quiere-volver-a-operar-con-sede-en-miami\/#breadcrumb","itemListElement":[{"@type":"ListItem","position":1,"name":"Portada","item":"https:\/\/aeronoticias.com.pe\/noticiero\/"},{"@type":"ListItem","position":2,"name":"Difunta aerol\u00ednea Eastern quiere volver a operar con sede en Miami"}]},{"@type":"WebSite","@id":"https:\/\/aeronoticias.com.pe\/noticiero\/#website","url":"https:\/\/aeronoticias.com.pe\/noticiero\/","name":"Aeronoticias.com.pe","description":"Noticias de tranporte aereo, turismo, hoteles, gastronomia, actualidad, internacional","potentialAction":[{"@type":"SearchAction","target":{"@type":"EntryPoint","urlTemplate":"https:\/\/aeronoticias.com.pe\/noticiero\/?s={search_term_string}"},"query-input":{"@type":"PropertyValueSpecification","valueRequired":true,"valueName":"search_term_string"}}],"inLanguage":"es"},{"@type":"Person","@id":"https:\/\/aeronoticias.com.pe\/noticiero\/#\/schema\/person\/fc1e5d578f4b62ba1cf7ac2bba1170a0","name":"Redacci\u00f3n Aeronoticias","url":"https:\/\/aeronoticias.com.pe\/noticiero\/author\/piloto\/"}]}},"_links":{"self":[{"href":"https:\/\/aeronoticias.com.pe\/noticiero\/wp-json\/wp\/v2\/posts\/43228","targetHints":{"allow":["GET"]}}],"collection":[{"href":"https:\/\/aeronoticias.com.pe\/noticiero\/wp-json\/wp\/v2\/posts"}],"about":[{"href":"https:\/\/aeronoticias.com.pe\/noticiero\/wp-json\/wp\/v2\/types\/post"}],"author":[{"embeddable":true,"href":"https:\/\/aeronoticias.com.pe\/noticiero\/wp-json\/wp\/v2\/users\/1"}],"replies":[{"embeddable":true,"href":"https:\/\/aeronoticias.com.pe\/noticiero\/wp-json\/wp\/v2\/comments?post=43228"}],"version-history":[{"count":0,"href":"https:\/\/aeronoticias.com.pe\/noticiero\/wp-json\/wp\/v2\/posts\/43228\/revisions"}],"wp:attachment":[{"href":"https:\/\/aeronoticias.com.pe\/noticiero\/wp-json\/wp\/v2\/media?parent=43228"}],"wp:term":[{"taxonomy":"category","embeddable":true,"href":"https:\/\/aeronoticias.com.pe\/noticiero\/wp-json\/wp\/v2\/categories?post=43228"},{"taxonomy":"post_tag","embeddable":true,"href":"https:\/\/aeronoticias.com.pe\/noticiero\/wp-json\/wp\/v2\/tags?post=43228"}],"curies":[{"name":"wp","href":"https:\/\/api.w.org\/{rel}","templated":true}]}}