{"id":43229,"date":"2014-01-30T14:46:28","date_gmt":"2014-01-30T14:46:28","guid":{"rendered":"http:\/\/desarrollo.mcvicious.com\/aero2020\/2014\/01\/30\/arequipa-unas-200-personas-quedaron-varadas-en-aeropuerto-alfredo-rodriguez-ballon\/"},"modified":"2014-01-30T14:46:28","modified_gmt":"2014-01-30T14:46:28","slug":"arequipa-unas-200-personas-quedaron-varadas-en-aeropuerto-alfredo-rodriguez-ballon","status":"publish","type":"post","link":"https:\/\/aeronoticias.com.pe\/noticiero\/transporte-aereo\/internacional\/arequipa-unas-200-personas-quedaron-varadas-en-aeropuerto-alfredo-rodriguez-ballon\/","title":{"rendered":"Arequipa: Unas 200 personas quedaron varadas en aeropuerto Alfredo Rodr\u00edguez Ball\u00f3n"},"content":{"rendered":"<p style=\"text-align: justify;\"><img decoding=\"async\" src=\"images\/stories\/14\/01\/290114\/107a.jpg\" border=\"0\" \/><\/p>\n<p style=\"text-align: justify;\"><strong>(Aeronoticias).<\/strong>&#8211; <em>El d\u00eda de ayer los pasajeros perdieron los vuelos de la aerol\u00ednea LAN Per\u00fa desde el mediod\u00eda. Ten\u00edan como destino a la ciudad de Lima.<\/em><\/p>\n<p style=\"text-align: justify;\">Alrededor de 200 personas quedaron varadas en el aeropuerto Alfredo Rodr\u00edguez Ball\u00f3n, en Arequipa, desde el mediod\u00eda.<\/p>\n<p style=\"text-align: justify;\">Los pasajeros ten\u00edan como destino la ciudad de Lima, para lo que tomar\u00edan los vuelos 2104 y 2148 de la aerol\u00ednea LAN Per\u00fa: uno partir\u00eda a las 12:55 p.m. y el segundo a las 13:50 p.m.<\/p>\n<p style=\"text-align: justify;\">Fuentes de la aerol\u00ednea informaron a El Comercio que los vuelos est\u00e1n siendo reprogramados para la tarde de hoy y para ma\u00f1ana. Por otro lado, se est\u00e1 asegurando el hospedaje y la alimentaci\u00f3n de los pasajeros.<\/p>\n<p style=\"text-align: justify;\">De acuerdo a Canal N, el retraso de los vuelos se habr\u00eda debido a problemas t\u00e9cnicos con las aeronaves.<\/p>\n<p style=\"text-align: justify;\">\u00a0<\/p>\n<p style=\"text-align: justify;\">Fuente:<em><strong> elcomercio.pe<\/strong><\/em><\/p>\n<p style=\"text-align: justify;\">Foto: <em><strong>elcomercio.pe<\/strong><\/em><\/p>\n<div><\/div>\n","protected":false},"excerpt":{"rendered":"<p>(Aeronoticias).&#8211; El d\u00eda de ayer los pasajeros perdieron los vuelos de la aerol\u00ednea LAN Per\u00fa desde el mediod\u00eda. Ten\u00edan como destino a la ciudad de Lima. Alrededor de 200 personas quedaron varadas en el aeropuerto Alfredo Rodr\u00edguez Ball\u00f3n, en Arequipa, desde el mediod\u00eda. Los pasajeros ten\u00edan como destino la ciudad de Lima, para lo que [&hellip;]<\/p>\n","protected":false},"author":1,"featured_media":0,"comment_status":"open","ping_status":"open","sticky":false,"template":"","format":"standard","meta":{"tdm_status":"","tdm_grid_status":"","footnotes":""},"categories":[32],"tags":[],"class_list":{"0":"post-43229","1":"post","2":"type-post","3":"status-publish","4":"format-standard","6":"category-internacional"},"yoast_head":"<!-- This site is optimized with the Yoast SEO plugin v25.1 - https:\/\/yoast.com\/wordpress\/plugins\/seo\/ -->\n<title>Arequipa: Unas 200 personas quedaron varadas en aeropuerto Alfredo Rodr\u00edguez Ball\u00f3n<\/title>\n<meta name=\"description\" content=\"Portal de noticias del Per\u00fa sobre el transporte a\u00e9reo, aviaci\u00f3n, turismo, hoteleria, actualidad.\" \/>\n<meta name=\"robots\" content=\"index, follow, max-snippet:-1, max-image-preview:large, max-video-preview:-1\" \/>\n<link rel=\"canonical\" href=\"https:\/\/aeronoticias.com.pe\/noticiero\/transporte-aereo\/internacional\/arequipa-unas-200-personas-quedaron-varadas-en-aeropuerto-alfredo-rodriguez-ballon\/\" \/>\n<meta property=\"og:locale\" content=\"es_ES\" \/>\n<meta property=\"og:type\" content=\"article\" \/>\n<meta property=\"og:title\" content=\"Arequipa: Unas 200 personas quedaron varadas en aeropuerto Alfredo Rodr\u00edguez Ball\u00f3n\" \/>\n<meta property=\"og:description\" content=\"Portal de noticias del Per\u00fa sobre el transporte a\u00e9reo, aviaci\u00f3n, turismo, hoteleria, actualidad.\" \/>\n<meta property=\"og:url\" content=\"https:\/\/aeronoticias.com.pe\/noticiero\/transporte-aereo\/internacional\/arequipa-unas-200-personas-quedaron-varadas-en-aeropuerto-alfredo-rodriguez-ballon\/\" \/>\n<meta property=\"og:site_name\" content=\"Aeronoticias.com.pe\" \/>\n<meta property=\"article:publisher\" content=\"https:\/\/www.facebook.com\/Aeronoticias.com.pe\/\" \/>\n<meta property=\"article:published_time\" content=\"2014-01-30T14:46:28+00:00\" \/>\n<meta name=\"author\" content=\"Redacci\u00f3n Aeronoticias\" \/>\n<meta name=\"twitter:card\" content=\"summary_large_image\" \/>\n<meta name=\"twitter:creator\" content=\"@aeronoticias\" \/>\n<meta name=\"twitter:site\" content=\"@aeronoticias\" \/>\n<meta name=\"twitter:label1\" content=\"Escrito por\" \/>\n\t<meta name=\"twitter:data1\" content=\"Redacci\u00f3n Aeronoticias\" \/>\n\t<meta name=\"twitter:label2\" content=\"Tiempo de lectura\" \/>\n\t<meta name=\"twitter:data2\" content=\"1 minuto\" \/>\n<script type=\"application\/ld+json\" class=\"yoast-schema-graph\">{\"@context\":\"https:\/\/schema.org\",\"@graph\":[{\"@type\":\"WebPage\",\"@id\":\"https:\/\/aeronoticias.com.pe\/noticiero\/transporte-aereo\/internacional\/arequipa-unas-200-personas-quedaron-varadas-en-aeropuerto-alfredo-rodriguez-ballon\/\",\"url\":\"https:\/\/aeronoticias.com.pe\/noticiero\/transporte-aereo\/internacional\/arequipa-unas-200-personas-quedaron-varadas-en-aeropuerto-alfredo-rodriguez-ballon\/\",\"name\":\"Arequipa: Unas 200 personas quedaron varadas en aeropuerto Alfredo Rodr\u00edguez Ball\u00f3n\",\"isPartOf\":{\"@id\":\"https:\/\/aeronoticias.com.pe\/noticiero\/#website\"},\"datePublished\":\"2014-01-30T14:46:28+00:00\",\"author\":{\"@id\":\"https:\/\/aeronoticias.com.pe\/noticiero\/#\/schema\/person\/fc1e5d578f4b62ba1cf7ac2bba1170a0\"},\"description\":\"Portal de noticias del Per\u00fa sobre el transporte a\u00e9reo, aviaci\u00f3n, turismo, hoteleria, actualidad.\",\"breadcrumb\":{\"@id\":\"https:\/\/aeronoticias.com.pe\/noticiero\/transporte-aereo\/internacional\/arequipa-unas-200-personas-quedaron-varadas-en-aeropuerto-alfredo-rodriguez-ballon\/#breadcrumb\"},\"inLanguage\":\"es\",\"potentialAction\":[{\"@type\":\"ReadAction\",\"target\":[\"https:\/\/aeronoticias.com.pe\/noticiero\/transporte-aereo\/internacional\/arequipa-unas-200-personas-quedaron-varadas-en-aeropuerto-alfredo-rodriguez-ballon\/\"]}]},{\"@type\":\"BreadcrumbList\",\"@id\":\"https:\/\/aeronoticias.com.pe\/noticiero\/transporte-aereo\/internacional\/arequipa-unas-200-personas-quedaron-varadas-en-aeropuerto-alfredo-rodriguez-ballon\/#breadcrumb\",\"itemListElement\":[{\"@type\":\"ListItem\",\"position\":1,\"name\":\"Portada\",\"item\":\"https:\/\/aeronoticias.com.pe\/noticiero\/\"},{\"@type\":\"ListItem\",\"position\":2,\"name\":\"Arequipa: Unas 200 personas quedaron varadas en aeropuerto Alfredo Rodr\u00edguez Ball\u00f3n\"}]},{\"@type\":\"WebSite\",\"@id\":\"https:\/\/aeronoticias.com.pe\/noticiero\/#website\",\"url\":\"https:\/\/aeronoticias.com.pe\/noticiero\/\",\"name\":\"Aeronoticias.com.pe\",\"description\":\"Noticias de tranporte aereo, turismo, hoteles, gastronomia, actualidad, internacional\",\"potentialAction\":[{\"@type\":\"SearchAction\",\"target\":{\"@type\":\"EntryPoint\",\"urlTemplate\":\"https:\/\/aeronoticias.com.pe\/noticiero\/?s={search_term_string}\"},\"query-input\":{\"@type\":\"PropertyValueSpecification\",\"valueRequired\":true,\"valueName\":\"search_term_string\"}}],\"inLanguage\":\"es\"},{\"@type\":\"Person\",\"@id\":\"https:\/\/aeronoticias.com.pe\/noticiero\/#\/schema\/person\/fc1e5d578f4b62ba1cf7ac2bba1170a0\",\"name\":\"Redacci\u00f3n Aeronoticias\",\"url\":\"https:\/\/aeronoticias.com.pe\/noticiero\/author\/piloto\/\"}]}<\/script>\n<!-- \/ Yoast SEO plugin. -->","yoast_head_json":{"title":"Arequipa: Unas 200 personas quedaron varadas en aeropuerto Alfredo Rodr\u00edguez Ball\u00f3n","description":"Portal de noticias del Per\u00fa sobre el transporte a\u00e9reo, aviaci\u00f3n, turismo, hoteleria, actualidad.","robots":{"index":"index","follow":"follow","max-snippet":"max-snippet:-1","max-image-preview":"max-image-preview:large","max-video-preview":"max-video-preview:-1"},"canonical":"https:\/\/aeronoticias.com.pe\/noticiero\/transporte-aereo\/internacional\/arequipa-unas-200-personas-quedaron-varadas-en-aeropuerto-alfredo-rodriguez-ballon\/","og_locale":"es_ES","og_type":"article","og_title":"Arequipa: Unas 200 personas quedaron varadas en aeropuerto Alfredo Rodr\u00edguez Ball\u00f3n","og_description":"Portal de noticias del Per\u00fa sobre el transporte a\u00e9reo, aviaci\u00f3n, turismo, hoteleria, actualidad.","og_url":"https:\/\/aeronoticias.com.pe\/noticiero\/transporte-aereo\/internacional\/arequipa-unas-200-personas-quedaron-varadas-en-aeropuerto-alfredo-rodriguez-ballon\/","og_site_name":"Aeronoticias.com.pe","article_publisher":"https:\/\/www.facebook.com\/Aeronoticias.com.pe\/","article_published_time":"2014-01-30T14:46:28+00:00","author":"Redacci\u00f3n Aeronoticias","twitter_card":"summary_large_image","twitter_creator":"@aeronoticias","twitter_site":"@aeronoticias","twitter_misc":{"Escrito por":"Redacci\u00f3n Aeronoticias","Tiempo de lectura":"1 minuto"},"schema":{"@context":"https:\/\/schema.org","@graph":[{"@type":"WebPage","@id":"https:\/\/aeronoticias.com.pe\/noticiero\/transporte-aereo\/internacional\/arequipa-unas-200-personas-quedaron-varadas-en-aeropuerto-alfredo-rodriguez-ballon\/","url":"https:\/\/aeronoticias.com.pe\/noticiero\/transporte-aereo\/internacional\/arequipa-unas-200-personas-quedaron-varadas-en-aeropuerto-alfredo-rodriguez-ballon\/","name":"Arequipa: Unas 200 personas quedaron varadas en aeropuerto Alfredo Rodr\u00edguez Ball\u00f3n","isPartOf":{"@id":"https:\/\/aeronoticias.com.pe\/noticiero\/#website"},"datePublished":"2014-01-30T14:46:28+00:00","author":{"@id":"https:\/\/aeronoticias.com.pe\/noticiero\/#\/schema\/person\/fc1e5d578f4b62ba1cf7ac2bba1170a0"},"description":"Portal de noticias del Per\u00fa sobre el transporte a\u00e9reo, aviaci\u00f3n, turismo, hoteleria, actualidad.","breadcrumb":{"@id":"https:\/\/aeronoticias.com.pe\/noticiero\/transporte-aereo\/internacional\/arequipa-unas-200-personas-quedaron-varadas-en-aeropuerto-alfredo-rodriguez-ballon\/#breadcrumb"},"inLanguage":"es","potentialAction":[{"@type":"ReadAction","target":["https:\/\/aeronoticias.com.pe\/noticiero\/transporte-aereo\/internacional\/arequipa-unas-200-personas-quedaron-varadas-en-aeropuerto-alfredo-rodriguez-ballon\/"]}]},{"@type":"BreadcrumbList","@id":"https:\/\/aeronoticias.com.pe\/noticiero\/transporte-aereo\/internacional\/arequipa-unas-200-personas-quedaron-varadas-en-aeropuerto-alfredo-rodriguez-ballon\/#breadcrumb","itemListElement":[{"@type":"ListItem","position":1,"name":"Portada","item":"https:\/\/aeronoticias.com.pe\/noticiero\/"},{"@type":"ListItem","position":2,"name":"Arequipa: Unas 200 personas quedaron varadas en aeropuerto Alfredo Rodr\u00edguez Ball\u00f3n"}]},{"@type":"WebSite","@id":"https:\/\/aeronoticias.com.pe\/noticiero\/#website","url":"https:\/\/aeronoticias.com.pe\/noticiero\/","name":"Aeronoticias.com.pe","description":"Noticias de tranporte aereo, turismo, hoteles, gastronomia, actualidad, internacional","potentialAction":[{"@type":"SearchAction","target":{"@type":"EntryPoint","urlTemplate":"https:\/\/aeronoticias.com.pe\/noticiero\/?s={search_term_string}"},"query-input":{"@type":"PropertyValueSpecification","valueRequired":true,"valueName":"search_term_string"}}],"inLanguage":"es"},{"@type":"Person","@id":"https:\/\/aeronoticias.com.pe\/noticiero\/#\/schema\/person\/fc1e5d578f4b62ba1cf7ac2bba1170a0","name":"Redacci\u00f3n Aeronoticias","url":"https:\/\/aeronoticias.com.pe\/noticiero\/author\/piloto\/"}]}},"_links":{"self":[{"href":"https:\/\/aeronoticias.com.pe\/noticiero\/wp-json\/wp\/v2\/posts\/43229","targetHints":{"allow":["GET"]}}],"collection":[{"href":"https:\/\/aeronoticias.com.pe\/noticiero\/wp-json\/wp\/v2\/posts"}],"about":[{"href":"https:\/\/aeronoticias.com.pe\/noticiero\/wp-json\/wp\/v2\/types\/post"}],"author":[{"embeddable":true,"href":"https:\/\/aeronoticias.com.pe\/noticiero\/wp-json\/wp\/v2\/users\/1"}],"replies":[{"embeddable":true,"href":"https:\/\/aeronoticias.com.pe\/noticiero\/wp-json\/wp\/v2\/comments?post=43229"}],"version-history":[{"count":0,"href":"https:\/\/aeronoticias.com.pe\/noticiero\/wp-json\/wp\/v2\/posts\/43229\/revisions"}],"wp:attachment":[{"href":"https:\/\/aeronoticias.com.pe\/noticiero\/wp-json\/wp\/v2\/media?parent=43229"}],"wp:term":[{"taxonomy":"category","embeddable":true,"href":"https:\/\/aeronoticias.com.pe\/noticiero\/wp-json\/wp\/v2\/categories?post=43229"},{"taxonomy":"post_tag","embeddable":true,"href":"https:\/\/aeronoticias.com.pe\/noticiero\/wp-json\/wp\/v2\/tags?post=43229"}],"curies":[{"name":"wp","href":"https:\/\/api.w.org\/{rel}","templated":true}]}}