{"id":43234,"date":"2014-01-30T15:59:58","date_gmt":"2014-01-30T15:59:58","guid":{"rendered":"http:\/\/desarrollo.mcvicious.com\/aero2020\/2014\/01\/30\/aeromexico-la-aerolinea-con-mayor-mercado-mexicano\/"},"modified":"2014-01-30T15:59:58","modified_gmt":"2014-01-30T15:59:58","slug":"aeromexico-la-aerolinea-con-mayor-mercado-mexicano","status":"publish","type":"post","link":"https:\/\/aeronoticias.com.pe\/noticiero\/transporte-aereo\/internacional\/aeromexico-la-aerolinea-con-mayor-mercado-mexicano\/","title":{"rendered":"Rematan edificio del LAB en $us 450.000"},"content":{"rendered":"<p style=\"text-align: justify;\"><img decoding=\"async\" src=\"images\/stories\/14\/01\/290114\/112a.jpg\" border=\"0\" \/><\/p>\n<p style=\"text-align: justify;\"><strong>(Aeronoticias).-<\/strong> El edificio del Lloyd A\u00e9reo Boliviano (LAB) en La Paz fue embargado ayer por orden del Juzgado 4\u00b0 Laboral de Cochabamba, despu\u00e9s de que en d\u00edas pasados el inmueble fuera rematado en $us 450.000 a solicitud de Gonzalo Requena, exejecutivo de la aerol\u00ednea.<\/p>\n<p style=\"text-align: justify;\">El embargo y el inventario de todo lo que hab\u00eda al interior de este edificio fue realizado en horas de la ma\u00f1ana por Juan Luis Rocabado, quien explic\u00f3 que el dinero obtenido por el remate ir\u00e1 a favor del pago de los beneficios sociales de los trabajadores de la aerol\u00ednea. \u201cEse remate se ha adjudicado un particular porque los trabajadores del LAB han decidido rematar este bien\u201d, explic\u00f3 Rocabado.<\/p>\n<p style=\"text-align: justify;\">A\u00f1adi\u00f3 que este proceso fue llevado a cabo en la ciudad de Cochabamba y que el edificio de la l\u00ednea a\u00e9rea fue embargado a solicitud de los extrabajadores y adjudicado a trav\u00e9s de un remate a una tercera persona que desconoce.<\/p>\n<p style=\"text-align: justify;\">Irregularidad. Sin embargo, el gerente regional del LAB, Jonny Meneses, calific\u00f3 el remate de irregular, pues pas\u00f3 a manos deMilton Pati\u00f1o P\u00e9rez, exdirector de la aerol\u00ednea. \u201cEs justamente un remate que hicieron entre gallos y medianoche Gonzalo Requena y compa\u00f1\u00eda por beneficios sociales y ah\u00ed se adjudic\u00f3 este se\u00f1or Milton Pati\u00f1o P\u00e9rez, que era director de la empresa junto con el se\u00f1or Marcelo Golman, que ahora reclaman la propiedad del edificio mediante un s\u00fabdito chino\u201d, se\u00f1al\u00f3 el ejecutivo de la compa\u00f1\u00eda.<\/p>\n<p style=\"text-align: justify;\">Meneses a\u00f1adi\u00f3 que son unos 320 empleados que estar\u00edan perjudicados en La Paz y a nivel nacional 2.100, a quienes se les deber\u00edan sus beneficios sociales.<\/p>\n<p style=\"text-align: justify;\">\u00a0<\/p>\n<p style=\"text-align: justify;\">Fuente: <strong><em>aerolatinnews<\/em><\/strong><\/p>\n<p style=\"text-align: justify;\">Foto: <em><strong>aerolatinnews<\/strong><\/em><\/p>\n","protected":false},"excerpt":{"rendered":"<p>(Aeronoticias).- El edificio del Lloyd A\u00e9reo Boliviano (LAB) en La Paz fue embargado ayer por orden del Juzgado 4\u00b0 Laboral de Cochabamba, despu\u00e9s de que en d\u00edas pasados el inmueble fuera rematado en $us 450.000 a solicitud de Gonzalo Requena, exejecutivo de la aerol\u00ednea. El embargo y el inventario de todo lo que hab\u00eda al [&hellip;]<\/p>\n","protected":false},"author":1,"featured_media":0,"comment_status":"open","ping_status":"open","sticky":false,"template":"","format":"standard","meta":{"tdm_status":"","tdm_grid_status":"","footnotes":""},"categories":[32],"tags":[],"class_list":{"0":"post-43234","1":"post","2":"type-post","3":"status-publish","4":"format-standard","6":"category-internacional"},"yoast_head":"<!-- This site is optimized with the Yoast SEO plugin v25.1 - https:\/\/yoast.com\/wordpress\/plugins\/seo\/ -->\n<title>Rematan edificio del LAB en $us 450.000<\/title>\n<meta name=\"description\" content=\"Portal de noticias del Per\u00fa sobre el transporte a\u00e9reo, aviaci\u00f3n, turismo, hoteleria, actualidad.\" \/>\n<meta name=\"robots\" content=\"index, follow, max-snippet:-1, max-image-preview:large, max-video-preview:-1\" \/>\n<link rel=\"canonical\" href=\"https:\/\/aeronoticias.com.pe\/noticiero\/transporte-aereo\/internacional\/aeromexico-la-aerolinea-con-mayor-mercado-mexicano\/\" \/>\n<meta property=\"og:locale\" content=\"es_ES\" \/>\n<meta property=\"og:type\" content=\"article\" \/>\n<meta property=\"og:title\" content=\"Rematan edificio del LAB en $us 450.000\" \/>\n<meta property=\"og:description\" content=\"Portal de noticias del Per\u00fa sobre el transporte a\u00e9reo, aviaci\u00f3n, turismo, hoteleria, actualidad.\" \/>\n<meta property=\"og:url\" content=\"https:\/\/aeronoticias.com.pe\/noticiero\/transporte-aereo\/internacional\/aeromexico-la-aerolinea-con-mayor-mercado-mexicano\/\" \/>\n<meta property=\"og:site_name\" content=\"Aeronoticias.com.pe\" \/>\n<meta property=\"article:publisher\" content=\"https:\/\/www.facebook.com\/Aeronoticias.com.pe\/\" \/>\n<meta property=\"article:published_time\" content=\"2014-01-30T15:59:58+00:00\" \/>\n<meta name=\"author\" content=\"Redacci\u00f3n Aeronoticias\" \/>\n<meta name=\"twitter:card\" content=\"summary_large_image\" \/>\n<meta name=\"twitter:creator\" content=\"@aeronoticias\" \/>\n<meta name=\"twitter:site\" content=\"@aeronoticias\" \/>\n<meta name=\"twitter:label1\" content=\"Escrito por\" \/>\n\t<meta name=\"twitter:data1\" content=\"Redacci\u00f3n Aeronoticias\" \/>\n\t<meta name=\"twitter:label2\" content=\"Tiempo de lectura\" \/>\n\t<meta name=\"twitter:data2\" content=\"1 minuto\" \/>\n<script type=\"application\/ld+json\" class=\"yoast-schema-graph\">{\"@context\":\"https:\/\/schema.org\",\"@graph\":[{\"@type\":\"WebPage\",\"@id\":\"https:\/\/aeronoticias.com.pe\/noticiero\/transporte-aereo\/internacional\/aeromexico-la-aerolinea-con-mayor-mercado-mexicano\/\",\"url\":\"https:\/\/aeronoticias.com.pe\/noticiero\/transporte-aereo\/internacional\/aeromexico-la-aerolinea-con-mayor-mercado-mexicano\/\",\"name\":\"Rematan edificio del LAB en $us 450.000\",\"isPartOf\":{\"@id\":\"https:\/\/aeronoticias.com.pe\/noticiero\/#website\"},\"datePublished\":\"2014-01-30T15:59:58+00:00\",\"author\":{\"@id\":\"https:\/\/aeronoticias.com.pe\/noticiero\/#\/schema\/person\/fc1e5d578f4b62ba1cf7ac2bba1170a0\"},\"description\":\"Portal de noticias del Per\u00fa sobre el transporte a\u00e9reo, aviaci\u00f3n, turismo, hoteleria, actualidad.\",\"breadcrumb\":{\"@id\":\"https:\/\/aeronoticias.com.pe\/noticiero\/transporte-aereo\/internacional\/aeromexico-la-aerolinea-con-mayor-mercado-mexicano\/#breadcrumb\"},\"inLanguage\":\"es\",\"potentialAction\":[{\"@type\":\"ReadAction\",\"target\":[\"https:\/\/aeronoticias.com.pe\/noticiero\/transporte-aereo\/internacional\/aeromexico-la-aerolinea-con-mayor-mercado-mexicano\/\"]}]},{\"@type\":\"BreadcrumbList\",\"@id\":\"https:\/\/aeronoticias.com.pe\/noticiero\/transporte-aereo\/internacional\/aeromexico-la-aerolinea-con-mayor-mercado-mexicano\/#breadcrumb\",\"itemListElement\":[{\"@type\":\"ListItem\",\"position\":1,\"name\":\"Portada\",\"item\":\"https:\/\/aeronoticias.com.pe\/noticiero\/\"},{\"@type\":\"ListItem\",\"position\":2,\"name\":\"Rematan edificio del LAB en $us 450.000\"}]},{\"@type\":\"WebSite\",\"@id\":\"https:\/\/aeronoticias.com.pe\/noticiero\/#website\",\"url\":\"https:\/\/aeronoticias.com.pe\/noticiero\/\",\"name\":\"Aeronoticias.com.pe\",\"description\":\"Noticias de tranporte aereo, turismo, hoteles, gastronomia, actualidad, internacional\",\"potentialAction\":[{\"@type\":\"SearchAction\",\"target\":{\"@type\":\"EntryPoint\",\"urlTemplate\":\"https:\/\/aeronoticias.com.pe\/noticiero\/?s={search_term_string}\"},\"query-input\":{\"@type\":\"PropertyValueSpecification\",\"valueRequired\":true,\"valueName\":\"search_term_string\"}}],\"inLanguage\":\"es\"},{\"@type\":\"Person\",\"@id\":\"https:\/\/aeronoticias.com.pe\/noticiero\/#\/schema\/person\/fc1e5d578f4b62ba1cf7ac2bba1170a0\",\"name\":\"Redacci\u00f3n Aeronoticias\",\"url\":\"https:\/\/aeronoticias.com.pe\/noticiero\/author\/piloto\/\"}]}<\/script>\n<!-- \/ Yoast SEO plugin. -->","yoast_head_json":{"title":"Rematan edificio del LAB en $us 450.000","description":"Portal de noticias del Per\u00fa sobre el transporte a\u00e9reo, aviaci\u00f3n, turismo, hoteleria, actualidad.","robots":{"index":"index","follow":"follow","max-snippet":"max-snippet:-1","max-image-preview":"max-image-preview:large","max-video-preview":"max-video-preview:-1"},"canonical":"https:\/\/aeronoticias.com.pe\/noticiero\/transporte-aereo\/internacional\/aeromexico-la-aerolinea-con-mayor-mercado-mexicano\/","og_locale":"es_ES","og_type":"article","og_title":"Rematan edificio del LAB en $us 450.000","og_description":"Portal de noticias del Per\u00fa sobre el transporte a\u00e9reo, aviaci\u00f3n, turismo, hoteleria, actualidad.","og_url":"https:\/\/aeronoticias.com.pe\/noticiero\/transporte-aereo\/internacional\/aeromexico-la-aerolinea-con-mayor-mercado-mexicano\/","og_site_name":"Aeronoticias.com.pe","article_publisher":"https:\/\/www.facebook.com\/Aeronoticias.com.pe\/","article_published_time":"2014-01-30T15:59:58+00:00","author":"Redacci\u00f3n Aeronoticias","twitter_card":"summary_large_image","twitter_creator":"@aeronoticias","twitter_site":"@aeronoticias","twitter_misc":{"Escrito por":"Redacci\u00f3n Aeronoticias","Tiempo de lectura":"1 minuto"},"schema":{"@context":"https:\/\/schema.org","@graph":[{"@type":"WebPage","@id":"https:\/\/aeronoticias.com.pe\/noticiero\/transporte-aereo\/internacional\/aeromexico-la-aerolinea-con-mayor-mercado-mexicano\/","url":"https:\/\/aeronoticias.com.pe\/noticiero\/transporte-aereo\/internacional\/aeromexico-la-aerolinea-con-mayor-mercado-mexicano\/","name":"Rematan edificio del LAB en $us 450.000","isPartOf":{"@id":"https:\/\/aeronoticias.com.pe\/noticiero\/#website"},"datePublished":"2014-01-30T15:59:58+00:00","author":{"@id":"https:\/\/aeronoticias.com.pe\/noticiero\/#\/schema\/person\/fc1e5d578f4b62ba1cf7ac2bba1170a0"},"description":"Portal de noticias del Per\u00fa sobre el transporte a\u00e9reo, aviaci\u00f3n, turismo, hoteleria, actualidad.","breadcrumb":{"@id":"https:\/\/aeronoticias.com.pe\/noticiero\/transporte-aereo\/internacional\/aeromexico-la-aerolinea-con-mayor-mercado-mexicano\/#breadcrumb"},"inLanguage":"es","potentialAction":[{"@type":"ReadAction","target":["https:\/\/aeronoticias.com.pe\/noticiero\/transporte-aereo\/internacional\/aeromexico-la-aerolinea-con-mayor-mercado-mexicano\/"]}]},{"@type":"BreadcrumbList","@id":"https:\/\/aeronoticias.com.pe\/noticiero\/transporte-aereo\/internacional\/aeromexico-la-aerolinea-con-mayor-mercado-mexicano\/#breadcrumb","itemListElement":[{"@type":"ListItem","position":1,"name":"Portada","item":"https:\/\/aeronoticias.com.pe\/noticiero\/"},{"@type":"ListItem","position":2,"name":"Rematan edificio del LAB en $us 450.000"}]},{"@type":"WebSite","@id":"https:\/\/aeronoticias.com.pe\/noticiero\/#website","url":"https:\/\/aeronoticias.com.pe\/noticiero\/","name":"Aeronoticias.com.pe","description":"Noticias de tranporte aereo, turismo, hoteles, gastronomia, actualidad, internacional","potentialAction":[{"@type":"SearchAction","target":{"@type":"EntryPoint","urlTemplate":"https:\/\/aeronoticias.com.pe\/noticiero\/?s={search_term_string}"},"query-input":{"@type":"PropertyValueSpecification","valueRequired":true,"valueName":"search_term_string"}}],"inLanguage":"es"},{"@type":"Person","@id":"https:\/\/aeronoticias.com.pe\/noticiero\/#\/schema\/person\/fc1e5d578f4b62ba1cf7ac2bba1170a0","name":"Redacci\u00f3n Aeronoticias","url":"https:\/\/aeronoticias.com.pe\/noticiero\/author\/piloto\/"}]}},"_links":{"self":[{"href":"https:\/\/aeronoticias.com.pe\/noticiero\/wp-json\/wp\/v2\/posts\/43234","targetHints":{"allow":["GET"]}}],"collection":[{"href":"https:\/\/aeronoticias.com.pe\/noticiero\/wp-json\/wp\/v2\/posts"}],"about":[{"href":"https:\/\/aeronoticias.com.pe\/noticiero\/wp-json\/wp\/v2\/types\/post"}],"author":[{"embeddable":true,"href":"https:\/\/aeronoticias.com.pe\/noticiero\/wp-json\/wp\/v2\/users\/1"}],"replies":[{"embeddable":true,"href":"https:\/\/aeronoticias.com.pe\/noticiero\/wp-json\/wp\/v2\/comments?post=43234"}],"version-history":[{"count":0,"href":"https:\/\/aeronoticias.com.pe\/noticiero\/wp-json\/wp\/v2\/posts\/43234\/revisions"}],"wp:attachment":[{"href":"https:\/\/aeronoticias.com.pe\/noticiero\/wp-json\/wp\/v2\/media?parent=43234"}],"wp:term":[{"taxonomy":"category","embeddable":true,"href":"https:\/\/aeronoticias.com.pe\/noticiero\/wp-json\/wp\/v2\/categories?post=43234"},{"taxonomy":"post_tag","embeddable":true,"href":"https:\/\/aeronoticias.com.pe\/noticiero\/wp-json\/wp\/v2\/tags?post=43234"}],"curies":[{"name":"wp","href":"https:\/\/api.w.org\/{rel}","templated":true}]}}