{"id":433,"date":"2008-09-08T11:24:36","date_gmt":"2008-09-08T11:24:36","guid":{"rendered":"http:\/\/desarrollo.mcvicious.com\/aero2020\/2008\/09\/08\/inei-acceso-al-sis-en-el-rea-rural-alcanza-al-556-de-las-mujeres\/"},"modified":"2008-09-08T11:24:36","modified_gmt":"2008-09-08T11:24:36","slug":"inei-acceso-al-sis-en-el-rea-rural-alcanza-al-556-de-las-mujeres","status":"publish","type":"post","link":"https:\/\/aeronoticias.com.pe\/noticiero\/ultimas\/1\/inei-acceso-al-sis-en-el-rea-rural-alcanza-al-556-de-las-mujeres\/","title":{"rendered":"INEI: ACCESO AL SIS EN EL"},"content":{"rendered":"<p><\/p>\n<div align=\"justify\">El acceso al Seguro Integral de Salud (SIS) en el &aacute;rea rural creci&oacute; considerablemente al alcanzar una cobertura de 55,6% de mujeres y 46,4% de hombres, estas cifras revelan incrementos de 23,7 y 17,7 puntos porcentuales respectivamente, comparado con el segundo trimestre del 2007. As&iacute; lo se&ntilde;ala el Informe T&eacute;cnico Estad&iacute;sticas de G&eacute;nero Trimestre: Abril-Mayo-Junio 2008.<\/p>\n<p>En cambio, en Lima Metropolitana se registra un predominio en la afiliaci&oacute;n a ESSALUD, reflejado en una mayor cobertura en hombres (26,7%), que en mujeres (25,6%); mientras que el SIS registra una afiliaci&oacute;n mucho menor, en donde se observa mayor acceso de las mujeres (9,4%), frente al de los hombres que alcanzan el 7,6%.<\/p>\n<p>Cabe destacar que el Seguro Integral de Salud, cumple un importante rol de protecci&oacute;n a la poblaci&oacute;n de menores recursos, especialmente en las zonas de mayor pobreza y en especial en las &aacute;reas rurales.<\/p><\/div>\n<div align=\"justify\">&nbsp; <\/p>\n<div style=\"text-align: center\"><img loading=\"lazy\" decoding=\"async\" src=\"http:\/\/aeronoticias.com.pe\/fotonoticias\/setiembre\/campesinasperuanas.JPG\" alt=\" \" title=\"INEI: ACCESO AL SIS EN EL &Aacute;REA RURAL ALCANZA AL 55,6% DE LAS MUJERES. (Foto: http:\/\/ipsnoticias.net\/fotos\/CampesinasI_Milagros_Salazar)\" hspace=\"5\" vspace=\"5\" width=\"400\" height=\"299\" \/><\/div>\n<\/div>\n<p> <!--more--> <\/p>\n<p><strong><br \/><\/strong><\/p>\n<div align=\"center\"><strong>Menores de edad y adultos mayores reciben mayor apoyo de los programas alimentarios<\/strong><\/div>\n<p>&nbsp;<\/p>\n<div align=\"justify\">Asimismo, este informe se&ntilde;ala una ventaja de 1,5 puntos porcentuales, entre el acceso de las mujeres (14,8%) a alg&uacute;n programa alimentario (Vaso de Leche, Comedor Popular, Desayuno Escolar, Papilla o Yapita (PACFO), Canasta Alimentaria (PANFAR) u otros), frente al 13,3%, obtenido por los hombres al momento de recibir&nbsp; el mencionado programa alimentario.<\/p>\n<p>Por grupo de edad de la poblaci&oacute;n beneficiaria de alg&uacute;n programa alimentario, se observa que en el grupo de 0 a 17 a&ntilde;os de edad se registra un mayor&nbsp; acceso de beneficiarios (31,1%), que beneficiarias (29,6%), lo que representa una diferencia de 1,5 puntos porcentuales a favor de los varones.<\/p>\n<p>Por otra parte, en el acceso a alg&uacute;n programa alimentario de la poblaci&oacute;n de 60 y m&aacute;s a&ntilde;os de edad, se registra mayor proporci&oacute;n de beneficiarios en la poblaci&oacute;n femenina (10,5%), respecto a la poblaci&oacute;n masculina (7,1%) de este grupo de edad.<\/div>\n<p><strong><br \/><\/strong><\/p>\n<div align=\"center\"><strong>La tasa de asistencia a educaci&oacute;n secundaria de las mujeres supera al de los hombres<\/strong><\/div>\n<p>&nbsp;<\/p>\n<div align=\"justify\">Seg&uacute;n los resultados de la ENAHO para este periodo de an&aacute;lisis, la tasa de asistencia a nivel nacional de las adolescentes de 12 a 16 a&ntilde;os (76,7%) supera al registrado por los hombres (74,3%), cifras que representa una ventaja a favor de las mujeres, en 2,4 puntos porcentuales.<\/p>\n<p>Similar comportamiento se registr&oacute; en Lima Metropolitana en donde las mujeres presentan una tasa de asistencia a educaci&oacute;n secundaria de 86,9%, que representa una ventaja de 2,6 puntos porcentuales frente al 84,3% obtenido por los hombres. <\/p>\n<p>Igualmente, en el &aacute;rea urbana las adolescentes obtuvieron una tasa de asistencia de 84,8%, cifra que supera en 3,3 puntos porcentuales a la asistencia registrada por los hombres (81,5%). En tanto, en el &aacute;rea rural las adolescentes alcanzan una tasa de asistencia de 65,1% y, representa una ligera ventaja frente a los varones (64,6%).<\/p>\n<\/div>\n<p>&nbsp;<\/p>\n","protected":false},"excerpt":{"rendered":"<p>El acceso al Seguro Integral de Salud (SIS) en el &aacute;rea rural creci&oacute; considerablemente al alcanzar una cobertura de 55,6% de mujeres y 46,4% de hombres, estas cifras revelan incrementos de 23,7 y 17,7 puntos porcentuales respectivamente, comparado con el segundo trimestre del 2007. As&iacute; lo se&ntilde;ala el Informe T&eacute;cnico Estad&iacute;sticas de G&eacute;nero Trimestre: Abril-Mayo-Junio [&hellip;]<\/p>\n","protected":false},"author":1,"featured_media":0,"comment_status":"open","ping_status":"open","sticky":false,"template":"","format":"standard","meta":{"tdm_status":"","tdm_grid_status":"","footnotes":""},"categories":[30],"tags":[],"class_list":{"0":"post-433","1":"post","2":"type-post","3":"status-publish","4":"format-standard","6":"category-30"},"yoast_head":"<!-- This site is optimized with the Yoast SEO plugin v25.1 - https:\/\/yoast.com\/wordpress\/plugins\/seo\/ -->\n<title>INEI: ACCESO AL SIS EN EL<\/title>\n<meta name=\"description\" content=\"Portal de noticias del Per\u00fa sobre el transporte a\u00e9reo, aviaci\u00f3n, turismo, hoteleria, actualidad.\" \/>\n<meta name=\"robots\" content=\"index, follow, max-snippet:-1, max-image-preview:large, max-video-preview:-1\" \/>\n<link rel=\"canonical\" href=\"https:\/\/aeronoticias.com.pe\/noticiero\/ultimas\/1\/inei-acceso-al-sis-en-el-rea-rural-alcanza-al-556-de-las-mujeres\/\" \/>\n<meta property=\"og:locale\" content=\"es_ES\" \/>\n<meta property=\"og:type\" content=\"article\" \/>\n<meta property=\"og:title\" content=\"INEI: ACCESO AL SIS EN EL\" \/>\n<meta property=\"og:description\" content=\"Portal de noticias del Per\u00fa sobre el transporte a\u00e9reo, aviaci\u00f3n, turismo, hoteleria, actualidad.\" \/>\n<meta property=\"og:url\" content=\"https:\/\/aeronoticias.com.pe\/noticiero\/ultimas\/1\/inei-acceso-al-sis-en-el-rea-rural-alcanza-al-556-de-las-mujeres\/\" \/>\n<meta property=\"og:site_name\" content=\"Aeronoticias.com.pe\" \/>\n<meta property=\"article:publisher\" content=\"https:\/\/www.facebook.com\/Aeronoticias.com.pe\/\" \/>\n<meta property=\"article:published_time\" content=\"2008-09-08T11:24:36+00:00\" \/>\n<meta property=\"og:image\" content=\"http:\/\/aeronoticias.com.pe\/fotonoticias\/setiembre\/campesinasperuanas.JPG\" \/>\n<meta name=\"author\" content=\"Redacci\u00f3n Aeronoticias\" \/>\n<meta name=\"twitter:card\" content=\"summary_large_image\" \/>\n<meta name=\"twitter:creator\" content=\"@aeronoticias\" \/>\n<meta name=\"twitter:site\" content=\"@aeronoticias\" \/>\n<meta name=\"twitter:label1\" content=\"Escrito por\" \/>\n\t<meta name=\"twitter:data1\" content=\"Redacci\u00f3n Aeronoticias\" \/>\n\t<meta name=\"twitter:label2\" content=\"Tiempo de lectura\" \/>\n\t<meta name=\"twitter:data2\" content=\"2 minutos\" \/>\n<script type=\"application\/ld+json\" class=\"yoast-schema-graph\">{\"@context\":\"https:\/\/schema.org\",\"@graph\":[{\"@type\":\"WebPage\",\"@id\":\"https:\/\/aeronoticias.com.pe\/noticiero\/ultimas\/1\/inei-acceso-al-sis-en-el-rea-rural-alcanza-al-556-de-las-mujeres\/\",\"url\":\"https:\/\/aeronoticias.com.pe\/noticiero\/ultimas\/1\/inei-acceso-al-sis-en-el-rea-rural-alcanza-al-556-de-las-mujeres\/\",\"name\":\"INEI: ACCESO AL SIS EN EL\",\"isPartOf\":{\"@id\":\"https:\/\/aeronoticias.com.pe\/noticiero\/#website\"},\"primaryImageOfPage\":{\"@id\":\"https:\/\/aeronoticias.com.pe\/noticiero\/ultimas\/1\/inei-acceso-al-sis-en-el-rea-rural-alcanza-al-556-de-las-mujeres\/#primaryimage\"},\"image\":{\"@id\":\"https:\/\/aeronoticias.com.pe\/noticiero\/ultimas\/1\/inei-acceso-al-sis-en-el-rea-rural-alcanza-al-556-de-las-mujeres\/#primaryimage\"},\"thumbnailUrl\":\"http:\/\/aeronoticias.com.pe\/fotonoticias\/setiembre\/campesinasperuanas.JPG\",\"datePublished\":\"2008-09-08T11:24:36+00:00\",\"author\":{\"@id\":\"https:\/\/aeronoticias.com.pe\/noticiero\/#\/schema\/person\/fc1e5d578f4b62ba1cf7ac2bba1170a0\"},\"description\":\"Portal de noticias del Per\u00fa sobre el transporte a\u00e9reo, aviaci\u00f3n, turismo, hoteleria, actualidad.\",\"breadcrumb\":{\"@id\":\"https:\/\/aeronoticias.com.pe\/noticiero\/ultimas\/1\/inei-acceso-al-sis-en-el-rea-rural-alcanza-al-556-de-las-mujeres\/#breadcrumb\"},\"inLanguage\":\"es\",\"potentialAction\":[{\"@type\":\"ReadAction\",\"target\":[\"https:\/\/aeronoticias.com.pe\/noticiero\/ultimas\/1\/inei-acceso-al-sis-en-el-rea-rural-alcanza-al-556-de-las-mujeres\/\"]}]},{\"@type\":\"ImageObject\",\"inLanguage\":\"es\",\"@id\":\"https:\/\/aeronoticias.com.pe\/noticiero\/ultimas\/1\/inei-acceso-al-sis-en-el-rea-rural-alcanza-al-556-de-las-mujeres\/#primaryimage\",\"url\":\"http:\/\/aeronoticias.com.pe\/fotonoticias\/setiembre\/campesinasperuanas.JPG\",\"contentUrl\":\"http:\/\/aeronoticias.com.pe\/fotonoticias\/setiembre\/campesinasperuanas.JPG\"},{\"@type\":\"BreadcrumbList\",\"@id\":\"https:\/\/aeronoticias.com.pe\/noticiero\/ultimas\/1\/inei-acceso-al-sis-en-el-rea-rural-alcanza-al-556-de-las-mujeres\/#breadcrumb\",\"itemListElement\":[{\"@type\":\"ListItem\",\"position\":1,\"name\":\"Portada\",\"item\":\"https:\/\/aeronoticias.com.pe\/noticiero\/\"},{\"@type\":\"ListItem\",\"position\":2,\"name\":\"INEI: ACCESO AL SIS EN EL\"}]},{\"@type\":\"WebSite\",\"@id\":\"https:\/\/aeronoticias.com.pe\/noticiero\/#website\",\"url\":\"https:\/\/aeronoticias.com.pe\/noticiero\/\",\"name\":\"Aeronoticias.com.pe\",\"description\":\"Noticias de tranporte aereo, turismo, hoteles, gastronomia, actualidad, internacional\",\"potentialAction\":[{\"@type\":\"SearchAction\",\"target\":{\"@type\":\"EntryPoint\",\"urlTemplate\":\"https:\/\/aeronoticias.com.pe\/noticiero\/?s={search_term_string}\"},\"query-input\":{\"@type\":\"PropertyValueSpecification\",\"valueRequired\":true,\"valueName\":\"search_term_string\"}}],\"inLanguage\":\"es\"},{\"@type\":\"Person\",\"@id\":\"https:\/\/aeronoticias.com.pe\/noticiero\/#\/schema\/person\/fc1e5d578f4b62ba1cf7ac2bba1170a0\",\"name\":\"Redacci\u00f3n Aeronoticias\",\"url\":\"https:\/\/aeronoticias.com.pe\/noticiero\/author\/piloto\/\"}]}<\/script>\n<!-- \/ Yoast SEO plugin. -->","yoast_head_json":{"title":"INEI: ACCESO AL SIS EN EL","description":"Portal de noticias del Per\u00fa sobre el transporte a\u00e9reo, aviaci\u00f3n, turismo, hoteleria, actualidad.","robots":{"index":"index","follow":"follow","max-snippet":"max-snippet:-1","max-image-preview":"max-image-preview:large","max-video-preview":"max-video-preview:-1"},"canonical":"https:\/\/aeronoticias.com.pe\/noticiero\/ultimas\/1\/inei-acceso-al-sis-en-el-rea-rural-alcanza-al-556-de-las-mujeres\/","og_locale":"es_ES","og_type":"article","og_title":"INEI: ACCESO AL SIS EN EL","og_description":"Portal de noticias del Per\u00fa sobre el transporte a\u00e9reo, aviaci\u00f3n, turismo, hoteleria, actualidad.","og_url":"https:\/\/aeronoticias.com.pe\/noticiero\/ultimas\/1\/inei-acceso-al-sis-en-el-rea-rural-alcanza-al-556-de-las-mujeres\/","og_site_name":"Aeronoticias.com.pe","article_publisher":"https:\/\/www.facebook.com\/Aeronoticias.com.pe\/","article_published_time":"2008-09-08T11:24:36+00:00","og_image":[{"url":"http:\/\/aeronoticias.com.pe\/fotonoticias\/setiembre\/campesinasperuanas.JPG","type":"","width":"","height":""}],"author":"Redacci\u00f3n Aeronoticias","twitter_card":"summary_large_image","twitter_creator":"@aeronoticias","twitter_site":"@aeronoticias","twitter_misc":{"Escrito por":"Redacci\u00f3n Aeronoticias","Tiempo de lectura":"2 minutos"},"schema":{"@context":"https:\/\/schema.org","@graph":[{"@type":"WebPage","@id":"https:\/\/aeronoticias.com.pe\/noticiero\/ultimas\/1\/inei-acceso-al-sis-en-el-rea-rural-alcanza-al-556-de-las-mujeres\/","url":"https:\/\/aeronoticias.com.pe\/noticiero\/ultimas\/1\/inei-acceso-al-sis-en-el-rea-rural-alcanza-al-556-de-las-mujeres\/","name":"INEI: ACCESO AL SIS EN EL","isPartOf":{"@id":"https:\/\/aeronoticias.com.pe\/noticiero\/#website"},"primaryImageOfPage":{"@id":"https:\/\/aeronoticias.com.pe\/noticiero\/ultimas\/1\/inei-acceso-al-sis-en-el-rea-rural-alcanza-al-556-de-las-mujeres\/#primaryimage"},"image":{"@id":"https:\/\/aeronoticias.com.pe\/noticiero\/ultimas\/1\/inei-acceso-al-sis-en-el-rea-rural-alcanza-al-556-de-las-mujeres\/#primaryimage"},"thumbnailUrl":"http:\/\/aeronoticias.com.pe\/fotonoticias\/setiembre\/campesinasperuanas.JPG","datePublished":"2008-09-08T11:24:36+00:00","author":{"@id":"https:\/\/aeronoticias.com.pe\/noticiero\/#\/schema\/person\/fc1e5d578f4b62ba1cf7ac2bba1170a0"},"description":"Portal de noticias del Per\u00fa sobre el transporte a\u00e9reo, aviaci\u00f3n, turismo, hoteleria, actualidad.","breadcrumb":{"@id":"https:\/\/aeronoticias.com.pe\/noticiero\/ultimas\/1\/inei-acceso-al-sis-en-el-rea-rural-alcanza-al-556-de-las-mujeres\/#breadcrumb"},"inLanguage":"es","potentialAction":[{"@type":"ReadAction","target":["https:\/\/aeronoticias.com.pe\/noticiero\/ultimas\/1\/inei-acceso-al-sis-en-el-rea-rural-alcanza-al-556-de-las-mujeres\/"]}]},{"@type":"ImageObject","inLanguage":"es","@id":"https:\/\/aeronoticias.com.pe\/noticiero\/ultimas\/1\/inei-acceso-al-sis-en-el-rea-rural-alcanza-al-556-de-las-mujeres\/#primaryimage","url":"http:\/\/aeronoticias.com.pe\/fotonoticias\/setiembre\/campesinasperuanas.JPG","contentUrl":"http:\/\/aeronoticias.com.pe\/fotonoticias\/setiembre\/campesinasperuanas.JPG"},{"@type":"BreadcrumbList","@id":"https:\/\/aeronoticias.com.pe\/noticiero\/ultimas\/1\/inei-acceso-al-sis-en-el-rea-rural-alcanza-al-556-de-las-mujeres\/#breadcrumb","itemListElement":[{"@type":"ListItem","position":1,"name":"Portada","item":"https:\/\/aeronoticias.com.pe\/noticiero\/"},{"@type":"ListItem","position":2,"name":"INEI: ACCESO AL SIS EN EL"}]},{"@type":"WebSite","@id":"https:\/\/aeronoticias.com.pe\/noticiero\/#website","url":"https:\/\/aeronoticias.com.pe\/noticiero\/","name":"Aeronoticias.com.pe","description":"Noticias de tranporte aereo, turismo, hoteles, gastronomia, actualidad, internacional","potentialAction":[{"@type":"SearchAction","target":{"@type":"EntryPoint","urlTemplate":"https:\/\/aeronoticias.com.pe\/noticiero\/?s={search_term_string}"},"query-input":{"@type":"PropertyValueSpecification","valueRequired":true,"valueName":"search_term_string"}}],"inLanguage":"es"},{"@type":"Person","@id":"https:\/\/aeronoticias.com.pe\/noticiero\/#\/schema\/person\/fc1e5d578f4b62ba1cf7ac2bba1170a0","name":"Redacci\u00f3n Aeronoticias","url":"https:\/\/aeronoticias.com.pe\/noticiero\/author\/piloto\/"}]}},"_links":{"self":[{"href":"https:\/\/aeronoticias.com.pe\/noticiero\/wp-json\/wp\/v2\/posts\/433","targetHints":{"allow":["GET"]}}],"collection":[{"href":"https:\/\/aeronoticias.com.pe\/noticiero\/wp-json\/wp\/v2\/posts"}],"about":[{"href":"https:\/\/aeronoticias.com.pe\/noticiero\/wp-json\/wp\/v2\/types\/post"}],"author":[{"embeddable":true,"href":"https:\/\/aeronoticias.com.pe\/noticiero\/wp-json\/wp\/v2\/users\/1"}],"replies":[{"embeddable":true,"href":"https:\/\/aeronoticias.com.pe\/noticiero\/wp-json\/wp\/v2\/comments?post=433"}],"version-history":[{"count":0,"href":"https:\/\/aeronoticias.com.pe\/noticiero\/wp-json\/wp\/v2\/posts\/433\/revisions"}],"wp:attachment":[{"href":"https:\/\/aeronoticias.com.pe\/noticiero\/wp-json\/wp\/v2\/media?parent=433"}],"wp:term":[{"taxonomy":"category","embeddable":true,"href":"https:\/\/aeronoticias.com.pe\/noticiero\/wp-json\/wp\/v2\/categories?post=433"},{"taxonomy":"post_tag","embeddable":true,"href":"https:\/\/aeronoticias.com.pe\/noticiero\/wp-json\/wp\/v2\/tags?post=433"}],"curies":[{"name":"wp","href":"https:\/\/api.w.org\/{rel}","templated":true}]}}