{"id":43454,"date":"2014-02-09T15:37:47","date_gmt":"2014-02-09T15:37:47","guid":{"rendered":"http:\/\/desarrollo.mcvicious.com\/aero2020\/2014\/02\/09\/una-adolescente-fue-acusada-de-pornografia-infantil-por-publicar-selfies-sin-ropa\/"},"modified":"2014-02-09T15:37:47","modified_gmt":"2014-02-09T15:37:47","slug":"una-adolescente-fue-acusada-de-pornografia-infantil-por-publicar-selfies-sin-ropa","status":"publish","type":"post","link":"https:\/\/aeronoticias.com.pe\/noticiero\/internacionales\/una-adolescente-fue-acusada-de-pornografia-infantil-por-publicar-selfies-sin-ropa\/","title":{"rendered":"Una adolescente fue acusada de pornograf\u00eda infantil por publicar &#8216;selfies&#8217; sin ropa"},"content":{"rendered":"<p style=\"text-align: justify;\"><img decoding=\"async\" src=\"images\/stories\/14\/02\/090214\/a13.jpg\" border=\"0\" \/><\/p>\n<p style=\"text-align: justify;\"><strong>(Aeronoticias).-<\/strong> <em>La Polic\u00eda del estado de Virginia, EE.UU., ha detenido y acusado a una adolescente de los cargos de distribuci\u00f3n de pornograf\u00eda infantil despu\u00e9s de que ella publicara en la red social Twitter fotograf\u00edas suyas posando desnuda.<\/em><\/p>\n<p style=\"text-align: justify;\">La adolescente, de 16 a\u00f1os de edad, cuyo nombre no ha sido revelado, fue acusada como menor de edad por \u00abposesi\u00f3n, reproducci\u00f3n, distribuci\u00f3n, solicitud y facilitaci\u00f3n de pornograf\u00eda infantil\u00bb, ha comunicado la representante de la Polic\u00eda de la ciudad de James (Virginia, EE.UU.), Stephanie Williams-Ortery, al diario &#8216;Huffington Post&#8217;.<\/p>\n<p style=\"text-align: justify;\">Las autoridades detuvieron a la joven tras ser informadas por una denuncia an\u00f3nima de que la chica hab\u00eda tuiteado sus propias im\u00e1genes posando desnuda.<\/p>\n<p style=\"text-align: justify;\">\u00abLa joven reconoci\u00f3 que hab\u00eda publicado fotos suyas [y] la madre reconoci\u00f3 que las fotos eran de su hija\u00bb, ha especificado la oficial.<\/p>\n<p style=\"text-align: justify;\">No est\u00e1 claro cu\u00e1ntas im\u00e1genes de la adolescente desnuda forman parte de las pruebas del caso, pero se ha establecido que fueron publicadas alrededor del 30 de enero.<\/p>\n<p style=\"text-align: justify;\">Siendo menor de edad, la joven no ser\u00e1 fichada como delincuente sexual, de acuerdo con las leyes vigentes en Virginia. Pero tendr\u00eda que cumplir con una orden del tribunal que, probablemente, la obligue a ella y a sus padres a participar en un programa de educaci\u00f3n sexual.<\/p>\n<p style=\"text-align: justify;\">\u00a0<\/p>\n<p style=\"text-align: justify;\">Fuente: <strong><em>actualidad.rt<\/em><\/strong><\/p>\n<p style=\"text-align: justify;\">Foto: <strong><em>actualidad.rt<\/em><\/strong><\/p>\n","protected":false},"excerpt":{"rendered":"<p>(Aeronoticias).- La Polic\u00eda del estado de Virginia, EE.UU., ha detenido y acusado a una adolescente de los cargos de distribuci\u00f3n de pornograf\u00eda infantil despu\u00e9s de que ella publicara en la red social Twitter fotograf\u00edas suyas posando desnuda. La adolescente, de 16 a\u00f1os de edad, cuyo nombre no ha sido revelado, fue acusada como menor de [&hellip;]<\/p>\n","protected":false},"author":1,"featured_media":0,"comment_status":"open","ping_status":"open","sticky":false,"template":"","format":"standard","meta":{"tdm_status":"","tdm_grid_status":"","footnotes":""},"categories":[34],"tags":[],"class_list":{"0":"post-43454","1":"post","2":"type-post","3":"status-publish","4":"format-standard","6":"category-internacionales"},"yoast_head":"<!-- This site is optimized with the Yoast SEO plugin v25.1 - https:\/\/yoast.com\/wordpress\/plugins\/seo\/ -->\n<title>Una adolescente fue acusada de pornograf\u00eda infantil por publicar &#039;selfies&#039; sin ropa<\/title>\n<meta name=\"description\" content=\"Portal de noticias del Per\u00fa sobre el transporte a\u00e9reo, aviaci\u00f3n, turismo, hoteleria, actualidad.\" \/>\n<meta name=\"robots\" content=\"index, follow, max-snippet:-1, max-image-preview:large, max-video-preview:-1\" \/>\n<link rel=\"canonical\" href=\"https:\/\/aeronoticias.com.pe\/noticiero\/internacionales\/una-adolescente-fue-acusada-de-pornografia-infantil-por-publicar-selfies-sin-ropa\/\" \/>\n<meta property=\"og:locale\" content=\"es_ES\" \/>\n<meta property=\"og:type\" content=\"article\" \/>\n<meta property=\"og:title\" content=\"Una adolescente fue acusada de pornograf\u00eda infantil por publicar &#039;selfies&#039; sin ropa\" \/>\n<meta property=\"og:description\" content=\"Portal de noticias del Per\u00fa sobre el transporte a\u00e9reo, aviaci\u00f3n, turismo, hoteleria, actualidad.\" \/>\n<meta property=\"og:url\" content=\"https:\/\/aeronoticias.com.pe\/noticiero\/internacionales\/una-adolescente-fue-acusada-de-pornografia-infantil-por-publicar-selfies-sin-ropa\/\" \/>\n<meta property=\"og:site_name\" content=\"Aeronoticias.com.pe\" \/>\n<meta property=\"article:publisher\" content=\"https:\/\/www.facebook.com\/Aeronoticias.com.pe\/\" \/>\n<meta property=\"article:published_time\" content=\"2014-02-09T15:37:47+00:00\" \/>\n<meta name=\"author\" content=\"Redacci\u00f3n Aeronoticias\" \/>\n<meta name=\"twitter:card\" content=\"summary_large_image\" \/>\n<meta name=\"twitter:creator\" content=\"@aeronoticias\" \/>\n<meta name=\"twitter:site\" content=\"@aeronoticias\" \/>\n<meta name=\"twitter:label1\" content=\"Escrito por\" \/>\n\t<meta name=\"twitter:data1\" content=\"Redacci\u00f3n Aeronoticias\" \/>\n\t<meta name=\"twitter:label2\" content=\"Tiempo de lectura\" \/>\n\t<meta name=\"twitter:data2\" content=\"1 minuto\" \/>\n<script type=\"application\/ld+json\" class=\"yoast-schema-graph\">{\"@context\":\"https:\/\/schema.org\",\"@graph\":[{\"@type\":\"WebPage\",\"@id\":\"https:\/\/aeronoticias.com.pe\/noticiero\/internacionales\/una-adolescente-fue-acusada-de-pornografia-infantil-por-publicar-selfies-sin-ropa\/\",\"url\":\"https:\/\/aeronoticias.com.pe\/noticiero\/internacionales\/una-adolescente-fue-acusada-de-pornografia-infantil-por-publicar-selfies-sin-ropa\/\",\"name\":\"Una adolescente fue acusada de pornograf\u00eda infantil por publicar 'selfies' sin ropa\",\"isPartOf\":{\"@id\":\"https:\/\/aeronoticias.com.pe\/noticiero\/#website\"},\"datePublished\":\"2014-02-09T15:37:47+00:00\",\"author\":{\"@id\":\"https:\/\/aeronoticias.com.pe\/noticiero\/#\/schema\/person\/fc1e5d578f4b62ba1cf7ac2bba1170a0\"},\"description\":\"Portal de noticias del Per\u00fa sobre el transporte a\u00e9reo, aviaci\u00f3n, turismo, hoteleria, actualidad.\",\"breadcrumb\":{\"@id\":\"https:\/\/aeronoticias.com.pe\/noticiero\/internacionales\/una-adolescente-fue-acusada-de-pornografia-infantil-por-publicar-selfies-sin-ropa\/#breadcrumb\"},\"inLanguage\":\"es\",\"potentialAction\":[{\"@type\":\"ReadAction\",\"target\":[\"https:\/\/aeronoticias.com.pe\/noticiero\/internacionales\/una-adolescente-fue-acusada-de-pornografia-infantil-por-publicar-selfies-sin-ropa\/\"]}]},{\"@type\":\"BreadcrumbList\",\"@id\":\"https:\/\/aeronoticias.com.pe\/noticiero\/internacionales\/una-adolescente-fue-acusada-de-pornografia-infantil-por-publicar-selfies-sin-ropa\/#breadcrumb\",\"itemListElement\":[{\"@type\":\"ListItem\",\"position\":1,\"name\":\"Portada\",\"item\":\"https:\/\/aeronoticias.com.pe\/noticiero\/\"},{\"@type\":\"ListItem\",\"position\":2,\"name\":\"Una adolescente fue acusada de pornograf\u00eda infantil por publicar &#8216;selfies&#8217; sin ropa\"}]},{\"@type\":\"WebSite\",\"@id\":\"https:\/\/aeronoticias.com.pe\/noticiero\/#website\",\"url\":\"https:\/\/aeronoticias.com.pe\/noticiero\/\",\"name\":\"Aeronoticias.com.pe\",\"description\":\"Noticias de tranporte aereo, turismo, hoteles, gastronomia, actualidad, internacional\",\"potentialAction\":[{\"@type\":\"SearchAction\",\"target\":{\"@type\":\"EntryPoint\",\"urlTemplate\":\"https:\/\/aeronoticias.com.pe\/noticiero\/?s={search_term_string}\"},\"query-input\":{\"@type\":\"PropertyValueSpecification\",\"valueRequired\":true,\"valueName\":\"search_term_string\"}}],\"inLanguage\":\"es\"},{\"@type\":\"Person\",\"@id\":\"https:\/\/aeronoticias.com.pe\/noticiero\/#\/schema\/person\/fc1e5d578f4b62ba1cf7ac2bba1170a0\",\"name\":\"Redacci\u00f3n Aeronoticias\",\"url\":\"https:\/\/aeronoticias.com.pe\/noticiero\/author\/piloto\/\"}]}<\/script>\n<!-- \/ Yoast SEO plugin. -->","yoast_head_json":{"title":"Una adolescente fue acusada de pornograf\u00eda infantil por publicar 'selfies' sin ropa","description":"Portal de noticias del Per\u00fa sobre el transporte a\u00e9reo, aviaci\u00f3n, turismo, hoteleria, actualidad.","robots":{"index":"index","follow":"follow","max-snippet":"max-snippet:-1","max-image-preview":"max-image-preview:large","max-video-preview":"max-video-preview:-1"},"canonical":"https:\/\/aeronoticias.com.pe\/noticiero\/internacionales\/una-adolescente-fue-acusada-de-pornografia-infantil-por-publicar-selfies-sin-ropa\/","og_locale":"es_ES","og_type":"article","og_title":"Una adolescente fue acusada de pornograf\u00eda infantil por publicar 'selfies' sin ropa","og_description":"Portal de noticias del Per\u00fa sobre el transporte a\u00e9reo, aviaci\u00f3n, turismo, hoteleria, actualidad.","og_url":"https:\/\/aeronoticias.com.pe\/noticiero\/internacionales\/una-adolescente-fue-acusada-de-pornografia-infantil-por-publicar-selfies-sin-ropa\/","og_site_name":"Aeronoticias.com.pe","article_publisher":"https:\/\/www.facebook.com\/Aeronoticias.com.pe\/","article_published_time":"2014-02-09T15:37:47+00:00","author":"Redacci\u00f3n Aeronoticias","twitter_card":"summary_large_image","twitter_creator":"@aeronoticias","twitter_site":"@aeronoticias","twitter_misc":{"Escrito por":"Redacci\u00f3n Aeronoticias","Tiempo de lectura":"1 minuto"},"schema":{"@context":"https:\/\/schema.org","@graph":[{"@type":"WebPage","@id":"https:\/\/aeronoticias.com.pe\/noticiero\/internacionales\/una-adolescente-fue-acusada-de-pornografia-infantil-por-publicar-selfies-sin-ropa\/","url":"https:\/\/aeronoticias.com.pe\/noticiero\/internacionales\/una-adolescente-fue-acusada-de-pornografia-infantil-por-publicar-selfies-sin-ropa\/","name":"Una adolescente fue acusada de pornograf\u00eda infantil por publicar 'selfies' sin ropa","isPartOf":{"@id":"https:\/\/aeronoticias.com.pe\/noticiero\/#website"},"datePublished":"2014-02-09T15:37:47+00:00","author":{"@id":"https:\/\/aeronoticias.com.pe\/noticiero\/#\/schema\/person\/fc1e5d578f4b62ba1cf7ac2bba1170a0"},"description":"Portal de noticias del Per\u00fa sobre el transporte a\u00e9reo, aviaci\u00f3n, turismo, hoteleria, actualidad.","breadcrumb":{"@id":"https:\/\/aeronoticias.com.pe\/noticiero\/internacionales\/una-adolescente-fue-acusada-de-pornografia-infantil-por-publicar-selfies-sin-ropa\/#breadcrumb"},"inLanguage":"es","potentialAction":[{"@type":"ReadAction","target":["https:\/\/aeronoticias.com.pe\/noticiero\/internacionales\/una-adolescente-fue-acusada-de-pornografia-infantil-por-publicar-selfies-sin-ropa\/"]}]},{"@type":"BreadcrumbList","@id":"https:\/\/aeronoticias.com.pe\/noticiero\/internacionales\/una-adolescente-fue-acusada-de-pornografia-infantil-por-publicar-selfies-sin-ropa\/#breadcrumb","itemListElement":[{"@type":"ListItem","position":1,"name":"Portada","item":"https:\/\/aeronoticias.com.pe\/noticiero\/"},{"@type":"ListItem","position":2,"name":"Una adolescente fue acusada de pornograf\u00eda infantil por publicar &#8216;selfies&#8217; sin ropa"}]},{"@type":"WebSite","@id":"https:\/\/aeronoticias.com.pe\/noticiero\/#website","url":"https:\/\/aeronoticias.com.pe\/noticiero\/","name":"Aeronoticias.com.pe","description":"Noticias de tranporte aereo, turismo, hoteles, gastronomia, actualidad, internacional","potentialAction":[{"@type":"SearchAction","target":{"@type":"EntryPoint","urlTemplate":"https:\/\/aeronoticias.com.pe\/noticiero\/?s={search_term_string}"},"query-input":{"@type":"PropertyValueSpecification","valueRequired":true,"valueName":"search_term_string"}}],"inLanguage":"es"},{"@type":"Person","@id":"https:\/\/aeronoticias.com.pe\/noticiero\/#\/schema\/person\/fc1e5d578f4b62ba1cf7ac2bba1170a0","name":"Redacci\u00f3n Aeronoticias","url":"https:\/\/aeronoticias.com.pe\/noticiero\/author\/piloto\/"}]}},"_links":{"self":[{"href":"https:\/\/aeronoticias.com.pe\/noticiero\/wp-json\/wp\/v2\/posts\/43454","targetHints":{"allow":["GET"]}}],"collection":[{"href":"https:\/\/aeronoticias.com.pe\/noticiero\/wp-json\/wp\/v2\/posts"}],"about":[{"href":"https:\/\/aeronoticias.com.pe\/noticiero\/wp-json\/wp\/v2\/types\/post"}],"author":[{"embeddable":true,"href":"https:\/\/aeronoticias.com.pe\/noticiero\/wp-json\/wp\/v2\/users\/1"}],"replies":[{"embeddable":true,"href":"https:\/\/aeronoticias.com.pe\/noticiero\/wp-json\/wp\/v2\/comments?post=43454"}],"version-history":[{"count":0,"href":"https:\/\/aeronoticias.com.pe\/noticiero\/wp-json\/wp\/v2\/posts\/43454\/revisions"}],"wp:attachment":[{"href":"https:\/\/aeronoticias.com.pe\/noticiero\/wp-json\/wp\/v2\/media?parent=43454"}],"wp:term":[{"taxonomy":"category","embeddable":true,"href":"https:\/\/aeronoticias.com.pe\/noticiero\/wp-json\/wp\/v2\/categories?post=43454"},{"taxonomy":"post_tag","embeddable":true,"href":"https:\/\/aeronoticias.com.pe\/noticiero\/wp-json\/wp\/v2\/tags?post=43454"}],"curies":[{"name":"wp","href":"https:\/\/api.w.org\/{rel}","templated":true}]}}