{"id":43513,"date":"2014-02-11T18:28:53","date_gmt":"2014-02-11T18:28:53","guid":{"rendered":"http:\/\/desarrollo.mcvicious.com\/aero2020\/2014\/02\/11\/chef-peruano-jaime-villanueva-dictara-curso-de-gastronomia-peruana\/"},"modified":"2014-02-11T18:28:53","modified_gmt":"2014-02-11T18:28:53","slug":"chef-peruano-jaime-villanueva-dictara-curso-de-gastronomia-peruana","status":"publish","type":"post","link":"https:\/\/aeronoticias.com.pe\/noticiero\/turismo\/gastronomia\/chef-peruano-jaime-villanueva-dictara-curso-de-gastronomia-peruana\/","title":{"rendered":"Chef Jaime Villanueva dictar\u00e1 curso de gastronom\u00eda peruana"},"content":{"rendered":"<p style=\"text-align: justify;\"><strong>(Aeronoticias) <\/strong>El chef peruano\u00a0Jaime<strong> <\/strong><span style=\"text-align: justify; line-height: 1.3em;\">Villanueva, graduado en Argentina, miembro de APEGA y de la Asociaci\u00f3n Internacional de Cocineros expondr\u00e1 un seminario de cinco sesiones (una por mes) a puertas abiertas destinado a analizar la teor\u00eda y pr\u00e1ctica de la gastronom\u00eda peruana. <\/span><\/p>\n<p style=\"text-align: justify;\">Este curso abordar\u00e1 los temas fundamentales de nuestra cocina, los cuales nos han llevado a ser una de las mejores expresiones culturales a nivel mundial: diversidad, fusi\u00f3n de sabores, mixtura de aromas y texturas.<\/p>\n<p style=\"text-align: justify;\">En las sesiones tambi\u00e9n acudir\u00e1n invitados especiales de personalidades importantes de la gastronom\u00eda y reposter\u00eda peruana como Germ\u00e1n Galarza. Adem\u00e1s, \u201cse abordar\u00e1n temas como la cocina de vanguardia en pescados y mariscos, marketing en los restaurantes y el tallado de fantas\u00eda de frutas y verduras\u201d, cuenta Jaime.<\/p>\n<p style=\"text-align: justify;\"><span style=\"line-height: 1.3em;\">El reconocido chef del programa \u00abSale caliente\u00bb explica que el seminario no estar\u00e1 dirigido hacia un determinado p\u00fablico y podr\u00e1n asistir desde alumnos de gastronom\u00eda, j\u00f3venes y amas de casa, hasta cocineros emp\u00edricos y empresarios.<\/span><\/p>\n<p style=\"text-align: justify;\"><span style=\"line-height: 1.3em;\">La primera sesi\u00f3n se realizar\u00e1 el d\u00eda 16 de febrero en dos turnos: de 10 a.m. a 1 p.m. y de 2 a 5 p.m. en el Colegio Salesiano (avenida Brasil 328, a una cuadra de la plaza Bolognesi).<\/span><\/p>\n<p style=\"text-align: justify;\"><span style=\"line-height: 1.3em;\"><img decoding=\"async\" src=\"images\/stories\/14\/02\/110214\/jvillanueva.jpg\" border=\"0\" \/><br \/><\/span><\/p>\n<p style=\"text-align: justify;\"><span style=\"line-height: 1.3em;\"><br \/><\/span><\/p>\n<p style=\"text-align: justify;\"><strong> <\/strong><\/p>\n<p style=\"text-align: justify;\">\u00a0<\/p>\n","protected":false},"excerpt":{"rendered":"<p>(Aeronoticias) El chef peruano\u00a0Jaime Villanueva, graduado en Argentina, miembro de APEGA y de la Asociaci\u00f3n Internacional de Cocineros expondr\u00e1 un seminario de cinco sesiones (una por mes) a puertas abiertas destinado a analizar la teor\u00eda y pr\u00e1ctica de la gastronom\u00eda peruana. Este curso abordar\u00e1 los temas fundamentales de nuestra cocina, los cuales nos han llevado [&hellip;]<\/p>\n","protected":false},"author":1,"featured_media":0,"comment_status":"open","ping_status":"open","sticky":false,"template":"","format":"standard","meta":{"tdm_status":"","tdm_grid_status":"","footnotes":""},"categories":[49],"tags":[],"class_list":{"0":"post-43513","1":"post","2":"type-post","3":"status-publish","4":"format-standard","6":"category-gastronomia"},"yoast_head":"<!-- This site is optimized with the Yoast SEO plugin v25.1 - https:\/\/yoast.com\/wordpress\/plugins\/seo\/ -->\n<title>Chef Jaime Villanueva dictar\u00e1 curso de gastronom\u00eda peruana<\/title>\n<meta name=\"description\" content=\"Portal de noticias del Per\u00fa sobre el transporte a\u00e9reo, aviaci\u00f3n, turismo, hoteleria, actualidad.\" \/>\n<meta name=\"robots\" content=\"index, follow, max-snippet:-1, max-image-preview:large, max-video-preview:-1\" \/>\n<link rel=\"canonical\" href=\"https:\/\/aeronoticias.com.pe\/noticiero\/turismo\/gastronomia\/chef-peruano-jaime-villanueva-dictara-curso-de-gastronomia-peruana\/\" \/>\n<meta property=\"og:locale\" content=\"es_ES\" \/>\n<meta property=\"og:type\" content=\"article\" \/>\n<meta property=\"og:title\" content=\"Chef Jaime Villanueva dictar\u00e1 curso de gastronom\u00eda peruana\" \/>\n<meta property=\"og:description\" content=\"Portal de noticias del Per\u00fa sobre el transporte a\u00e9reo, aviaci\u00f3n, turismo, hoteleria, actualidad.\" \/>\n<meta property=\"og:url\" content=\"https:\/\/aeronoticias.com.pe\/noticiero\/turismo\/gastronomia\/chef-peruano-jaime-villanueva-dictara-curso-de-gastronomia-peruana\/\" \/>\n<meta property=\"og:site_name\" content=\"Aeronoticias.com.pe\" \/>\n<meta property=\"article:publisher\" content=\"https:\/\/www.facebook.com\/Aeronoticias.com.pe\/\" \/>\n<meta property=\"article:published_time\" content=\"2014-02-11T18:28:53+00:00\" \/>\n<meta name=\"author\" content=\"Redacci\u00f3n Aeronoticias\" \/>\n<meta name=\"twitter:card\" content=\"summary_large_image\" \/>\n<meta name=\"twitter:creator\" content=\"@aeronoticias\" \/>\n<meta name=\"twitter:site\" content=\"@aeronoticias\" \/>\n<meta name=\"twitter:label1\" content=\"Escrito por\" \/>\n\t<meta name=\"twitter:data1\" content=\"Redacci\u00f3n Aeronoticias\" \/>\n\t<meta name=\"twitter:label2\" content=\"Tiempo de lectura\" \/>\n\t<meta name=\"twitter:data2\" content=\"1 minuto\" \/>\n<script type=\"application\/ld+json\" class=\"yoast-schema-graph\">{\"@context\":\"https:\/\/schema.org\",\"@graph\":[{\"@type\":\"WebPage\",\"@id\":\"https:\/\/aeronoticias.com.pe\/noticiero\/turismo\/gastronomia\/chef-peruano-jaime-villanueva-dictara-curso-de-gastronomia-peruana\/\",\"url\":\"https:\/\/aeronoticias.com.pe\/noticiero\/turismo\/gastronomia\/chef-peruano-jaime-villanueva-dictara-curso-de-gastronomia-peruana\/\",\"name\":\"Chef Jaime Villanueva dictar\u00e1 curso de gastronom\u00eda peruana\",\"isPartOf\":{\"@id\":\"https:\/\/aeronoticias.com.pe\/noticiero\/#website\"},\"datePublished\":\"2014-02-11T18:28:53+00:00\",\"author\":{\"@id\":\"https:\/\/aeronoticias.com.pe\/noticiero\/#\/schema\/person\/fc1e5d578f4b62ba1cf7ac2bba1170a0\"},\"description\":\"Portal de noticias del Per\u00fa sobre el transporte a\u00e9reo, aviaci\u00f3n, turismo, hoteleria, actualidad.\",\"breadcrumb\":{\"@id\":\"https:\/\/aeronoticias.com.pe\/noticiero\/turismo\/gastronomia\/chef-peruano-jaime-villanueva-dictara-curso-de-gastronomia-peruana\/#breadcrumb\"},\"inLanguage\":\"es\",\"potentialAction\":[{\"@type\":\"ReadAction\",\"target\":[\"https:\/\/aeronoticias.com.pe\/noticiero\/turismo\/gastronomia\/chef-peruano-jaime-villanueva-dictara-curso-de-gastronomia-peruana\/\"]}]},{\"@type\":\"BreadcrumbList\",\"@id\":\"https:\/\/aeronoticias.com.pe\/noticiero\/turismo\/gastronomia\/chef-peruano-jaime-villanueva-dictara-curso-de-gastronomia-peruana\/#breadcrumb\",\"itemListElement\":[{\"@type\":\"ListItem\",\"position\":1,\"name\":\"Portada\",\"item\":\"https:\/\/aeronoticias.com.pe\/noticiero\/\"},{\"@type\":\"ListItem\",\"position\":2,\"name\":\"Chef Jaime Villanueva dictar\u00e1 curso de gastronom\u00eda peruana\"}]},{\"@type\":\"WebSite\",\"@id\":\"https:\/\/aeronoticias.com.pe\/noticiero\/#website\",\"url\":\"https:\/\/aeronoticias.com.pe\/noticiero\/\",\"name\":\"Aeronoticias.com.pe\",\"description\":\"Noticias de tranporte aereo, turismo, hoteles, gastronomia, actualidad, internacional\",\"potentialAction\":[{\"@type\":\"SearchAction\",\"target\":{\"@type\":\"EntryPoint\",\"urlTemplate\":\"https:\/\/aeronoticias.com.pe\/noticiero\/?s={search_term_string}\"},\"query-input\":{\"@type\":\"PropertyValueSpecification\",\"valueRequired\":true,\"valueName\":\"search_term_string\"}}],\"inLanguage\":\"es\"},{\"@type\":\"Person\",\"@id\":\"https:\/\/aeronoticias.com.pe\/noticiero\/#\/schema\/person\/fc1e5d578f4b62ba1cf7ac2bba1170a0\",\"name\":\"Redacci\u00f3n Aeronoticias\",\"url\":\"https:\/\/aeronoticias.com.pe\/noticiero\/author\/piloto\/\"}]}<\/script>\n<!-- \/ Yoast SEO plugin. -->","yoast_head_json":{"title":"Chef Jaime Villanueva dictar\u00e1 curso de gastronom\u00eda peruana","description":"Portal de noticias del Per\u00fa sobre el transporte a\u00e9reo, aviaci\u00f3n, turismo, hoteleria, actualidad.","robots":{"index":"index","follow":"follow","max-snippet":"max-snippet:-1","max-image-preview":"max-image-preview:large","max-video-preview":"max-video-preview:-1"},"canonical":"https:\/\/aeronoticias.com.pe\/noticiero\/turismo\/gastronomia\/chef-peruano-jaime-villanueva-dictara-curso-de-gastronomia-peruana\/","og_locale":"es_ES","og_type":"article","og_title":"Chef Jaime Villanueva dictar\u00e1 curso de gastronom\u00eda peruana","og_description":"Portal de noticias del Per\u00fa sobre el transporte a\u00e9reo, aviaci\u00f3n, turismo, hoteleria, actualidad.","og_url":"https:\/\/aeronoticias.com.pe\/noticiero\/turismo\/gastronomia\/chef-peruano-jaime-villanueva-dictara-curso-de-gastronomia-peruana\/","og_site_name":"Aeronoticias.com.pe","article_publisher":"https:\/\/www.facebook.com\/Aeronoticias.com.pe\/","article_published_time":"2014-02-11T18:28:53+00:00","author":"Redacci\u00f3n Aeronoticias","twitter_card":"summary_large_image","twitter_creator":"@aeronoticias","twitter_site":"@aeronoticias","twitter_misc":{"Escrito por":"Redacci\u00f3n Aeronoticias","Tiempo de lectura":"1 minuto"},"schema":{"@context":"https:\/\/schema.org","@graph":[{"@type":"WebPage","@id":"https:\/\/aeronoticias.com.pe\/noticiero\/turismo\/gastronomia\/chef-peruano-jaime-villanueva-dictara-curso-de-gastronomia-peruana\/","url":"https:\/\/aeronoticias.com.pe\/noticiero\/turismo\/gastronomia\/chef-peruano-jaime-villanueva-dictara-curso-de-gastronomia-peruana\/","name":"Chef Jaime Villanueva dictar\u00e1 curso de gastronom\u00eda peruana","isPartOf":{"@id":"https:\/\/aeronoticias.com.pe\/noticiero\/#website"},"datePublished":"2014-02-11T18:28:53+00:00","author":{"@id":"https:\/\/aeronoticias.com.pe\/noticiero\/#\/schema\/person\/fc1e5d578f4b62ba1cf7ac2bba1170a0"},"description":"Portal de noticias del Per\u00fa sobre el transporte a\u00e9reo, aviaci\u00f3n, turismo, hoteleria, actualidad.","breadcrumb":{"@id":"https:\/\/aeronoticias.com.pe\/noticiero\/turismo\/gastronomia\/chef-peruano-jaime-villanueva-dictara-curso-de-gastronomia-peruana\/#breadcrumb"},"inLanguage":"es","potentialAction":[{"@type":"ReadAction","target":["https:\/\/aeronoticias.com.pe\/noticiero\/turismo\/gastronomia\/chef-peruano-jaime-villanueva-dictara-curso-de-gastronomia-peruana\/"]}]},{"@type":"BreadcrumbList","@id":"https:\/\/aeronoticias.com.pe\/noticiero\/turismo\/gastronomia\/chef-peruano-jaime-villanueva-dictara-curso-de-gastronomia-peruana\/#breadcrumb","itemListElement":[{"@type":"ListItem","position":1,"name":"Portada","item":"https:\/\/aeronoticias.com.pe\/noticiero\/"},{"@type":"ListItem","position":2,"name":"Chef Jaime Villanueva dictar\u00e1 curso de gastronom\u00eda peruana"}]},{"@type":"WebSite","@id":"https:\/\/aeronoticias.com.pe\/noticiero\/#website","url":"https:\/\/aeronoticias.com.pe\/noticiero\/","name":"Aeronoticias.com.pe","description":"Noticias de tranporte aereo, turismo, hoteles, gastronomia, actualidad, internacional","potentialAction":[{"@type":"SearchAction","target":{"@type":"EntryPoint","urlTemplate":"https:\/\/aeronoticias.com.pe\/noticiero\/?s={search_term_string}"},"query-input":{"@type":"PropertyValueSpecification","valueRequired":true,"valueName":"search_term_string"}}],"inLanguage":"es"},{"@type":"Person","@id":"https:\/\/aeronoticias.com.pe\/noticiero\/#\/schema\/person\/fc1e5d578f4b62ba1cf7ac2bba1170a0","name":"Redacci\u00f3n Aeronoticias","url":"https:\/\/aeronoticias.com.pe\/noticiero\/author\/piloto\/"}]}},"_links":{"self":[{"href":"https:\/\/aeronoticias.com.pe\/noticiero\/wp-json\/wp\/v2\/posts\/43513","targetHints":{"allow":["GET"]}}],"collection":[{"href":"https:\/\/aeronoticias.com.pe\/noticiero\/wp-json\/wp\/v2\/posts"}],"about":[{"href":"https:\/\/aeronoticias.com.pe\/noticiero\/wp-json\/wp\/v2\/types\/post"}],"author":[{"embeddable":true,"href":"https:\/\/aeronoticias.com.pe\/noticiero\/wp-json\/wp\/v2\/users\/1"}],"replies":[{"embeddable":true,"href":"https:\/\/aeronoticias.com.pe\/noticiero\/wp-json\/wp\/v2\/comments?post=43513"}],"version-history":[{"count":0,"href":"https:\/\/aeronoticias.com.pe\/noticiero\/wp-json\/wp\/v2\/posts\/43513\/revisions"}],"wp:attachment":[{"href":"https:\/\/aeronoticias.com.pe\/noticiero\/wp-json\/wp\/v2\/media?parent=43513"}],"wp:term":[{"taxonomy":"category","embeddable":true,"href":"https:\/\/aeronoticias.com.pe\/noticiero\/wp-json\/wp\/v2\/categories?post=43513"},{"taxonomy":"post_tag","embeddable":true,"href":"https:\/\/aeronoticias.com.pe\/noticiero\/wp-json\/wp\/v2\/tags?post=43513"}],"curies":[{"name":"wp","href":"https:\/\/api.w.org\/{rel}","templated":true}]}}