{"id":43517,"date":"2014-02-11T20:15:17","date_gmt":"2014-02-11T20:15:17","guid":{"rendered":"http:\/\/desarrollo.mcvicious.com\/aero2020\/2014\/02\/11\/chile-quiere-retirarse-del-pacto-de-bogota-temiendo-que-la-haya-vote-a-favor-de-bolivia\/"},"modified":"2014-02-11T20:15:17","modified_gmt":"2014-02-11T20:15:17","slug":"chile-quiere-retirarse-del-pacto-de-bogota-temiendo-que-la-haya-vote-a-favor-de-bolivia","status":"publish","type":"post","link":"https:\/\/aeronoticias.com.pe\/noticiero\/internacionales\/chile-quiere-retirarse-del-pacto-de-bogota-temiendo-que-la-haya-vote-a-favor-de-bolivia\/","title":{"rendered":"Chile quiere retirarse del Pacto de Bogot\u00e1 temiendo que la Haya vote a favor de Bolivia"},"content":{"rendered":"<p style=\"text-align: justify;\"><img decoding=\"async\" src=\"images\/stories\/14\/02\/110214\/raid.jpg\" border=\"0\" \/><\/p>\n<p style=\"text-align: justify;\"><strong>(Aeronoticias).<\/strong>&#8211; Luego que a Corte Internacional de Justicia de la Haya di\u00f3 la raz\u00f3n al reclamo del Per\u00fa frente al litigio mar\u00edtimo con Chile, sobre delimitaci\u00f3n fronteriza, se percibe cada vez con mayor fuerza una corriente en el gobierno chileno para retirarse del Tratado Am\u00e9rica no de Soluciones Pac\u00edficas, m\u00e1s conocido como el Pacto de Bogot\u00e1, compromiso que se firm\u00f3 hace 66 a\u00f1os, un 30 de Abril de 1948, precisamente en la capital de Colombia.<\/p>\n<p style=\"text-align: justify;\">\u00bfCu\u00e1l es la raz\u00f3n\u2026? El temor que la Corte Internacional de Justicia (CIJ) termine por fallar favorablemente por la causa boliviana en su m\u00e1s que centenario reclamo para que Chile le devuelva su salida soberana al mar Pac\u00edfico, condici\u00f3n que perdi\u00f3 en una guerra de conquista que parti\u00f3 desde Santiago en 1879.<\/p>\n<p style=\"text-align: justify;\">Son ya varios los dirigentes pol\u00edticos chilenos que no ocultan su inquietud ante esa eventualidad considerando que Bolivia \u201cparece haberse envalentonado\u201d tras el fallo de la Haya, aunque no faltan tampoco algunos que sostienen que el gobierno de la Paz tiene menos fundamentos que el caso peruano.<\/p>\n<p style=\"text-align: justify;\">Ante estos murmullos se ha alzado una voz serena, la del senador Hern\u00e1n Larra\u00edn, quien aboga porque su pa\u00eds no abandone el Pacto de Bogot\u00e1 manifestando: \u201c Yo, prefiero los tribunales que otro tipo de camino para resolver las controversias. Creo que el tribunal de la Haya, con todas sus deficiencias, nos da cierta garant\u00eda de que las cosas se van a ver en un nivel distinto\u201d.<\/p>\n<p style=\"text-align: justify;\">A continuaci\u00f3n profetiz\u00f3: \u201c Cuando no hay mecanismos de esta naturaleza para resolver estos conflictos, es muy probable que se llegue a las v\u00edas de hecho. Y yo prefiero mil veces el camino de la soluci\u00f3n de la fuerza\u201d.<\/p>\n<p style=\"text-align: justify;\">\u00a0<\/p>\n<p style=\"text-align: justify;\">Foto:\u00a0<em><strong>cdn01.am.infobae.com<\/strong><\/em><\/p>\n","protected":false},"excerpt":{"rendered":"<p>(Aeronoticias).&#8211; Luego que a Corte Internacional de Justicia de la Haya di\u00f3 la raz\u00f3n al reclamo del Per\u00fa frente al litigio mar\u00edtimo con Chile, sobre delimitaci\u00f3n fronteriza, se percibe cada vez con mayor fuerza una corriente en el gobierno chileno para retirarse del Tratado Am\u00e9rica no de Soluciones Pac\u00edficas, m\u00e1s conocido como el Pacto de [&hellip;]<\/p>\n","protected":false},"author":1,"featured_media":0,"comment_status":"open","ping_status":"open","sticky":false,"template":"","format":"standard","meta":{"tdm_status":"","tdm_grid_status":"","footnotes":""},"categories":[34],"tags":[],"class_list":{"0":"post-43517","1":"post","2":"type-post","3":"status-publish","4":"format-standard","6":"category-internacionales"},"yoast_head":"<!-- This site is optimized with the Yoast SEO plugin v25.1 - https:\/\/yoast.com\/wordpress\/plugins\/seo\/ -->\n<title>Chile quiere retirarse del Pacto de Bogot\u00e1 temiendo que la Haya vote a favor de Bolivia<\/title>\n<meta name=\"description\" content=\"Portal de noticias del Per\u00fa sobre el transporte a\u00e9reo, aviaci\u00f3n, turismo, hoteleria, actualidad.\" \/>\n<meta name=\"robots\" content=\"index, follow, max-snippet:-1, max-image-preview:large, max-video-preview:-1\" \/>\n<link rel=\"canonical\" href=\"https:\/\/aeronoticias.com.pe\/noticiero\/internacionales\/chile-quiere-retirarse-del-pacto-de-bogota-temiendo-que-la-haya-vote-a-favor-de-bolivia\/\" \/>\n<meta property=\"og:locale\" content=\"es_ES\" \/>\n<meta property=\"og:type\" content=\"article\" \/>\n<meta property=\"og:title\" content=\"Chile quiere retirarse del Pacto de Bogot\u00e1 temiendo que la Haya vote a favor de Bolivia\" \/>\n<meta property=\"og:description\" content=\"Portal de noticias del Per\u00fa sobre el transporte a\u00e9reo, aviaci\u00f3n, turismo, hoteleria, actualidad.\" \/>\n<meta property=\"og:url\" content=\"https:\/\/aeronoticias.com.pe\/noticiero\/internacionales\/chile-quiere-retirarse-del-pacto-de-bogota-temiendo-que-la-haya-vote-a-favor-de-bolivia\/\" \/>\n<meta property=\"og:site_name\" content=\"Aeronoticias.com.pe\" \/>\n<meta property=\"article:publisher\" content=\"https:\/\/www.facebook.com\/Aeronoticias.com.pe\/\" \/>\n<meta property=\"article:published_time\" content=\"2014-02-11T20:15:17+00:00\" \/>\n<meta name=\"author\" content=\"Redacci\u00f3n Aeronoticias\" \/>\n<meta name=\"twitter:card\" content=\"summary_large_image\" \/>\n<meta name=\"twitter:creator\" content=\"@aeronoticias\" \/>\n<meta name=\"twitter:site\" content=\"@aeronoticias\" \/>\n<meta name=\"twitter:label1\" content=\"Escrito por\" \/>\n\t<meta name=\"twitter:data1\" content=\"Redacci\u00f3n Aeronoticias\" \/>\n\t<meta name=\"twitter:label2\" content=\"Tiempo de lectura\" \/>\n\t<meta name=\"twitter:data2\" content=\"2 minutos\" \/>\n<script type=\"application\/ld+json\" class=\"yoast-schema-graph\">{\"@context\":\"https:\/\/schema.org\",\"@graph\":[{\"@type\":\"WebPage\",\"@id\":\"https:\/\/aeronoticias.com.pe\/noticiero\/internacionales\/chile-quiere-retirarse-del-pacto-de-bogota-temiendo-que-la-haya-vote-a-favor-de-bolivia\/\",\"url\":\"https:\/\/aeronoticias.com.pe\/noticiero\/internacionales\/chile-quiere-retirarse-del-pacto-de-bogota-temiendo-que-la-haya-vote-a-favor-de-bolivia\/\",\"name\":\"Chile quiere retirarse del Pacto de Bogot\u00e1 temiendo que la Haya vote a favor de Bolivia\",\"isPartOf\":{\"@id\":\"https:\/\/aeronoticias.com.pe\/noticiero\/#website\"},\"datePublished\":\"2014-02-11T20:15:17+00:00\",\"author\":{\"@id\":\"https:\/\/aeronoticias.com.pe\/noticiero\/#\/schema\/person\/fc1e5d578f4b62ba1cf7ac2bba1170a0\"},\"description\":\"Portal de noticias del Per\u00fa sobre el transporte a\u00e9reo, aviaci\u00f3n, turismo, hoteleria, actualidad.\",\"breadcrumb\":{\"@id\":\"https:\/\/aeronoticias.com.pe\/noticiero\/internacionales\/chile-quiere-retirarse-del-pacto-de-bogota-temiendo-que-la-haya-vote-a-favor-de-bolivia\/#breadcrumb\"},\"inLanguage\":\"es\",\"potentialAction\":[{\"@type\":\"ReadAction\",\"target\":[\"https:\/\/aeronoticias.com.pe\/noticiero\/internacionales\/chile-quiere-retirarse-del-pacto-de-bogota-temiendo-que-la-haya-vote-a-favor-de-bolivia\/\"]}]},{\"@type\":\"BreadcrumbList\",\"@id\":\"https:\/\/aeronoticias.com.pe\/noticiero\/internacionales\/chile-quiere-retirarse-del-pacto-de-bogota-temiendo-que-la-haya-vote-a-favor-de-bolivia\/#breadcrumb\",\"itemListElement\":[{\"@type\":\"ListItem\",\"position\":1,\"name\":\"Portada\",\"item\":\"https:\/\/aeronoticias.com.pe\/noticiero\/\"},{\"@type\":\"ListItem\",\"position\":2,\"name\":\"Chile quiere retirarse del Pacto de Bogot\u00e1 temiendo que la Haya vote a favor de Bolivia\"}]},{\"@type\":\"WebSite\",\"@id\":\"https:\/\/aeronoticias.com.pe\/noticiero\/#website\",\"url\":\"https:\/\/aeronoticias.com.pe\/noticiero\/\",\"name\":\"Aeronoticias.com.pe\",\"description\":\"Noticias de tranporte aereo, turismo, hoteles, gastronomia, actualidad, internacional\",\"potentialAction\":[{\"@type\":\"SearchAction\",\"target\":{\"@type\":\"EntryPoint\",\"urlTemplate\":\"https:\/\/aeronoticias.com.pe\/noticiero\/?s={search_term_string}\"},\"query-input\":{\"@type\":\"PropertyValueSpecification\",\"valueRequired\":true,\"valueName\":\"search_term_string\"}}],\"inLanguage\":\"es\"},{\"@type\":\"Person\",\"@id\":\"https:\/\/aeronoticias.com.pe\/noticiero\/#\/schema\/person\/fc1e5d578f4b62ba1cf7ac2bba1170a0\",\"name\":\"Redacci\u00f3n Aeronoticias\",\"url\":\"https:\/\/aeronoticias.com.pe\/noticiero\/author\/piloto\/\"}]}<\/script>\n<!-- \/ Yoast SEO plugin. -->","yoast_head_json":{"title":"Chile quiere retirarse del Pacto de Bogot\u00e1 temiendo que la Haya vote a favor de Bolivia","description":"Portal de noticias del Per\u00fa sobre el transporte a\u00e9reo, aviaci\u00f3n, turismo, hoteleria, actualidad.","robots":{"index":"index","follow":"follow","max-snippet":"max-snippet:-1","max-image-preview":"max-image-preview:large","max-video-preview":"max-video-preview:-1"},"canonical":"https:\/\/aeronoticias.com.pe\/noticiero\/internacionales\/chile-quiere-retirarse-del-pacto-de-bogota-temiendo-que-la-haya-vote-a-favor-de-bolivia\/","og_locale":"es_ES","og_type":"article","og_title":"Chile quiere retirarse del Pacto de Bogot\u00e1 temiendo que la Haya vote a favor de Bolivia","og_description":"Portal de noticias del Per\u00fa sobre el transporte a\u00e9reo, aviaci\u00f3n, turismo, hoteleria, actualidad.","og_url":"https:\/\/aeronoticias.com.pe\/noticiero\/internacionales\/chile-quiere-retirarse-del-pacto-de-bogota-temiendo-que-la-haya-vote-a-favor-de-bolivia\/","og_site_name":"Aeronoticias.com.pe","article_publisher":"https:\/\/www.facebook.com\/Aeronoticias.com.pe\/","article_published_time":"2014-02-11T20:15:17+00:00","author":"Redacci\u00f3n Aeronoticias","twitter_card":"summary_large_image","twitter_creator":"@aeronoticias","twitter_site":"@aeronoticias","twitter_misc":{"Escrito por":"Redacci\u00f3n Aeronoticias","Tiempo de lectura":"2 minutos"},"schema":{"@context":"https:\/\/schema.org","@graph":[{"@type":"WebPage","@id":"https:\/\/aeronoticias.com.pe\/noticiero\/internacionales\/chile-quiere-retirarse-del-pacto-de-bogota-temiendo-que-la-haya-vote-a-favor-de-bolivia\/","url":"https:\/\/aeronoticias.com.pe\/noticiero\/internacionales\/chile-quiere-retirarse-del-pacto-de-bogota-temiendo-que-la-haya-vote-a-favor-de-bolivia\/","name":"Chile quiere retirarse del Pacto de Bogot\u00e1 temiendo que la Haya vote a favor de Bolivia","isPartOf":{"@id":"https:\/\/aeronoticias.com.pe\/noticiero\/#website"},"datePublished":"2014-02-11T20:15:17+00:00","author":{"@id":"https:\/\/aeronoticias.com.pe\/noticiero\/#\/schema\/person\/fc1e5d578f4b62ba1cf7ac2bba1170a0"},"description":"Portal de noticias del Per\u00fa sobre el transporte a\u00e9reo, aviaci\u00f3n, turismo, hoteleria, actualidad.","breadcrumb":{"@id":"https:\/\/aeronoticias.com.pe\/noticiero\/internacionales\/chile-quiere-retirarse-del-pacto-de-bogota-temiendo-que-la-haya-vote-a-favor-de-bolivia\/#breadcrumb"},"inLanguage":"es","potentialAction":[{"@type":"ReadAction","target":["https:\/\/aeronoticias.com.pe\/noticiero\/internacionales\/chile-quiere-retirarse-del-pacto-de-bogota-temiendo-que-la-haya-vote-a-favor-de-bolivia\/"]}]},{"@type":"BreadcrumbList","@id":"https:\/\/aeronoticias.com.pe\/noticiero\/internacionales\/chile-quiere-retirarse-del-pacto-de-bogota-temiendo-que-la-haya-vote-a-favor-de-bolivia\/#breadcrumb","itemListElement":[{"@type":"ListItem","position":1,"name":"Portada","item":"https:\/\/aeronoticias.com.pe\/noticiero\/"},{"@type":"ListItem","position":2,"name":"Chile quiere retirarse del Pacto de Bogot\u00e1 temiendo que la Haya vote a favor de Bolivia"}]},{"@type":"WebSite","@id":"https:\/\/aeronoticias.com.pe\/noticiero\/#website","url":"https:\/\/aeronoticias.com.pe\/noticiero\/","name":"Aeronoticias.com.pe","description":"Noticias de tranporte aereo, turismo, hoteles, gastronomia, actualidad, internacional","potentialAction":[{"@type":"SearchAction","target":{"@type":"EntryPoint","urlTemplate":"https:\/\/aeronoticias.com.pe\/noticiero\/?s={search_term_string}"},"query-input":{"@type":"PropertyValueSpecification","valueRequired":true,"valueName":"search_term_string"}}],"inLanguage":"es"},{"@type":"Person","@id":"https:\/\/aeronoticias.com.pe\/noticiero\/#\/schema\/person\/fc1e5d578f4b62ba1cf7ac2bba1170a0","name":"Redacci\u00f3n Aeronoticias","url":"https:\/\/aeronoticias.com.pe\/noticiero\/author\/piloto\/"}]}},"_links":{"self":[{"href":"https:\/\/aeronoticias.com.pe\/noticiero\/wp-json\/wp\/v2\/posts\/43517","targetHints":{"allow":["GET"]}}],"collection":[{"href":"https:\/\/aeronoticias.com.pe\/noticiero\/wp-json\/wp\/v2\/posts"}],"about":[{"href":"https:\/\/aeronoticias.com.pe\/noticiero\/wp-json\/wp\/v2\/types\/post"}],"author":[{"embeddable":true,"href":"https:\/\/aeronoticias.com.pe\/noticiero\/wp-json\/wp\/v2\/users\/1"}],"replies":[{"embeddable":true,"href":"https:\/\/aeronoticias.com.pe\/noticiero\/wp-json\/wp\/v2\/comments?post=43517"}],"version-history":[{"count":0,"href":"https:\/\/aeronoticias.com.pe\/noticiero\/wp-json\/wp\/v2\/posts\/43517\/revisions"}],"wp:attachment":[{"href":"https:\/\/aeronoticias.com.pe\/noticiero\/wp-json\/wp\/v2\/media?parent=43517"}],"wp:term":[{"taxonomy":"category","embeddable":true,"href":"https:\/\/aeronoticias.com.pe\/noticiero\/wp-json\/wp\/v2\/categories?post=43517"},{"taxonomy":"post_tag","embeddable":true,"href":"https:\/\/aeronoticias.com.pe\/noticiero\/wp-json\/wp\/v2\/tags?post=43517"}],"curies":[{"name":"wp","href":"https:\/\/api.w.org\/{rel}","templated":true}]}}