{"id":43524,"date":"2014-02-12T04:15:41","date_gmt":"2014-02-12T04:15:41","guid":{"rendered":"http:\/\/desarrollo.mcvicious.com\/aero2020\/2014\/02\/12\/lambayeque-declaran-en-emergencia-el-agro-y-la-ganaderia-en-olmos\/"},"modified":"2014-02-12T04:15:41","modified_gmt":"2014-02-12T04:15:41","slug":"lambayeque-declaran-en-emergencia-el-agro-y-la-ganaderia-en-olmos","status":"publish","type":"post","link":"https:\/\/aeronoticias.com.pe\/noticiero\/nacionales\/lambayeque-declaran-en-emergencia-el-agro-y-la-ganaderia-en-olmos\/","title":{"rendered":"Lambayeque: Declaran en emergencia el agro y la ganader\u00eda en Olmos"},"content":{"rendered":"<p style=\"text-align: justify;\"><strong>(Aeronoticias)<\/strong>.- La ausencia de lluvias que afecta a la zona norte del pa\u00eds golpea con fuerza a los peque\u00f1os ganaderos de los centros poblados del distrito de Olmos que ya han perdido 150 cabezas de ganado.<\/p>\n<p style=\"text-align: justify;\">Ante esta situaci\u00f3n, el alcalde de la Municipalidad Distrital de Olmos, Willy Serrato Puse, declar\u00f3 en emergencia el sector agrario y ganadero.<\/p>\n<p style=\"text-align: justify;\">Seg\u00fan el Decreto de Alcald\u00eda 001-2014-MDO\/A emitido hoy se dispone declarar en emergencia el agro y la ganader\u00eda en todo el \u00e1mbito del distrito de Olmos y al mismo tiempo agotar las v\u00edas necesarias acceder a las ayudas correspondientes.<\/p>\n<p style=\"text-align: justify;\">Los propietarios de ganado explican que los pastizales son escasos por la falta de precipitaciones y la comuna no cuenta con los recursos para apoyarlos.<\/p>\n<p style=\"text-align: justify;\">El l\u00edder ganadero Guillermo Taboada Montalv\u00e1n dio a conocer que unas 15 cabezas de ganado de su propiedad han muerto por falta de alimento.<\/p>\n<p style=\"text-align: justify;\">Ganaderos de Tierra Rajada, La Victoria, Santa Rosa, Vega del Padre, San Isidro, Huacrupe, San Jos\u00e9, Redondo, El Cenizo se han visto obligados vender sus animales. Frente a esto la Municipalidad Distrital de Olmos se ha comprometido en gestionar ante el Ministerio de Agricultura el env\u00edo de pastos y forrajes.<\/p>\n<p style=\"text-align: justify;\">Con informaci\u00f3n de <em><strong><span style=\"text-decoration: underline;\">El Comercio<\/span><\/strong><\/em>.<\/p>\n<p style=\"text-align: justify;\"><img decoding=\"async\" src=\"images\/stories\/14\/02\/110214\/seq.jpg\" border=\"0\" \/><\/p>\n","protected":false},"excerpt":{"rendered":"<p>(Aeronoticias).- La ausencia de lluvias que afecta a la zona norte del pa\u00eds golpea con fuerza a los peque\u00f1os ganaderos de los centros poblados del distrito de Olmos que ya han perdido 150 cabezas de ganado. Ante esta situaci\u00f3n, el alcalde de la Municipalidad Distrital de Olmos, Willy Serrato Puse, declar\u00f3 en emergencia el sector [&hellip;]<\/p>\n","protected":false},"author":1,"featured_media":0,"comment_status":"open","ping_status":"open","sticky":false,"template":"","format":"standard","meta":{"tdm_status":"","tdm_grid_status":"","footnotes":""},"categories":[38],"tags":[],"class_list":{"0":"post-43524","1":"post","2":"type-post","3":"status-publish","4":"format-standard","6":"category-nacionales"},"yoast_head":"<!-- This site is optimized with the Yoast SEO plugin v25.1 - https:\/\/yoast.com\/wordpress\/plugins\/seo\/ -->\n<title>Lambayeque: Declaran en emergencia el agro y la ganader\u00eda en Olmos<\/title>\n<meta name=\"description\" content=\"Portal de noticias del Per\u00fa sobre el transporte a\u00e9reo, aviaci\u00f3n, turismo, hoteleria, actualidad.\" \/>\n<meta name=\"robots\" content=\"index, follow, max-snippet:-1, max-image-preview:large, max-video-preview:-1\" \/>\n<link rel=\"canonical\" href=\"https:\/\/aeronoticias.com.pe\/noticiero\/nacionales\/lambayeque-declaran-en-emergencia-el-agro-y-la-ganaderia-en-olmos\/\" \/>\n<meta property=\"og:locale\" content=\"es_ES\" \/>\n<meta property=\"og:type\" content=\"article\" \/>\n<meta property=\"og:title\" content=\"Lambayeque: Declaran en emergencia el agro y la ganader\u00eda en Olmos\" \/>\n<meta property=\"og:description\" content=\"Portal de noticias del Per\u00fa sobre el transporte a\u00e9reo, aviaci\u00f3n, turismo, hoteleria, actualidad.\" \/>\n<meta property=\"og:url\" content=\"https:\/\/aeronoticias.com.pe\/noticiero\/nacionales\/lambayeque-declaran-en-emergencia-el-agro-y-la-ganaderia-en-olmos\/\" \/>\n<meta property=\"og:site_name\" content=\"Aeronoticias.com.pe\" \/>\n<meta property=\"article:publisher\" content=\"https:\/\/www.facebook.com\/Aeronoticias.com.pe\/\" \/>\n<meta property=\"article:published_time\" content=\"2014-02-12T04:15:41+00:00\" \/>\n<meta name=\"author\" content=\"Redacci\u00f3n Aeronoticias\" \/>\n<meta name=\"twitter:card\" content=\"summary_large_image\" \/>\n<meta name=\"twitter:creator\" content=\"@aeronoticias\" \/>\n<meta name=\"twitter:site\" content=\"@aeronoticias\" \/>\n<meta name=\"twitter:label1\" content=\"Escrito por\" \/>\n\t<meta name=\"twitter:data1\" content=\"Redacci\u00f3n Aeronoticias\" \/>\n\t<meta name=\"twitter:label2\" content=\"Tiempo de lectura\" \/>\n\t<meta name=\"twitter:data2\" content=\"1 minuto\" \/>\n<script type=\"application\/ld+json\" class=\"yoast-schema-graph\">{\"@context\":\"https:\/\/schema.org\",\"@graph\":[{\"@type\":\"WebPage\",\"@id\":\"https:\/\/aeronoticias.com.pe\/noticiero\/nacionales\/lambayeque-declaran-en-emergencia-el-agro-y-la-ganaderia-en-olmos\/\",\"url\":\"https:\/\/aeronoticias.com.pe\/noticiero\/nacionales\/lambayeque-declaran-en-emergencia-el-agro-y-la-ganaderia-en-olmos\/\",\"name\":\"Lambayeque: Declaran en emergencia el agro y la ganader\u00eda en Olmos\",\"isPartOf\":{\"@id\":\"https:\/\/aeronoticias.com.pe\/noticiero\/#website\"},\"datePublished\":\"2014-02-12T04:15:41+00:00\",\"author\":{\"@id\":\"https:\/\/aeronoticias.com.pe\/noticiero\/#\/schema\/person\/fc1e5d578f4b62ba1cf7ac2bba1170a0\"},\"description\":\"Portal de noticias del Per\u00fa sobre el transporte a\u00e9reo, aviaci\u00f3n, turismo, hoteleria, actualidad.\",\"breadcrumb\":{\"@id\":\"https:\/\/aeronoticias.com.pe\/noticiero\/nacionales\/lambayeque-declaran-en-emergencia-el-agro-y-la-ganaderia-en-olmos\/#breadcrumb\"},\"inLanguage\":\"es\",\"potentialAction\":[{\"@type\":\"ReadAction\",\"target\":[\"https:\/\/aeronoticias.com.pe\/noticiero\/nacionales\/lambayeque-declaran-en-emergencia-el-agro-y-la-ganaderia-en-olmos\/\"]}]},{\"@type\":\"BreadcrumbList\",\"@id\":\"https:\/\/aeronoticias.com.pe\/noticiero\/nacionales\/lambayeque-declaran-en-emergencia-el-agro-y-la-ganaderia-en-olmos\/#breadcrumb\",\"itemListElement\":[{\"@type\":\"ListItem\",\"position\":1,\"name\":\"Portada\",\"item\":\"https:\/\/aeronoticias.com.pe\/noticiero\/\"},{\"@type\":\"ListItem\",\"position\":2,\"name\":\"Lambayeque: Declaran en emergencia el agro y la ganader\u00eda en Olmos\"}]},{\"@type\":\"WebSite\",\"@id\":\"https:\/\/aeronoticias.com.pe\/noticiero\/#website\",\"url\":\"https:\/\/aeronoticias.com.pe\/noticiero\/\",\"name\":\"Aeronoticias.com.pe\",\"description\":\"Noticias de tranporte aereo, turismo, hoteles, gastronomia, actualidad, internacional\",\"potentialAction\":[{\"@type\":\"SearchAction\",\"target\":{\"@type\":\"EntryPoint\",\"urlTemplate\":\"https:\/\/aeronoticias.com.pe\/noticiero\/?s={search_term_string}\"},\"query-input\":{\"@type\":\"PropertyValueSpecification\",\"valueRequired\":true,\"valueName\":\"search_term_string\"}}],\"inLanguage\":\"es\"},{\"@type\":\"Person\",\"@id\":\"https:\/\/aeronoticias.com.pe\/noticiero\/#\/schema\/person\/fc1e5d578f4b62ba1cf7ac2bba1170a0\",\"name\":\"Redacci\u00f3n Aeronoticias\",\"url\":\"https:\/\/aeronoticias.com.pe\/noticiero\/author\/piloto\/\"}]}<\/script>\n<!-- \/ Yoast SEO plugin. -->","yoast_head_json":{"title":"Lambayeque: Declaran en emergencia el agro y la ganader\u00eda en Olmos","description":"Portal de noticias del Per\u00fa sobre el transporte a\u00e9reo, aviaci\u00f3n, turismo, hoteleria, actualidad.","robots":{"index":"index","follow":"follow","max-snippet":"max-snippet:-1","max-image-preview":"max-image-preview:large","max-video-preview":"max-video-preview:-1"},"canonical":"https:\/\/aeronoticias.com.pe\/noticiero\/nacionales\/lambayeque-declaran-en-emergencia-el-agro-y-la-ganaderia-en-olmos\/","og_locale":"es_ES","og_type":"article","og_title":"Lambayeque: Declaran en emergencia el agro y la ganader\u00eda en Olmos","og_description":"Portal de noticias del Per\u00fa sobre el transporte a\u00e9reo, aviaci\u00f3n, turismo, hoteleria, actualidad.","og_url":"https:\/\/aeronoticias.com.pe\/noticiero\/nacionales\/lambayeque-declaran-en-emergencia-el-agro-y-la-ganaderia-en-olmos\/","og_site_name":"Aeronoticias.com.pe","article_publisher":"https:\/\/www.facebook.com\/Aeronoticias.com.pe\/","article_published_time":"2014-02-12T04:15:41+00:00","author":"Redacci\u00f3n Aeronoticias","twitter_card":"summary_large_image","twitter_creator":"@aeronoticias","twitter_site":"@aeronoticias","twitter_misc":{"Escrito por":"Redacci\u00f3n Aeronoticias","Tiempo de lectura":"1 minuto"},"schema":{"@context":"https:\/\/schema.org","@graph":[{"@type":"WebPage","@id":"https:\/\/aeronoticias.com.pe\/noticiero\/nacionales\/lambayeque-declaran-en-emergencia-el-agro-y-la-ganaderia-en-olmos\/","url":"https:\/\/aeronoticias.com.pe\/noticiero\/nacionales\/lambayeque-declaran-en-emergencia-el-agro-y-la-ganaderia-en-olmos\/","name":"Lambayeque: Declaran en emergencia el agro y la ganader\u00eda en Olmos","isPartOf":{"@id":"https:\/\/aeronoticias.com.pe\/noticiero\/#website"},"datePublished":"2014-02-12T04:15:41+00:00","author":{"@id":"https:\/\/aeronoticias.com.pe\/noticiero\/#\/schema\/person\/fc1e5d578f4b62ba1cf7ac2bba1170a0"},"description":"Portal de noticias del Per\u00fa sobre el transporte a\u00e9reo, aviaci\u00f3n, turismo, hoteleria, actualidad.","breadcrumb":{"@id":"https:\/\/aeronoticias.com.pe\/noticiero\/nacionales\/lambayeque-declaran-en-emergencia-el-agro-y-la-ganaderia-en-olmos\/#breadcrumb"},"inLanguage":"es","potentialAction":[{"@type":"ReadAction","target":["https:\/\/aeronoticias.com.pe\/noticiero\/nacionales\/lambayeque-declaran-en-emergencia-el-agro-y-la-ganaderia-en-olmos\/"]}]},{"@type":"BreadcrumbList","@id":"https:\/\/aeronoticias.com.pe\/noticiero\/nacionales\/lambayeque-declaran-en-emergencia-el-agro-y-la-ganaderia-en-olmos\/#breadcrumb","itemListElement":[{"@type":"ListItem","position":1,"name":"Portada","item":"https:\/\/aeronoticias.com.pe\/noticiero\/"},{"@type":"ListItem","position":2,"name":"Lambayeque: Declaran en emergencia el agro y la ganader\u00eda en Olmos"}]},{"@type":"WebSite","@id":"https:\/\/aeronoticias.com.pe\/noticiero\/#website","url":"https:\/\/aeronoticias.com.pe\/noticiero\/","name":"Aeronoticias.com.pe","description":"Noticias de tranporte aereo, turismo, hoteles, gastronomia, actualidad, internacional","potentialAction":[{"@type":"SearchAction","target":{"@type":"EntryPoint","urlTemplate":"https:\/\/aeronoticias.com.pe\/noticiero\/?s={search_term_string}"},"query-input":{"@type":"PropertyValueSpecification","valueRequired":true,"valueName":"search_term_string"}}],"inLanguage":"es"},{"@type":"Person","@id":"https:\/\/aeronoticias.com.pe\/noticiero\/#\/schema\/person\/fc1e5d578f4b62ba1cf7ac2bba1170a0","name":"Redacci\u00f3n Aeronoticias","url":"https:\/\/aeronoticias.com.pe\/noticiero\/author\/piloto\/"}]}},"_links":{"self":[{"href":"https:\/\/aeronoticias.com.pe\/noticiero\/wp-json\/wp\/v2\/posts\/43524","targetHints":{"allow":["GET"]}}],"collection":[{"href":"https:\/\/aeronoticias.com.pe\/noticiero\/wp-json\/wp\/v2\/posts"}],"about":[{"href":"https:\/\/aeronoticias.com.pe\/noticiero\/wp-json\/wp\/v2\/types\/post"}],"author":[{"embeddable":true,"href":"https:\/\/aeronoticias.com.pe\/noticiero\/wp-json\/wp\/v2\/users\/1"}],"replies":[{"embeddable":true,"href":"https:\/\/aeronoticias.com.pe\/noticiero\/wp-json\/wp\/v2\/comments?post=43524"}],"version-history":[{"count":0,"href":"https:\/\/aeronoticias.com.pe\/noticiero\/wp-json\/wp\/v2\/posts\/43524\/revisions"}],"wp:attachment":[{"href":"https:\/\/aeronoticias.com.pe\/noticiero\/wp-json\/wp\/v2\/media?parent=43524"}],"wp:term":[{"taxonomy":"category","embeddable":true,"href":"https:\/\/aeronoticias.com.pe\/noticiero\/wp-json\/wp\/v2\/categories?post=43524"},{"taxonomy":"post_tag","embeddable":true,"href":"https:\/\/aeronoticias.com.pe\/noticiero\/wp-json\/wp\/v2\/tags?post=43524"}],"curies":[{"name":"wp","href":"https:\/\/api.w.org\/{rel}","templated":true}]}}