{"id":43527,"date":"2014-02-12T04:29:02","date_gmt":"2014-02-12T04:29:02","guid":{"rendered":"http:\/\/desarrollo.mcvicious.com\/aero2020\/2014\/02\/12\/el-zoologico-vegetal-del-parque-sinchi-roca\/"},"modified":"2014-02-12T04:29:02","modified_gmt":"2014-02-12T04:29:02","slug":"el-zoologico-vegetal-del-parque-sinchi-roca","status":"publish","type":"post","link":"https:\/\/aeronoticias.com.pe\/noticiero\/nacionales\/el-zoologico-vegetal-del-parque-sinchi-roca\/","title":{"rendered":"El zool\u00f3gico vegetal del Parque Sinchi Roca"},"content":{"rendered":"<p style=\"text-align: justify;\"><strong>(Aeronoticias)<\/strong>.- Un ambiente de 11 mil metros cuadrados en el Parque Zonal Sinchi Roca de Comas, se ha convertido en el favorito de cientos de ni\u00f1os y sus entusiastas padres.<\/p>\n<p style=\"text-align: justify;\">Se trata de Anim\u00e1rboles, el primer parque tem\u00e1tico que alberga unas 50 esculturas de animales, hechas \u00edntegramente con vegetaci\u00f3n. Es un espacio acondicionado en junio del 2012 para recibir hasta 200 personas por hora.<\/p>\n<p style=\"text-align: justify;\">La muestra, considerada la m\u00e1s grande en Lima de arte topiario, incluye figuras grandes y peque\u00f1as de animales de la fauna salvaje y dom\u00e9stica de todo el mundo.<\/p>\n<p style=\"text-align: justify;\">Las bases de las esculturas, como la de los ositos que hace unos meses proliferaron por todo Surco, est\u00e1n hechas de fibra de vidrio.<\/p>\n<p style=\"text-align: justify;\"><span style=\"line-height: 1.3em;\">Los interesados en visitar Anim\u00e1rboles pueden hacerlo de martes a domingo, de 9:30 a 12:30 p.m., y de 1:30 p.m. a 5:30 p.m. Se paga S\/.1,5 por el ingreso al parque, a partir de los 11 a\u00f1os.<\/span><\/p>\n<p style=\"text-align: justify;\"><span style=\"line-height: 1.3em;\"> Anim\u00e1rboles tambi\u00e9n cobra una tasa de S\/.2,5 por adulto y S\/.1,5 por ni\u00f1o, excepto domingos y feriados, que la tarifa sube S\/.1 para los primeros.<\/span><\/p>\n<p style=\"text-align: justify;\"><span style=\"line-height: 1.3em;\">Con informaci\u00f3n de <strong><em><span style=\"text-decoration: underline;\">El Comercio<\/span><\/em><\/strong>.<\/span><\/p>\n<p style=\"text-align: justify;\"><span style=\"line-height: 1.3em;\"><img decoding=\"async\" src=\"images\/stories\/14\/02\/110214\/ani.jpg\" border=\"0\" \/><br \/><\/span><\/p>\n","protected":false},"excerpt":{"rendered":"<p>(Aeronoticias).- Un ambiente de 11 mil metros cuadrados en el Parque Zonal Sinchi Roca de Comas, se ha convertido en el favorito de cientos de ni\u00f1os y sus entusiastas padres. Se trata de Anim\u00e1rboles, el primer parque tem\u00e1tico que alberga unas 50 esculturas de animales, hechas \u00edntegramente con vegetaci\u00f3n. Es un espacio acondicionado en junio [&hellip;]<\/p>\n","protected":false},"author":1,"featured_media":0,"comment_status":"open","ping_status":"open","sticky":false,"template":"","format":"standard","meta":{"tdm_status":"","tdm_grid_status":"","footnotes":""},"categories":[38],"tags":[],"class_list":{"0":"post-43527","1":"post","2":"type-post","3":"status-publish","4":"format-standard","6":"category-nacionales"},"yoast_head":"<!-- This site is optimized with the Yoast SEO plugin v25.1 - https:\/\/yoast.com\/wordpress\/plugins\/seo\/ -->\n<title>El zool\u00f3gico vegetal del Parque Sinchi Roca<\/title>\n<meta name=\"description\" content=\"Portal de noticias del Per\u00fa sobre el transporte a\u00e9reo, aviaci\u00f3n, turismo, hoteleria, actualidad.\" \/>\n<meta name=\"robots\" content=\"index, follow, max-snippet:-1, max-image-preview:large, max-video-preview:-1\" \/>\n<link rel=\"canonical\" href=\"https:\/\/aeronoticias.com.pe\/noticiero\/nacionales\/el-zoologico-vegetal-del-parque-sinchi-roca\/\" \/>\n<meta property=\"og:locale\" content=\"es_ES\" \/>\n<meta property=\"og:type\" content=\"article\" \/>\n<meta property=\"og:title\" content=\"El zool\u00f3gico vegetal del Parque Sinchi Roca\" \/>\n<meta property=\"og:description\" content=\"Portal de noticias del Per\u00fa sobre el transporte a\u00e9reo, aviaci\u00f3n, turismo, hoteleria, actualidad.\" \/>\n<meta property=\"og:url\" content=\"https:\/\/aeronoticias.com.pe\/noticiero\/nacionales\/el-zoologico-vegetal-del-parque-sinchi-roca\/\" \/>\n<meta property=\"og:site_name\" content=\"Aeronoticias.com.pe\" \/>\n<meta property=\"article:publisher\" content=\"https:\/\/www.facebook.com\/Aeronoticias.com.pe\/\" \/>\n<meta property=\"article:published_time\" content=\"2014-02-12T04:29:02+00:00\" \/>\n<meta name=\"author\" content=\"Redacci\u00f3n Aeronoticias\" \/>\n<meta name=\"twitter:card\" content=\"summary_large_image\" \/>\n<meta name=\"twitter:creator\" content=\"@aeronoticias\" \/>\n<meta name=\"twitter:site\" content=\"@aeronoticias\" \/>\n<meta name=\"twitter:label1\" content=\"Escrito por\" \/>\n\t<meta name=\"twitter:data1\" content=\"Redacci\u00f3n Aeronoticias\" \/>\n\t<meta name=\"twitter:label2\" content=\"Tiempo de lectura\" \/>\n\t<meta name=\"twitter:data2\" content=\"1 minuto\" \/>\n<script type=\"application\/ld+json\" class=\"yoast-schema-graph\">{\"@context\":\"https:\/\/schema.org\",\"@graph\":[{\"@type\":\"WebPage\",\"@id\":\"https:\/\/aeronoticias.com.pe\/noticiero\/nacionales\/el-zoologico-vegetal-del-parque-sinchi-roca\/\",\"url\":\"https:\/\/aeronoticias.com.pe\/noticiero\/nacionales\/el-zoologico-vegetal-del-parque-sinchi-roca\/\",\"name\":\"El zool\u00f3gico vegetal del Parque Sinchi Roca\",\"isPartOf\":{\"@id\":\"https:\/\/aeronoticias.com.pe\/noticiero\/#website\"},\"datePublished\":\"2014-02-12T04:29:02+00:00\",\"author\":{\"@id\":\"https:\/\/aeronoticias.com.pe\/noticiero\/#\/schema\/person\/fc1e5d578f4b62ba1cf7ac2bba1170a0\"},\"description\":\"Portal de noticias del Per\u00fa sobre el transporte a\u00e9reo, aviaci\u00f3n, turismo, hoteleria, actualidad.\",\"breadcrumb\":{\"@id\":\"https:\/\/aeronoticias.com.pe\/noticiero\/nacionales\/el-zoologico-vegetal-del-parque-sinchi-roca\/#breadcrumb\"},\"inLanguage\":\"es\",\"potentialAction\":[{\"@type\":\"ReadAction\",\"target\":[\"https:\/\/aeronoticias.com.pe\/noticiero\/nacionales\/el-zoologico-vegetal-del-parque-sinchi-roca\/\"]}]},{\"@type\":\"BreadcrumbList\",\"@id\":\"https:\/\/aeronoticias.com.pe\/noticiero\/nacionales\/el-zoologico-vegetal-del-parque-sinchi-roca\/#breadcrumb\",\"itemListElement\":[{\"@type\":\"ListItem\",\"position\":1,\"name\":\"Portada\",\"item\":\"https:\/\/aeronoticias.com.pe\/noticiero\/\"},{\"@type\":\"ListItem\",\"position\":2,\"name\":\"El zool\u00f3gico vegetal del Parque Sinchi Roca\"}]},{\"@type\":\"WebSite\",\"@id\":\"https:\/\/aeronoticias.com.pe\/noticiero\/#website\",\"url\":\"https:\/\/aeronoticias.com.pe\/noticiero\/\",\"name\":\"Aeronoticias.com.pe\",\"description\":\"Noticias de tranporte aereo, turismo, hoteles, gastronomia, actualidad, internacional\",\"potentialAction\":[{\"@type\":\"SearchAction\",\"target\":{\"@type\":\"EntryPoint\",\"urlTemplate\":\"https:\/\/aeronoticias.com.pe\/noticiero\/?s={search_term_string}\"},\"query-input\":{\"@type\":\"PropertyValueSpecification\",\"valueRequired\":true,\"valueName\":\"search_term_string\"}}],\"inLanguage\":\"es\"},{\"@type\":\"Person\",\"@id\":\"https:\/\/aeronoticias.com.pe\/noticiero\/#\/schema\/person\/fc1e5d578f4b62ba1cf7ac2bba1170a0\",\"name\":\"Redacci\u00f3n Aeronoticias\",\"url\":\"https:\/\/aeronoticias.com.pe\/noticiero\/author\/piloto\/\"}]}<\/script>\n<!-- \/ Yoast SEO plugin. -->","yoast_head_json":{"title":"El zool\u00f3gico vegetal del Parque Sinchi Roca","description":"Portal de noticias del Per\u00fa sobre el transporte a\u00e9reo, aviaci\u00f3n, turismo, hoteleria, actualidad.","robots":{"index":"index","follow":"follow","max-snippet":"max-snippet:-1","max-image-preview":"max-image-preview:large","max-video-preview":"max-video-preview:-1"},"canonical":"https:\/\/aeronoticias.com.pe\/noticiero\/nacionales\/el-zoologico-vegetal-del-parque-sinchi-roca\/","og_locale":"es_ES","og_type":"article","og_title":"El zool\u00f3gico vegetal del Parque Sinchi Roca","og_description":"Portal de noticias del Per\u00fa sobre el transporte a\u00e9reo, aviaci\u00f3n, turismo, hoteleria, actualidad.","og_url":"https:\/\/aeronoticias.com.pe\/noticiero\/nacionales\/el-zoologico-vegetal-del-parque-sinchi-roca\/","og_site_name":"Aeronoticias.com.pe","article_publisher":"https:\/\/www.facebook.com\/Aeronoticias.com.pe\/","article_published_time":"2014-02-12T04:29:02+00:00","author":"Redacci\u00f3n Aeronoticias","twitter_card":"summary_large_image","twitter_creator":"@aeronoticias","twitter_site":"@aeronoticias","twitter_misc":{"Escrito por":"Redacci\u00f3n Aeronoticias","Tiempo de lectura":"1 minuto"},"schema":{"@context":"https:\/\/schema.org","@graph":[{"@type":"WebPage","@id":"https:\/\/aeronoticias.com.pe\/noticiero\/nacionales\/el-zoologico-vegetal-del-parque-sinchi-roca\/","url":"https:\/\/aeronoticias.com.pe\/noticiero\/nacionales\/el-zoologico-vegetal-del-parque-sinchi-roca\/","name":"El zool\u00f3gico vegetal del Parque Sinchi Roca","isPartOf":{"@id":"https:\/\/aeronoticias.com.pe\/noticiero\/#website"},"datePublished":"2014-02-12T04:29:02+00:00","author":{"@id":"https:\/\/aeronoticias.com.pe\/noticiero\/#\/schema\/person\/fc1e5d578f4b62ba1cf7ac2bba1170a0"},"description":"Portal de noticias del Per\u00fa sobre el transporte a\u00e9reo, aviaci\u00f3n, turismo, hoteleria, actualidad.","breadcrumb":{"@id":"https:\/\/aeronoticias.com.pe\/noticiero\/nacionales\/el-zoologico-vegetal-del-parque-sinchi-roca\/#breadcrumb"},"inLanguage":"es","potentialAction":[{"@type":"ReadAction","target":["https:\/\/aeronoticias.com.pe\/noticiero\/nacionales\/el-zoologico-vegetal-del-parque-sinchi-roca\/"]}]},{"@type":"BreadcrumbList","@id":"https:\/\/aeronoticias.com.pe\/noticiero\/nacionales\/el-zoologico-vegetal-del-parque-sinchi-roca\/#breadcrumb","itemListElement":[{"@type":"ListItem","position":1,"name":"Portada","item":"https:\/\/aeronoticias.com.pe\/noticiero\/"},{"@type":"ListItem","position":2,"name":"El zool\u00f3gico vegetal del Parque Sinchi Roca"}]},{"@type":"WebSite","@id":"https:\/\/aeronoticias.com.pe\/noticiero\/#website","url":"https:\/\/aeronoticias.com.pe\/noticiero\/","name":"Aeronoticias.com.pe","description":"Noticias de tranporte aereo, turismo, hoteles, gastronomia, actualidad, internacional","potentialAction":[{"@type":"SearchAction","target":{"@type":"EntryPoint","urlTemplate":"https:\/\/aeronoticias.com.pe\/noticiero\/?s={search_term_string}"},"query-input":{"@type":"PropertyValueSpecification","valueRequired":true,"valueName":"search_term_string"}}],"inLanguage":"es"},{"@type":"Person","@id":"https:\/\/aeronoticias.com.pe\/noticiero\/#\/schema\/person\/fc1e5d578f4b62ba1cf7ac2bba1170a0","name":"Redacci\u00f3n Aeronoticias","url":"https:\/\/aeronoticias.com.pe\/noticiero\/author\/piloto\/"}]}},"_links":{"self":[{"href":"https:\/\/aeronoticias.com.pe\/noticiero\/wp-json\/wp\/v2\/posts\/43527","targetHints":{"allow":["GET"]}}],"collection":[{"href":"https:\/\/aeronoticias.com.pe\/noticiero\/wp-json\/wp\/v2\/posts"}],"about":[{"href":"https:\/\/aeronoticias.com.pe\/noticiero\/wp-json\/wp\/v2\/types\/post"}],"author":[{"embeddable":true,"href":"https:\/\/aeronoticias.com.pe\/noticiero\/wp-json\/wp\/v2\/users\/1"}],"replies":[{"embeddable":true,"href":"https:\/\/aeronoticias.com.pe\/noticiero\/wp-json\/wp\/v2\/comments?post=43527"}],"version-history":[{"count":0,"href":"https:\/\/aeronoticias.com.pe\/noticiero\/wp-json\/wp\/v2\/posts\/43527\/revisions"}],"wp:attachment":[{"href":"https:\/\/aeronoticias.com.pe\/noticiero\/wp-json\/wp\/v2\/media?parent=43527"}],"wp:term":[{"taxonomy":"category","embeddable":true,"href":"https:\/\/aeronoticias.com.pe\/noticiero\/wp-json\/wp\/v2\/categories?post=43527"},{"taxonomy":"post_tag","embeddable":true,"href":"https:\/\/aeronoticias.com.pe\/noticiero\/wp-json\/wp\/v2\/tags?post=43527"}],"curies":[{"name":"wp","href":"https:\/\/api.w.org\/{rel}","templated":true}]}}