{"id":43719,"date":"2014-02-19T14:40:53","date_gmt":"2014-02-19T14:40:53","guid":{"rendered":"http:\/\/desarrollo.mcvicious.com\/aero2020\/2014\/02\/19\/lima-no-estaria-preparada-para-atender-megaeventos-cop20-y-junta-de-gobernadores\/"},"modified":"2020-09-11T16:05:23","modified_gmt":"2020-09-11T16:05:23","slug":"lima-no-estaria-preparada-para-atender-megaeventos-cop20-y-junta-de-gobernadores","status":"publish","type":"post","link":"https:\/\/aeronoticias.com.pe\/noticiero\/institucionales\/lima-no-estaria-preparada-para-atender-megaeventos-cop20-y-junta-de-gobernadores\/","title":{"rendered":"Lima no estar\u00eda preparada para atender megaeventos COP20 y Junta de Gobernadores"},"content":{"rendered":"<p style=\"text-align: justify;\"><img decoding=\"async\" src=\"images\/stories\/14\/02\/190214\/a8.jpg\" border=\"0\" \/><\/p>\n<p style=\"text-align: justify;\"><strong>(Aeronoticias).-<\/strong> Lima ser\u00e1 sede de dos importantes eventos internacionales: la Cumbre Mundial de Cambio Clim\u00e1tico de las Naciones Unidas (COP20) a realizarse en diciembre de este a\u00f1o, y la Junta de Gobernadores del Fondo Monetario Internacional (FMI) y el Banco Mundial programada para el 2015. En ambos casos participar\u00e1n m\u00e1s de 10,000 personas en representaci\u00f3n de 185 pa\u00edses.<\/p>\n<p style=\"text-align: justify;\">El evento clim\u00e1tico afrontar\u00e1 un d\u00e9ficit de oferta hotelera, y el Centro de Convenciones de San Borja no estar\u00eda listo para la reuni\u00f3n del FMI y el Banco Mundial, tal como estaba previsto, advierte un informe publicado por la revista Semana Econ\u00f3mica.<\/p>\n<p style=\"text-align: justify;\">Seg\u00fan la nota, la COP20, que se desarrollar\u00e1 en diciembre pr\u00f3ximo, tendr\u00e1 como sede el Cuartel General del Ej\u00e9rcito sobre un \u00e1rea de 40,000 m2. Con el fin de subsanar el d\u00e9ficit de oferta hotelera en Lima, el Ministerio del Ambiente coordina un proceso de acreditaci\u00f3n para el alquiler de departamentos, que implica una modificaci\u00f3n temporal de la legislaci\u00f3n correspondiente.<\/p>\n<p style=\"text-align: justify;\">Por otro lado, para la Junta de Gobernadores del pr\u00f3ximo a\u00f1o, el gran pendiente del Gobierno es la culminaci\u00f3n de la construcci\u00f3n del Gran Centro de Convenciones en San Borja. Los especialistas consultados por Semana Econ\u00f3mica dudan de que el edificio est\u00e9 listo para la fecha programada (octubre del 2015), pues s\u00f3lo quedan 20 meses.<\/p>\n<p style=\"text-align: justify;\">\u201cLos pol\u00edticos peruanos est\u00e1n acostumbrados a apresurar las obras s\u00f3lo para la foto, sin importar que est\u00e9n operativas. Lo peor de todo es que el problema no se debe a la falta de inter\u00e9s, sino a las trabas burocr\u00e1ticas que posponen y desincentivan la inversi\u00f3n privada\u201d, se\u00f1ala el informe period\u00edstico.<\/p>\n<p style=\"text-align: justify;\">\u00a0<\/p>\n<p style=\"text-align: justify;\">Fuente: <strong><em>infoturperu<\/em><\/strong><\/p>\n<p style=\"text-align: justify;\">Foto: <strong><em>www.infoandina.org<\/em><\/strong><\/p>\n<div><\/div>\n","protected":false},"excerpt":{"rendered":"<p>(Aeronoticias).- Lima ser\u00e1 sede de dos importantes eventos internacionales: la Cumbre Mundial de Cambio Clim\u00e1tico de las Naciones Unidas (COP20) a realizarse en diciembre de este a\u00f1o, y la Junta de Gobernadores del Fondo Monetario Internacional (FMI) y el Banco Mundial programada para el 2015. En ambos casos participar\u00e1n m\u00e1s de 10,000 personas en representaci\u00f3n [&hellip;]<\/p>\n","protected":false},"author":1,"featured_media":0,"comment_status":"open","ping_status":"open","sticky":false,"template":"","format":"standard","meta":{"tdm_status":"","tdm_grid_status":"","footnotes":""},"categories":[45,18],"tags":[],"class_list":{"0":"post-43719","1":"post","2":"type-post","3":"status-publish","4":"format-standard","6":"category-eventos","7":"category-institucionales"},"yoast_head":"<!-- This site is optimized with the Yoast SEO plugin v25.1 - https:\/\/yoast.com\/wordpress\/plugins\/seo\/ -->\n<title>Lima no estar\u00eda preparada para atender megaeventos COP20 y Junta de Gobernadores<\/title>\n<meta name=\"description\" content=\"Portal de noticias del Per\u00fa sobre el transporte a\u00e9reo, aviaci\u00f3n, turismo, hoteleria, actualidad.\" \/>\n<meta name=\"robots\" content=\"index, follow, max-snippet:-1, max-image-preview:large, max-video-preview:-1\" \/>\n<link rel=\"canonical\" href=\"https:\/\/aeronoticias.com.pe\/noticiero\/institucionales\/lima-no-estaria-preparada-para-atender-megaeventos-cop20-y-junta-de-gobernadores\/\" \/>\n<meta property=\"og:locale\" content=\"es_ES\" \/>\n<meta property=\"og:type\" content=\"article\" \/>\n<meta property=\"og:title\" content=\"Lima no estar\u00eda preparada para atender megaeventos COP20 y Junta de Gobernadores\" \/>\n<meta property=\"og:description\" content=\"Portal de noticias del Per\u00fa sobre el transporte a\u00e9reo, aviaci\u00f3n, turismo, hoteleria, actualidad.\" \/>\n<meta property=\"og:url\" content=\"https:\/\/aeronoticias.com.pe\/noticiero\/institucionales\/lima-no-estaria-preparada-para-atender-megaeventos-cop20-y-junta-de-gobernadores\/\" \/>\n<meta property=\"og:site_name\" content=\"Aeronoticias.com.pe\" \/>\n<meta property=\"article:publisher\" content=\"https:\/\/www.facebook.com\/Aeronoticias.com.pe\/\" \/>\n<meta property=\"article:published_time\" content=\"2014-02-19T14:40:53+00:00\" \/>\n<meta property=\"article:modified_time\" content=\"2020-09-11T16:05:23+00:00\" \/>\n<meta name=\"author\" content=\"Redacci\u00f3n Aeronoticias\" \/>\n<meta name=\"twitter:card\" content=\"summary_large_image\" \/>\n<meta name=\"twitter:creator\" content=\"@aeronoticias\" \/>\n<meta name=\"twitter:site\" content=\"@aeronoticias\" \/>\n<meta name=\"twitter:label1\" content=\"Escrito por\" \/>\n\t<meta name=\"twitter:data1\" content=\"Redacci\u00f3n Aeronoticias\" \/>\n\t<meta name=\"twitter:label2\" content=\"Tiempo de lectura\" \/>\n\t<meta name=\"twitter:data2\" content=\"1 minuto\" \/>\n<script type=\"application\/ld+json\" class=\"yoast-schema-graph\">{\"@context\":\"https:\/\/schema.org\",\"@graph\":[{\"@type\":\"WebPage\",\"@id\":\"https:\/\/aeronoticias.com.pe\/noticiero\/institucionales\/lima-no-estaria-preparada-para-atender-megaeventos-cop20-y-junta-de-gobernadores\/\",\"url\":\"https:\/\/aeronoticias.com.pe\/noticiero\/institucionales\/lima-no-estaria-preparada-para-atender-megaeventos-cop20-y-junta-de-gobernadores\/\",\"name\":\"Lima no estar\u00eda preparada para atender megaeventos COP20 y Junta de Gobernadores\",\"isPartOf\":{\"@id\":\"https:\/\/aeronoticias.com.pe\/noticiero\/#website\"},\"datePublished\":\"2014-02-19T14:40:53+00:00\",\"dateModified\":\"2020-09-11T16:05:23+00:00\",\"author\":{\"@id\":\"https:\/\/aeronoticias.com.pe\/noticiero\/#\/schema\/person\/fc1e5d578f4b62ba1cf7ac2bba1170a0\"},\"description\":\"Portal de noticias del Per\u00fa sobre el transporte a\u00e9reo, aviaci\u00f3n, turismo, hoteleria, actualidad.\",\"breadcrumb\":{\"@id\":\"https:\/\/aeronoticias.com.pe\/noticiero\/institucionales\/lima-no-estaria-preparada-para-atender-megaeventos-cop20-y-junta-de-gobernadores\/#breadcrumb\"},\"inLanguage\":\"es\",\"potentialAction\":[{\"@type\":\"ReadAction\",\"target\":[\"https:\/\/aeronoticias.com.pe\/noticiero\/institucionales\/lima-no-estaria-preparada-para-atender-megaeventos-cop20-y-junta-de-gobernadores\/\"]}]},{\"@type\":\"BreadcrumbList\",\"@id\":\"https:\/\/aeronoticias.com.pe\/noticiero\/institucionales\/lima-no-estaria-preparada-para-atender-megaeventos-cop20-y-junta-de-gobernadores\/#breadcrumb\",\"itemListElement\":[{\"@type\":\"ListItem\",\"position\":1,\"name\":\"Portada\",\"item\":\"https:\/\/aeronoticias.com.pe\/noticiero\/\"},{\"@type\":\"ListItem\",\"position\":2,\"name\":\"Lima no estar\u00eda preparada para atender megaeventos COP20 y Junta de Gobernadores\"}]},{\"@type\":\"WebSite\",\"@id\":\"https:\/\/aeronoticias.com.pe\/noticiero\/#website\",\"url\":\"https:\/\/aeronoticias.com.pe\/noticiero\/\",\"name\":\"Aeronoticias.com.pe\",\"description\":\"Noticias de tranporte aereo, turismo, hoteles, gastronomia, actualidad, internacional\",\"potentialAction\":[{\"@type\":\"SearchAction\",\"target\":{\"@type\":\"EntryPoint\",\"urlTemplate\":\"https:\/\/aeronoticias.com.pe\/noticiero\/?s={search_term_string}\"},\"query-input\":{\"@type\":\"PropertyValueSpecification\",\"valueRequired\":true,\"valueName\":\"search_term_string\"}}],\"inLanguage\":\"es\"},{\"@type\":\"Person\",\"@id\":\"https:\/\/aeronoticias.com.pe\/noticiero\/#\/schema\/person\/fc1e5d578f4b62ba1cf7ac2bba1170a0\",\"name\":\"Redacci\u00f3n Aeronoticias\",\"url\":\"https:\/\/aeronoticias.com.pe\/noticiero\/author\/piloto\/\"}]}<\/script>\n<!-- \/ Yoast SEO plugin. -->","yoast_head_json":{"title":"Lima no estar\u00eda preparada para atender megaeventos COP20 y Junta de Gobernadores","description":"Portal de noticias del Per\u00fa sobre el transporte a\u00e9reo, aviaci\u00f3n, turismo, hoteleria, actualidad.","robots":{"index":"index","follow":"follow","max-snippet":"max-snippet:-1","max-image-preview":"max-image-preview:large","max-video-preview":"max-video-preview:-1"},"canonical":"https:\/\/aeronoticias.com.pe\/noticiero\/institucionales\/lima-no-estaria-preparada-para-atender-megaeventos-cop20-y-junta-de-gobernadores\/","og_locale":"es_ES","og_type":"article","og_title":"Lima no estar\u00eda preparada para atender megaeventos COP20 y Junta de Gobernadores","og_description":"Portal de noticias del Per\u00fa sobre el transporte a\u00e9reo, aviaci\u00f3n, turismo, hoteleria, actualidad.","og_url":"https:\/\/aeronoticias.com.pe\/noticiero\/institucionales\/lima-no-estaria-preparada-para-atender-megaeventos-cop20-y-junta-de-gobernadores\/","og_site_name":"Aeronoticias.com.pe","article_publisher":"https:\/\/www.facebook.com\/Aeronoticias.com.pe\/","article_published_time":"2014-02-19T14:40:53+00:00","article_modified_time":"2020-09-11T16:05:23+00:00","author":"Redacci\u00f3n Aeronoticias","twitter_card":"summary_large_image","twitter_creator":"@aeronoticias","twitter_site":"@aeronoticias","twitter_misc":{"Escrito por":"Redacci\u00f3n Aeronoticias","Tiempo de lectura":"1 minuto"},"schema":{"@context":"https:\/\/schema.org","@graph":[{"@type":"WebPage","@id":"https:\/\/aeronoticias.com.pe\/noticiero\/institucionales\/lima-no-estaria-preparada-para-atender-megaeventos-cop20-y-junta-de-gobernadores\/","url":"https:\/\/aeronoticias.com.pe\/noticiero\/institucionales\/lima-no-estaria-preparada-para-atender-megaeventos-cop20-y-junta-de-gobernadores\/","name":"Lima no estar\u00eda preparada para atender megaeventos COP20 y Junta de Gobernadores","isPartOf":{"@id":"https:\/\/aeronoticias.com.pe\/noticiero\/#website"},"datePublished":"2014-02-19T14:40:53+00:00","dateModified":"2020-09-11T16:05:23+00:00","author":{"@id":"https:\/\/aeronoticias.com.pe\/noticiero\/#\/schema\/person\/fc1e5d578f4b62ba1cf7ac2bba1170a0"},"description":"Portal de noticias del Per\u00fa sobre el transporte a\u00e9reo, aviaci\u00f3n, turismo, hoteleria, actualidad.","breadcrumb":{"@id":"https:\/\/aeronoticias.com.pe\/noticiero\/institucionales\/lima-no-estaria-preparada-para-atender-megaeventos-cop20-y-junta-de-gobernadores\/#breadcrumb"},"inLanguage":"es","potentialAction":[{"@type":"ReadAction","target":["https:\/\/aeronoticias.com.pe\/noticiero\/institucionales\/lima-no-estaria-preparada-para-atender-megaeventos-cop20-y-junta-de-gobernadores\/"]}]},{"@type":"BreadcrumbList","@id":"https:\/\/aeronoticias.com.pe\/noticiero\/institucionales\/lima-no-estaria-preparada-para-atender-megaeventos-cop20-y-junta-de-gobernadores\/#breadcrumb","itemListElement":[{"@type":"ListItem","position":1,"name":"Portada","item":"https:\/\/aeronoticias.com.pe\/noticiero\/"},{"@type":"ListItem","position":2,"name":"Lima no estar\u00eda preparada para atender megaeventos COP20 y Junta de Gobernadores"}]},{"@type":"WebSite","@id":"https:\/\/aeronoticias.com.pe\/noticiero\/#website","url":"https:\/\/aeronoticias.com.pe\/noticiero\/","name":"Aeronoticias.com.pe","description":"Noticias de tranporte aereo, turismo, hoteles, gastronomia, actualidad, internacional","potentialAction":[{"@type":"SearchAction","target":{"@type":"EntryPoint","urlTemplate":"https:\/\/aeronoticias.com.pe\/noticiero\/?s={search_term_string}"},"query-input":{"@type":"PropertyValueSpecification","valueRequired":true,"valueName":"search_term_string"}}],"inLanguage":"es"},{"@type":"Person","@id":"https:\/\/aeronoticias.com.pe\/noticiero\/#\/schema\/person\/fc1e5d578f4b62ba1cf7ac2bba1170a0","name":"Redacci\u00f3n Aeronoticias","url":"https:\/\/aeronoticias.com.pe\/noticiero\/author\/piloto\/"}]}},"_links":{"self":[{"href":"https:\/\/aeronoticias.com.pe\/noticiero\/wp-json\/wp\/v2\/posts\/43719","targetHints":{"allow":["GET"]}}],"collection":[{"href":"https:\/\/aeronoticias.com.pe\/noticiero\/wp-json\/wp\/v2\/posts"}],"about":[{"href":"https:\/\/aeronoticias.com.pe\/noticiero\/wp-json\/wp\/v2\/types\/post"}],"author":[{"embeddable":true,"href":"https:\/\/aeronoticias.com.pe\/noticiero\/wp-json\/wp\/v2\/users\/1"}],"replies":[{"embeddable":true,"href":"https:\/\/aeronoticias.com.pe\/noticiero\/wp-json\/wp\/v2\/comments?post=43719"}],"version-history":[{"count":0,"href":"https:\/\/aeronoticias.com.pe\/noticiero\/wp-json\/wp\/v2\/posts\/43719\/revisions"}],"wp:attachment":[{"href":"https:\/\/aeronoticias.com.pe\/noticiero\/wp-json\/wp\/v2\/media?parent=43719"}],"wp:term":[{"taxonomy":"category","embeddable":true,"href":"https:\/\/aeronoticias.com.pe\/noticiero\/wp-json\/wp\/v2\/categories?post=43719"},{"taxonomy":"post_tag","embeddable":true,"href":"https:\/\/aeronoticias.com.pe\/noticiero\/wp-json\/wp\/v2\/tags?post=43719"}],"curies":[{"name":"wp","href":"https:\/\/api.w.org\/{rel}","templated":true}]}}