{"id":43720,"date":"2014-02-19T14:47:49","date_gmt":"2014-02-19T14:47:49","guid":{"rendered":"http:\/\/desarrollo.mcvicious.com\/aero2020\/2014\/02\/19\/costa-rica-eliminara-visas-a-turistas-y-empresarios-de-peru-chile-y-mexico\/"},"modified":"2014-02-19T14:47:49","modified_gmt":"2014-02-19T14:47:49","slug":"costa-rica-eliminara-visas-a-turistas-y-empresarios-de-peru-chile-y-mexico","status":"publish","type":"post","link":"https:\/\/aeronoticias.com.pe\/noticiero\/internacionales\/costa-rica-eliminara-visas-a-turistas-y-empresarios-de-peru-chile-y-mexico\/","title":{"rendered":"Costa Rica eliminar\u00e1 visas a turistas y empresarios de Per\u00fa, Chile y M\u00e9xico"},"content":{"rendered":"<p style=\"text-align: justify;\"><img decoding=\"async\" src=\"images\/stories\/14\/02\/190214\/a9.jpg\" border=\"0\" \/><\/p>\n<p style=\"text-align: justify;\"><strong>(Aeronoticias).-<\/strong> Lima adhesi\u00f3n de Costa Rica a la Alianza del Pac\u00edfico, realizada hace unos d\u00edas en Bogot\u00e1, traer\u00e1 consigo la eliminaci\u00f3n de las visas para los turistas y empresarios de Colombia, M\u00e9xico, Per\u00fa y Chile, confirm\u00f3 la ministra de Comercio Exterior del pa\u00eds centroamericano, Anabel Gonz\u00e1lez.<\/p>\n<p style=\"text-align: justify;\">\u201cLos pa\u00edses sustituyeron los mecanismos que tienen a trav\u00e9s de la interconexi\u00f3n de sus bases de datos en materia de seguridad, en lugar de la visa, lo cual es un mecanismo mucho m\u00e1s efectivo para el control de la seguridad y m\u00e1s \u00e1gil para facilitar las visitas de las personas, eso se aplica para los negocios y el turismo\u201d, destac\u00f3 la funcionaria.<\/p>\n<p style=\"text-align: justify;\">Agreg\u00f3 que dicha decisi\u00f3n ha logrado que en el caso de Colombia y M\u00e9xico, que integraron su base, se aumentar\u00e1 el turismo colombiano en M\u00e9xico en alrededor de un 68%.<\/p>\n<p style=\"text-align: justify;\">Gonz\u00e1lez aclar\u00f3 que eso se har\u00e1 en un proceso paulatino mientras se interconectan todas las bases de datos y \u201cesperamos que est\u00e9 listo para finales de este a\u00f1o porque el pa\u00eds est\u00e1 muy adelantado en esta materia\u201d.<\/p>\n<p style=\"text-align: justify;\">Con respecto al futuro, dijo que ambos aspirantes a la presidencia han hecho p\u00fablica su intenci\u00f3n de seguir adelante con la Alianza del Pac\u00edfico, por lo que, no espera una ruptura.<\/p>\n<p style=\"text-align: justify;\">\u00a0<\/p>\n<p style=\"text-align: justify;\">Fuente: <strong><em>infoturperu.com.pe<\/em><\/strong><\/p>\n<p style=\"text-align: justify;\">Foto: <strong><em>www.crhoy.com<\/em><\/strong><\/p>\n","protected":false},"excerpt":{"rendered":"<p>(Aeronoticias).- Lima adhesi\u00f3n de Costa Rica a la Alianza del Pac\u00edfico, realizada hace unos d\u00edas en Bogot\u00e1, traer\u00e1 consigo la eliminaci\u00f3n de las visas para los turistas y empresarios de Colombia, M\u00e9xico, Per\u00fa y Chile, confirm\u00f3 la ministra de Comercio Exterior del pa\u00eds centroamericano, Anabel Gonz\u00e1lez. \u201cLos pa\u00edses sustituyeron los mecanismos que tienen a trav\u00e9s [&hellip;]<\/p>\n","protected":false},"author":1,"featured_media":0,"comment_status":"open","ping_status":"open","sticky":false,"template":"","format":"standard","meta":{"tdm_status":"","tdm_grid_status":"","footnotes":""},"categories":[34],"tags":[],"class_list":{"0":"post-43720","1":"post","2":"type-post","3":"status-publish","4":"format-standard","6":"category-internacionales"},"yoast_head":"<!-- This site is optimized with the Yoast SEO plugin v25.1 - https:\/\/yoast.com\/wordpress\/plugins\/seo\/ -->\n<title>Costa Rica eliminar\u00e1 visas a turistas y empresarios de Per\u00fa, Chile y M\u00e9xico<\/title>\n<meta name=\"description\" content=\"Portal de noticias del Per\u00fa sobre el transporte a\u00e9reo, aviaci\u00f3n, turismo, hoteleria, actualidad.\" \/>\n<meta name=\"robots\" content=\"index, follow, max-snippet:-1, max-image-preview:large, max-video-preview:-1\" \/>\n<link rel=\"canonical\" href=\"https:\/\/aeronoticias.com.pe\/noticiero\/internacionales\/costa-rica-eliminara-visas-a-turistas-y-empresarios-de-peru-chile-y-mexico\/\" \/>\n<meta property=\"og:locale\" content=\"es_ES\" \/>\n<meta property=\"og:type\" content=\"article\" \/>\n<meta property=\"og:title\" content=\"Costa Rica eliminar\u00e1 visas a turistas y empresarios de Per\u00fa, Chile y M\u00e9xico\" \/>\n<meta property=\"og:description\" content=\"Portal de noticias del Per\u00fa sobre el transporte a\u00e9reo, aviaci\u00f3n, turismo, hoteleria, actualidad.\" \/>\n<meta property=\"og:url\" content=\"https:\/\/aeronoticias.com.pe\/noticiero\/internacionales\/costa-rica-eliminara-visas-a-turistas-y-empresarios-de-peru-chile-y-mexico\/\" \/>\n<meta property=\"og:site_name\" content=\"Aeronoticias.com.pe\" \/>\n<meta property=\"article:publisher\" content=\"https:\/\/www.facebook.com\/Aeronoticias.com.pe\/\" \/>\n<meta property=\"article:published_time\" content=\"2014-02-19T14:47:49+00:00\" \/>\n<meta name=\"author\" content=\"Redacci\u00f3n Aeronoticias\" \/>\n<meta name=\"twitter:card\" content=\"summary_large_image\" \/>\n<meta name=\"twitter:creator\" content=\"@aeronoticias\" \/>\n<meta name=\"twitter:site\" content=\"@aeronoticias\" \/>\n<meta name=\"twitter:label1\" content=\"Escrito por\" \/>\n\t<meta name=\"twitter:data1\" content=\"Redacci\u00f3n Aeronoticias\" \/>\n\t<meta name=\"twitter:label2\" content=\"Tiempo de lectura\" \/>\n\t<meta name=\"twitter:data2\" content=\"1 minuto\" \/>\n<script type=\"application\/ld+json\" class=\"yoast-schema-graph\">{\"@context\":\"https:\/\/schema.org\",\"@graph\":[{\"@type\":\"WebPage\",\"@id\":\"https:\/\/aeronoticias.com.pe\/noticiero\/internacionales\/costa-rica-eliminara-visas-a-turistas-y-empresarios-de-peru-chile-y-mexico\/\",\"url\":\"https:\/\/aeronoticias.com.pe\/noticiero\/internacionales\/costa-rica-eliminara-visas-a-turistas-y-empresarios-de-peru-chile-y-mexico\/\",\"name\":\"Costa Rica eliminar\u00e1 visas a turistas y empresarios de Per\u00fa, Chile y M\u00e9xico\",\"isPartOf\":{\"@id\":\"https:\/\/aeronoticias.com.pe\/noticiero\/#website\"},\"datePublished\":\"2014-02-19T14:47:49+00:00\",\"author\":{\"@id\":\"https:\/\/aeronoticias.com.pe\/noticiero\/#\/schema\/person\/fc1e5d578f4b62ba1cf7ac2bba1170a0\"},\"description\":\"Portal de noticias del Per\u00fa sobre el transporte a\u00e9reo, aviaci\u00f3n, turismo, hoteleria, actualidad.\",\"breadcrumb\":{\"@id\":\"https:\/\/aeronoticias.com.pe\/noticiero\/internacionales\/costa-rica-eliminara-visas-a-turistas-y-empresarios-de-peru-chile-y-mexico\/#breadcrumb\"},\"inLanguage\":\"es\",\"potentialAction\":[{\"@type\":\"ReadAction\",\"target\":[\"https:\/\/aeronoticias.com.pe\/noticiero\/internacionales\/costa-rica-eliminara-visas-a-turistas-y-empresarios-de-peru-chile-y-mexico\/\"]}]},{\"@type\":\"BreadcrumbList\",\"@id\":\"https:\/\/aeronoticias.com.pe\/noticiero\/internacionales\/costa-rica-eliminara-visas-a-turistas-y-empresarios-de-peru-chile-y-mexico\/#breadcrumb\",\"itemListElement\":[{\"@type\":\"ListItem\",\"position\":1,\"name\":\"Portada\",\"item\":\"https:\/\/aeronoticias.com.pe\/noticiero\/\"},{\"@type\":\"ListItem\",\"position\":2,\"name\":\"Costa Rica eliminar\u00e1 visas a turistas y empresarios de Per\u00fa, Chile y M\u00e9xico\"}]},{\"@type\":\"WebSite\",\"@id\":\"https:\/\/aeronoticias.com.pe\/noticiero\/#website\",\"url\":\"https:\/\/aeronoticias.com.pe\/noticiero\/\",\"name\":\"Aeronoticias.com.pe\",\"description\":\"Noticias de tranporte aereo, turismo, hoteles, gastronomia, actualidad, internacional\",\"potentialAction\":[{\"@type\":\"SearchAction\",\"target\":{\"@type\":\"EntryPoint\",\"urlTemplate\":\"https:\/\/aeronoticias.com.pe\/noticiero\/?s={search_term_string}\"},\"query-input\":{\"@type\":\"PropertyValueSpecification\",\"valueRequired\":true,\"valueName\":\"search_term_string\"}}],\"inLanguage\":\"es\"},{\"@type\":\"Person\",\"@id\":\"https:\/\/aeronoticias.com.pe\/noticiero\/#\/schema\/person\/fc1e5d578f4b62ba1cf7ac2bba1170a0\",\"name\":\"Redacci\u00f3n Aeronoticias\",\"url\":\"https:\/\/aeronoticias.com.pe\/noticiero\/author\/piloto\/\"}]}<\/script>\n<!-- \/ Yoast SEO plugin. -->","yoast_head_json":{"title":"Costa Rica eliminar\u00e1 visas a turistas y empresarios de Per\u00fa, Chile y M\u00e9xico","description":"Portal de noticias del Per\u00fa sobre el transporte a\u00e9reo, aviaci\u00f3n, turismo, hoteleria, actualidad.","robots":{"index":"index","follow":"follow","max-snippet":"max-snippet:-1","max-image-preview":"max-image-preview:large","max-video-preview":"max-video-preview:-1"},"canonical":"https:\/\/aeronoticias.com.pe\/noticiero\/internacionales\/costa-rica-eliminara-visas-a-turistas-y-empresarios-de-peru-chile-y-mexico\/","og_locale":"es_ES","og_type":"article","og_title":"Costa Rica eliminar\u00e1 visas a turistas y empresarios de Per\u00fa, Chile y M\u00e9xico","og_description":"Portal de noticias del Per\u00fa sobre el transporte a\u00e9reo, aviaci\u00f3n, turismo, hoteleria, actualidad.","og_url":"https:\/\/aeronoticias.com.pe\/noticiero\/internacionales\/costa-rica-eliminara-visas-a-turistas-y-empresarios-de-peru-chile-y-mexico\/","og_site_name":"Aeronoticias.com.pe","article_publisher":"https:\/\/www.facebook.com\/Aeronoticias.com.pe\/","article_published_time":"2014-02-19T14:47:49+00:00","author":"Redacci\u00f3n Aeronoticias","twitter_card":"summary_large_image","twitter_creator":"@aeronoticias","twitter_site":"@aeronoticias","twitter_misc":{"Escrito por":"Redacci\u00f3n Aeronoticias","Tiempo de lectura":"1 minuto"},"schema":{"@context":"https:\/\/schema.org","@graph":[{"@type":"WebPage","@id":"https:\/\/aeronoticias.com.pe\/noticiero\/internacionales\/costa-rica-eliminara-visas-a-turistas-y-empresarios-de-peru-chile-y-mexico\/","url":"https:\/\/aeronoticias.com.pe\/noticiero\/internacionales\/costa-rica-eliminara-visas-a-turistas-y-empresarios-de-peru-chile-y-mexico\/","name":"Costa Rica eliminar\u00e1 visas a turistas y empresarios de Per\u00fa, Chile y M\u00e9xico","isPartOf":{"@id":"https:\/\/aeronoticias.com.pe\/noticiero\/#website"},"datePublished":"2014-02-19T14:47:49+00:00","author":{"@id":"https:\/\/aeronoticias.com.pe\/noticiero\/#\/schema\/person\/fc1e5d578f4b62ba1cf7ac2bba1170a0"},"description":"Portal de noticias del Per\u00fa sobre el transporte a\u00e9reo, aviaci\u00f3n, turismo, hoteleria, actualidad.","breadcrumb":{"@id":"https:\/\/aeronoticias.com.pe\/noticiero\/internacionales\/costa-rica-eliminara-visas-a-turistas-y-empresarios-de-peru-chile-y-mexico\/#breadcrumb"},"inLanguage":"es","potentialAction":[{"@type":"ReadAction","target":["https:\/\/aeronoticias.com.pe\/noticiero\/internacionales\/costa-rica-eliminara-visas-a-turistas-y-empresarios-de-peru-chile-y-mexico\/"]}]},{"@type":"BreadcrumbList","@id":"https:\/\/aeronoticias.com.pe\/noticiero\/internacionales\/costa-rica-eliminara-visas-a-turistas-y-empresarios-de-peru-chile-y-mexico\/#breadcrumb","itemListElement":[{"@type":"ListItem","position":1,"name":"Portada","item":"https:\/\/aeronoticias.com.pe\/noticiero\/"},{"@type":"ListItem","position":2,"name":"Costa Rica eliminar\u00e1 visas a turistas y empresarios de Per\u00fa, Chile y M\u00e9xico"}]},{"@type":"WebSite","@id":"https:\/\/aeronoticias.com.pe\/noticiero\/#website","url":"https:\/\/aeronoticias.com.pe\/noticiero\/","name":"Aeronoticias.com.pe","description":"Noticias de tranporte aereo, turismo, hoteles, gastronomia, actualidad, internacional","potentialAction":[{"@type":"SearchAction","target":{"@type":"EntryPoint","urlTemplate":"https:\/\/aeronoticias.com.pe\/noticiero\/?s={search_term_string}"},"query-input":{"@type":"PropertyValueSpecification","valueRequired":true,"valueName":"search_term_string"}}],"inLanguage":"es"},{"@type":"Person","@id":"https:\/\/aeronoticias.com.pe\/noticiero\/#\/schema\/person\/fc1e5d578f4b62ba1cf7ac2bba1170a0","name":"Redacci\u00f3n Aeronoticias","url":"https:\/\/aeronoticias.com.pe\/noticiero\/author\/piloto\/"}]}},"_links":{"self":[{"href":"https:\/\/aeronoticias.com.pe\/noticiero\/wp-json\/wp\/v2\/posts\/43720","targetHints":{"allow":["GET"]}}],"collection":[{"href":"https:\/\/aeronoticias.com.pe\/noticiero\/wp-json\/wp\/v2\/posts"}],"about":[{"href":"https:\/\/aeronoticias.com.pe\/noticiero\/wp-json\/wp\/v2\/types\/post"}],"author":[{"embeddable":true,"href":"https:\/\/aeronoticias.com.pe\/noticiero\/wp-json\/wp\/v2\/users\/1"}],"replies":[{"embeddable":true,"href":"https:\/\/aeronoticias.com.pe\/noticiero\/wp-json\/wp\/v2\/comments?post=43720"}],"version-history":[{"count":0,"href":"https:\/\/aeronoticias.com.pe\/noticiero\/wp-json\/wp\/v2\/posts\/43720\/revisions"}],"wp:attachment":[{"href":"https:\/\/aeronoticias.com.pe\/noticiero\/wp-json\/wp\/v2\/media?parent=43720"}],"wp:term":[{"taxonomy":"category","embeddable":true,"href":"https:\/\/aeronoticias.com.pe\/noticiero\/wp-json\/wp\/v2\/categories?post=43720"},{"taxonomy":"post_tag","embeddable":true,"href":"https:\/\/aeronoticias.com.pe\/noticiero\/wp-json\/wp\/v2\/tags?post=43720"}],"curies":[{"name":"wp","href":"https:\/\/api.w.org\/{rel}","templated":true}]}}