{"id":43721,"date":"2014-02-19T14:50:06","date_gmt":"2014-02-19T14:50:06","guid":{"rendered":"http:\/\/desarrollo.mcvicious.com\/aero2020\/2014\/02\/19\/chilena-sky-airline-volara-a-brasil-y-evalua-nuevos-destinos-en-peru\/"},"modified":"2014-02-19T14:50:06","modified_gmt":"2014-02-19T14:50:06","slug":"chilena-sky-airline-volara-a-brasil-y-evalua-nuevos-destinos-en-peru","status":"publish","type":"post","link":"https:\/\/aeronoticias.com.pe\/noticiero\/transporte-aereo\/internacional\/chilena-sky-airline-volara-a-brasil-y-evalua-nuevos-destinos-en-peru\/","title":{"rendered":"Chilena Sky Airline volar\u00e1 a Brasil y eval\u00faa nuevos destinos en Per\u00fa"},"content":{"rendered":"<p style=\"text-align: justify;\"><img decoding=\"async\" src=\"images\/stories\/14\/02\/190214\/a10.jpg\" border=\"0\" \/><\/p>\n<p style=\"text-align: justify;\"><strong>(Aeronoticias).-<\/strong> La aerol\u00ednea chilena Sky Airline debutar\u00e1 el 30 de marzo en su cuarto mercado externo, Brasil, con un vuelo diario Santiago-Sao Paulo, frecuencia que aumentar\u00e1 desde el 17 de junio cuando adopte los 14 slots o franjas horarias -siete de aterrizaje y siete de despegue-, que deber\u00e1 dejar el holding Latam Airlines.<\/p>\n<p style=\"text-align: justify;\">La expansi\u00f3n es parte de un plan al 2018 que Sky tiene trazado para duplicar su tama\u00f1o, llegando a destinos que le permitan sus aviones Airbus 319 y 320 que tienen un rango m\u00e1ximo de 5,5 horas a seis horas de vuelo. En ese sentido, la compa\u00f1\u00eda eval\u00faa nuevos destinos en Bolivia y Per\u00fa, as\u00ed como Montevideo (Uruguay), Ecuador y Porto Alegre (Brasil).<\/p>\n<p style=\"text-align: justify;\">Sky hoy opera rutas como Santiago-Lima, Santiago-Buenos Aires y tambi\u00e9n a La Paz. En los dos primeros casos, el primer a\u00f1o fueron a p\u00e9rdida, luego esas rutas se consolidaron y hoy son autosustentables, seg\u00fan revel\u00f3 Holger Paulmann, director de Operaciones de la aerol\u00ednea.<\/p>\n<p style=\"text-align: justify;\">Sobre el vuelo a Sao Paulo, el ejecutivo indic\u00f3 que se busca ser compatible con rutas de conexi\u00f3n hacia Europa y otros destinos. Tambi\u00e9n buscan acuerdos nuevos operadores a\u00e9reos, con firmas no miembros de Oneworld, la alianza que integra LAN.<\/p>\n<p style=\"text-align: justify;\">Air Europa, Alitalia, Air France-KLM, Lufthansa, Qatar, y en proceso de negociaci\u00f3n, con South African y Turkish. Para el mercado dom\u00e9stico de Brasil, est\u00e1n en conversaciones similares con Gol y Avianca Brasil.<\/p>\n<p style=\"text-align: justify;\">\u00abEl Mundial puede ayudar un poco, pero es un mes. Adem\u00e1s, julio es la temporada alta de invierno y viene un mont\u00f3n de brasile\u00f1os a Chile. Entonces, todo junio y julio van a ser buenos meses. Pero toda esta utilidad que puedan generar esos dos meses se puede ir en dos malos meses despu\u00e9s, en la temporada baja. En este caso, tenemos la expectativa de que podemos tener una mejor performance. Creemos que va a ser m\u00e1s corto que un a\u00f1o\u00bb, declar\u00f3 Paulmann al portal chileno Econom\u00eda y Negocios.<\/p>\n<p style=\"text-align: justify;\">\u00a0<\/p>\n<p style=\"text-align: justify;\">Fuente: <strong><em>infoturperu.com.pe<\/em><\/strong><\/p>\n<p style=\"text-align: justify;\">Foto: <strong><em>upload.wikimedia.org<\/em><\/strong><\/p>\n","protected":false},"excerpt":{"rendered":"<p>(Aeronoticias).- La aerol\u00ednea chilena Sky Airline debutar\u00e1 el 30 de marzo en su cuarto mercado externo, Brasil, con un vuelo diario Santiago-Sao Paulo, frecuencia que aumentar\u00e1 desde el 17 de junio cuando adopte los 14 slots o franjas horarias -siete de aterrizaje y siete de despegue-, que deber\u00e1 dejar el holding Latam Airlines. La expansi\u00f3n [&hellip;]<\/p>\n","protected":false},"author":1,"featured_media":0,"comment_status":"open","ping_status":"open","sticky":false,"template":"","format":"standard","meta":{"tdm_status":"","tdm_grid_status":"","footnotes":""},"categories":[32],"tags":[],"class_list":{"0":"post-43721","1":"post","2":"type-post","3":"status-publish","4":"format-standard","6":"category-internacional"},"yoast_head":"<!-- This site is optimized with the Yoast SEO plugin v25.1 - https:\/\/yoast.com\/wordpress\/plugins\/seo\/ -->\n<title>Chilena Sky Airline volar\u00e1 a Brasil y eval\u00faa nuevos destinos en Per\u00fa<\/title>\n<meta name=\"description\" content=\"Portal de noticias del Per\u00fa sobre el transporte a\u00e9reo, aviaci\u00f3n, turismo, hoteleria, actualidad.\" \/>\n<meta name=\"robots\" content=\"index, follow, max-snippet:-1, max-image-preview:large, max-video-preview:-1\" \/>\n<link rel=\"canonical\" href=\"https:\/\/aeronoticias.com.pe\/noticiero\/transporte-aereo\/internacional\/chilena-sky-airline-volara-a-brasil-y-evalua-nuevos-destinos-en-peru\/\" \/>\n<meta property=\"og:locale\" content=\"es_ES\" \/>\n<meta property=\"og:type\" content=\"article\" \/>\n<meta property=\"og:title\" content=\"Chilena Sky Airline volar\u00e1 a Brasil y eval\u00faa nuevos destinos en Per\u00fa\" \/>\n<meta property=\"og:description\" content=\"Portal de noticias del Per\u00fa sobre el transporte a\u00e9reo, aviaci\u00f3n, turismo, hoteleria, actualidad.\" \/>\n<meta property=\"og:url\" content=\"https:\/\/aeronoticias.com.pe\/noticiero\/transporte-aereo\/internacional\/chilena-sky-airline-volara-a-brasil-y-evalua-nuevos-destinos-en-peru\/\" \/>\n<meta property=\"og:site_name\" content=\"Aeronoticias.com.pe\" \/>\n<meta property=\"article:publisher\" content=\"https:\/\/www.facebook.com\/Aeronoticias.com.pe\/\" \/>\n<meta property=\"article:published_time\" content=\"2014-02-19T14:50:06+00:00\" \/>\n<meta name=\"author\" content=\"Redacci\u00f3n Aeronoticias\" \/>\n<meta name=\"twitter:card\" content=\"summary_large_image\" \/>\n<meta name=\"twitter:creator\" content=\"@aeronoticias\" \/>\n<meta name=\"twitter:site\" content=\"@aeronoticias\" \/>\n<meta name=\"twitter:label1\" content=\"Escrito por\" \/>\n\t<meta name=\"twitter:data1\" content=\"Redacci\u00f3n Aeronoticias\" \/>\n\t<meta name=\"twitter:label2\" content=\"Tiempo de lectura\" \/>\n\t<meta name=\"twitter:data2\" content=\"2 minutos\" \/>\n<script type=\"application\/ld+json\" class=\"yoast-schema-graph\">{\"@context\":\"https:\/\/schema.org\",\"@graph\":[{\"@type\":\"WebPage\",\"@id\":\"https:\/\/aeronoticias.com.pe\/noticiero\/transporte-aereo\/internacional\/chilena-sky-airline-volara-a-brasil-y-evalua-nuevos-destinos-en-peru\/\",\"url\":\"https:\/\/aeronoticias.com.pe\/noticiero\/transporte-aereo\/internacional\/chilena-sky-airline-volara-a-brasil-y-evalua-nuevos-destinos-en-peru\/\",\"name\":\"Chilena Sky Airline volar\u00e1 a Brasil y eval\u00faa nuevos destinos en Per\u00fa\",\"isPartOf\":{\"@id\":\"https:\/\/aeronoticias.com.pe\/noticiero\/#website\"},\"datePublished\":\"2014-02-19T14:50:06+00:00\",\"author\":{\"@id\":\"https:\/\/aeronoticias.com.pe\/noticiero\/#\/schema\/person\/fc1e5d578f4b62ba1cf7ac2bba1170a0\"},\"description\":\"Portal de noticias del Per\u00fa sobre el transporte a\u00e9reo, aviaci\u00f3n, turismo, hoteleria, actualidad.\",\"breadcrumb\":{\"@id\":\"https:\/\/aeronoticias.com.pe\/noticiero\/transporte-aereo\/internacional\/chilena-sky-airline-volara-a-brasil-y-evalua-nuevos-destinos-en-peru\/#breadcrumb\"},\"inLanguage\":\"es\",\"potentialAction\":[{\"@type\":\"ReadAction\",\"target\":[\"https:\/\/aeronoticias.com.pe\/noticiero\/transporte-aereo\/internacional\/chilena-sky-airline-volara-a-brasil-y-evalua-nuevos-destinos-en-peru\/\"]}]},{\"@type\":\"BreadcrumbList\",\"@id\":\"https:\/\/aeronoticias.com.pe\/noticiero\/transporte-aereo\/internacional\/chilena-sky-airline-volara-a-brasil-y-evalua-nuevos-destinos-en-peru\/#breadcrumb\",\"itemListElement\":[{\"@type\":\"ListItem\",\"position\":1,\"name\":\"Portada\",\"item\":\"https:\/\/aeronoticias.com.pe\/noticiero\/\"},{\"@type\":\"ListItem\",\"position\":2,\"name\":\"Chilena Sky Airline volar\u00e1 a Brasil y eval\u00faa nuevos destinos en Per\u00fa\"}]},{\"@type\":\"WebSite\",\"@id\":\"https:\/\/aeronoticias.com.pe\/noticiero\/#website\",\"url\":\"https:\/\/aeronoticias.com.pe\/noticiero\/\",\"name\":\"Aeronoticias.com.pe\",\"description\":\"Noticias de tranporte aereo, turismo, hoteles, gastronomia, actualidad, internacional\",\"potentialAction\":[{\"@type\":\"SearchAction\",\"target\":{\"@type\":\"EntryPoint\",\"urlTemplate\":\"https:\/\/aeronoticias.com.pe\/noticiero\/?s={search_term_string}\"},\"query-input\":{\"@type\":\"PropertyValueSpecification\",\"valueRequired\":true,\"valueName\":\"search_term_string\"}}],\"inLanguage\":\"es\"},{\"@type\":\"Person\",\"@id\":\"https:\/\/aeronoticias.com.pe\/noticiero\/#\/schema\/person\/fc1e5d578f4b62ba1cf7ac2bba1170a0\",\"name\":\"Redacci\u00f3n Aeronoticias\",\"url\":\"https:\/\/aeronoticias.com.pe\/noticiero\/author\/piloto\/\"}]}<\/script>\n<!-- \/ Yoast SEO plugin. -->","yoast_head_json":{"title":"Chilena Sky Airline volar\u00e1 a Brasil y eval\u00faa nuevos destinos en Per\u00fa","description":"Portal de noticias del Per\u00fa sobre el transporte a\u00e9reo, aviaci\u00f3n, turismo, hoteleria, actualidad.","robots":{"index":"index","follow":"follow","max-snippet":"max-snippet:-1","max-image-preview":"max-image-preview:large","max-video-preview":"max-video-preview:-1"},"canonical":"https:\/\/aeronoticias.com.pe\/noticiero\/transporte-aereo\/internacional\/chilena-sky-airline-volara-a-brasil-y-evalua-nuevos-destinos-en-peru\/","og_locale":"es_ES","og_type":"article","og_title":"Chilena Sky Airline volar\u00e1 a Brasil y eval\u00faa nuevos destinos en Per\u00fa","og_description":"Portal de noticias del Per\u00fa sobre el transporte a\u00e9reo, aviaci\u00f3n, turismo, hoteleria, actualidad.","og_url":"https:\/\/aeronoticias.com.pe\/noticiero\/transporte-aereo\/internacional\/chilena-sky-airline-volara-a-brasil-y-evalua-nuevos-destinos-en-peru\/","og_site_name":"Aeronoticias.com.pe","article_publisher":"https:\/\/www.facebook.com\/Aeronoticias.com.pe\/","article_published_time":"2014-02-19T14:50:06+00:00","author":"Redacci\u00f3n Aeronoticias","twitter_card":"summary_large_image","twitter_creator":"@aeronoticias","twitter_site":"@aeronoticias","twitter_misc":{"Escrito por":"Redacci\u00f3n Aeronoticias","Tiempo de lectura":"2 minutos"},"schema":{"@context":"https:\/\/schema.org","@graph":[{"@type":"WebPage","@id":"https:\/\/aeronoticias.com.pe\/noticiero\/transporte-aereo\/internacional\/chilena-sky-airline-volara-a-brasil-y-evalua-nuevos-destinos-en-peru\/","url":"https:\/\/aeronoticias.com.pe\/noticiero\/transporte-aereo\/internacional\/chilena-sky-airline-volara-a-brasil-y-evalua-nuevos-destinos-en-peru\/","name":"Chilena Sky Airline volar\u00e1 a Brasil y eval\u00faa nuevos destinos en Per\u00fa","isPartOf":{"@id":"https:\/\/aeronoticias.com.pe\/noticiero\/#website"},"datePublished":"2014-02-19T14:50:06+00:00","author":{"@id":"https:\/\/aeronoticias.com.pe\/noticiero\/#\/schema\/person\/fc1e5d578f4b62ba1cf7ac2bba1170a0"},"description":"Portal de noticias del Per\u00fa sobre el transporte a\u00e9reo, aviaci\u00f3n, turismo, hoteleria, actualidad.","breadcrumb":{"@id":"https:\/\/aeronoticias.com.pe\/noticiero\/transporte-aereo\/internacional\/chilena-sky-airline-volara-a-brasil-y-evalua-nuevos-destinos-en-peru\/#breadcrumb"},"inLanguage":"es","potentialAction":[{"@type":"ReadAction","target":["https:\/\/aeronoticias.com.pe\/noticiero\/transporte-aereo\/internacional\/chilena-sky-airline-volara-a-brasil-y-evalua-nuevos-destinos-en-peru\/"]}]},{"@type":"BreadcrumbList","@id":"https:\/\/aeronoticias.com.pe\/noticiero\/transporte-aereo\/internacional\/chilena-sky-airline-volara-a-brasil-y-evalua-nuevos-destinos-en-peru\/#breadcrumb","itemListElement":[{"@type":"ListItem","position":1,"name":"Portada","item":"https:\/\/aeronoticias.com.pe\/noticiero\/"},{"@type":"ListItem","position":2,"name":"Chilena Sky Airline volar\u00e1 a Brasil y eval\u00faa nuevos destinos en Per\u00fa"}]},{"@type":"WebSite","@id":"https:\/\/aeronoticias.com.pe\/noticiero\/#website","url":"https:\/\/aeronoticias.com.pe\/noticiero\/","name":"Aeronoticias.com.pe","description":"Noticias de tranporte aereo, turismo, hoteles, gastronomia, actualidad, internacional","potentialAction":[{"@type":"SearchAction","target":{"@type":"EntryPoint","urlTemplate":"https:\/\/aeronoticias.com.pe\/noticiero\/?s={search_term_string}"},"query-input":{"@type":"PropertyValueSpecification","valueRequired":true,"valueName":"search_term_string"}}],"inLanguage":"es"},{"@type":"Person","@id":"https:\/\/aeronoticias.com.pe\/noticiero\/#\/schema\/person\/fc1e5d578f4b62ba1cf7ac2bba1170a0","name":"Redacci\u00f3n Aeronoticias","url":"https:\/\/aeronoticias.com.pe\/noticiero\/author\/piloto\/"}]}},"_links":{"self":[{"href":"https:\/\/aeronoticias.com.pe\/noticiero\/wp-json\/wp\/v2\/posts\/43721","targetHints":{"allow":["GET"]}}],"collection":[{"href":"https:\/\/aeronoticias.com.pe\/noticiero\/wp-json\/wp\/v2\/posts"}],"about":[{"href":"https:\/\/aeronoticias.com.pe\/noticiero\/wp-json\/wp\/v2\/types\/post"}],"author":[{"embeddable":true,"href":"https:\/\/aeronoticias.com.pe\/noticiero\/wp-json\/wp\/v2\/users\/1"}],"replies":[{"embeddable":true,"href":"https:\/\/aeronoticias.com.pe\/noticiero\/wp-json\/wp\/v2\/comments?post=43721"}],"version-history":[{"count":0,"href":"https:\/\/aeronoticias.com.pe\/noticiero\/wp-json\/wp\/v2\/posts\/43721\/revisions"}],"wp:attachment":[{"href":"https:\/\/aeronoticias.com.pe\/noticiero\/wp-json\/wp\/v2\/media?parent=43721"}],"wp:term":[{"taxonomy":"category","embeddable":true,"href":"https:\/\/aeronoticias.com.pe\/noticiero\/wp-json\/wp\/v2\/categories?post=43721"},{"taxonomy":"post_tag","embeddable":true,"href":"https:\/\/aeronoticias.com.pe\/noticiero\/wp-json\/wp\/v2\/tags?post=43721"}],"curies":[{"name":"wp","href":"https:\/\/api.w.org\/{rel}","templated":true}]}}