{"id":43722,"date":"2014-02-19T15:29:39","date_gmt":"2014-02-19T15:29:39","guid":{"rendered":"http:\/\/desarrollo.mcvicious.com\/aero2020\/2014\/02\/19\/aptae-invoca-al-ministerio-de-cultura-revisar-norma-sobre-tarifas-a-machu-picchu\/"},"modified":"2014-02-19T15:29:39","modified_gmt":"2014-02-19T15:29:39","slug":"aptae-invoca-al-ministerio-de-cultura-revisar-norma-sobre-tarifas-a-machu-picchu","status":"publish","type":"post","link":"https:\/\/aeronoticias.com.pe\/noticiero\/turismo\/13\/aptae-invoca-al-ministerio-de-cultura-revisar-norma-sobre-tarifas-a-machu-picchu\/","title":{"rendered":"Aptae invoca al Ministerio de Cultura revisar norma sobre tarifas a Machu Picchu"},"content":{"rendered":"<p style=\"text-align: justify;\"><strong><img decoding=\"async\" src=\"images\/stories\/14\/02\/190214\/a11.jpg\" border=\"0\" \/><br \/><\/strong><\/p>\n<p style=\"text-align: justify;\"><strong>(Aeronoticias)<\/strong>.- El Consejo Directivo de la Asociaci\u00f3n Peruana de Turismo de Aventura y Ecoturismo (Aptae) considera que la Resoluci\u00f3n Ministerial N\u00b0 031-201-MC, que estableci\u00f3, entre otros, el incremento del 100% para el ingreso a Machu Picchu de los visitantes nacionales adolece de nulidad, dado que en sus considerandos alude al cumplimiento del art\u00edculo 32\u00b0 de la Ley General de Turismo, que fija la obligatoriedad de publicar en el diario oficial, con 12 meses de anticipaci\u00f3n, el establecimiento y modificaci\u00f3n de las tarifas para el ingreso a los sitios patrimoniales, obligaci\u00f3n que claramente no se ha cumplido en el caso de Machu Picchu.<\/p>\n<p style=\"text-align: justify;\">Tambi\u00e9n entiende que el restablecimiento de la tarifa promocional para nacionales, mediante un simple comunicado emitido d\u00edas despu\u00e9s, es un paso importante de rectificaci\u00f3n pero que no resuelve la nulidad de la norma que sigue vigente en todos sus t\u00e9rminos. Por tanto, invoca al Ministerio de Cultura a declarar la nulidad parcial de la RM N\u00b0 031-201-MC y a establecer las responsabilidades internas del caso a fin de que un hecho como \u00e9ste no se vuelva a producir.<\/p>\n<p style=\"text-align: justify;\">APTAE entiende que es necesario dictar medidas para la mejor conservaci\u00f3n de los sitios patrimoniales del pa\u00eds y asume que esta fue la intenci\u00f3n del Ministerio de Cultura. Sin embargo, Machu Picchu adolece de varios -y graves- defectos de gesti\u00f3n, sobre todo en materia de conservaci\u00f3n, que no deben enfrentarse vulnerando la estructura legal vigente, sino mediante un esfuerzo nacional conjunto que APTAE est\u00e1 plenamente dispuesto a acompa\u00f1ar y a respaldar.<\/p>\n<p style=\"text-align: justify;\">\u00a0<\/p>\n<p style=\"text-align: justify;\">Fuente: <strong><em>infoturperu.com.pe<\/em><\/strong><\/p>\n<p style=\"text-align: justify;\">Foto:<strong><em> www.terraexplorerperu.com<\/em><\/strong><\/p>\n","protected":false},"excerpt":{"rendered":"<p>(Aeronoticias).- El Consejo Directivo de la Asociaci\u00f3n Peruana de Turismo de Aventura y Ecoturismo (Aptae) considera que la Resoluci\u00f3n Ministerial N\u00b0 031-201-MC, que estableci\u00f3, entre otros, el incremento del 100% para el ingreso a Machu Picchu de los visitantes nacionales adolece de nulidad, dado que en sus considerandos alude al cumplimiento del art\u00edculo 32\u00b0 de [&hellip;]<\/p>\n","protected":false},"author":1,"featured_media":0,"comment_status":"open","ping_status":"open","sticky":false,"template":"","format":"standard","meta":{"tdm_status":"","tdm_grid_status":"","footnotes":""},"categories":[31],"tags":[],"class_list":{"0":"post-43722","1":"post","2":"type-post","3":"status-publish","4":"format-standard","6":"category-31"},"yoast_head":"<!-- This site is optimized with the Yoast SEO plugin v25.1 - https:\/\/yoast.com\/wordpress\/plugins\/seo\/ -->\n<title>Aptae invoca al Ministerio de Cultura revisar norma sobre tarifas a Machu Picchu<\/title>\n<meta name=\"description\" content=\"Portal de noticias del Per\u00fa sobre el transporte a\u00e9reo, aviaci\u00f3n, turismo, hoteleria, actualidad.\" \/>\n<meta name=\"robots\" content=\"index, follow, max-snippet:-1, max-image-preview:large, max-video-preview:-1\" \/>\n<link rel=\"canonical\" href=\"https:\/\/aeronoticias.com.pe\/noticiero\/turismo\/13\/aptae-invoca-al-ministerio-de-cultura-revisar-norma-sobre-tarifas-a-machu-picchu\/\" \/>\n<meta property=\"og:locale\" content=\"es_ES\" \/>\n<meta property=\"og:type\" content=\"article\" \/>\n<meta property=\"og:title\" content=\"Aptae invoca al Ministerio de Cultura revisar norma sobre tarifas a Machu Picchu\" \/>\n<meta property=\"og:description\" content=\"Portal de noticias del Per\u00fa sobre el transporte a\u00e9reo, aviaci\u00f3n, turismo, hoteleria, actualidad.\" \/>\n<meta property=\"og:url\" content=\"https:\/\/aeronoticias.com.pe\/noticiero\/turismo\/13\/aptae-invoca-al-ministerio-de-cultura-revisar-norma-sobre-tarifas-a-machu-picchu\/\" \/>\n<meta property=\"og:site_name\" content=\"Aeronoticias.com.pe\" \/>\n<meta property=\"article:publisher\" content=\"https:\/\/www.facebook.com\/Aeronoticias.com.pe\/\" \/>\n<meta property=\"article:published_time\" content=\"2014-02-19T15:29:39+00:00\" \/>\n<meta name=\"author\" content=\"Redacci\u00f3n Aeronoticias\" \/>\n<meta name=\"twitter:card\" content=\"summary_large_image\" \/>\n<meta name=\"twitter:creator\" content=\"@aeronoticias\" \/>\n<meta name=\"twitter:site\" content=\"@aeronoticias\" \/>\n<meta name=\"twitter:label1\" content=\"Escrito por\" \/>\n\t<meta name=\"twitter:data1\" content=\"Redacci\u00f3n Aeronoticias\" \/>\n\t<meta name=\"twitter:label2\" content=\"Tiempo de lectura\" \/>\n\t<meta name=\"twitter:data2\" content=\"1 minuto\" \/>\n<script type=\"application\/ld+json\" class=\"yoast-schema-graph\">{\"@context\":\"https:\/\/schema.org\",\"@graph\":[{\"@type\":\"WebPage\",\"@id\":\"https:\/\/aeronoticias.com.pe\/noticiero\/turismo\/13\/aptae-invoca-al-ministerio-de-cultura-revisar-norma-sobre-tarifas-a-machu-picchu\/\",\"url\":\"https:\/\/aeronoticias.com.pe\/noticiero\/turismo\/13\/aptae-invoca-al-ministerio-de-cultura-revisar-norma-sobre-tarifas-a-machu-picchu\/\",\"name\":\"Aptae invoca al Ministerio de Cultura revisar norma sobre tarifas a Machu Picchu\",\"isPartOf\":{\"@id\":\"https:\/\/aeronoticias.com.pe\/noticiero\/#website\"},\"datePublished\":\"2014-02-19T15:29:39+00:00\",\"author\":{\"@id\":\"https:\/\/aeronoticias.com.pe\/noticiero\/#\/schema\/person\/fc1e5d578f4b62ba1cf7ac2bba1170a0\"},\"description\":\"Portal de noticias del Per\u00fa sobre el transporte a\u00e9reo, aviaci\u00f3n, turismo, hoteleria, actualidad.\",\"breadcrumb\":{\"@id\":\"https:\/\/aeronoticias.com.pe\/noticiero\/turismo\/13\/aptae-invoca-al-ministerio-de-cultura-revisar-norma-sobre-tarifas-a-machu-picchu\/#breadcrumb\"},\"inLanguage\":\"es\",\"potentialAction\":[{\"@type\":\"ReadAction\",\"target\":[\"https:\/\/aeronoticias.com.pe\/noticiero\/turismo\/13\/aptae-invoca-al-ministerio-de-cultura-revisar-norma-sobre-tarifas-a-machu-picchu\/\"]}]},{\"@type\":\"BreadcrumbList\",\"@id\":\"https:\/\/aeronoticias.com.pe\/noticiero\/turismo\/13\/aptae-invoca-al-ministerio-de-cultura-revisar-norma-sobre-tarifas-a-machu-picchu\/#breadcrumb\",\"itemListElement\":[{\"@type\":\"ListItem\",\"position\":1,\"name\":\"Portada\",\"item\":\"https:\/\/aeronoticias.com.pe\/noticiero\/\"},{\"@type\":\"ListItem\",\"position\":2,\"name\":\"Aptae invoca al Ministerio de Cultura revisar norma sobre tarifas a Machu Picchu\"}]},{\"@type\":\"WebSite\",\"@id\":\"https:\/\/aeronoticias.com.pe\/noticiero\/#website\",\"url\":\"https:\/\/aeronoticias.com.pe\/noticiero\/\",\"name\":\"Aeronoticias.com.pe\",\"description\":\"Noticias de tranporte aereo, turismo, hoteles, gastronomia, actualidad, internacional\",\"potentialAction\":[{\"@type\":\"SearchAction\",\"target\":{\"@type\":\"EntryPoint\",\"urlTemplate\":\"https:\/\/aeronoticias.com.pe\/noticiero\/?s={search_term_string}\"},\"query-input\":{\"@type\":\"PropertyValueSpecification\",\"valueRequired\":true,\"valueName\":\"search_term_string\"}}],\"inLanguage\":\"es\"},{\"@type\":\"Person\",\"@id\":\"https:\/\/aeronoticias.com.pe\/noticiero\/#\/schema\/person\/fc1e5d578f4b62ba1cf7ac2bba1170a0\",\"name\":\"Redacci\u00f3n Aeronoticias\",\"url\":\"https:\/\/aeronoticias.com.pe\/noticiero\/author\/piloto\/\"}]}<\/script>\n<!-- \/ Yoast SEO plugin. -->","yoast_head_json":{"title":"Aptae invoca al Ministerio de Cultura revisar norma sobre tarifas a Machu Picchu","description":"Portal de noticias del Per\u00fa sobre el transporte a\u00e9reo, aviaci\u00f3n, turismo, hoteleria, actualidad.","robots":{"index":"index","follow":"follow","max-snippet":"max-snippet:-1","max-image-preview":"max-image-preview:large","max-video-preview":"max-video-preview:-1"},"canonical":"https:\/\/aeronoticias.com.pe\/noticiero\/turismo\/13\/aptae-invoca-al-ministerio-de-cultura-revisar-norma-sobre-tarifas-a-machu-picchu\/","og_locale":"es_ES","og_type":"article","og_title":"Aptae invoca al Ministerio de Cultura revisar norma sobre tarifas a Machu Picchu","og_description":"Portal de noticias del Per\u00fa sobre el transporte a\u00e9reo, aviaci\u00f3n, turismo, hoteleria, actualidad.","og_url":"https:\/\/aeronoticias.com.pe\/noticiero\/turismo\/13\/aptae-invoca-al-ministerio-de-cultura-revisar-norma-sobre-tarifas-a-machu-picchu\/","og_site_name":"Aeronoticias.com.pe","article_publisher":"https:\/\/www.facebook.com\/Aeronoticias.com.pe\/","article_published_time":"2014-02-19T15:29:39+00:00","author":"Redacci\u00f3n Aeronoticias","twitter_card":"summary_large_image","twitter_creator":"@aeronoticias","twitter_site":"@aeronoticias","twitter_misc":{"Escrito por":"Redacci\u00f3n Aeronoticias","Tiempo de lectura":"1 minuto"},"schema":{"@context":"https:\/\/schema.org","@graph":[{"@type":"WebPage","@id":"https:\/\/aeronoticias.com.pe\/noticiero\/turismo\/13\/aptae-invoca-al-ministerio-de-cultura-revisar-norma-sobre-tarifas-a-machu-picchu\/","url":"https:\/\/aeronoticias.com.pe\/noticiero\/turismo\/13\/aptae-invoca-al-ministerio-de-cultura-revisar-norma-sobre-tarifas-a-machu-picchu\/","name":"Aptae invoca al Ministerio de Cultura revisar norma sobre tarifas a Machu Picchu","isPartOf":{"@id":"https:\/\/aeronoticias.com.pe\/noticiero\/#website"},"datePublished":"2014-02-19T15:29:39+00:00","author":{"@id":"https:\/\/aeronoticias.com.pe\/noticiero\/#\/schema\/person\/fc1e5d578f4b62ba1cf7ac2bba1170a0"},"description":"Portal de noticias del Per\u00fa sobre el transporte a\u00e9reo, aviaci\u00f3n, turismo, hoteleria, actualidad.","breadcrumb":{"@id":"https:\/\/aeronoticias.com.pe\/noticiero\/turismo\/13\/aptae-invoca-al-ministerio-de-cultura-revisar-norma-sobre-tarifas-a-machu-picchu\/#breadcrumb"},"inLanguage":"es","potentialAction":[{"@type":"ReadAction","target":["https:\/\/aeronoticias.com.pe\/noticiero\/turismo\/13\/aptae-invoca-al-ministerio-de-cultura-revisar-norma-sobre-tarifas-a-machu-picchu\/"]}]},{"@type":"BreadcrumbList","@id":"https:\/\/aeronoticias.com.pe\/noticiero\/turismo\/13\/aptae-invoca-al-ministerio-de-cultura-revisar-norma-sobre-tarifas-a-machu-picchu\/#breadcrumb","itemListElement":[{"@type":"ListItem","position":1,"name":"Portada","item":"https:\/\/aeronoticias.com.pe\/noticiero\/"},{"@type":"ListItem","position":2,"name":"Aptae invoca al Ministerio de Cultura revisar norma sobre tarifas a Machu Picchu"}]},{"@type":"WebSite","@id":"https:\/\/aeronoticias.com.pe\/noticiero\/#website","url":"https:\/\/aeronoticias.com.pe\/noticiero\/","name":"Aeronoticias.com.pe","description":"Noticias de tranporte aereo, turismo, hoteles, gastronomia, actualidad, internacional","potentialAction":[{"@type":"SearchAction","target":{"@type":"EntryPoint","urlTemplate":"https:\/\/aeronoticias.com.pe\/noticiero\/?s={search_term_string}"},"query-input":{"@type":"PropertyValueSpecification","valueRequired":true,"valueName":"search_term_string"}}],"inLanguage":"es"},{"@type":"Person","@id":"https:\/\/aeronoticias.com.pe\/noticiero\/#\/schema\/person\/fc1e5d578f4b62ba1cf7ac2bba1170a0","name":"Redacci\u00f3n Aeronoticias","url":"https:\/\/aeronoticias.com.pe\/noticiero\/author\/piloto\/"}]}},"_links":{"self":[{"href":"https:\/\/aeronoticias.com.pe\/noticiero\/wp-json\/wp\/v2\/posts\/43722","targetHints":{"allow":["GET"]}}],"collection":[{"href":"https:\/\/aeronoticias.com.pe\/noticiero\/wp-json\/wp\/v2\/posts"}],"about":[{"href":"https:\/\/aeronoticias.com.pe\/noticiero\/wp-json\/wp\/v2\/types\/post"}],"author":[{"embeddable":true,"href":"https:\/\/aeronoticias.com.pe\/noticiero\/wp-json\/wp\/v2\/users\/1"}],"replies":[{"embeddable":true,"href":"https:\/\/aeronoticias.com.pe\/noticiero\/wp-json\/wp\/v2\/comments?post=43722"}],"version-history":[{"count":0,"href":"https:\/\/aeronoticias.com.pe\/noticiero\/wp-json\/wp\/v2\/posts\/43722\/revisions"}],"wp:attachment":[{"href":"https:\/\/aeronoticias.com.pe\/noticiero\/wp-json\/wp\/v2\/media?parent=43722"}],"wp:term":[{"taxonomy":"category","embeddable":true,"href":"https:\/\/aeronoticias.com.pe\/noticiero\/wp-json\/wp\/v2\/categories?post=43722"},{"taxonomy":"post_tag","embeddable":true,"href":"https:\/\/aeronoticias.com.pe\/noticiero\/wp-json\/wp\/v2\/tags?post=43722"}],"curies":[{"name":"wp","href":"https:\/\/api.w.org\/{rel}","templated":true}]}}