{"id":43940,"date":"2014-02-27T16:53:33","date_gmt":"2014-02-27T16:53:33","guid":{"rendered":"http:\/\/desarrollo.mcvicious.com\/aero2020\/2014\/02\/27\/rene-cornejo-eliminacion-de-la-visa-schengen-significa-un-espaldarazo-al-peru\/"},"modified":"2014-02-27T16:53:33","modified_gmt":"2014-02-27T16:53:33","slug":"rene-cornejo-eliminacion-de-la-visa-schengen-significa-un-espaldarazo-al-peru","status":"publish","type":"post","link":"https:\/\/aeronoticias.com.pe\/noticiero\/politica\/rene-cornejo-eliminacion-de-la-visa-schengen-significa-un-espaldarazo-al-peru\/","title":{"rendered":"Ren\u00e9 Cornejo: Eliminaci\u00f3n de la Visa Schengen significa un &#8216;espaldarazo&#8217; al Per\u00fa"},"content":{"rendered":"<p style=\"text-align: justify;\"><strong>(Aeronoticias) <\/strong><span style=\"text-align: justify; line-height: 1.3em;\">El jefe del Gabinete, Ren\u00e9 Cornejo, consider\u00f3 hoy un \u00abespaldarazo\u00bb a Per\u00fa la decisi\u00f3n del Parlamento Europeo de eliminar la visa para los viajes de ciudadanos peruanos a las naciones del espacio de Schengen, y dijo que esa medida reconoce la institucionalidad del pa\u00eds. <\/span><\/p>\n<p style=\"text-align: justify;\"><span style=\"line-height: 1.3em;\">Destac\u00f3 que la supresi\u00f3n de ese requisito para el ingreso de peruanos con fines de turismo y negocios \u2013iniciativa promovida por Espa\u00f1a\u2013 se haya dado en un proceso muy r\u00e1pido.<\/span><\/p>\n<p style=\"text-align: justify;\"><span style=\"line-height: 1.3em;\">\u00abCon mucha satisfacci\u00f3n, como peruanos, debemos recibir este espaldarazo que nos da la Uni\u00f3n Europea, en un proceso que ha sido sumar\u00edsimo, ya que normalmente toma varios a\u00f1os, y aqu\u00ed en menos de un a\u00f1o se ha adoptado la decisi\u00f3n pol\u00edtica\u00bb, indic\u00f3.<\/span><\/p>\n<p style=\"text-align: justify;\"><span style=\"line-height: 1.3em;\">Esta ma\u00f1ana, en Estraburgo, el Parlamento Europeo aprob\u00f3 eliminar el requisito de la visa para los peruanos y colombianos que viajen a cualquiera de los 26 pa\u00edses del espacio de Schengen, por estancias cortas de hasta tres meses.<\/span><\/p>\n<p style=\"text-align: justify;\"><span style=\"line-height: 1.3em;\">La resoluci\u00f3n consigui\u00f3 523 votos a favor y 41 en contra.<\/span><\/p>\n<p style=\"text-align: justify;\"><span style=\"line-height: 1.3em;\">Forman el espacio de Schengen de libre circulaci\u00f3n: Alemania, Austria, B\u00e9lgica, Dinamarca, Eslovaquia, Eslovenia, Espa\u00f1a, Estonia, Finlandia, Francia, Grecia, Holanda, Hungr\u00eda, Italia, Letonia, Lituania, Luxemburgo, Malta, Polonia, Portugal, Rep\u00fablica Checa y Suecia. <\/span><\/p>\n<p style=\"text-align: justify;\"><span style=\"line-height: 1.3em;\">Tambi\u00e9n, aunque no son miembros de la UE, Liechtenstein, Islandia, Noruega y Suiza.<\/span><\/p>\n<p style=\"text-align: justify;\"><span style=\"line-height: 1.3em;\">Cornejo estim\u00f3 que la institucionalidad del pa\u00eds ha sido un elemento tomado en cuenta por el Parlamento Europeo para aprobar esa medida, en un tiempo tan corto.<\/span><\/p>\n<p style=\"text-align: justify;\"><span style=\"line-height: 1.3em;\">En entrevista con RPP, asever\u00f3, en ese sentido, que la institucionalidad va a estar en el centro de su gesti\u00f3n como presidente del Consejo de Ministros, como ocurri\u00f3 con sus antecesores.<\/span><\/p>\n<p style=\"text-align: justify;\"><span style=\"line-height: 1.3em;\">\u00abLa institucionalidad tiene que ser valorada, no es solo un frase\u00bb, puntualiz\u00f3. Fuente: Andina<\/span><\/p>\n<p style=\"text-align: justify;\"><span style=\"line-height: 1.3em;\"><img decoding=\"async\" src=\"images\/stories\/14\/02\/270218\/rcornejo.jpg\" border=\"0\" \/><br \/><\/span><\/p>\n","protected":false},"excerpt":{"rendered":"<p>(Aeronoticias) El jefe del Gabinete, Ren\u00e9 Cornejo, consider\u00f3 hoy un \u00abespaldarazo\u00bb a Per\u00fa la decisi\u00f3n del Parlamento Europeo de eliminar la visa para los viajes de ciudadanos peruanos a las naciones del espacio de Schengen, y dijo que esa medida reconoce la institucionalidad del pa\u00eds. Destac\u00f3 que la supresi\u00f3n de ese requisito para el ingreso [&hellip;]<\/p>\n","protected":false},"author":1,"featured_media":0,"comment_status":"open","ping_status":"open","sticky":false,"template":"","format":"standard","meta":{"tdm_status":"","tdm_grid_status":"","footnotes":""},"categories":[36],"tags":[],"class_list":{"0":"post-43940","1":"post","2":"type-post","3":"status-publish","4":"format-standard","6":"category-politica"},"yoast_head":"<!-- This site is optimized with the Yoast SEO plugin v25.1 - https:\/\/yoast.com\/wordpress\/plugins\/seo\/ -->\n<title>Ren\u00e9 Cornejo: Eliminaci\u00f3n de la Visa Schengen significa un &#039;espaldarazo&#039; al Per\u00fa<\/title>\n<meta name=\"description\" content=\"Portal de noticias del Per\u00fa sobre el transporte a\u00e9reo, aviaci\u00f3n, turismo, hoteleria, actualidad.\" \/>\n<meta name=\"robots\" content=\"index, follow, max-snippet:-1, max-image-preview:large, max-video-preview:-1\" \/>\n<link rel=\"canonical\" href=\"https:\/\/aeronoticias.com.pe\/noticiero\/politica\/rene-cornejo-eliminacion-de-la-visa-schengen-significa-un-espaldarazo-al-peru\/\" \/>\n<meta property=\"og:locale\" content=\"es_ES\" \/>\n<meta property=\"og:type\" content=\"article\" \/>\n<meta property=\"og:title\" content=\"Ren\u00e9 Cornejo: Eliminaci\u00f3n de la Visa Schengen significa un &#039;espaldarazo&#039; al Per\u00fa\" \/>\n<meta property=\"og:description\" content=\"Portal de noticias del Per\u00fa sobre el transporte a\u00e9reo, aviaci\u00f3n, turismo, hoteleria, actualidad.\" \/>\n<meta property=\"og:url\" content=\"https:\/\/aeronoticias.com.pe\/noticiero\/politica\/rene-cornejo-eliminacion-de-la-visa-schengen-significa-un-espaldarazo-al-peru\/\" \/>\n<meta property=\"og:site_name\" content=\"Aeronoticias.com.pe\" \/>\n<meta property=\"article:publisher\" content=\"https:\/\/www.facebook.com\/Aeronoticias.com.pe\/\" \/>\n<meta property=\"article:published_time\" content=\"2014-02-27T16:53:33+00:00\" \/>\n<meta name=\"author\" content=\"Redacci\u00f3n Aeronoticias\" \/>\n<meta name=\"twitter:card\" content=\"summary_large_image\" \/>\n<meta name=\"twitter:creator\" content=\"@aeronoticias\" \/>\n<meta name=\"twitter:site\" content=\"@aeronoticias\" \/>\n<meta name=\"twitter:label1\" content=\"Escrito por\" \/>\n\t<meta name=\"twitter:data1\" content=\"Redacci\u00f3n Aeronoticias\" \/>\n\t<meta name=\"twitter:label2\" content=\"Tiempo de lectura\" \/>\n\t<meta name=\"twitter:data2\" content=\"2 minutos\" \/>\n<script type=\"application\/ld+json\" class=\"yoast-schema-graph\">{\"@context\":\"https:\/\/schema.org\",\"@graph\":[{\"@type\":\"WebPage\",\"@id\":\"https:\/\/aeronoticias.com.pe\/noticiero\/politica\/rene-cornejo-eliminacion-de-la-visa-schengen-significa-un-espaldarazo-al-peru\/\",\"url\":\"https:\/\/aeronoticias.com.pe\/noticiero\/politica\/rene-cornejo-eliminacion-de-la-visa-schengen-significa-un-espaldarazo-al-peru\/\",\"name\":\"Ren\u00e9 Cornejo: Eliminaci\u00f3n de la Visa Schengen significa un 'espaldarazo' al Per\u00fa\",\"isPartOf\":{\"@id\":\"https:\/\/aeronoticias.com.pe\/noticiero\/#website\"},\"datePublished\":\"2014-02-27T16:53:33+00:00\",\"author\":{\"@id\":\"https:\/\/aeronoticias.com.pe\/noticiero\/#\/schema\/person\/fc1e5d578f4b62ba1cf7ac2bba1170a0\"},\"description\":\"Portal de noticias del Per\u00fa sobre el transporte a\u00e9reo, aviaci\u00f3n, turismo, hoteleria, actualidad.\",\"breadcrumb\":{\"@id\":\"https:\/\/aeronoticias.com.pe\/noticiero\/politica\/rene-cornejo-eliminacion-de-la-visa-schengen-significa-un-espaldarazo-al-peru\/#breadcrumb\"},\"inLanguage\":\"es\",\"potentialAction\":[{\"@type\":\"ReadAction\",\"target\":[\"https:\/\/aeronoticias.com.pe\/noticiero\/politica\/rene-cornejo-eliminacion-de-la-visa-schengen-significa-un-espaldarazo-al-peru\/\"]}]},{\"@type\":\"BreadcrumbList\",\"@id\":\"https:\/\/aeronoticias.com.pe\/noticiero\/politica\/rene-cornejo-eliminacion-de-la-visa-schengen-significa-un-espaldarazo-al-peru\/#breadcrumb\",\"itemListElement\":[{\"@type\":\"ListItem\",\"position\":1,\"name\":\"Portada\",\"item\":\"https:\/\/aeronoticias.com.pe\/noticiero\/\"},{\"@type\":\"ListItem\",\"position\":2,\"name\":\"Ren\u00e9 Cornejo: Eliminaci\u00f3n de la Visa Schengen significa un &#8216;espaldarazo&#8217; al Per\u00fa\"}]},{\"@type\":\"WebSite\",\"@id\":\"https:\/\/aeronoticias.com.pe\/noticiero\/#website\",\"url\":\"https:\/\/aeronoticias.com.pe\/noticiero\/\",\"name\":\"Aeronoticias.com.pe\",\"description\":\"Noticias de tranporte aereo, turismo, hoteles, gastronomia, actualidad, internacional\",\"potentialAction\":[{\"@type\":\"SearchAction\",\"target\":{\"@type\":\"EntryPoint\",\"urlTemplate\":\"https:\/\/aeronoticias.com.pe\/noticiero\/?s={search_term_string}\"},\"query-input\":{\"@type\":\"PropertyValueSpecification\",\"valueRequired\":true,\"valueName\":\"search_term_string\"}}],\"inLanguage\":\"es\"},{\"@type\":\"Person\",\"@id\":\"https:\/\/aeronoticias.com.pe\/noticiero\/#\/schema\/person\/fc1e5d578f4b62ba1cf7ac2bba1170a0\",\"name\":\"Redacci\u00f3n Aeronoticias\",\"url\":\"https:\/\/aeronoticias.com.pe\/noticiero\/author\/piloto\/\"}]}<\/script>\n<!-- \/ Yoast SEO plugin. -->","yoast_head_json":{"title":"Ren\u00e9 Cornejo: Eliminaci\u00f3n de la Visa Schengen significa un 'espaldarazo' al Per\u00fa","description":"Portal de noticias del Per\u00fa sobre el transporte a\u00e9reo, aviaci\u00f3n, turismo, hoteleria, actualidad.","robots":{"index":"index","follow":"follow","max-snippet":"max-snippet:-1","max-image-preview":"max-image-preview:large","max-video-preview":"max-video-preview:-1"},"canonical":"https:\/\/aeronoticias.com.pe\/noticiero\/politica\/rene-cornejo-eliminacion-de-la-visa-schengen-significa-un-espaldarazo-al-peru\/","og_locale":"es_ES","og_type":"article","og_title":"Ren\u00e9 Cornejo: Eliminaci\u00f3n de la Visa Schengen significa un 'espaldarazo' al Per\u00fa","og_description":"Portal de noticias del Per\u00fa sobre el transporte a\u00e9reo, aviaci\u00f3n, turismo, hoteleria, actualidad.","og_url":"https:\/\/aeronoticias.com.pe\/noticiero\/politica\/rene-cornejo-eliminacion-de-la-visa-schengen-significa-un-espaldarazo-al-peru\/","og_site_name":"Aeronoticias.com.pe","article_publisher":"https:\/\/www.facebook.com\/Aeronoticias.com.pe\/","article_published_time":"2014-02-27T16:53:33+00:00","author":"Redacci\u00f3n Aeronoticias","twitter_card":"summary_large_image","twitter_creator":"@aeronoticias","twitter_site":"@aeronoticias","twitter_misc":{"Escrito por":"Redacci\u00f3n Aeronoticias","Tiempo de lectura":"2 minutos"},"schema":{"@context":"https:\/\/schema.org","@graph":[{"@type":"WebPage","@id":"https:\/\/aeronoticias.com.pe\/noticiero\/politica\/rene-cornejo-eliminacion-de-la-visa-schengen-significa-un-espaldarazo-al-peru\/","url":"https:\/\/aeronoticias.com.pe\/noticiero\/politica\/rene-cornejo-eliminacion-de-la-visa-schengen-significa-un-espaldarazo-al-peru\/","name":"Ren\u00e9 Cornejo: Eliminaci\u00f3n de la Visa Schengen significa un 'espaldarazo' al Per\u00fa","isPartOf":{"@id":"https:\/\/aeronoticias.com.pe\/noticiero\/#website"},"datePublished":"2014-02-27T16:53:33+00:00","author":{"@id":"https:\/\/aeronoticias.com.pe\/noticiero\/#\/schema\/person\/fc1e5d578f4b62ba1cf7ac2bba1170a0"},"description":"Portal de noticias del Per\u00fa sobre el transporte a\u00e9reo, aviaci\u00f3n, turismo, hoteleria, actualidad.","breadcrumb":{"@id":"https:\/\/aeronoticias.com.pe\/noticiero\/politica\/rene-cornejo-eliminacion-de-la-visa-schengen-significa-un-espaldarazo-al-peru\/#breadcrumb"},"inLanguage":"es","potentialAction":[{"@type":"ReadAction","target":["https:\/\/aeronoticias.com.pe\/noticiero\/politica\/rene-cornejo-eliminacion-de-la-visa-schengen-significa-un-espaldarazo-al-peru\/"]}]},{"@type":"BreadcrumbList","@id":"https:\/\/aeronoticias.com.pe\/noticiero\/politica\/rene-cornejo-eliminacion-de-la-visa-schengen-significa-un-espaldarazo-al-peru\/#breadcrumb","itemListElement":[{"@type":"ListItem","position":1,"name":"Portada","item":"https:\/\/aeronoticias.com.pe\/noticiero\/"},{"@type":"ListItem","position":2,"name":"Ren\u00e9 Cornejo: Eliminaci\u00f3n de la Visa Schengen significa un &#8216;espaldarazo&#8217; al Per\u00fa"}]},{"@type":"WebSite","@id":"https:\/\/aeronoticias.com.pe\/noticiero\/#website","url":"https:\/\/aeronoticias.com.pe\/noticiero\/","name":"Aeronoticias.com.pe","description":"Noticias de tranporte aereo, turismo, hoteles, gastronomia, actualidad, internacional","potentialAction":[{"@type":"SearchAction","target":{"@type":"EntryPoint","urlTemplate":"https:\/\/aeronoticias.com.pe\/noticiero\/?s={search_term_string}"},"query-input":{"@type":"PropertyValueSpecification","valueRequired":true,"valueName":"search_term_string"}}],"inLanguage":"es"},{"@type":"Person","@id":"https:\/\/aeronoticias.com.pe\/noticiero\/#\/schema\/person\/fc1e5d578f4b62ba1cf7ac2bba1170a0","name":"Redacci\u00f3n Aeronoticias","url":"https:\/\/aeronoticias.com.pe\/noticiero\/author\/piloto\/"}]}},"_links":{"self":[{"href":"https:\/\/aeronoticias.com.pe\/noticiero\/wp-json\/wp\/v2\/posts\/43940","targetHints":{"allow":["GET"]}}],"collection":[{"href":"https:\/\/aeronoticias.com.pe\/noticiero\/wp-json\/wp\/v2\/posts"}],"about":[{"href":"https:\/\/aeronoticias.com.pe\/noticiero\/wp-json\/wp\/v2\/types\/post"}],"author":[{"embeddable":true,"href":"https:\/\/aeronoticias.com.pe\/noticiero\/wp-json\/wp\/v2\/users\/1"}],"replies":[{"embeddable":true,"href":"https:\/\/aeronoticias.com.pe\/noticiero\/wp-json\/wp\/v2\/comments?post=43940"}],"version-history":[{"count":0,"href":"https:\/\/aeronoticias.com.pe\/noticiero\/wp-json\/wp\/v2\/posts\/43940\/revisions"}],"wp:attachment":[{"href":"https:\/\/aeronoticias.com.pe\/noticiero\/wp-json\/wp\/v2\/media?parent=43940"}],"wp:term":[{"taxonomy":"category","embeddable":true,"href":"https:\/\/aeronoticias.com.pe\/noticiero\/wp-json\/wp\/v2\/categories?post=43940"},{"taxonomy":"post_tag","embeddable":true,"href":"https:\/\/aeronoticias.com.pe\/noticiero\/wp-json\/wp\/v2\/tags?post=43940"}],"curies":[{"name":"wp","href":"https:\/\/api.w.org\/{rel}","templated":true}]}}