{"id":43942,"date":"2014-02-27T17:06:09","date_gmt":"2014-02-27T17:06:09","guid":{"rendered":"http:\/\/desarrollo.mcvicious.com\/aero2020\/2014\/02\/27\/terapia-fisiatrica-neuroendocrina-2\/"},"modified":"2014-02-27T17:06:09","modified_gmt":"2014-02-27T17:06:09","slug":"terapia-fisiatrica-neuroendocrina-2","status":"publish","type":"post","link":"https:\/\/aeronoticias.com.pe\/noticiero\/ultimas\/1\/terapia-fisiatrica-neuroendocrina-2\/","title":{"rendered":"Terapia Fisi\u00e1trica Neuroendocrina"},"content":{"rendered":"<p style=\"text-align: justify;\"><strong>(Aeronoticias).-<\/strong> En otras presentaciones he hecho referencias a un tratamiento que consiste en desarraigar viejas historias que el cuerpo va grabando en el transcurso de la vida. <br \/>En El Cuerpo Registra realic\u00e9 tambi\u00e9n alusi\u00f3n a dicho tratamiento con un caso cl\u00ednico. <br \/>En este nuevo Comentario sobre otro caso, acompa\u00f1ado de fotograf\u00edas, espero que sea m\u00e1s explicativo.<br \/>COMENTARIO\u00a0 SOBRE\u00a0 CASO\u00a0 CL\u00cdNICO: <br \/>NG, paciente masculino de 50 a\u00f1os, trabaja en un taller metal\u00fargico. Consulta por dolor en ambas regiones posteriores de los muslos. Refiere que el dolor se presenta como \u201cagujetas\u201d, que se originan a nivel lumboil\u00edaco a predominio derecho.<br \/>El dolor es inveterado (mucho tiempo de evoluci\u00f3n), pues data desde\u00a0 hace 20 a\u00f1os, present\u00e1ndose\u00a0 3 a 4 veces\u00a0 por a\u00f1o en forma c\u00edclica. <br \/>Desde hace 10 d\u00edas han recrudecido los s\u00edntomas. Relata adem\u00e1s que al incorporarse de la cama o si inclina la cabeza hacia atr\u00e1s o hacia abajo se marea. Esto \u00faltimo lo siente desde hace tres a\u00f1os.<br \/>No utiliza medicaci\u00f3n alguna.<br \/>Dentro de los anteceden\u00a0 personales\u00a0 patol\u00f3gicos\u00a0 refiere haber sufrido de procesos asm\u00e1ticos severos hasta la edad de 18 a\u00f1os.<br \/>Antecedentes quir\u00fargicos: Hace 6 a\u00f1os operado de ves\u00edcula por video laparoscop\u00eda.<br \/>Al examen, (fig. N\u00ba 1) se aprecia la marcada cifosis (pronunciada\u00a0 convexidad dorsal),\u00a0 con curva escoli\u00f3tica (incurvaci\u00f3n\u00a0 lateral del raquis). Adem\u00e1s se observa el resalto prominente en la regi\u00f3n axilar izquierda, que ya veremos tiene un gran significado en el padecimiento.<br \/>En la figura N\u00ba 2 se hace referencia a la \u201clectura\u201d (an\u00e1lisis primero visual-observaci\u00f3n-y luego palpatorio de los tejidos) que se puede hacer, interpretando el padecimiento del paciente.<br \/> En la regi\u00f3n caudal o p\u00e9lvica (marcada como esquema, pues no lo toma la foto)), se resalta con el N\u00ba1 un lugar estrat\u00e9gico que s\u00f3lo es palpable, pues se encuentra en profundidad en la regi\u00f3n isqui\u00e1tica, correspondiendo al m\u00fasculo pect\u00edneo, que se lo palpa hipert\u00f3nico y muy doloroso a la exploraci\u00f3n manual.\u00a0 El m\u00fasculo pect\u00edneo se encuentra muy profundo desde la cresta pect\u00ednea del hueso il\u00edaco y en un serpenteado recorrido termina insert\u00e1ndose en una cresta rugosa de la cara posterior del f\u00e9mur cerca del cuello femoral. Es por ello que es un potente aductor o aproximador\u00a0 cerrando la articulaci\u00f3n de la cadera y seguramente es el responsable del dolor que acusa\u00a0 en los muslos. Todo esto es a consecuencia de que el pect\u00edneo es un estrat\u00e9gico atesorador de todas nuestras vivencias\u00a0 en el transcurso de la vida. Todas nuestras experiencias, sensaciones, emociones, sentimientos, se van estratificando a modo de archivo en forma inconsciente a nivel de los \u00f3rganos p\u00e9lvicos, siendo el pect\u00edneo, al que se le agrega adem\u00e1s el m\u00fasculo piramidal y los rotadores\u00a0 externos profundos del f\u00e9mur los que lo expresan.<br \/>Los \u00f3rganos p\u00e9lvicos\u00a0 a los que hago referencia como que atesoran, guardando como un verdadero archivo todo lo que vamos experimentando, es el intestino y el aparato urogenital. El intestino desde las primeras semanas de su desarrollo embrionario ya recibe un caudal de neuronas que finalmente har\u00e1n formar los plexos nerviosos mient\u00e9rico de Auerbach localizado entre los m\u00fasculos lisos longitudinales y circulares de su estructura y el plexo submucoso de Meissner.\u00a0 Finalmente es de destacar que el intestino supera en neuronas a la m\u00e9dula espinal otorg\u00e1ndosele por ello la jerarqu\u00eda de un cerebro inconsciente, pero que nos gobierna en nuestra interioridad. <br \/>En la Fig. N\u00ba1 vemos la regi\u00f3n superior del cuerpo, destac\u00e1ndose la escoliosis lumbar izquierda, estando la curva dorsal asimilada por la resultante curva cif\u00f3tica (se\u00a0 aprecia marcada convexidad dorsal haciendo resaltar la regi\u00f3n escapular izquierda con un sombreado, expresi\u00f3n\u00a0 del compromiso de la axila izquierda dada\u00a0 la tensi\u00f3n de la musculatura de la pared posterior de la axila, responsable del s\u00edntoma mareo, debido a su v\u00ednculo metam\u00e9rico con el est\u00f3mago). Metam\u00e9rico significa la relaci\u00f3n que se establece en el desarrollo embrionario entre la piel, el hueso, (la v\u00e9rtebra) correspondiente a la regi\u00f3n corporal, la musculatura paravertebral y finalmente el \u00f3rgano. A trav\u00e9s de este v\u00ednculo es que se sustenta mi tratamieto. <\/p>\n<p>El tratamiento fisi\u00e1trico neuroendocrino tiene por principio rescatar la perfecta armon\u00eda del ser humano doliente en todas sus dimensiones, tanto som\u00e1ticas como et\u00e9ricas; material e inmaterial.\u00a0 El ser humano dispone como todos los seres vivos inferiores de un sistema nervioso vegetativo que es el fundamento b\u00e1sico de la vida y que conexa cada estrato del ser. De all\u00ed que el sistema neuroendocrino es el hacedor fehaciente de toda fluctuaci\u00f3n vital al tener como sustrato funcional al neurovegetativo.<br \/>Mi tratamiento se vehiculiza a trav\u00e9s del sistema aut\u00f3nomo o neurovegetativo tratando de comandarlo seg\u00fan el desorden que presente. Todo se realiza con t\u00e9cnica manual (el toque terap\u00e9utico) que va desecando conexiones sin\u00e1pticas a nivel del <\/p>\n<p>sistema nervioso con la consiguiente liberaci\u00f3n de neurotransmisores y hormonas. El protocolo del tratamiento va siguiendo consignas jer\u00e1rquicas que el cuerpo humano ha adquirido en su desarrollo embrionario (ontog\u00e9nico). Se respeta de este modo, en el acceso al cuerpo, la singularidad de sus estructuras, abriendo el camino terap\u00e9utico.\u00a0\u00a0\u00a0\u00a0\u00a0\u00a0\u00a0\u00a0\u00a0\u00a0 <\/p>\n<p><\/p>\n","protected":false},"excerpt":{"rendered":"<p>(Aeronoticias).- En otras presentaciones he hecho referencias a un tratamiento que consiste en desarraigar viejas historias que el cuerpo va grabando en el transcurso de la vida. En El Cuerpo Registra realic\u00e9 tambi\u00e9n alusi\u00f3n a dicho tratamiento con un caso cl\u00ednico. En este nuevo Comentario sobre otro caso, acompa\u00f1ado de fotograf\u00edas, espero que sea m\u00e1s [&hellip;]<\/p>\n","protected":false},"author":1,"featured_media":0,"comment_status":"open","ping_status":"open","sticky":false,"template":"","format":"standard","meta":{"tdm_status":"","tdm_grid_status":"","footnotes":""},"categories":[30],"tags":[],"class_list":{"0":"post-43942","1":"post","2":"type-post","3":"status-publish","4":"format-standard","6":"category-30"},"yoast_head":"<!-- This site is optimized with the Yoast SEO plugin v25.1 - https:\/\/yoast.com\/wordpress\/plugins\/seo\/ -->\n<title>Terapia Fisi\u00e1trica Neuroendocrina<\/title>\n<meta name=\"description\" content=\"Portal de noticias del Per\u00fa sobre el transporte a\u00e9reo, aviaci\u00f3n, turismo, hoteleria, actualidad.\" \/>\n<meta name=\"robots\" content=\"index, follow, max-snippet:-1, max-image-preview:large, max-video-preview:-1\" \/>\n<link rel=\"canonical\" href=\"https:\/\/aeronoticias.com.pe\/noticiero\/ultimas\/1\/terapia-fisiatrica-neuroendocrina-2\/\" \/>\n<meta property=\"og:locale\" content=\"es_ES\" \/>\n<meta property=\"og:type\" content=\"article\" \/>\n<meta property=\"og:title\" content=\"Terapia Fisi\u00e1trica Neuroendocrina\" \/>\n<meta property=\"og:description\" content=\"Portal de noticias del Per\u00fa sobre el transporte a\u00e9reo, aviaci\u00f3n, turismo, hoteleria, actualidad.\" \/>\n<meta property=\"og:url\" content=\"https:\/\/aeronoticias.com.pe\/noticiero\/ultimas\/1\/terapia-fisiatrica-neuroendocrina-2\/\" \/>\n<meta property=\"og:site_name\" content=\"Aeronoticias.com.pe\" \/>\n<meta property=\"article:publisher\" content=\"https:\/\/www.facebook.com\/Aeronoticias.com.pe\/\" \/>\n<meta property=\"article:published_time\" content=\"2014-02-27T17:06:09+00:00\" \/>\n<meta name=\"author\" content=\"Redacci\u00f3n Aeronoticias\" \/>\n<meta name=\"twitter:card\" content=\"summary_large_image\" \/>\n<meta name=\"twitter:creator\" content=\"@aeronoticias\" \/>\n<meta name=\"twitter:site\" content=\"@aeronoticias\" \/>\n<meta name=\"twitter:label1\" content=\"Escrito por\" \/>\n\t<meta name=\"twitter:data1\" content=\"Redacci\u00f3n Aeronoticias\" \/>\n\t<meta name=\"twitter:label2\" content=\"Tiempo de lectura\" \/>\n\t<meta name=\"twitter:data2\" content=\"5 minutos\" \/>\n<script type=\"application\/ld+json\" class=\"yoast-schema-graph\">{\"@context\":\"https:\/\/schema.org\",\"@graph\":[{\"@type\":\"WebPage\",\"@id\":\"https:\/\/aeronoticias.com.pe\/noticiero\/ultimas\/1\/terapia-fisiatrica-neuroendocrina-2\/\",\"url\":\"https:\/\/aeronoticias.com.pe\/noticiero\/ultimas\/1\/terapia-fisiatrica-neuroendocrina-2\/\",\"name\":\"Terapia Fisi\u00e1trica Neuroendocrina\",\"isPartOf\":{\"@id\":\"https:\/\/aeronoticias.com.pe\/noticiero\/#website\"},\"datePublished\":\"2014-02-27T17:06:09+00:00\",\"author\":{\"@id\":\"https:\/\/aeronoticias.com.pe\/noticiero\/#\/schema\/person\/fc1e5d578f4b62ba1cf7ac2bba1170a0\"},\"description\":\"Portal de noticias del Per\u00fa sobre el transporte a\u00e9reo, aviaci\u00f3n, turismo, hoteleria, actualidad.\",\"breadcrumb\":{\"@id\":\"https:\/\/aeronoticias.com.pe\/noticiero\/ultimas\/1\/terapia-fisiatrica-neuroendocrina-2\/#breadcrumb\"},\"inLanguage\":\"es\",\"potentialAction\":[{\"@type\":\"ReadAction\",\"target\":[\"https:\/\/aeronoticias.com.pe\/noticiero\/ultimas\/1\/terapia-fisiatrica-neuroendocrina-2\/\"]}]},{\"@type\":\"BreadcrumbList\",\"@id\":\"https:\/\/aeronoticias.com.pe\/noticiero\/ultimas\/1\/terapia-fisiatrica-neuroendocrina-2\/#breadcrumb\",\"itemListElement\":[{\"@type\":\"ListItem\",\"position\":1,\"name\":\"Portada\",\"item\":\"https:\/\/aeronoticias.com.pe\/noticiero\/\"},{\"@type\":\"ListItem\",\"position\":2,\"name\":\"Terapia Fisi\u00e1trica Neuroendocrina\"}]},{\"@type\":\"WebSite\",\"@id\":\"https:\/\/aeronoticias.com.pe\/noticiero\/#website\",\"url\":\"https:\/\/aeronoticias.com.pe\/noticiero\/\",\"name\":\"Aeronoticias.com.pe\",\"description\":\"Noticias de tranporte aereo, turismo, hoteles, gastronomia, actualidad, internacional\",\"potentialAction\":[{\"@type\":\"SearchAction\",\"target\":{\"@type\":\"EntryPoint\",\"urlTemplate\":\"https:\/\/aeronoticias.com.pe\/noticiero\/?s={search_term_string}\"},\"query-input\":{\"@type\":\"PropertyValueSpecification\",\"valueRequired\":true,\"valueName\":\"search_term_string\"}}],\"inLanguage\":\"es\"},{\"@type\":\"Person\",\"@id\":\"https:\/\/aeronoticias.com.pe\/noticiero\/#\/schema\/person\/fc1e5d578f4b62ba1cf7ac2bba1170a0\",\"name\":\"Redacci\u00f3n Aeronoticias\",\"url\":\"https:\/\/aeronoticias.com.pe\/noticiero\/author\/piloto\/\"}]}<\/script>\n<!-- \/ Yoast SEO plugin. -->","yoast_head_json":{"title":"Terapia Fisi\u00e1trica Neuroendocrina","description":"Portal de noticias del Per\u00fa sobre el transporte a\u00e9reo, aviaci\u00f3n, turismo, hoteleria, actualidad.","robots":{"index":"index","follow":"follow","max-snippet":"max-snippet:-1","max-image-preview":"max-image-preview:large","max-video-preview":"max-video-preview:-1"},"canonical":"https:\/\/aeronoticias.com.pe\/noticiero\/ultimas\/1\/terapia-fisiatrica-neuroendocrina-2\/","og_locale":"es_ES","og_type":"article","og_title":"Terapia Fisi\u00e1trica Neuroendocrina","og_description":"Portal de noticias del Per\u00fa sobre el transporte a\u00e9reo, aviaci\u00f3n, turismo, hoteleria, actualidad.","og_url":"https:\/\/aeronoticias.com.pe\/noticiero\/ultimas\/1\/terapia-fisiatrica-neuroendocrina-2\/","og_site_name":"Aeronoticias.com.pe","article_publisher":"https:\/\/www.facebook.com\/Aeronoticias.com.pe\/","article_published_time":"2014-02-27T17:06:09+00:00","author":"Redacci\u00f3n Aeronoticias","twitter_card":"summary_large_image","twitter_creator":"@aeronoticias","twitter_site":"@aeronoticias","twitter_misc":{"Escrito por":"Redacci\u00f3n Aeronoticias","Tiempo de lectura":"5 minutos"},"schema":{"@context":"https:\/\/schema.org","@graph":[{"@type":"WebPage","@id":"https:\/\/aeronoticias.com.pe\/noticiero\/ultimas\/1\/terapia-fisiatrica-neuroendocrina-2\/","url":"https:\/\/aeronoticias.com.pe\/noticiero\/ultimas\/1\/terapia-fisiatrica-neuroendocrina-2\/","name":"Terapia Fisi\u00e1trica Neuroendocrina","isPartOf":{"@id":"https:\/\/aeronoticias.com.pe\/noticiero\/#website"},"datePublished":"2014-02-27T17:06:09+00:00","author":{"@id":"https:\/\/aeronoticias.com.pe\/noticiero\/#\/schema\/person\/fc1e5d578f4b62ba1cf7ac2bba1170a0"},"description":"Portal de noticias del Per\u00fa sobre el transporte a\u00e9reo, aviaci\u00f3n, turismo, hoteleria, actualidad.","breadcrumb":{"@id":"https:\/\/aeronoticias.com.pe\/noticiero\/ultimas\/1\/terapia-fisiatrica-neuroendocrina-2\/#breadcrumb"},"inLanguage":"es","potentialAction":[{"@type":"ReadAction","target":["https:\/\/aeronoticias.com.pe\/noticiero\/ultimas\/1\/terapia-fisiatrica-neuroendocrina-2\/"]}]},{"@type":"BreadcrumbList","@id":"https:\/\/aeronoticias.com.pe\/noticiero\/ultimas\/1\/terapia-fisiatrica-neuroendocrina-2\/#breadcrumb","itemListElement":[{"@type":"ListItem","position":1,"name":"Portada","item":"https:\/\/aeronoticias.com.pe\/noticiero\/"},{"@type":"ListItem","position":2,"name":"Terapia Fisi\u00e1trica Neuroendocrina"}]},{"@type":"WebSite","@id":"https:\/\/aeronoticias.com.pe\/noticiero\/#website","url":"https:\/\/aeronoticias.com.pe\/noticiero\/","name":"Aeronoticias.com.pe","description":"Noticias de tranporte aereo, turismo, hoteles, gastronomia, actualidad, internacional","potentialAction":[{"@type":"SearchAction","target":{"@type":"EntryPoint","urlTemplate":"https:\/\/aeronoticias.com.pe\/noticiero\/?s={search_term_string}"},"query-input":{"@type":"PropertyValueSpecification","valueRequired":true,"valueName":"search_term_string"}}],"inLanguage":"es"},{"@type":"Person","@id":"https:\/\/aeronoticias.com.pe\/noticiero\/#\/schema\/person\/fc1e5d578f4b62ba1cf7ac2bba1170a0","name":"Redacci\u00f3n Aeronoticias","url":"https:\/\/aeronoticias.com.pe\/noticiero\/author\/piloto\/"}]}},"_links":{"self":[{"href":"https:\/\/aeronoticias.com.pe\/noticiero\/wp-json\/wp\/v2\/posts\/43942","targetHints":{"allow":["GET"]}}],"collection":[{"href":"https:\/\/aeronoticias.com.pe\/noticiero\/wp-json\/wp\/v2\/posts"}],"about":[{"href":"https:\/\/aeronoticias.com.pe\/noticiero\/wp-json\/wp\/v2\/types\/post"}],"author":[{"embeddable":true,"href":"https:\/\/aeronoticias.com.pe\/noticiero\/wp-json\/wp\/v2\/users\/1"}],"replies":[{"embeddable":true,"href":"https:\/\/aeronoticias.com.pe\/noticiero\/wp-json\/wp\/v2\/comments?post=43942"}],"version-history":[{"count":0,"href":"https:\/\/aeronoticias.com.pe\/noticiero\/wp-json\/wp\/v2\/posts\/43942\/revisions"}],"wp:attachment":[{"href":"https:\/\/aeronoticias.com.pe\/noticiero\/wp-json\/wp\/v2\/media?parent=43942"}],"wp:term":[{"taxonomy":"category","embeddable":true,"href":"https:\/\/aeronoticias.com.pe\/noticiero\/wp-json\/wp\/v2\/categories?post=43942"},{"taxonomy":"post_tag","embeddable":true,"href":"https:\/\/aeronoticias.com.pe\/noticiero\/wp-json\/wp\/v2\/tags?post=43942"}],"curies":[{"name":"wp","href":"https:\/\/api.w.org\/{rel}","templated":true}]}}